{"id":3205,"date":"2018-10-04T16:17:56","date_gmt":"2018-10-04T19:17:56","guid":{"rendered":"https:\/\/www.blogsoestado.com\/flaviobraga\/?p=3205"},"modified":"2018-10-04T16:17:56","modified_gmt":"2018-10-04T19:17:56","slug":"orientacoes-para-o-dia-da-eleicao","status":"publish","type":"post","link":"https:\/\/www.blogsoestado.com\/flaviobraga\/orientacoes-para-o-dia-da-eleicao\/","title":{"rendered":"Orienta\u00e7\u00f5es para o dia da elei\u00e7\u00e3o"},"content":{"rendered":"<p><a href=\"https:\/\/www.blogsoestado.com\/flaviobraga\/2018\/10\/04\/orientacoes-para-o-dia-da-eleicao\/capapropaganda_face-4473475\/\" rel=\"attachment wp-att-3206\"><img fetchpriority=\"high\" decoding=\"async\" class=\"aligncenter  wp-image-3206\" src=\"https:\/\/www.blogsoestado.com\/flaviobraga\/wp-content\/uploads\/sites\/7\/2018\/10\/capapropaganda_face-4473475-1.jpg\" alt=\"\" width=\"635\" height=\"332\" srcset=\"https:\/\/www.blogsoestado.com\/flaviobraga\/wp-content\/uploads\/sites\/7\/2018\/10\/capapropaganda_face-4473475-1.jpg 979w, https:\/\/www.blogsoestado.com\/flaviobraga\/wp-content\/uploads\/sites\/7\/2018\/10\/capapropaganda_face-4473475-1-300x157.jpg 300w, https:\/\/www.blogsoestado.com\/flaviobraga\/wp-content\/uploads\/sites\/7\/2018\/10\/capapropaganda_face-4473475-1-768x402.jpg 768w\" sizes=\"(max-width: 635px) 100vw, 635px\" \/><\/a><\/p>\n<p>O dia da elei\u00e7\u00e3o \u00e9 o ponto culminante do processo eleitoral. \u00c9 um dia de festa c\u00edvica e democr\u00e1tica. Com fundamento no princ\u00edpio constitucional da liberdade de express\u00e3o, a legisla\u00e7\u00e3o admite a manifesta\u00e7\u00e3o individual e silenciosa da prefer\u00eancia do eleitor revelada exclusivamente pelo uso de bandeiras, broches, d\u00edsticos e adesivos.\u00a0 Como essa lista \u00e9 taxativa, o eleitor n\u00e3o pode votar usando camisetas de propaganda eleitoral, ainda que confeccionadas com recursos pr\u00f3prios.<\/p>\n<p>\u00c9 vedada, durante todo o dia da vota\u00e7\u00e3o, a aglomera\u00e7\u00e3o de pessoas portando instrumentos de propaganda (vestu\u00e1rio padronizado, bandeiras, broches, d\u00edsticos, adesivos ou fl\u00e2mulas), de modo a caracterizar manifesta\u00e7\u00e3o coletiva, com ou sem utiliza\u00e7\u00e3o de ve\u00edculos.<\/p>\n<p>De acordo com artigo 39, \u00a7 5\u00ba, da Lei das Elei\u00e7\u00f5es, s\u00e3o proibidas as seguintes condutas no dia da elei\u00e7\u00e3o, todas tipificadas como crimes eleitorais: o uso de alto-falantes e amplificadores de som; a promo\u00e7\u00e3o de com\u00edcio ou carreata; a arregimenta\u00e7\u00e3o de eleitor; a propaganda de boca de urna e a divulga\u00e7\u00e3o de qualquer esp\u00e9cie de propaganda de partidos pol\u00edticos ou de seus candidatos e a publica\u00e7\u00e3o de novos conte\u00fados ou o impulsionamento de conte\u00fados nas aplica\u00e7\u00f5es de internet<\/p>\n<p>Na cabina de vota\u00e7\u00e3o \u00e9 vedado ao eleitor portar aparelho de telefonia celular, m\u00e1quinas fotogr\u00e1ficas, filmadoras, equipamento de radiocomunica\u00e7\u00e3o, ou qualquer instrumento que possa comprometer o sigilo do voto, devendo ficar retidos na mesa receptora enquanto o eleitor estiver votando.<\/p>\n<p>Aos fiscais partid\u00e1rios s\u00f3 \u00e9 permitido que, em seus crach\u00e1s, constem o nome e a sigla do partido pol\u00edtico ou coliga\u00e7\u00e3o a que sirvam, sem qualquer refer\u00eancia que possa ser interpretada como propaganda eleitoral, ainda que de forma dissimulada. Assim, o n\u00famero que identifica a legenda partid\u00e1ria n\u00e3o pode ser exibido no crach\u00e1 dos fiscais e delegados, porque coincide\u00a0 com o n\u00famero dos candidatos majorit\u00e1rios. Aos fiscais partid\u00e1rios e cabos eleitorais \u00e9 vedada, ainda, a padroniza\u00e7\u00e3o do vestu\u00e1rio.<\/p>\n<p>O eleitor s\u00f3 poder\u00e1 votar se portar documento oficial com foto. Assim, ser\u00e3o aceitos carteira de identidade civil, carteira de motorista, carteira de trabalho, carteira de identidade funcional, passaporte ou outro documento equivalente. O eleitor n\u00e3o poder\u00e1 votar se comparecer \u00e0 se\u00e7\u00e3o eleitoral apenas com o t\u00edtulo de eleitor, salvo se for a vers\u00e3o digital do t\u00edtulo baixada por meio do aplicativo <em>e-Titulo<\/em>. Para o eleitor que ainda n\u00e3o fez o cadastro biom\u00e9trico, \u00e9 necess\u00e1rio apresentar um documento oficial com foto sempre que for utilizar o t\u00edtulo digital.<\/p>\n<p>Importante anotar que o derrame ou a anu\u00eancia com o derrame de material de propaganda no local de vota\u00e7\u00e3o ou nas vias pr\u00f3ximas, ainda que realizado na v\u00e9spera da elei\u00e7\u00e3o, configura propaganda irregular e crime eleitoral.<\/p>\n","protected":false},"excerpt":{"rendered":"<p>O dia da elei\u00e7\u00e3o \u00e9 o ponto culminante do processo eleitoral. \u00c9 um dia de festa c\u00edvica e democr\u00e1tica. Com [&hellip;]<\/p>\n","protected":false},"author":8,"featured_media":0,"comment_status":"open","ping_status":"open","sticky":false,"template":"","format":"standard","meta":{"site-sidebar-layout":"default","site-content-layout":"","ast-site-content-layout":"default","site-content-style":"default","site-sidebar-style":"default","ast-global-header-display":"","ast-banner-title-visibility":"","ast-main-header-display":"","ast-hfb-above-header-display":"","ast-hfb-below-header-display":"","ast-hfb-mobile-header-display":"","site-post-title":"","ast-breadcrumbs-content":"","ast-featured-img":"","footer-sml-layout":"","ast-disable-related-posts":"","theme-transparent-header-meta":"","adv-header-id-meta":"","stick-header-meta":"","header-above-stick-meta":"","header-main-stick-meta":"","header-below-stick-meta":"","astra-migrate-meta-layouts":"default","ast-page-background-enabled":"default","ast-page-background-meta":{"desktop":{"background-color":"var(--ast-global-color-5)","background-image":"","background-repeat":"repeat","background-position":"center center","background-size":"auto","background-attachment":"scroll","background-type":"","background-media":"","overlay-type":"","overlay-color":"","overlay-opacity":"","overlay-gradient":""},"tablet":{"background-color":"","background-image":"","background-repeat":"repeat","background-position":"center center","background-size":"auto","background-attachment":"scroll","background-type":"","background-media":"","overlay-type":"","overlay-color":"","overlay-opacity":"","overlay-gradient":""},"mobile":{"background-color":"","background-image":"","background-repeat":"repeat","background-position":"center center","background-size":"auto","background-attachment":"scroll","background-type":"","background-media":"","overlay-type":"","overlay-color":"","overlay-opacity":"","overlay-gradient":""}},"ast-content-background-meta":{"desktop":{"background-color":"var(--ast-global-color-4)","background-image":"","background-repeat":"repeat","background-position":"center center","background-size":"auto","background-attachment":"scroll","background-type":"","background-media":"","overlay-type":"","overlay-color":"","overlay-opacity":"","overlay-gradient":""},"tablet":{"background-color":"var(--ast-global-color-4)","background-image":"","background-repeat":"repeat","background-position":"center center","background-size":"auto","background-attachment":"scroll","background-type":"","background-media":"","overlay-type":"","overlay-color":"","overlay-opacity":"","overlay-gradient":""},"mobile":{"background-color":"var(--ast-global-color-4)","background-image":"","background-repeat":"repeat","background-position":"center center","background-size":"auto","background-attachment":"scroll","background-type":"","background-media":"","overlay-type":"","overlay-color":"","overlay-opacity":"","overlay-gradient":""}},"footnotes":""},"categories":[1],"tags":[],"class_list":["post-3205","post","type-post","status-publish","format-standard","hentry","category-sem-categoria"],"yoast_head":"<!-- This site is optimized with the Yoast SEO plugin v26.6 - https:\/\/yoast.com\/wordpress\/plugins\/seo\/ -->\n<title>Orienta\u00e7\u00f5es para o dia da elei\u00e7\u00e3o - Fl\u00e1vio Braga<\/title>\n<meta name=\"robots\" content=\"index, follow, max-snippet:-1, max-image-preview:large, max-video-preview:-1\" \/>\n<link rel=\"canonical\" href=\"https:\/\/www.blogsoestado.com\/flaviobraga\/orientacoes-para-o-dia-da-eleicao\/\" \/>\n<meta property=\"og:locale\" content=\"pt_BR\" \/>\n<meta property=\"og:type\" content=\"article\" \/>\n<meta property=\"og:title\" content=\"Orienta\u00e7\u00f5es para o dia da elei\u00e7\u00e3o - Fl\u00e1vio Braga\" \/>\n<meta property=\"og:description\" content=\"O dia da elei\u00e7\u00e3o \u00e9 o ponto culminante do processo eleitoral. \u00c9 um dia de festa c\u00edvica e democr\u00e1tica. Com [&hellip;]\" \/>\n<meta property=\"og:url\" content=\"https:\/\/www.blogsoestado.com\/flaviobraga\/orientacoes-para-o-dia-da-eleicao\/\" \/>\n<meta property=\"og:site_name\" content=\"Fl\u00e1vio Braga\" \/>\n<meta property=\"article:published_time\" content=\"2018-10-04T19:17:56+00:00\" \/>\n<meta property=\"og:image\" content=\"https:\/\/www.blogsoestado.com\/flaviobraga\/wp-content\/uploads\/sites\/7\/2018\/10\/capapropaganda_face-4473475-1.jpg\" \/>\n<meta name=\"author\" content=\"Flavio Braga\" \/>\n<meta name=\"twitter:card\" content=\"summary_large_image\" \/>\n<meta name=\"twitter:label1\" content=\"Escrito por\" \/>\n\t<meta name=\"twitter:data1\" content=\"Flavio Braga\" \/>\n\t<meta name=\"twitter:label2\" content=\"Est. tempo de leitura\" \/>\n\t<meta name=\"twitter:data2\" content=\"2 minutos\" \/>\n<script type=\"application\/ld+json\" class=\"yoast-schema-graph\">{\"@context\":\"https:\/\/schema.org\",\"@graph\":[{\"@type\":\"WebPage\",\"@id\":\"https:\/\/www.blogsoestado.com\/flaviobraga\/orientacoes-para-o-dia-da-eleicao\/\",\"url\":\"https:\/\/www.blogsoestado.com\/flaviobraga\/orientacoes-para-o-dia-da-eleicao\/\",\"name\":\"Orienta\u00e7\u00f5es para o dia da elei\u00e7\u00e3o - Fl\u00e1vio Braga\",\"isPartOf\":{\"@id\":\"https:\/\/www.blogsoestado.com\/flaviobraga\/#website\"},\"primaryImageOfPage\":{\"@id\":\"https:\/\/www.blogsoestado.com\/flaviobraga\/orientacoes-para-o-dia-da-eleicao\/#primaryimage\"},\"image\":{\"@id\":\"https:\/\/www.blogsoestado.com\/flaviobraga\/orientacoes-para-o-dia-da-eleicao\/#primaryimage\"},\"thumbnailUrl\":\"https:\/\/www.blogsoestado.com\/flaviobraga\/wp-content\/uploads\/sites\/7\/2018\/10\/capapropaganda_face-4473475-1.jpg\",\"datePublished\":\"2018-10-04T19:17:56+00:00\",\"author\":{\"@id\":\"https:\/\/www.blogsoestado.com\/flaviobraga\/#\/schema\/person\/6c6c778331775c757a82d15206bd8733\"},\"breadcrumb\":{\"@id\":\"https:\/\/www.blogsoestado.com\/flaviobraga\/orientacoes-para-o-dia-da-eleicao\/#breadcrumb\"},\"inLanguage\":\"pt-BR\",\"potentialAction\":[{\"@type\":\"ReadAction\",\"target\":[\"https:\/\/www.blogsoestado.com\/flaviobraga\/orientacoes-para-o-dia-da-eleicao\/\"]}]},{\"@type\":\"ImageObject\",\"inLanguage\":\"pt-BR\",\"@id\":\"https:\/\/www.blogsoestado.com\/flaviobraga\/orientacoes-para-o-dia-da-eleicao\/#primaryimage\",\"url\":\"https:\/\/www.blogsoestado.com\/flaviobraga\/wp-content\/uploads\/sites\/7\/2018\/10\/capapropaganda_face-4473475-1.jpg\",\"contentUrl\":\"https:\/\/www.blogsoestado.com\/flaviobraga\/wp-content\/uploads\/sites\/7\/2018\/10\/capapropaganda_face-4473475-1.jpg\",\"width\":979,\"height\":512},{\"@type\":\"BreadcrumbList\",\"@id\":\"https:\/\/www.blogsoestado.com\/flaviobraga\/orientacoes-para-o-dia-da-eleicao\/#breadcrumb\",\"itemListElement\":[{\"@type\":\"ListItem\",\"position\":1,\"name\":\"In\u00edcio\",\"item\":\"https:\/\/www.blogsoestado.com\/flaviobraga\/\"},{\"@type\":\"ListItem\",\"position\":2,\"name\":\"Orienta\u00e7\u00f5es para o dia da elei\u00e7\u00e3o\"}]},{\"@type\":\"WebSite\",\"@id\":\"https:\/\/www.blogsoestado.com\/flaviobraga\/#website\",\"url\":\"https:\/\/www.blogsoestado.com\/flaviobraga\/\",\"name\":\"Fl\u00e1vio Braga\",\"description\":\"\",\"potentialAction\":[{\"@type\":\"SearchAction\",\"target\":{\"@type\":\"EntryPoint\",\"urlTemplate\":\"https:\/\/www.blogsoestado.com\/flaviobraga\/?s={search_term_string}\"},\"query-input\":{\"@type\":\"PropertyValueSpecification\",\"valueRequired\":true,\"valueName\":\"search_term_string\"}}],\"inLanguage\":\"pt-BR\"},{\"@type\":\"Person\",\"@id\":\"https:\/\/www.blogsoestado.com\/flaviobraga\/#\/schema\/person\/6c6c778331775c757a82d15206bd8733\",\"name\":\"Flavio Braga\",\"image\":{\"@type\":\"ImageObject\",\"inLanguage\":\"pt-BR\",\"@id\":\"https:\/\/www.blogsoestado.com\/flaviobraga\/#\/schema\/person\/image\/\",\"url\":\"https:\/\/secure.gravatar.com\/avatar\/ab173937dad8d78195c87778be8a0285d069ede375ce0ae24aac1cf8e58ccb2c?s=96&d=mm&r=g\",\"contentUrl\":\"https:\/\/secure.gravatar.com\/avatar\/ab173937dad8d78195c87778be8a0285d069ede375ce0ae24aac1cf8e58ccb2c?s=96&d=mm&r=g\",\"caption\":\"Flavio Braga\"},\"url\":\"https:\/\/www.blogsoestado.com\/flaviobraga\/author\/flaviobraga\/\"}]}<\/script>\n<!-- \/ Yoast SEO plugin. -->","yoast_head_json":{"title":"Orienta\u00e7\u00f5es para o dia da elei\u00e7\u00e3o - Fl\u00e1vio Braga","robots":{"index":"index","follow":"follow","max-snippet":"max-snippet:-1","max-image-preview":"max-image-preview:large","max-video-preview":"max-video-preview:-1"},"canonical":"https:\/\/www.blogsoestado.com\/flaviobraga\/orientacoes-para-o-dia-da-eleicao\/","og_locale":"pt_BR","og_type":"article","og_title":"Orienta\u00e7\u00f5es para o dia da elei\u00e7\u00e3o - Fl\u00e1vio Braga","og_description":"O dia da elei\u00e7\u00e3o \u00e9 o ponto culminante do processo eleitoral. \u00c9 um dia de festa c\u00edvica e democr\u00e1tica. Com [&hellip;]","og_url":"https:\/\/www.blogsoestado.com\/flaviobraga\/orientacoes-para-o-dia-da-eleicao\/","og_site_name":"Fl\u00e1vio Braga","article_published_time":"2018-10-04T19:17:56+00:00","og_image":[{"url":"https:\/\/www.blogsoestado.com\/flaviobraga\/wp-content\/uploads\/sites\/7\/2018\/10\/capapropaganda_face-4473475-1.jpg","type":"","width":"","height":""}],"author":"Flavio Braga","twitter_card":"summary_large_image","twitter_misc":{"Escrito por":"Flavio Braga","Est. tempo de leitura":"2 minutos"},"schema":{"@context":"https:\/\/schema.org","@graph":[{"@type":"WebPage","@id":"https:\/\/www.blogsoestado.com\/flaviobraga\/orientacoes-para-o-dia-da-eleicao\/","url":"https:\/\/www.blogsoestado.com\/flaviobraga\/orientacoes-para-o-dia-da-eleicao\/","name":"Orienta\u00e7\u00f5es para o dia da elei\u00e7\u00e3o - Fl\u00e1vio Braga","isPartOf":{"@id":"https:\/\/www.blogsoestado.com\/flaviobraga\/#website"},"primaryImageOfPage":{"@id":"https:\/\/www.blogsoestado.com\/flaviobraga\/orientacoes-para-o-dia-da-eleicao\/#primaryimage"},"image":{"@id":"https:\/\/www.blogsoestado.com\/flaviobraga\/orientacoes-para-o-dia-da-eleicao\/#primaryimage"},"thumbnailUrl":"https:\/\/www.blogsoestado.com\/flaviobraga\/wp-content\/uploads\/sites\/7\/2018\/10\/capapropaganda_face-4473475-1.jpg","datePublished":"2018-10-04T19:17:56+00:00","author":{"@id":"https:\/\/www.blogsoestado.com\/flaviobraga\/#\/schema\/person\/6c6c778331775c757a82d15206bd8733"},"breadcrumb":{"@id":"https:\/\/www.blogsoestado.com\/flaviobraga\/orientacoes-para-o-dia-da-eleicao\/#breadcrumb"},"inLanguage":"pt-BR","potentialAction":[{"@type":"ReadAction","target":["https:\/\/www.blogsoestado.com\/flaviobraga\/orientacoes-para-o-dia-da-eleicao\/"]}]},{"@type":"ImageObject","inLanguage":"pt-BR","@id":"https:\/\/www.blogsoestado.com\/flaviobraga\/orientacoes-para-o-dia-da-eleicao\/#primaryimage","url":"https:\/\/www.blogsoestado.com\/flaviobraga\/wp-content\/uploads\/sites\/7\/2018\/10\/capapropaganda_face-4473475-1.jpg","contentUrl":"https:\/\/www.blogsoestado.com\/flaviobraga\/wp-content\/uploads\/sites\/7\/2018\/10\/capapropaganda_face-4473475-1.jpg","width":979,"height":512},{"@type":"BreadcrumbList","@id":"https:\/\/www.blogsoestado.com\/flaviobraga\/orientacoes-para-o-dia-da-eleicao\/#breadcrumb","itemListElement":[{"@type":"ListItem","position":1,"name":"In\u00edcio","item":"https:\/\/www.blogsoestado.com\/flaviobraga\/"},{"@type":"ListItem","position":2,"name":"Orienta\u00e7\u00f5es para o dia da elei\u00e7\u00e3o"}]},{"@type":"WebSite","@id":"https:\/\/www.blogsoestado.com\/flaviobraga\/#website","url":"https:\/\/www.blogsoestado.com\/flaviobraga\/","name":"Fl\u00e1vio Braga","description":"","potentialAction":[{"@type":"SearchAction","target":{"@type":"EntryPoint","urlTemplate":"https:\/\/www.blogsoestado.com\/flaviobraga\/?s={search_term_string}"},"query-input":{"@type":"PropertyValueSpecification","valueRequired":true,"valueName":"search_term_string"}}],"inLanguage":"pt-BR"},{"@type":"Person","@id":"https:\/\/www.blogsoestado.com\/flaviobraga\/#\/schema\/person\/6c6c778331775c757a82d15206bd8733","name":"Flavio Braga","image":{"@type":"ImageObject","inLanguage":"pt-BR","@id":"https:\/\/www.blogsoestado.com\/flaviobraga\/#\/schema\/person\/image\/","url":"https:\/\/secure.gravatar.com\/avatar\/ab173937dad8d78195c87778be8a0285d069ede375ce0ae24aac1cf8e58ccb2c?s=96&d=mm&r=g","contentUrl":"https:\/\/secure.gravatar.com\/avatar\/ab173937dad8d78195c87778be8a0285d069ede375ce0ae24aac1cf8e58ccb2c?s=96&d=mm&r=g","caption":"Flavio Braga"},"url":"https:\/\/www.blogsoestado.com\/flaviobraga\/author\/flaviobraga\/"}]}},"jetpack_featured_media_url":"","_links":{"self":[{"href":"https:\/\/www.blogsoestado.com\/flaviobraga\/wp-json\/wp\/v2\/posts\/3205","targetHints":{"allow":["GET"]}}],"collection":[{"href":"https:\/\/www.blogsoestado.com\/flaviobraga\/wp-json\/wp\/v2\/posts"}],"about":[{"href":"https:\/\/www.blogsoestado.com\/flaviobraga\/wp-json\/wp\/v2\/types\/post"}],"author":[{"embeddable":true,"href":"https:\/\/www.blogsoestado.com\/flaviobraga\/wp-json\/wp\/v2\/users\/8"}],"replies":[{"embeddable":true,"href":"https:\/\/www.blogsoestado.com\/flaviobraga\/wp-json\/wp\/v2\/comments?post=3205"}],"version-history":[{"count":0,"href":"https:\/\/www.blogsoestado.com\/flaviobraga\/wp-json\/wp\/v2\/posts\/3205\/revisions"}],"wp:attachment":[{"href":"https:\/\/www.blogsoestado.com\/flaviobraga\/wp-json\/wp\/v2\/media?parent=3205"}],"wp:term":[{"taxonomy":"category","embeddable":true,"href":"https:\/\/www.blogsoestado.com\/flaviobraga\/wp-json\/wp\/v2\/categories?post=3205"},{"taxonomy":"post_tag","embeddable":true,"href":"https:\/\/www.blogsoestado.com\/flaviobraga\/wp-json\/wp\/v2\/tags?post=3205"}],"curies":[{"name":"wp","href":"https:\/\/api.w.org\/{rel}","templated":true}]}}