{"id":3222,"date":"2018-12-13T12:27:36","date_gmt":"2018-12-13T15:27:36","guid":{"rendered":"https:\/\/www.blogsoestado.com\/flaviobraga\/?p=3222"},"modified":"2018-12-13T12:27:36","modified_gmt":"2018-12-13T15:27:36","slug":"a-diplomacao-dos-eleitos-3","status":"publish","type":"post","link":"https:\/\/www.blogsoestado.com\/flaviobraga\/a-diplomacao-dos-eleitos-3\/","title":{"rendered":"A diploma\u00e7\u00e3o dos eleitos"},"content":{"rendered":"<p><a href=\"https:\/\/www.blogsoestado.com\/flaviobraga\/2018\/12\/13\/a-diplomacao-dos-eleitos-3\/diplomacao\/\" rel=\"attachment wp-att-3223\"><img fetchpriority=\"high\" decoding=\"async\" class=\"aligncenter  wp-image-3223\" src=\"https:\/\/www.blogsoestado.com\/flaviobraga\/wp-content\/uploads\/sites\/7\/2018\/12\/diplomacao.jpg\" alt=\"\" width=\"416\" height=\"311\" srcset=\"https:\/\/www.blogsoestado.com\/flaviobraga\/wp-content\/uploads\/sites\/7\/2018\/12\/diplomacao.jpg 500w, https:\/\/www.blogsoestado.com\/flaviobraga\/wp-content\/uploads\/sites\/7\/2018\/12\/diplomacao-300x224.jpg 300w\" sizes=\"(max-width: 416px) 100vw, 416px\" \/><\/a><\/p>\n<p><span style=\"color: #0000ff;\"><strong>O instituto da diploma\u00e7\u00e3o representa a formalidade por meio da qual a Justi\u00e7a Eleitoral atesta a validade da elei\u00e7\u00e3o e habilita os eleitos ao exerc\u00edcio do mandato eletivo. \u00c9 ato de compet\u00eancia privativa dos \u00f3rg\u00e3os colegiados da Justi\u00e7a Eleitoral (TSE, TRE ou Junta Eleitoral).<\/strong><\/span><\/p>\n<p><span style=\"color: #0000ff;\"><strong>De acordo com o sistema eleitoral proporcional, s\u00e3o considerados suplentes todos os demais candidatos da mesma legenda ou coliga\u00e7\u00e3o que n\u00e3o forem eleitos, na ordem decrescente de vota\u00e7\u00e3o. De acordo com a reforma eleitoral de 2015, somente podem ser eleitos aqueles que obtiverem vota\u00e7\u00e3o igual ou superior a 10% do quociente eleitoral. N\u00e3o poder\u00e1 ser diplomado nas elei\u00e7\u00f5es majorit\u00e1rias ou proporcionais o candidato que estiver com o seu registro indeferido, ainda que <em>sub judice<\/em>.<\/strong><\/span><\/p>\n<p><span style=\"color: #0000ff;\"><strong>O diploma \u00e9 o documento formal expedido pela Justi\u00e7a Eleitoral que reconhece e certifica que determinado candidato foi eleito para o cargo ao qual concorreu, ou adquiriu a condi\u00e7\u00e3o de suplente. Em seu corpo dever\u00e1 constar o nome do diplomado, a indica\u00e7\u00e3o da legenda sob a qual concorreu, o total de votos obtidos, o cargo para o qual foi eleito ou a sua classifica\u00e7\u00e3o como suplente.<\/strong><\/span><\/p>\n<p><span style=\"color: #0000ff;\"><strong>O diploma tem validade por tempo determinado, ou seja, a sua subst\u00e2ncia jur\u00eddica coincidir\u00e1 com a dura\u00e7\u00e3o do mandato eletivo obtido pelo diplomado. Ap\u00f3s esse lapso temporal, o seu valor ser\u00e1 meramente hist\u00f3rico.<\/strong><\/span><\/p>\n<p><span style=\"color: #0000ff;\"><strong>Em rela\u00e7\u00e3o \u00e0 elei\u00e7\u00e3o proporcional, comumente s\u00e3o diplomados os titulares do mandato eletivo e mais tr\u00eas ou quatro suplentes. Todavia, quem n\u00e3o recebeu o diploma na sess\u00e3o solene de diploma\u00e7\u00e3o pode vir a obt\u00ea-lo posteriormente, a fim de assumir vaga superveniente.<\/strong><\/span><\/p>\n<p><span style=\"color: #0000ff;\"><strong>Ap\u00f3s a cerim\u00f4nia de diploma\u00e7\u00e3o come\u00e7a a fluir o prazo de tr\u00eas dias para a interposi\u00e7\u00e3o do Recurso Contra a Expedi\u00e7\u00e3o de Diploma\u00e7\u00e3o (RCED) e o prazo de quinze dias para a propositura da A\u00e7\u00e3o de Impugna\u00e7\u00e3o do Mandato Eletivo (AIME) e da Representa\u00e7\u00e3o por Capta\u00e7\u00e3o Il\u00edcita de Recursos.<\/strong><\/span><\/p>\n<p><span style=\"color: #0000ff;\"><strong>A expedi\u00e7\u00e3o dos diplomas poder\u00e1 ser fiscalizada pelos partidos pol\u00edticos, candidatos e Minist\u00e9rio P\u00fablico Eleitoral. A sess\u00e3o de diploma\u00e7\u00e3o \u00e9 p\u00fablica, sendo que a sua convoca\u00e7\u00e3o deve ser feita com anteced\u00eancia. O diplomando n\u00e3o \u00e9 obrigado a comparecer pessoalmente \u00e0 solenidade de diploma\u00e7\u00e3o. A sua aus\u00eancia n\u00e3o lhe acarreta nenhuma penalidade ou preju\u00edzo, visto que o diploma pode ser recebido mediante procura\u00e7\u00e3o.<\/strong><\/span><\/p>\n","protected":false},"excerpt":{"rendered":"<p>O instituto da diploma\u00e7\u00e3o representa a formalidade por meio da qual a Justi\u00e7a Eleitoral atesta a validade da elei\u00e7\u00e3o e [&hellip;]<\/p>\n","protected":false},"author":8,"featured_media":0,"comment_status":"open","ping_status":"open","sticky":false,"template":"","format":"standard","meta":{"site-sidebar-layout":"default","site-content-layout":"","ast-site-content-layout":"default","site-content-style":"default","site-sidebar-style":"default","ast-global-header-display":"","ast-banner-title-visibility":"","ast-main-header-display":"","ast-hfb-above-header-display":"","ast-hfb-below-header-display":"","ast-hfb-mobile-header-display":"","site-post-title":"","ast-breadcrumbs-content":"","ast-featured-img":"","footer-sml-layout":"","ast-disable-related-posts":"","theme-transparent-header-meta":"","adv-header-id-meta":"","stick-header-meta":"","header-above-stick-meta":"","header-main-stick-meta":"","header-below-stick-meta":"","astra-migrate-meta-layouts":"default","ast-page-background-enabled":"default","ast-page-background-meta":{"desktop":{"background-color":"var(--ast-global-color-5)","background-image":"","background-repeat":"repeat","background-position":"center center","background-size":"auto","background-attachment":"scroll","background-type":"","background-media":"","overlay-type":"","overlay-color":"","overlay-opacity":"","overlay-gradient":""},"tablet":{"background-color":"","background-image":"","background-repeat":"repeat","background-position":"center center","background-size":"auto","background-attachment":"scroll","background-type":"","background-media":"","overlay-type":"","overlay-color":"","overlay-opacity":"","overlay-gradient":""},"mobile":{"background-color":"","background-image":"","background-repeat":"repeat","background-position":"center center","background-size":"auto","background-attachment":"scroll","background-type":"","background-media":"","overlay-type":"","overlay-color":"","overlay-opacity":"","overlay-gradient":""}},"ast-content-background-meta":{"desktop":{"background-color":"var(--ast-global-color-4)","background-image":"","background-repeat":"repeat","background-position":"center center","background-size":"auto","background-attachment":"scroll","background-type":"","background-media":"","overlay-type":"","overlay-color":"","overlay-opacity":"","overlay-gradient":""},"tablet":{"background-color":"var(--ast-global-color-4)","background-image":"","background-repeat":"repeat","background-position":"center center","background-size":"auto","background-attachment":"scroll","background-type":"","background-media":"","overlay-type":"","overlay-color":"","overlay-opacity":"","overlay-gradient":""},"mobile":{"background-color":"var(--ast-global-color-4)","background-image":"","background-repeat":"repeat","background-position":"center center","background-size":"auto","background-attachment":"scroll","background-type":"","background-media":"","overlay-type":"","overlay-color":"","overlay-opacity":"","overlay-gradient":""}},"footnotes":""},"categories":[1],"tags":[],"class_list":["post-3222","post","type-post","status-publish","format-standard","hentry","category-sem-categoria"],"yoast_head":"<!-- This site is optimized with the Yoast SEO plugin v26.6 - https:\/\/yoast.com\/wordpress\/plugins\/seo\/ -->\n<title>A diploma\u00e7\u00e3o dos eleitos - Fl\u00e1vio Braga<\/title>\n<meta name=\"robots\" content=\"index, follow, max-snippet:-1, max-image-preview:large, max-video-preview:-1\" \/>\n<link rel=\"canonical\" href=\"https:\/\/www.blogsoestado.com\/flaviobraga\/a-diplomacao-dos-eleitos-3\/\" \/>\n<meta property=\"og:locale\" content=\"pt_BR\" \/>\n<meta property=\"og:type\" content=\"article\" \/>\n<meta property=\"og:title\" content=\"A diploma\u00e7\u00e3o dos eleitos - Fl\u00e1vio Braga\" \/>\n<meta property=\"og:description\" content=\"O instituto da diploma\u00e7\u00e3o representa a formalidade por meio da qual a Justi\u00e7a Eleitoral atesta a validade da elei\u00e7\u00e3o e [&hellip;]\" \/>\n<meta property=\"og:url\" content=\"https:\/\/www.blogsoestado.com\/flaviobraga\/a-diplomacao-dos-eleitos-3\/\" \/>\n<meta property=\"og:site_name\" content=\"Fl\u00e1vio Braga\" \/>\n<meta property=\"article:published_time\" content=\"2018-12-13T15:27:36+00:00\" \/>\n<meta property=\"og:image\" content=\"https:\/\/www.blogsoestado.com\/flaviobraga\/wp-content\/uploads\/sites\/7\/2018\/12\/diplomacao.jpg\" \/>\n<meta name=\"author\" content=\"Flavio Braga\" \/>\n<meta name=\"twitter:card\" content=\"summary_large_image\" \/>\n<meta name=\"twitter:label1\" content=\"Escrito por\" \/>\n\t<meta name=\"twitter:data1\" content=\"Flavio Braga\" \/>\n\t<meta name=\"twitter:label2\" content=\"Est. tempo de leitura\" \/>\n\t<meta name=\"twitter:data2\" content=\"2 minutos\" \/>\n<script type=\"application\/ld+json\" class=\"yoast-schema-graph\">{\"@context\":\"https:\/\/schema.org\",\"@graph\":[{\"@type\":\"WebPage\",\"@id\":\"https:\/\/www.blogsoestado.com\/flaviobraga\/a-diplomacao-dos-eleitos-3\/\",\"url\":\"https:\/\/www.blogsoestado.com\/flaviobraga\/a-diplomacao-dos-eleitos-3\/\",\"name\":\"A diploma\u00e7\u00e3o dos eleitos - Fl\u00e1vio Braga\",\"isPartOf\":{\"@id\":\"https:\/\/www.blogsoestado.com\/flaviobraga\/#website\"},\"primaryImageOfPage\":{\"@id\":\"https:\/\/www.blogsoestado.com\/flaviobraga\/a-diplomacao-dos-eleitos-3\/#primaryimage\"},\"image\":{\"@id\":\"https:\/\/www.blogsoestado.com\/flaviobraga\/a-diplomacao-dos-eleitos-3\/#primaryimage\"},\"thumbnailUrl\":\"https:\/\/www.blogsoestado.com\/flaviobraga\/wp-content\/uploads\/sites\/7\/2018\/12\/diplomacao.jpg\",\"datePublished\":\"2018-12-13T15:27:36+00:00\",\"author\":{\"@id\":\"https:\/\/www.blogsoestado.com\/flaviobraga\/#\/schema\/person\/6c6c778331775c757a82d15206bd8733\"},\"breadcrumb\":{\"@id\":\"https:\/\/www.blogsoestado.com\/flaviobraga\/a-diplomacao-dos-eleitos-3\/#breadcrumb\"},\"inLanguage\":\"pt-BR\",\"potentialAction\":[{\"@type\":\"ReadAction\",\"target\":[\"https:\/\/www.blogsoestado.com\/flaviobraga\/a-diplomacao-dos-eleitos-3\/\"]}]},{\"@type\":\"ImageObject\",\"inLanguage\":\"pt-BR\",\"@id\":\"https:\/\/www.blogsoestado.com\/flaviobraga\/a-diplomacao-dos-eleitos-3\/#primaryimage\",\"url\":\"https:\/\/www.blogsoestado.com\/flaviobraga\/wp-content\/uploads\/sites\/7\/2018\/12\/diplomacao.jpg\",\"contentUrl\":\"https:\/\/www.blogsoestado.com\/flaviobraga\/wp-content\/uploads\/sites\/7\/2018\/12\/diplomacao.jpg\",\"width\":500,\"height\":374},{\"@type\":\"BreadcrumbList\",\"@id\":\"https:\/\/www.blogsoestado.com\/flaviobraga\/a-diplomacao-dos-eleitos-3\/#breadcrumb\",\"itemListElement\":[{\"@type\":\"ListItem\",\"position\":1,\"name\":\"In\u00edcio\",\"item\":\"https:\/\/www.blogsoestado.com\/flaviobraga\/\"},{\"@type\":\"ListItem\",\"position\":2,\"name\":\"A diploma\u00e7\u00e3o dos eleitos\"}]},{\"@type\":\"WebSite\",\"@id\":\"https:\/\/www.blogsoestado.com\/flaviobraga\/#website\",\"url\":\"https:\/\/www.blogsoestado.com\/flaviobraga\/\",\"name\":\"Fl\u00e1vio Braga\",\"description\":\"\",\"potentialAction\":[{\"@type\":\"SearchAction\",\"target\":{\"@type\":\"EntryPoint\",\"urlTemplate\":\"https:\/\/www.blogsoestado.com\/flaviobraga\/?s={search_term_string}\"},\"query-input\":{\"@type\":\"PropertyValueSpecification\",\"valueRequired\":true,\"valueName\":\"search_term_string\"}}],\"inLanguage\":\"pt-BR\"},{\"@type\":\"Person\",\"@id\":\"https:\/\/www.blogsoestado.com\/flaviobraga\/#\/schema\/person\/6c6c778331775c757a82d15206bd8733\",\"name\":\"Flavio Braga\",\"image\":{\"@type\":\"ImageObject\",\"inLanguage\":\"pt-BR\",\"@id\":\"https:\/\/www.blogsoestado.com\/flaviobraga\/#\/schema\/person\/image\/\",\"url\":\"https:\/\/secure.gravatar.com\/avatar\/ab173937dad8d78195c87778be8a0285d069ede375ce0ae24aac1cf8e58ccb2c?s=96&d=mm&r=g\",\"contentUrl\":\"https:\/\/secure.gravatar.com\/avatar\/ab173937dad8d78195c87778be8a0285d069ede375ce0ae24aac1cf8e58ccb2c?s=96&d=mm&r=g\",\"caption\":\"Flavio Braga\"},\"url\":\"https:\/\/www.blogsoestado.com\/flaviobraga\/author\/flaviobraga\/\"}]}<\/script>\n<!-- \/ Yoast SEO plugin. -->","yoast_head_json":{"title":"A diploma\u00e7\u00e3o dos eleitos - Fl\u00e1vio Braga","robots":{"index":"index","follow":"follow","max-snippet":"max-snippet:-1","max-image-preview":"max-image-preview:large","max-video-preview":"max-video-preview:-1"},"canonical":"https:\/\/www.blogsoestado.com\/flaviobraga\/a-diplomacao-dos-eleitos-3\/","og_locale":"pt_BR","og_type":"article","og_title":"A diploma\u00e7\u00e3o dos eleitos - Fl\u00e1vio Braga","og_description":"O instituto da diploma\u00e7\u00e3o representa a formalidade por meio da qual a Justi\u00e7a Eleitoral atesta a validade da elei\u00e7\u00e3o e [&hellip;]","og_url":"https:\/\/www.blogsoestado.com\/flaviobraga\/a-diplomacao-dos-eleitos-3\/","og_site_name":"Fl\u00e1vio Braga","article_published_time":"2018-12-13T15:27:36+00:00","og_image":[{"url":"https:\/\/www.blogsoestado.com\/flaviobraga\/wp-content\/uploads\/sites\/7\/2018\/12\/diplomacao.jpg","type":"","width":"","height":""}],"author":"Flavio Braga","twitter_card":"summary_large_image","twitter_misc":{"Escrito por":"Flavio Braga","Est. tempo de leitura":"2 minutos"},"schema":{"@context":"https:\/\/schema.org","@graph":[{"@type":"WebPage","@id":"https:\/\/www.blogsoestado.com\/flaviobraga\/a-diplomacao-dos-eleitos-3\/","url":"https:\/\/www.blogsoestado.com\/flaviobraga\/a-diplomacao-dos-eleitos-3\/","name":"A diploma\u00e7\u00e3o dos eleitos - Fl\u00e1vio Braga","isPartOf":{"@id":"https:\/\/www.blogsoestado.com\/flaviobraga\/#website"},"primaryImageOfPage":{"@id":"https:\/\/www.blogsoestado.com\/flaviobraga\/a-diplomacao-dos-eleitos-3\/#primaryimage"},"image":{"@id":"https:\/\/www.blogsoestado.com\/flaviobraga\/a-diplomacao-dos-eleitos-3\/#primaryimage"},"thumbnailUrl":"https:\/\/www.blogsoestado.com\/flaviobraga\/wp-content\/uploads\/sites\/7\/2018\/12\/diplomacao.jpg","datePublished":"2018-12-13T15:27:36+00:00","author":{"@id":"https:\/\/www.blogsoestado.com\/flaviobraga\/#\/schema\/person\/6c6c778331775c757a82d15206bd8733"},"breadcrumb":{"@id":"https:\/\/www.blogsoestado.com\/flaviobraga\/a-diplomacao-dos-eleitos-3\/#breadcrumb"},"inLanguage":"pt-BR","potentialAction":[{"@type":"ReadAction","target":["https:\/\/www.blogsoestado.com\/flaviobraga\/a-diplomacao-dos-eleitos-3\/"]}]},{"@type":"ImageObject","inLanguage":"pt-BR","@id":"https:\/\/www.blogsoestado.com\/flaviobraga\/a-diplomacao-dos-eleitos-3\/#primaryimage","url":"https:\/\/www.blogsoestado.com\/flaviobraga\/wp-content\/uploads\/sites\/7\/2018\/12\/diplomacao.jpg","contentUrl":"https:\/\/www.blogsoestado.com\/flaviobraga\/wp-content\/uploads\/sites\/7\/2018\/12\/diplomacao.jpg","width":500,"height":374},{"@type":"BreadcrumbList","@id":"https:\/\/www.blogsoestado.com\/flaviobraga\/a-diplomacao-dos-eleitos-3\/#breadcrumb","itemListElement":[{"@type":"ListItem","position":1,"name":"In\u00edcio","item":"https:\/\/www.blogsoestado.com\/flaviobraga\/"},{"@type":"ListItem","position":2,"name":"A diploma\u00e7\u00e3o dos eleitos"}]},{"@type":"WebSite","@id":"https:\/\/www.blogsoestado.com\/flaviobraga\/#website","url":"https:\/\/www.blogsoestado.com\/flaviobraga\/","name":"Fl\u00e1vio Braga","description":"","potentialAction":[{"@type":"SearchAction","target":{"@type":"EntryPoint","urlTemplate":"https:\/\/www.blogsoestado.com\/flaviobraga\/?s={search_term_string}"},"query-input":{"@type":"PropertyValueSpecification","valueRequired":true,"valueName":"search_term_string"}}],"inLanguage":"pt-BR"},{"@type":"Person","@id":"https:\/\/www.blogsoestado.com\/flaviobraga\/#\/schema\/person\/6c6c778331775c757a82d15206bd8733","name":"Flavio Braga","image":{"@type":"ImageObject","inLanguage":"pt-BR","@id":"https:\/\/www.blogsoestado.com\/flaviobraga\/#\/schema\/person\/image\/","url":"https:\/\/secure.gravatar.com\/avatar\/ab173937dad8d78195c87778be8a0285d069ede375ce0ae24aac1cf8e58ccb2c?s=96&d=mm&r=g","contentUrl":"https:\/\/secure.gravatar.com\/avatar\/ab173937dad8d78195c87778be8a0285d069ede375ce0ae24aac1cf8e58ccb2c?s=96&d=mm&r=g","caption":"Flavio Braga"},"url":"https:\/\/www.blogsoestado.com\/flaviobraga\/author\/flaviobraga\/"}]}},"jetpack_featured_media_url":"","_links":{"self":[{"href":"https:\/\/www.blogsoestado.com\/flaviobraga\/wp-json\/wp\/v2\/posts\/3222","targetHints":{"allow":["GET"]}}],"collection":[{"href":"https:\/\/www.blogsoestado.com\/flaviobraga\/wp-json\/wp\/v2\/posts"}],"about":[{"href":"https:\/\/www.blogsoestado.com\/flaviobraga\/wp-json\/wp\/v2\/types\/post"}],"author":[{"embeddable":true,"href":"https:\/\/www.blogsoestado.com\/flaviobraga\/wp-json\/wp\/v2\/users\/8"}],"replies":[{"embeddable":true,"href":"https:\/\/www.blogsoestado.com\/flaviobraga\/wp-json\/wp\/v2\/comments?post=3222"}],"version-history":[{"count":0,"href":"https:\/\/www.blogsoestado.com\/flaviobraga\/wp-json\/wp\/v2\/posts\/3222\/revisions"}],"wp:attachment":[{"href":"https:\/\/www.blogsoestado.com\/flaviobraga\/wp-json\/wp\/v2\/media?parent=3222"}],"wp:term":[{"taxonomy":"category","embeddable":true,"href":"https:\/\/www.blogsoestado.com\/flaviobraga\/wp-json\/wp\/v2\/categories?post=3222"},{"taxonomy":"post_tag","embeddable":true,"href":"https:\/\/www.blogsoestado.com\/flaviobraga\/wp-json\/wp\/v2\/tags?post=3222"}],"curies":[{"name":"wp","href":"https:\/\/api.w.org\/{rel}","templated":true}]}}