{"id":3229,"date":"2019-01-25T09:52:43","date_gmt":"2019-01-25T12:52:43","guid":{"rendered":"https:\/\/www.blogsoestado.com\/flaviobraga\/?p=3229"},"modified":"2019-01-25T09:52:43","modified_gmt":"2019-01-25T12:52:43","slug":"reducao-da-maioridade-penal","status":"publish","type":"post","link":"https:\/\/www.blogsoestado.com\/flaviobraga\/reducao-da-maioridade-penal\/","title":{"rendered":"Redu\u00e7\u00e3o da maioridade penal"},"content":{"rendered":"\n<p>A\nmaioridade penal no Brasil \u00e9 atingida aos 18 anos, conforme disp\u00f5em a\nConstitui\u00e7\u00e3o e o C\u00f3digo Penal. Assim, as pessoas menores de 18 anos s\u00e3o consideradas\npenalmente inimput\u00e1veis.<\/p>\n\n\n\n<p>A idade\ndo indiv\u00edduo regula a tramita\u00e7\u00e3o do processo judicial de quem cometeu uma\ninfra\u00e7\u00e3o penal. Se o agente j\u00e1 atingiu\na maioridade penal, ser\u00e1 julgado de acordo com o&nbsp;C\u00f3digo Penal. Se\nainda&nbsp;n\u00e3o a alcan\u00e7ou,&nbsp;ser\u00e1&nbsp;julgado&nbsp;segundo\nas regras do&nbsp;Estatuto da Crian\u00e7a e do Adolescente (ECA).<\/p>\n\n\n\n<p>Em\n2015, Proposta de Emenda \u00e0 Constitui\u00e7\u00e3o (PEC) n\u00ba 171\/1993 foi aprovada na\nC\u00e2mara dos Deputados, mas ainda n\u00e3o foi apreciada pelo Senado Federal. Essa\nproposi\u00e7\u00e3o legislativa reduz a maioridade penal para 16 anos.<\/p>\n\n\n\n<p>No\nespa\u00e7o limitado deste artigo, vamos apontar os argumentos favor\u00e1veis e\ncontr\u00e1rios \u00e0 proposta de redu\u00e7\u00e3o da maioridade penal. Sen\u00e3o vejamos.<\/p>\n\n\n\n<p>Argumentos\nfavor\u00e1veis \u00e0 redu\u00e7\u00e3o da maioridade penal:<\/p>\n\n\n\n<p>1.\nN\u00e3o se pode comparar o menor de 16 anos de 2019 com o de 79 anos atr\u00e1s (o\nC\u00f3digo Penal \u00e9 de 1940).<\/p>\n\n\n\n<p>2. A legisla\u00e7\u00e3o permite ao menor de 16 anos o direito de casar\ne de votar.<\/p>\n\n\n\n<p>3.\nDeve ser aquilatada a capacidade de discernimento (crit\u00e9rio biopsicol\u00f3gico) e\nn\u00e3o apenas a idade do infrator (crit\u00e9rio biol\u00f3gico).<\/p>\n\n\n\n<p>4.\nO artigo 228 da CF n\u00e3o constitui cl\u00e1usula p\u00e9trea, podendo ser modificado por\nEmenda Constitucional.<\/p>\n\n\n\n<p>5.\nO bombardeio de informa\u00e7\u00f5es da era digital possibilita ao menor de 16 anos a\nplena consci\u00eancia para entender o car\u00e1ter il\u00edcito-penal de seus atos.<\/p>\n\n\n\n<p>6.\nAs pesquisas de opini\u00e3o atestam que a maioria da popula\u00e7\u00e3o \u00e9 a favor da\ndiminui\u00e7\u00e3o&nbsp;da maioridade penal para 16 anos.<\/p>\n\n\n\n<p>Argumentos\ncontr\u00e1rios \u00e0 redu\u00e7\u00e3o da maioridade penal:<\/p>\n\n\n\n<p>1. A redu\u00e7\u00e3o da idade penal n\u00e3o \u00e9 suficiente para diminuir\na criminalidade, antes \u00e9 preciso investir na educa\u00e7\u00e3o das crian\u00e7as e dos\njovens.<\/p>\n\n\n\n<p>2. A diminui\u00e7\u00e3o da maioridade penal s\u00f3 vai atingir os\njovens pobres e negros.<\/p>\n\n\n\n<p>3.\nO menor de 16 anos ainda n\u00e3o det\u00e9m uma no\u00e7\u00e3o plena sobre o que \u00e9 certo ou\nerrado, pois ainda est\u00e1&nbsp;em fase de desenvolvimento.<\/p>\n\n\n\n<p>4.\nO ECA veicula normas de direto penal especial, que imp\u00f5e medidas\nsocioeducativas ao adolescente infrator, como a interna\u00e7\u00e3o por tr\u00eas anos.<\/p>\n\n\n\n<p>5. A press\u00e3o para a redu\u00e7\u00e3o da maioridade penal&nbsp;est\u00e1 baseada em casos isolados, e n\u00e3o em dados\nestat\u00edsticos.<\/p>\n\n\n\n<p>6. A redu\u00e7\u00e3o da maioridade penal fere uma das\ncl\u00e1usulas p\u00e9treas da Constitui\u00e7\u00e3o federal (artigo 228).<\/p>\n","protected":false},"excerpt":{"rendered":"<p>A maioridade penal no Brasil \u00e9 atingida aos 18 anos, conforme disp\u00f5em a Constitui\u00e7\u00e3o e o C\u00f3digo Penal. Assim, as [&hellip;]<\/p>\n","protected":false},"author":8,"featured_media":0,"comment_status":"open","ping_status":"open","sticky":false,"template":"","format":"standard","meta":{"site-sidebar-layout":"default","site-content-layout":"","ast-site-content-layout":"default","site-content-style":"default","site-sidebar-style":"default","ast-global-header-display":"","ast-banner-title-visibility":"","ast-main-header-display":"","ast-hfb-above-header-display":"","ast-hfb-below-header-display":"","ast-hfb-mobile-header-display":"","site-post-title":"","ast-breadcrumbs-content":"","ast-featured-img":"","footer-sml-layout":"","ast-disable-related-posts":"","theme-transparent-header-meta":"","adv-header-id-meta":"","stick-header-meta":"","header-above-stick-meta":"","header-main-stick-meta":"","header-below-stick-meta":"","astra-migrate-meta-layouts":"default","ast-page-background-enabled":"default","ast-page-background-meta":{"desktop":{"background-color":"var(--ast-global-color-5)","background-image":"","background-repeat":"repeat","background-position":"center center","background-size":"auto","background-attachment":"scroll","background-type":"","background-media":"","overlay-type":"","overlay-color":"","overlay-opacity":"","overlay-gradient":""},"tablet":{"background-color":"","background-image":"","background-repeat":"repeat","background-position":"center center","background-size":"auto","background-attachment":"scroll","background-type":"","background-media":"","overlay-type":"","overlay-color":"","overlay-opacity":"","overlay-gradient":""},"mobile":{"background-color":"","background-image":"","background-repeat":"repeat","background-position":"center center","background-size":"auto","background-attachment":"scroll","background-type":"","background-media":"","overlay-type":"","overlay-color":"","overlay-opacity":"","overlay-gradient":""}},"ast-content-background-meta":{"desktop":{"background-color":"var(--ast-global-color-4)","background-image":"","background-repeat":"repeat","background-position":"center center","background-size":"auto","background-attachment":"scroll","background-type":"","background-media":"","overlay-type":"","overlay-color":"","overlay-opacity":"","overlay-gradient":""},"tablet":{"background-color":"var(--ast-global-color-4)","background-image":"","background-repeat":"repeat","background-position":"center center","background-size":"auto","background-attachment":"scroll","background-type":"","background-media":"","overlay-type":"","overlay-color":"","overlay-opacity":"","overlay-gradient":""},"mobile":{"background-color":"var(--ast-global-color-4)","background-image":"","background-repeat":"repeat","background-position":"center center","background-size":"auto","background-attachment":"scroll","background-type":"","background-media":"","overlay-type":"","overlay-color":"","overlay-opacity":"","overlay-gradient":""}},"footnotes":""},"categories":[1],"tags":[],"class_list":["post-3229","post","type-post","status-publish","format-standard","hentry","category-sem-categoria"],"yoast_head":"<!-- This site is optimized with the Yoast SEO plugin v26.6 - https:\/\/yoast.com\/wordpress\/plugins\/seo\/ -->\n<title>Redu\u00e7\u00e3o da maioridade penal - Fl\u00e1vio Braga<\/title>\n<meta name=\"robots\" content=\"index, follow, max-snippet:-1, max-image-preview:large, max-video-preview:-1\" \/>\n<link rel=\"canonical\" href=\"https:\/\/www.blogsoestado.com\/flaviobraga\/reducao-da-maioridade-penal\/\" \/>\n<meta property=\"og:locale\" content=\"pt_BR\" \/>\n<meta property=\"og:type\" content=\"article\" \/>\n<meta property=\"og:title\" content=\"Redu\u00e7\u00e3o da maioridade penal - Fl\u00e1vio Braga\" \/>\n<meta property=\"og:description\" content=\"A maioridade penal no Brasil \u00e9 atingida aos 18 anos, conforme disp\u00f5em a Constitui\u00e7\u00e3o e o C\u00f3digo Penal. Assim, as [&hellip;]\" \/>\n<meta property=\"og:url\" content=\"https:\/\/www.blogsoestado.com\/flaviobraga\/reducao-da-maioridade-penal\/\" \/>\n<meta property=\"og:site_name\" content=\"Fl\u00e1vio Braga\" \/>\n<meta property=\"article:published_time\" content=\"2019-01-25T12:52:43+00:00\" \/>\n<meta name=\"author\" content=\"Flavio Braga\" \/>\n<meta name=\"twitter:card\" content=\"summary_large_image\" \/>\n<meta name=\"twitter:label1\" content=\"Escrito por\" \/>\n\t<meta name=\"twitter:data1\" content=\"Flavio Braga\" \/>\n\t<meta name=\"twitter:label2\" content=\"Est. tempo de leitura\" \/>\n\t<meta name=\"twitter:data2\" content=\"2 minutos\" \/>\n<script type=\"application\/ld+json\" class=\"yoast-schema-graph\">{\"@context\":\"https:\/\/schema.org\",\"@graph\":[{\"@type\":\"WebPage\",\"@id\":\"https:\/\/www.blogsoestado.com\/flaviobraga\/reducao-da-maioridade-penal\/\",\"url\":\"https:\/\/www.blogsoestado.com\/flaviobraga\/reducao-da-maioridade-penal\/\",\"name\":\"Redu\u00e7\u00e3o da maioridade penal - Fl\u00e1vio Braga\",\"isPartOf\":{\"@id\":\"https:\/\/www.blogsoestado.com\/flaviobraga\/#website\"},\"datePublished\":\"2019-01-25T12:52:43+00:00\",\"author\":{\"@id\":\"https:\/\/www.blogsoestado.com\/flaviobraga\/#\/schema\/person\/6c6c778331775c757a82d15206bd8733\"},\"breadcrumb\":{\"@id\":\"https:\/\/www.blogsoestado.com\/flaviobraga\/reducao-da-maioridade-penal\/#breadcrumb\"},\"inLanguage\":\"pt-BR\",\"potentialAction\":[{\"@type\":\"ReadAction\",\"target\":[\"https:\/\/www.blogsoestado.com\/flaviobraga\/reducao-da-maioridade-penal\/\"]}]},{\"@type\":\"BreadcrumbList\",\"@id\":\"https:\/\/www.blogsoestado.com\/flaviobraga\/reducao-da-maioridade-penal\/#breadcrumb\",\"itemListElement\":[{\"@type\":\"ListItem\",\"position\":1,\"name\":\"In\u00edcio\",\"item\":\"https:\/\/www.blogsoestado.com\/flaviobraga\/\"},{\"@type\":\"ListItem\",\"position\":2,\"name\":\"Redu\u00e7\u00e3o da maioridade penal\"}]},{\"@type\":\"WebSite\",\"@id\":\"https:\/\/www.blogsoestado.com\/flaviobraga\/#website\",\"url\":\"https:\/\/www.blogsoestado.com\/flaviobraga\/\",\"name\":\"Fl\u00e1vio Braga\",\"description\":\"\",\"potentialAction\":[{\"@type\":\"SearchAction\",\"target\":{\"@type\":\"EntryPoint\",\"urlTemplate\":\"https:\/\/www.blogsoestado.com\/flaviobraga\/?s={search_term_string}\"},\"query-input\":{\"@type\":\"PropertyValueSpecification\",\"valueRequired\":true,\"valueName\":\"search_term_string\"}}],\"inLanguage\":\"pt-BR\"},{\"@type\":\"Person\",\"@id\":\"https:\/\/www.blogsoestado.com\/flaviobraga\/#\/schema\/person\/6c6c778331775c757a82d15206bd8733\",\"name\":\"Flavio Braga\",\"image\":{\"@type\":\"ImageObject\",\"inLanguage\":\"pt-BR\",\"@id\":\"https:\/\/www.blogsoestado.com\/flaviobraga\/#\/schema\/person\/image\/\",\"url\":\"https:\/\/secure.gravatar.com\/avatar\/ab173937dad8d78195c87778be8a0285d069ede375ce0ae24aac1cf8e58ccb2c?s=96&d=mm&r=g\",\"contentUrl\":\"https:\/\/secure.gravatar.com\/avatar\/ab173937dad8d78195c87778be8a0285d069ede375ce0ae24aac1cf8e58ccb2c?s=96&d=mm&r=g\",\"caption\":\"Flavio Braga\"},\"url\":\"https:\/\/www.blogsoestado.com\/flaviobraga\/author\/flaviobraga\/\"}]}<\/script>\n<!-- \/ Yoast SEO plugin. -->","yoast_head_json":{"title":"Redu\u00e7\u00e3o da maioridade penal - Fl\u00e1vio Braga","robots":{"index":"index","follow":"follow","max-snippet":"max-snippet:-1","max-image-preview":"max-image-preview:large","max-video-preview":"max-video-preview:-1"},"canonical":"https:\/\/www.blogsoestado.com\/flaviobraga\/reducao-da-maioridade-penal\/","og_locale":"pt_BR","og_type":"article","og_title":"Redu\u00e7\u00e3o da maioridade penal - Fl\u00e1vio Braga","og_description":"A maioridade penal no Brasil \u00e9 atingida aos 18 anos, conforme disp\u00f5em a Constitui\u00e7\u00e3o e o C\u00f3digo Penal. Assim, as [&hellip;]","og_url":"https:\/\/www.blogsoestado.com\/flaviobraga\/reducao-da-maioridade-penal\/","og_site_name":"Fl\u00e1vio Braga","article_published_time":"2019-01-25T12:52:43+00:00","author":"Flavio Braga","twitter_card":"summary_large_image","twitter_misc":{"Escrito por":"Flavio Braga","Est. tempo de leitura":"2 minutos"},"schema":{"@context":"https:\/\/schema.org","@graph":[{"@type":"WebPage","@id":"https:\/\/www.blogsoestado.com\/flaviobraga\/reducao-da-maioridade-penal\/","url":"https:\/\/www.blogsoestado.com\/flaviobraga\/reducao-da-maioridade-penal\/","name":"Redu\u00e7\u00e3o da maioridade penal - Fl\u00e1vio Braga","isPartOf":{"@id":"https:\/\/www.blogsoestado.com\/flaviobraga\/#website"},"datePublished":"2019-01-25T12:52:43+00:00","author":{"@id":"https:\/\/www.blogsoestado.com\/flaviobraga\/#\/schema\/person\/6c6c778331775c757a82d15206bd8733"},"breadcrumb":{"@id":"https:\/\/www.blogsoestado.com\/flaviobraga\/reducao-da-maioridade-penal\/#breadcrumb"},"inLanguage":"pt-BR","potentialAction":[{"@type":"ReadAction","target":["https:\/\/www.blogsoestado.com\/flaviobraga\/reducao-da-maioridade-penal\/"]}]},{"@type":"BreadcrumbList","@id":"https:\/\/www.blogsoestado.com\/flaviobraga\/reducao-da-maioridade-penal\/#breadcrumb","itemListElement":[{"@type":"ListItem","position":1,"name":"In\u00edcio","item":"https:\/\/www.blogsoestado.com\/flaviobraga\/"},{"@type":"ListItem","position":2,"name":"Redu\u00e7\u00e3o da maioridade penal"}]},{"@type":"WebSite","@id":"https:\/\/www.blogsoestado.com\/flaviobraga\/#website","url":"https:\/\/www.blogsoestado.com\/flaviobraga\/","name":"Fl\u00e1vio Braga","description":"","potentialAction":[{"@type":"SearchAction","target":{"@type":"EntryPoint","urlTemplate":"https:\/\/www.blogsoestado.com\/flaviobraga\/?s={search_term_string}"},"query-input":{"@type":"PropertyValueSpecification","valueRequired":true,"valueName":"search_term_string"}}],"inLanguage":"pt-BR"},{"@type":"Person","@id":"https:\/\/www.blogsoestado.com\/flaviobraga\/#\/schema\/person\/6c6c778331775c757a82d15206bd8733","name":"Flavio Braga","image":{"@type":"ImageObject","inLanguage":"pt-BR","@id":"https:\/\/www.blogsoestado.com\/flaviobraga\/#\/schema\/person\/image\/","url":"https:\/\/secure.gravatar.com\/avatar\/ab173937dad8d78195c87778be8a0285d069ede375ce0ae24aac1cf8e58ccb2c?s=96&d=mm&r=g","contentUrl":"https:\/\/secure.gravatar.com\/avatar\/ab173937dad8d78195c87778be8a0285d069ede375ce0ae24aac1cf8e58ccb2c?s=96&d=mm&r=g","caption":"Flavio Braga"},"url":"https:\/\/www.blogsoestado.com\/flaviobraga\/author\/flaviobraga\/"}]}},"jetpack_featured_media_url":"","_links":{"self":[{"href":"https:\/\/www.blogsoestado.com\/flaviobraga\/wp-json\/wp\/v2\/posts\/3229","targetHints":{"allow":["GET"]}}],"collection":[{"href":"https:\/\/www.blogsoestado.com\/flaviobraga\/wp-json\/wp\/v2\/posts"}],"about":[{"href":"https:\/\/www.blogsoestado.com\/flaviobraga\/wp-json\/wp\/v2\/types\/post"}],"author":[{"embeddable":true,"href":"https:\/\/www.blogsoestado.com\/flaviobraga\/wp-json\/wp\/v2\/users\/8"}],"replies":[{"embeddable":true,"href":"https:\/\/www.blogsoestado.com\/flaviobraga\/wp-json\/wp\/v2\/comments?post=3229"}],"version-history":[{"count":0,"href":"https:\/\/www.blogsoestado.com\/flaviobraga\/wp-json\/wp\/v2\/posts\/3229\/revisions"}],"wp:attachment":[{"href":"https:\/\/www.blogsoestado.com\/flaviobraga\/wp-json\/wp\/v2\/media?parent=3229"}],"wp:term":[{"taxonomy":"category","embeddable":true,"href":"https:\/\/www.blogsoestado.com\/flaviobraga\/wp-json\/wp\/v2\/categories?post=3229"},{"taxonomy":"post_tag","embeddable":true,"href":"https:\/\/www.blogsoestado.com\/flaviobraga\/wp-json\/wp\/v2\/tags?post=3229"}],"curies":[{"name":"wp","href":"https:\/\/api.w.org\/{rel}","templated":true}]}}