{"id":3271,"date":"2019-06-14T13:33:07","date_gmt":"2019-06-14T16:33:07","guid":{"rendered":"https:\/\/www.blogsoestado.com\/flaviobraga\/?p=3271"},"modified":"2019-06-14T13:33:07","modified_gmt":"2019-06-14T16:33:07","slug":"bequimao-e-o-legado-de-juca-martins","status":"publish","type":"post","link":"https:\/\/www.blogsoestado.com\/flaviobraga\/bequimao-e-o-legado-de-juca-martins\/","title":{"rendered":"Bequim\u00e3o e o legado de Juca Martins"},"content":{"rendered":"\n<figure class=\"wp-block-image\"><img fetchpriority=\"high\" decoding=\"async\" width=\"768\" height=\"1024\" src=\"https:\/\/www.blogsoestado.com\/flaviobraga\/wp-content\/uploads\/sites\/7\/2019\/06\/384b4fef-1389-4fe3-a13d-3fadd5d98674-1-768x1024.jpg\" alt=\"\" class=\"wp-image-3272\" srcset=\"https:\/\/www.blogsoestado.com\/flaviobraga\/wp-content\/uploads\/sites\/7\/2019\/06\/384b4fef-1389-4fe3-a13d-3fadd5d98674-1-768x1024.jpg 768w, https:\/\/www.blogsoestado.com\/flaviobraga\/wp-content\/uploads\/sites\/7\/2019\/06\/384b4fef-1389-4fe3-a13d-3fadd5d98674-1-225x300.jpg 225w, https:\/\/www.blogsoestado.com\/flaviobraga\/wp-content\/uploads\/sites\/7\/2019\/06\/384b4fef-1389-4fe3-a13d-3fadd5d98674-1.jpg 960w\" sizes=\"(max-width: 768px) 100vw, 768px\" \/><figcaption>O saudoso Dr Juca Martins<\/figcaption><\/figure>\n\n\n\n<p><strong>No dia 19 de junho de 2019, o munic\u00edpio de Bequim\u00e3o ir\u00e1 comemorar os seus 84 anos de emancipa\u00e7\u00e3o pol\u00edtica. Como acontece desde 2013, a Prefeitura Municipal preparou uma vasta programa\u00e7\u00e3o para a comunidade festejar essa data especial, com a realiza\u00e7\u00e3o de torneios, atos religiosos, queima de fogos, desfiles, partilha de bolo, cavalgada, maratona, corrida cicl\u00edstica, gincana, dan\u00e7as juninas etc.<\/strong><\/p>\n\n\n\n<p><strong>Da obra \u201cTapuitininga\u201d, do bequim\u00e3oense Domingos Pereira, colhe-se que o territ\u00f3rio do munic\u00edpio de Bequim\u00e3o foi delimitado no per\u00edodo colonial com a cria\u00e7\u00e3o da freguesia de Santo Ant\u00f4nio e Almas, em 7 de novembro de 1805, desmembrada da freguesia do Ap\u00f3stolo S\u00e3o Matias (Alc\u00e2ntara). <\/strong><\/p>\n\n\n\n<p><strong>Hodiernamente, a popula\u00e7\u00e3o tem muitos motivos para comemorar o anivers\u00e1rio do seu munic\u00edpio, visto que a administra\u00e7\u00e3o do prefeito Z\u00e9 Martins proporcionou avan\u00e7os administrativos e sociais nunca antes alcan\u00e7ados em Bequim\u00e3o. Com efeito, a Baixada se orgulha de contar com um dos melhores prefeitos do Maranh\u00e3o.<\/strong><\/p>\n\n\n\n<p><strong>O maior l\u00edder pol\u00edtico da hist\u00f3ria de Bequim\u00e3o foi o Dr. Jo\u00e3o Batista Cantanhede Martins (Juca Martins), pai do prefeito Z\u00e9 Martins, e falecido em 18 de agosto de 2017, aos 79 anos, ap\u00f3s dedicar-se por mais de 50 anos \u00e0 vida p\u00fablica do munic\u00edpio de Bequim\u00e3o.<\/strong><\/p>\n\n\n\n<p><strong>Como prefeito arrojado e empreendedor, Juca Martins deixou um legado de muitas obras estruturantes: edifica\u00e7\u00e3o das primeiras escolas da zona rural; instala\u00e7\u00e3o do c\u00e9lebre Gin\u00e1sio Bandeirante; constru\u00e7\u00e3o do Cais do Porto, da Pra\u00e7a Santo Ant\u00f4nio e da Pra\u00e7a da B\u00edblia; cal\u00e7amento das principais ruas e avenidas; asfaltamento da entrada da cidade e da principal rua de acesso; constru\u00e7\u00e3o de postos de sa\u00fade; eletrifica\u00e7\u00e3o rural em v\u00e1rios povoados; constru\u00e7\u00e3o de barragens; estrutura\u00e7\u00e3o do bairro Cidade Nova, hoje o maior de Bequim\u00e3o etc.<\/strong><\/p>\n\n\n\n<p><strong>Juca Martins deixou sua marca indel\u00e9vel como homem de convic\u00e7\u00f5es firmes e princ\u00edpios morais reconhecidos por aliados e advers\u00e1rios, pessoa de reputa\u00e7\u00e3o ilibada, pol\u00edtico sempre coerente com o seu ide\u00e1rio e gestor laborioso, em constante busca por benef\u00edcios e melhorias para a sua gente e o seu munic\u00edpio. Guerreiro que nunca se abateu diante das adversidades e que disp\u00f4s de \u00e2nimo para, aos 60 anos, conquistar e frequentar um curso superior. <\/strong><\/p>\n\n\n\n<p><strong>Assim, em 1999, Juca Martins graduou-se como Bacharel em Direito, surpreendendo todos pela bravura de voltar a estudar mesmo em idade mais avan\u00e7ada. E foi aprovado em seu primeiro exame da Ordem dos Advogados do Brasil (OAB).<\/strong><\/p>\n","protected":false},"excerpt":{"rendered":"<p>No dia 19 de junho de 2019, o munic\u00edpio de Bequim\u00e3o ir\u00e1 comemorar os seus 84 anos de emancipa\u00e7\u00e3o pol\u00edtica. [&hellip;]<\/p>\n","protected":false},"author":8,"featured_media":0,"comment_status":"open","ping_status":"open","sticky":false,"template":"","format":"standard","meta":{"site-sidebar-layout":"default","site-content-layout":"","ast-site-content-layout":"default","site-content-style":"default","site-sidebar-style":"default","ast-global-header-display":"","ast-banner-title-visibility":"","ast-main-header-display":"","ast-hfb-above-header-display":"","ast-hfb-below-header-display":"","ast-hfb-mobile-header-display":"","site-post-title":"","ast-breadcrumbs-content":"","ast-featured-img":"","footer-sml-layout":"","ast-disable-related-posts":"","theme-transparent-header-meta":"","adv-header-id-meta":"","stick-header-meta":"","header-above-stick-meta":"","header-main-stick-meta":"","header-below-stick-meta":"","astra-migrate-meta-layouts":"default","ast-page-background-enabled":"default","ast-page-background-meta":{"desktop":{"background-color":"var(--ast-global-color-5)","background-image":"","background-repeat":"repeat","background-position":"center center","background-size":"auto","background-attachment":"scroll","background-type":"","background-media":"","overlay-type":"","overlay-color":"","overlay-opacity":"","overlay-gradient":""},"tablet":{"background-color":"","background-image":"","background-repeat":"repeat","background-position":"center center","background-size":"auto","background-attachment":"scroll","background-type":"","background-media":"","overlay-type":"","overlay-color":"","overlay-opacity":"","overlay-gradient":""},"mobile":{"background-color":"","background-image":"","background-repeat":"repeat","background-position":"center center","background-size":"auto","background-attachment":"scroll","background-type":"","background-media":"","overlay-type":"","overlay-color":"","overlay-opacity":"","overlay-gradient":""}},"ast-content-background-meta":{"desktop":{"background-color":"var(--ast-global-color-4)","background-image":"","background-repeat":"repeat","background-position":"center center","background-size":"auto","background-attachment":"scroll","background-type":"","background-media":"","overlay-type":"","overlay-color":"","overlay-opacity":"","overlay-gradient":""},"tablet":{"background-color":"var(--ast-global-color-4)","background-image":"","background-repeat":"repeat","background-position":"center center","background-size":"auto","background-attachment":"scroll","background-type":"","background-media":"","overlay-type":"","overlay-color":"","overlay-opacity":"","overlay-gradient":""},"mobile":{"background-color":"var(--ast-global-color-4)","background-image":"","background-repeat":"repeat","background-position":"center center","background-size":"auto","background-attachment":"scroll","background-type":"","background-media":"","overlay-type":"","overlay-color":"","overlay-opacity":"","overlay-gradient":""}},"footnotes":""},"categories":[1],"tags":[],"class_list":["post-3271","post","type-post","status-publish","format-standard","hentry","category-sem-categoria"],"yoast_head":"<!-- This site is optimized with the Yoast SEO plugin v26.6 - https:\/\/yoast.com\/wordpress\/plugins\/seo\/ -->\n<title>Bequim\u00e3o e o legado de Juca Martins - Fl\u00e1vio Braga<\/title>\n<meta name=\"robots\" content=\"index, follow, max-snippet:-1, max-image-preview:large, max-video-preview:-1\" \/>\n<link rel=\"canonical\" href=\"https:\/\/www.blogsoestado.com\/flaviobraga\/bequimao-e-o-legado-de-juca-martins\/\" \/>\n<meta property=\"og:locale\" content=\"pt_BR\" \/>\n<meta property=\"og:type\" content=\"article\" \/>\n<meta property=\"og:title\" content=\"Bequim\u00e3o e o legado de Juca Martins - Fl\u00e1vio Braga\" \/>\n<meta property=\"og:description\" content=\"No dia 19 de junho de 2019, o munic\u00edpio de Bequim\u00e3o ir\u00e1 comemorar os seus 84 anos de emancipa\u00e7\u00e3o pol\u00edtica. [&hellip;]\" \/>\n<meta property=\"og:url\" content=\"https:\/\/www.blogsoestado.com\/flaviobraga\/bequimao-e-o-legado-de-juca-martins\/\" \/>\n<meta property=\"og:site_name\" content=\"Fl\u00e1vio Braga\" \/>\n<meta property=\"article:published_time\" content=\"2019-06-14T16:33:07+00:00\" \/>\n<meta property=\"og:image\" content=\"https:\/\/www.blogsoestado.com\/flaviobraga\/wp-content\/uploads\/sites\/7\/2019\/06\/384b4fef-1389-4fe3-a13d-3fadd5d98674-1-768x1024.jpg\" \/>\n<meta name=\"author\" content=\"Flavio Braga\" \/>\n<meta name=\"twitter:card\" content=\"summary_large_image\" \/>\n<meta name=\"twitter:label1\" content=\"Escrito por\" \/>\n\t<meta name=\"twitter:data1\" content=\"Flavio Braga\" \/>\n\t<meta name=\"twitter:label2\" content=\"Est. tempo de leitura\" \/>\n\t<meta name=\"twitter:data2\" content=\"2 minutos\" \/>\n<script type=\"application\/ld+json\" class=\"yoast-schema-graph\">{\"@context\":\"https:\/\/schema.org\",\"@graph\":[{\"@type\":\"WebPage\",\"@id\":\"https:\/\/www.blogsoestado.com\/flaviobraga\/bequimao-e-o-legado-de-juca-martins\/\",\"url\":\"https:\/\/www.blogsoestado.com\/flaviobraga\/bequimao-e-o-legado-de-juca-martins\/\",\"name\":\"Bequim\u00e3o e o legado de Juca Martins - Fl\u00e1vio Braga\",\"isPartOf\":{\"@id\":\"https:\/\/www.blogsoestado.com\/flaviobraga\/#website\"},\"primaryImageOfPage\":{\"@id\":\"https:\/\/www.blogsoestado.com\/flaviobraga\/bequimao-e-o-legado-de-juca-martins\/#primaryimage\"},\"image\":{\"@id\":\"https:\/\/www.blogsoestado.com\/flaviobraga\/bequimao-e-o-legado-de-juca-martins\/#primaryimage\"},\"thumbnailUrl\":\"https:\/\/www.blogsoestado.com\/flaviobraga\/wp-content\/uploads\/sites\/7\/2019\/06\/384b4fef-1389-4fe3-a13d-3fadd5d98674-1-768x1024.jpg\",\"datePublished\":\"2019-06-14T16:33:07+00:00\",\"author\":{\"@id\":\"https:\/\/www.blogsoestado.com\/flaviobraga\/#\/schema\/person\/6c6c778331775c757a82d15206bd8733\"},\"breadcrumb\":{\"@id\":\"https:\/\/www.blogsoestado.com\/flaviobraga\/bequimao-e-o-legado-de-juca-martins\/#breadcrumb\"},\"inLanguage\":\"pt-BR\",\"potentialAction\":[{\"@type\":\"ReadAction\",\"target\":[\"https:\/\/www.blogsoestado.com\/flaviobraga\/bequimao-e-o-legado-de-juca-martins\/\"]}]},{\"@type\":\"ImageObject\",\"inLanguage\":\"pt-BR\",\"@id\":\"https:\/\/www.blogsoestado.com\/flaviobraga\/bequimao-e-o-legado-de-juca-martins\/#primaryimage\",\"url\":\"https:\/\/www.blogsoestado.com\/flaviobraga\/wp-content\/uploads\/sites\/7\/2019\/06\/384b4fef-1389-4fe3-a13d-3fadd5d98674-1.jpg\",\"contentUrl\":\"https:\/\/www.blogsoestado.com\/flaviobraga\/wp-content\/uploads\/sites\/7\/2019\/06\/384b4fef-1389-4fe3-a13d-3fadd5d98674-1.jpg\",\"width\":960,\"height\":1280},{\"@type\":\"BreadcrumbList\",\"@id\":\"https:\/\/www.blogsoestado.com\/flaviobraga\/bequimao-e-o-legado-de-juca-martins\/#breadcrumb\",\"itemListElement\":[{\"@type\":\"ListItem\",\"position\":1,\"name\":\"In\u00edcio\",\"item\":\"https:\/\/www.blogsoestado.com\/flaviobraga\/\"},{\"@type\":\"ListItem\",\"position\":2,\"name\":\"Bequim\u00e3o e o legado de Juca Martins\"}]},{\"@type\":\"WebSite\",\"@id\":\"https:\/\/www.blogsoestado.com\/flaviobraga\/#website\",\"url\":\"https:\/\/www.blogsoestado.com\/flaviobraga\/\",\"name\":\"Fl\u00e1vio Braga\",\"description\":\"\",\"potentialAction\":[{\"@type\":\"SearchAction\",\"target\":{\"@type\":\"EntryPoint\",\"urlTemplate\":\"https:\/\/www.blogsoestado.com\/flaviobraga\/?s={search_term_string}\"},\"query-input\":{\"@type\":\"PropertyValueSpecification\",\"valueRequired\":true,\"valueName\":\"search_term_string\"}}],\"inLanguage\":\"pt-BR\"},{\"@type\":\"Person\",\"@id\":\"https:\/\/www.blogsoestado.com\/flaviobraga\/#\/schema\/person\/6c6c778331775c757a82d15206bd8733\",\"name\":\"Flavio Braga\",\"image\":{\"@type\":\"ImageObject\",\"inLanguage\":\"pt-BR\",\"@id\":\"https:\/\/www.blogsoestado.com\/flaviobraga\/#\/schema\/person\/image\/\",\"url\":\"https:\/\/secure.gravatar.com\/avatar\/ab173937dad8d78195c87778be8a0285d069ede375ce0ae24aac1cf8e58ccb2c?s=96&d=mm&r=g\",\"contentUrl\":\"https:\/\/secure.gravatar.com\/avatar\/ab173937dad8d78195c87778be8a0285d069ede375ce0ae24aac1cf8e58ccb2c?s=96&d=mm&r=g\",\"caption\":\"Flavio Braga\"},\"url\":\"https:\/\/www.blogsoestado.com\/flaviobraga\/author\/flaviobraga\/\"}]}<\/script>\n<!-- \/ Yoast SEO plugin. -->","yoast_head_json":{"title":"Bequim\u00e3o e o legado de Juca Martins - Fl\u00e1vio Braga","robots":{"index":"index","follow":"follow","max-snippet":"max-snippet:-1","max-image-preview":"max-image-preview:large","max-video-preview":"max-video-preview:-1"},"canonical":"https:\/\/www.blogsoestado.com\/flaviobraga\/bequimao-e-o-legado-de-juca-martins\/","og_locale":"pt_BR","og_type":"article","og_title":"Bequim\u00e3o e o legado de Juca Martins - Fl\u00e1vio Braga","og_description":"No dia 19 de junho de 2019, o munic\u00edpio de Bequim\u00e3o ir\u00e1 comemorar os seus 84 anos de emancipa\u00e7\u00e3o pol\u00edtica. [&hellip;]","og_url":"https:\/\/www.blogsoestado.com\/flaviobraga\/bequimao-e-o-legado-de-juca-martins\/","og_site_name":"Fl\u00e1vio Braga","article_published_time":"2019-06-14T16:33:07+00:00","og_image":[{"url":"https:\/\/www.blogsoestado.com\/flaviobraga\/wp-content\/uploads\/sites\/7\/2019\/06\/384b4fef-1389-4fe3-a13d-3fadd5d98674-1-768x1024.jpg","type":"","width":"","height":""}],"author":"Flavio Braga","twitter_card":"summary_large_image","twitter_misc":{"Escrito por":"Flavio Braga","Est. tempo de leitura":"2 minutos"},"schema":{"@context":"https:\/\/schema.org","@graph":[{"@type":"WebPage","@id":"https:\/\/www.blogsoestado.com\/flaviobraga\/bequimao-e-o-legado-de-juca-martins\/","url":"https:\/\/www.blogsoestado.com\/flaviobraga\/bequimao-e-o-legado-de-juca-martins\/","name":"Bequim\u00e3o e o legado de Juca Martins - Fl\u00e1vio Braga","isPartOf":{"@id":"https:\/\/www.blogsoestado.com\/flaviobraga\/#website"},"primaryImageOfPage":{"@id":"https:\/\/www.blogsoestado.com\/flaviobraga\/bequimao-e-o-legado-de-juca-martins\/#primaryimage"},"image":{"@id":"https:\/\/www.blogsoestado.com\/flaviobraga\/bequimao-e-o-legado-de-juca-martins\/#primaryimage"},"thumbnailUrl":"https:\/\/www.blogsoestado.com\/flaviobraga\/wp-content\/uploads\/sites\/7\/2019\/06\/384b4fef-1389-4fe3-a13d-3fadd5d98674-1-768x1024.jpg","datePublished":"2019-06-14T16:33:07+00:00","author":{"@id":"https:\/\/www.blogsoestado.com\/flaviobraga\/#\/schema\/person\/6c6c778331775c757a82d15206bd8733"},"breadcrumb":{"@id":"https:\/\/www.blogsoestado.com\/flaviobraga\/bequimao-e-o-legado-de-juca-martins\/#breadcrumb"},"inLanguage":"pt-BR","potentialAction":[{"@type":"ReadAction","target":["https:\/\/www.blogsoestado.com\/flaviobraga\/bequimao-e-o-legado-de-juca-martins\/"]}]},{"@type":"ImageObject","inLanguage":"pt-BR","@id":"https:\/\/www.blogsoestado.com\/flaviobraga\/bequimao-e-o-legado-de-juca-martins\/#primaryimage","url":"https:\/\/www.blogsoestado.com\/flaviobraga\/wp-content\/uploads\/sites\/7\/2019\/06\/384b4fef-1389-4fe3-a13d-3fadd5d98674-1.jpg","contentUrl":"https:\/\/www.blogsoestado.com\/flaviobraga\/wp-content\/uploads\/sites\/7\/2019\/06\/384b4fef-1389-4fe3-a13d-3fadd5d98674-1.jpg","width":960,"height":1280},{"@type":"BreadcrumbList","@id":"https:\/\/www.blogsoestado.com\/flaviobraga\/bequimao-e-o-legado-de-juca-martins\/#breadcrumb","itemListElement":[{"@type":"ListItem","position":1,"name":"In\u00edcio","item":"https:\/\/www.blogsoestado.com\/flaviobraga\/"},{"@type":"ListItem","position":2,"name":"Bequim\u00e3o e o legado de Juca Martins"}]},{"@type":"WebSite","@id":"https:\/\/www.blogsoestado.com\/flaviobraga\/#website","url":"https:\/\/www.blogsoestado.com\/flaviobraga\/","name":"Fl\u00e1vio Braga","description":"","potentialAction":[{"@type":"SearchAction","target":{"@type":"EntryPoint","urlTemplate":"https:\/\/www.blogsoestado.com\/flaviobraga\/?s={search_term_string}"},"query-input":{"@type":"PropertyValueSpecification","valueRequired":true,"valueName":"search_term_string"}}],"inLanguage":"pt-BR"},{"@type":"Person","@id":"https:\/\/www.blogsoestado.com\/flaviobraga\/#\/schema\/person\/6c6c778331775c757a82d15206bd8733","name":"Flavio Braga","image":{"@type":"ImageObject","inLanguage":"pt-BR","@id":"https:\/\/www.blogsoestado.com\/flaviobraga\/#\/schema\/person\/image\/","url":"https:\/\/secure.gravatar.com\/avatar\/ab173937dad8d78195c87778be8a0285d069ede375ce0ae24aac1cf8e58ccb2c?s=96&d=mm&r=g","contentUrl":"https:\/\/secure.gravatar.com\/avatar\/ab173937dad8d78195c87778be8a0285d069ede375ce0ae24aac1cf8e58ccb2c?s=96&d=mm&r=g","caption":"Flavio Braga"},"url":"https:\/\/www.blogsoestado.com\/flaviobraga\/author\/flaviobraga\/"}]}},"jetpack_featured_media_url":"","_links":{"self":[{"href":"https:\/\/www.blogsoestado.com\/flaviobraga\/wp-json\/wp\/v2\/posts\/3271","targetHints":{"allow":["GET"]}}],"collection":[{"href":"https:\/\/www.blogsoestado.com\/flaviobraga\/wp-json\/wp\/v2\/posts"}],"about":[{"href":"https:\/\/www.blogsoestado.com\/flaviobraga\/wp-json\/wp\/v2\/types\/post"}],"author":[{"embeddable":true,"href":"https:\/\/www.blogsoestado.com\/flaviobraga\/wp-json\/wp\/v2\/users\/8"}],"replies":[{"embeddable":true,"href":"https:\/\/www.blogsoestado.com\/flaviobraga\/wp-json\/wp\/v2\/comments?post=3271"}],"version-history":[{"count":0,"href":"https:\/\/www.blogsoestado.com\/flaviobraga\/wp-json\/wp\/v2\/posts\/3271\/revisions"}],"wp:attachment":[{"href":"https:\/\/www.blogsoestado.com\/flaviobraga\/wp-json\/wp\/v2\/media?parent=3271"}],"wp:term":[{"taxonomy":"category","embeddable":true,"href":"https:\/\/www.blogsoestado.com\/flaviobraga\/wp-json\/wp\/v2\/categories?post=3271"},{"taxonomy":"post_tag","embeddable":true,"href":"https:\/\/www.blogsoestado.com\/flaviobraga\/wp-json\/wp\/v2\/tags?post=3271"}],"curies":[{"name":"wp","href":"https:\/\/api.w.org\/{rel}","templated":true}]}}