{"id":3309,"date":"2020-01-06T12:22:10","date_gmt":"2020-01-06T15:22:10","guid":{"rendered":"https:\/\/www.blogsoestado.com\/flaviobraga\/?p=3309"},"modified":"2020-01-06T12:22:10","modified_gmt":"2020-01-06T15:22:10","slug":"conheca-a-resolucao-que-normatiza-a-escolha-e-o-registro-de-candidatos","status":"publish","type":"post","link":"https:\/\/www.blogsoestado.com\/flaviobraga\/conheca-a-resolucao-que-normatiza-a-escolha-e-o-registro-de-candidatos\/","title":{"rendered":"Conhe\u00e7a a resolu\u00e7\u00e3o que normatiza a escolha e o registro de candidatos"},"content":{"rendered":"\n<p><strong>A Resolu\u00e7\u00e3o n\u00ba\n23.609\/2019,que disp\u00f5e sobre&nbsp;&nbsp;<\/strong><strong>escolha e\nregistro de candidatura&nbsp;<\/strong><strong>nas elei\u00e7\u00f5es gerais e municipais,<\/strong><strong>&nbsp;j\u00e1 est\u00e1 em vigor.&nbsp;&nbsp;O documento foi\npublicado, n<\/strong><strong>a<\/strong><strong>&nbsp;sexta-feira (27),&nbsp;<\/strong><strong>no<\/strong><strong>&nbsp;Di\u00e1rio de Justi\u00e7a Eletr\u00f4nico (DJe) do\nTribunal Superior Eleitoral (TSE). <\/strong><\/p>\n\n\n\n<p><strong>Essa resolu\u00e7\u00e3o\ncontempla altera\u00e7\u00f5es legislativas e novas jurisprud\u00eancias consolidadas pelo TSE\ne pelo Supremo Tribunal Federal (STF), aprimora procedimentos e detalha\naspectos operacionais, como a ado\u00e7\u00e3o de medidas preventivas contra condutas\nil\u00edcitas no registro de candidaturas, sobretudo contra fraudes relacionadas \u00e0\ncota de g\u00eanero.<\/strong><\/p>\n\n\n\n<p><strong>Entre\nas novidades, segundo prev\u00ea o \u00a7 1\u00ba do artigo 51, est\u00e1 a fixa\u00e7\u00e3o expressa do\nmarco de cessa\u00e7\u00e3o da candidatura sub judice para todos os cargos, ap\u00f3s\njulgamento colegiado no TSE.&nbsp;<\/strong><\/p>\n\n\n\n<p><strong>Prev\u00ea ainda, no \u00a7 2\u00ba do artigo 17, o alinhamento da minuta\ncom o comando jurisprudencial que busca extrair m\u00e1xima efetividade das normas\nrelacionadas \u00e0 promo\u00e7\u00e3o da igualdade de g\u00eanero na pol\u00edtica. Dessa forma, cada\npartido pol\u00edtico dever\u00e1 ter o m\u00ednimo de 30% e o m\u00e1ximo de 70% para candidaturas\nde cada g\u00eanero (Lei n\u00ba 9.504\/1997, art. 10, \u00a7 3\u00ba).<\/strong><\/p>\n\n\n\n<p><strong>J\u00e1 o\nartigo 38, por exemplo, sistematiza as formas de cita\u00e7\u00e3o e intima\u00e7\u00e3o aplic\u00e1veis\nao registro de candidatura e obriga coliga\u00e7\u00f5es, partidos e candidatos a\nmanterem atualizados o n\u00famero de telefone, o endere\u00e7o eletr\u00f4nico e o n\u00famero\npara envio de mensagens instant\u00e2neas para recebimento de correspond\u00eancias por\nparte da Justi\u00e7a Eleitoral.<\/strong><\/p>\n\n\n\n<p><strong>De\nacordo com o artigo 58 da resolu\u00e7\u00e3o, o pedido de registro, com ou sem\nimpugna\u00e7\u00e3o, ser\u00e1 julgado no prazo de tr\u00eas dias ap\u00f3s a conclus\u00e3o dos autos ao\njuiz eleitoral. A senten\u00e7a, independentemente do momento de sua prola\u00e7\u00e3o, ser\u00e1\npublicada&nbsp; no&nbsp; mural&nbsp; eletr\u00f4nico&nbsp; e&nbsp; comunicada&nbsp;\nao&nbsp; Minist\u00e9rio P\u00fablico por expediente no PJe.<\/strong><\/p>\n\n\n\n<p><strong>Acesse a \u00edntegra da&nbsp;<a href=\"http:\/\/www.tse.jus.br\/eleicoes\/eleicoes-2020\/arquivos\/tse-resolucao-no-23-609\/rybena_pdf?file=http:\/\/www.tse.jus.br\/eleicoes\/eleicoes-2020\/arquivos\/tse-resolucao-no-23-609\/at_download\/file\">Resolu\u00e7\u00e3o n\u00ba 23.609\/2019<\/a>. Conhe\u00e7a tamb\u00e9m o conte\u00fado das outras&nbsp;<a href=\"http:\/\/www.tse.jus.br\/eleicoes\/eleicoes-2020\/normas-e-documentacoes\">resolu\u00e7\u00f5es j\u00e1 publicadas<\/a>&nbsp;relativas \u00e0s Elei\u00e7\u00f5es 2020.<\/strong><\/p>\n","protected":false},"excerpt":{"rendered":"<p>A Resolu\u00e7\u00e3o n\u00ba 23.609\/2019,que disp\u00f5e sobre&nbsp;&nbsp;escolha e registro de candidatura&nbsp;nas elei\u00e7\u00f5es gerais e municipais,&nbsp;j\u00e1 est\u00e1 em vigor.&nbsp;&nbsp;O documento foi publicado, [&hellip;]<\/p>\n","protected":false},"author":8,"featured_media":0,"comment_status":"open","ping_status":"open","sticky":false,"template":"","format":"standard","meta":{"site-sidebar-layout":"default","site-content-layout":"","ast-site-content-layout":"default","site-content-style":"default","site-sidebar-style":"default","ast-global-header-display":"","ast-banner-title-visibility":"","ast-main-header-display":"","ast-hfb-above-header-display":"","ast-hfb-below-header-display":"","ast-hfb-mobile-header-display":"","site-post-title":"","ast-breadcrumbs-content":"","ast-featured-img":"","footer-sml-layout":"","ast-disable-related-posts":"","theme-transparent-header-meta":"","adv-header-id-meta":"","stick-header-meta":"","header-above-stick-meta":"","header-main-stick-meta":"","header-below-stick-meta":"","astra-migrate-meta-layouts":"default","ast-page-background-enabled":"default","ast-page-background-meta":{"desktop":{"background-color":"var(--ast-global-color-5)","background-image":"","background-repeat":"repeat","background-position":"center center","background-size":"auto","background-attachment":"scroll","background-type":"","background-media":"","overlay-type":"","overlay-color":"","overlay-opacity":"","overlay-gradient":""},"tablet":{"background-color":"","background-image":"","background-repeat":"repeat","background-position":"center center","background-size":"auto","background-attachment":"scroll","background-type":"","background-media":"","overlay-type":"","overlay-color":"","overlay-opacity":"","overlay-gradient":""},"mobile":{"background-color":"","background-image":"","background-repeat":"repeat","background-position":"center center","background-size":"auto","background-attachment":"scroll","background-type":"","background-media":"","overlay-type":"","overlay-color":"","overlay-opacity":"","overlay-gradient":""}},"ast-content-background-meta":{"desktop":{"background-color":"var(--ast-global-color-4)","background-image":"","background-repeat":"repeat","background-position":"center center","background-size":"auto","background-attachment":"scroll","background-type":"","background-media":"","overlay-type":"","overlay-color":"","overlay-opacity":"","overlay-gradient":""},"tablet":{"background-color":"var(--ast-global-color-4)","background-image":"","background-repeat":"repeat","background-position":"center center","background-size":"auto","background-attachment":"scroll","background-type":"","background-media":"","overlay-type":"","overlay-color":"","overlay-opacity":"","overlay-gradient":""},"mobile":{"background-color":"var(--ast-global-color-4)","background-image":"","background-repeat":"repeat","background-position":"center center","background-size":"auto","background-attachment":"scroll","background-type":"","background-media":"","overlay-type":"","overlay-color":"","overlay-opacity":"","overlay-gradient":""}},"footnotes":""},"categories":[1],"tags":[],"class_list":["post-3309","post","type-post","status-publish","format-standard","hentry","category-sem-categoria"],"yoast_head":"<!-- This site is optimized with the Yoast SEO plugin v26.6 - https:\/\/yoast.com\/wordpress\/plugins\/seo\/ -->\n<title>Conhe\u00e7a a resolu\u00e7\u00e3o que normatiza a escolha e o registro de candidatos - Fl\u00e1vio Braga<\/title>\n<meta name=\"robots\" content=\"index, follow, max-snippet:-1, max-image-preview:large, max-video-preview:-1\" \/>\n<link rel=\"canonical\" href=\"https:\/\/www.blogsoestado.com\/flaviobraga\/conheca-a-resolucao-que-normatiza-a-escolha-e-o-registro-de-candidatos\/\" \/>\n<meta property=\"og:locale\" content=\"pt_BR\" \/>\n<meta property=\"og:type\" content=\"article\" \/>\n<meta property=\"og:title\" content=\"Conhe\u00e7a a resolu\u00e7\u00e3o que normatiza a escolha e o registro de candidatos - Fl\u00e1vio Braga\" \/>\n<meta property=\"og:description\" content=\"A Resolu\u00e7\u00e3o n\u00ba 23.609\/2019,que disp\u00f5e sobre&nbsp;&nbsp;escolha e registro de candidatura&nbsp;nas elei\u00e7\u00f5es gerais e municipais,&nbsp;j\u00e1 est\u00e1 em vigor.&nbsp;&nbsp;O documento foi publicado, [&hellip;]\" \/>\n<meta property=\"og:url\" content=\"https:\/\/www.blogsoestado.com\/flaviobraga\/conheca-a-resolucao-que-normatiza-a-escolha-e-o-registro-de-candidatos\/\" \/>\n<meta property=\"og:site_name\" content=\"Fl\u00e1vio Braga\" \/>\n<meta property=\"article:published_time\" content=\"2020-01-06T15:22:10+00:00\" \/>\n<meta name=\"author\" content=\"Flavio Braga\" \/>\n<meta name=\"twitter:card\" content=\"summary_large_image\" \/>\n<meta name=\"twitter:label1\" content=\"Escrito por\" \/>\n\t<meta name=\"twitter:data1\" content=\"Flavio Braga\" \/>\n\t<meta name=\"twitter:label2\" content=\"Est. tempo de leitura\" \/>\n\t<meta name=\"twitter:data2\" content=\"2 minutos\" \/>\n<script type=\"application\/ld+json\" class=\"yoast-schema-graph\">{\"@context\":\"https:\/\/schema.org\",\"@graph\":[{\"@type\":\"WebPage\",\"@id\":\"https:\/\/www.blogsoestado.com\/flaviobraga\/conheca-a-resolucao-que-normatiza-a-escolha-e-o-registro-de-candidatos\/\",\"url\":\"https:\/\/www.blogsoestado.com\/flaviobraga\/conheca-a-resolucao-que-normatiza-a-escolha-e-o-registro-de-candidatos\/\",\"name\":\"Conhe\u00e7a a resolu\u00e7\u00e3o que normatiza a escolha e o registro de candidatos - Fl\u00e1vio Braga\",\"isPartOf\":{\"@id\":\"https:\/\/www.blogsoestado.com\/flaviobraga\/#website\"},\"datePublished\":\"2020-01-06T15:22:10+00:00\",\"author\":{\"@id\":\"https:\/\/www.blogsoestado.com\/flaviobraga\/#\/schema\/person\/6c6c778331775c757a82d15206bd8733\"},\"breadcrumb\":{\"@id\":\"https:\/\/www.blogsoestado.com\/flaviobraga\/conheca-a-resolucao-que-normatiza-a-escolha-e-o-registro-de-candidatos\/#breadcrumb\"},\"inLanguage\":\"pt-BR\",\"potentialAction\":[{\"@type\":\"ReadAction\",\"target\":[\"https:\/\/www.blogsoestado.com\/flaviobraga\/conheca-a-resolucao-que-normatiza-a-escolha-e-o-registro-de-candidatos\/\"]}]},{\"@type\":\"BreadcrumbList\",\"@id\":\"https:\/\/www.blogsoestado.com\/flaviobraga\/conheca-a-resolucao-que-normatiza-a-escolha-e-o-registro-de-candidatos\/#breadcrumb\",\"itemListElement\":[{\"@type\":\"ListItem\",\"position\":1,\"name\":\"In\u00edcio\",\"item\":\"https:\/\/www.blogsoestado.com\/flaviobraga\/\"},{\"@type\":\"ListItem\",\"position\":2,\"name\":\"Conhe\u00e7a a resolu\u00e7\u00e3o que normatiza a escolha e o registro de candidatos\"}]},{\"@type\":\"WebSite\",\"@id\":\"https:\/\/www.blogsoestado.com\/flaviobraga\/#website\",\"url\":\"https:\/\/www.blogsoestado.com\/flaviobraga\/\",\"name\":\"Fl\u00e1vio Braga\",\"description\":\"\",\"potentialAction\":[{\"@type\":\"SearchAction\",\"target\":{\"@type\":\"EntryPoint\",\"urlTemplate\":\"https:\/\/www.blogsoestado.com\/flaviobraga\/?s={search_term_string}\"},\"query-input\":{\"@type\":\"PropertyValueSpecification\",\"valueRequired\":true,\"valueName\":\"search_term_string\"}}],\"inLanguage\":\"pt-BR\"},{\"@type\":\"Person\",\"@id\":\"https:\/\/www.blogsoestado.com\/flaviobraga\/#\/schema\/person\/6c6c778331775c757a82d15206bd8733\",\"name\":\"Flavio Braga\",\"image\":{\"@type\":\"ImageObject\",\"inLanguage\":\"pt-BR\",\"@id\":\"https:\/\/www.blogsoestado.com\/flaviobraga\/#\/schema\/person\/image\/\",\"url\":\"https:\/\/secure.gravatar.com\/avatar\/ab173937dad8d78195c87778be8a0285d069ede375ce0ae24aac1cf8e58ccb2c?s=96&d=mm&r=g\",\"contentUrl\":\"https:\/\/secure.gravatar.com\/avatar\/ab173937dad8d78195c87778be8a0285d069ede375ce0ae24aac1cf8e58ccb2c?s=96&d=mm&r=g\",\"caption\":\"Flavio Braga\"},\"url\":\"https:\/\/www.blogsoestado.com\/flaviobraga\/author\/flaviobraga\/\"}]}<\/script>\n<!-- \/ Yoast SEO plugin. -->","yoast_head_json":{"title":"Conhe\u00e7a a resolu\u00e7\u00e3o que normatiza a escolha e o registro de candidatos - Fl\u00e1vio Braga","robots":{"index":"index","follow":"follow","max-snippet":"max-snippet:-1","max-image-preview":"max-image-preview:large","max-video-preview":"max-video-preview:-1"},"canonical":"https:\/\/www.blogsoestado.com\/flaviobraga\/conheca-a-resolucao-que-normatiza-a-escolha-e-o-registro-de-candidatos\/","og_locale":"pt_BR","og_type":"article","og_title":"Conhe\u00e7a a resolu\u00e7\u00e3o que normatiza a escolha e o registro de candidatos - Fl\u00e1vio Braga","og_description":"A Resolu\u00e7\u00e3o n\u00ba 23.609\/2019,que disp\u00f5e sobre&nbsp;&nbsp;escolha e registro de candidatura&nbsp;nas elei\u00e7\u00f5es gerais e municipais,&nbsp;j\u00e1 est\u00e1 em vigor.&nbsp;&nbsp;O documento foi publicado, [&hellip;]","og_url":"https:\/\/www.blogsoestado.com\/flaviobraga\/conheca-a-resolucao-que-normatiza-a-escolha-e-o-registro-de-candidatos\/","og_site_name":"Fl\u00e1vio Braga","article_published_time":"2020-01-06T15:22:10+00:00","author":"Flavio Braga","twitter_card":"summary_large_image","twitter_misc":{"Escrito por":"Flavio Braga","Est. tempo de leitura":"2 minutos"},"schema":{"@context":"https:\/\/schema.org","@graph":[{"@type":"WebPage","@id":"https:\/\/www.blogsoestado.com\/flaviobraga\/conheca-a-resolucao-que-normatiza-a-escolha-e-o-registro-de-candidatos\/","url":"https:\/\/www.blogsoestado.com\/flaviobraga\/conheca-a-resolucao-que-normatiza-a-escolha-e-o-registro-de-candidatos\/","name":"Conhe\u00e7a a resolu\u00e7\u00e3o que normatiza a escolha e o registro de candidatos - Fl\u00e1vio Braga","isPartOf":{"@id":"https:\/\/www.blogsoestado.com\/flaviobraga\/#website"},"datePublished":"2020-01-06T15:22:10+00:00","author":{"@id":"https:\/\/www.blogsoestado.com\/flaviobraga\/#\/schema\/person\/6c6c778331775c757a82d15206bd8733"},"breadcrumb":{"@id":"https:\/\/www.blogsoestado.com\/flaviobraga\/conheca-a-resolucao-que-normatiza-a-escolha-e-o-registro-de-candidatos\/#breadcrumb"},"inLanguage":"pt-BR","potentialAction":[{"@type":"ReadAction","target":["https:\/\/www.blogsoestado.com\/flaviobraga\/conheca-a-resolucao-que-normatiza-a-escolha-e-o-registro-de-candidatos\/"]}]},{"@type":"BreadcrumbList","@id":"https:\/\/www.blogsoestado.com\/flaviobraga\/conheca-a-resolucao-que-normatiza-a-escolha-e-o-registro-de-candidatos\/#breadcrumb","itemListElement":[{"@type":"ListItem","position":1,"name":"In\u00edcio","item":"https:\/\/www.blogsoestado.com\/flaviobraga\/"},{"@type":"ListItem","position":2,"name":"Conhe\u00e7a a resolu\u00e7\u00e3o que normatiza a escolha e o registro de candidatos"}]},{"@type":"WebSite","@id":"https:\/\/www.blogsoestado.com\/flaviobraga\/#website","url":"https:\/\/www.blogsoestado.com\/flaviobraga\/","name":"Fl\u00e1vio Braga","description":"","potentialAction":[{"@type":"SearchAction","target":{"@type":"EntryPoint","urlTemplate":"https:\/\/www.blogsoestado.com\/flaviobraga\/?s={search_term_string}"},"query-input":{"@type":"PropertyValueSpecification","valueRequired":true,"valueName":"search_term_string"}}],"inLanguage":"pt-BR"},{"@type":"Person","@id":"https:\/\/www.blogsoestado.com\/flaviobraga\/#\/schema\/person\/6c6c778331775c757a82d15206bd8733","name":"Flavio Braga","image":{"@type":"ImageObject","inLanguage":"pt-BR","@id":"https:\/\/www.blogsoestado.com\/flaviobraga\/#\/schema\/person\/image\/","url":"https:\/\/secure.gravatar.com\/avatar\/ab173937dad8d78195c87778be8a0285d069ede375ce0ae24aac1cf8e58ccb2c?s=96&d=mm&r=g","contentUrl":"https:\/\/secure.gravatar.com\/avatar\/ab173937dad8d78195c87778be8a0285d069ede375ce0ae24aac1cf8e58ccb2c?s=96&d=mm&r=g","caption":"Flavio Braga"},"url":"https:\/\/www.blogsoestado.com\/flaviobraga\/author\/flaviobraga\/"}]}},"jetpack_featured_media_url":"","_links":{"self":[{"href":"https:\/\/www.blogsoestado.com\/flaviobraga\/wp-json\/wp\/v2\/posts\/3309","targetHints":{"allow":["GET"]}}],"collection":[{"href":"https:\/\/www.blogsoestado.com\/flaviobraga\/wp-json\/wp\/v2\/posts"}],"about":[{"href":"https:\/\/www.blogsoestado.com\/flaviobraga\/wp-json\/wp\/v2\/types\/post"}],"author":[{"embeddable":true,"href":"https:\/\/www.blogsoestado.com\/flaviobraga\/wp-json\/wp\/v2\/users\/8"}],"replies":[{"embeddable":true,"href":"https:\/\/www.blogsoestado.com\/flaviobraga\/wp-json\/wp\/v2\/comments?post=3309"}],"version-history":[{"count":0,"href":"https:\/\/www.blogsoestado.com\/flaviobraga\/wp-json\/wp\/v2\/posts\/3309\/revisions"}],"wp:attachment":[{"href":"https:\/\/www.blogsoestado.com\/flaviobraga\/wp-json\/wp\/v2\/media?parent=3309"}],"wp:term":[{"taxonomy":"category","embeddable":true,"href":"https:\/\/www.blogsoestado.com\/flaviobraga\/wp-json\/wp\/v2\/categories?post=3309"},{"taxonomy":"post_tag","embeddable":true,"href":"https:\/\/www.blogsoestado.com\/flaviobraga\/wp-json\/wp\/v2\/tags?post=3309"}],"curies":[{"name":"wp","href":"https:\/\/api.w.org\/{rel}","templated":true}]}}