{"id":3318,"date":"2020-02-14T13:33:42","date_gmt":"2020-02-14T16:33:42","guid":{"rendered":"https:\/\/www.blogsoestado.com\/flaviobraga\/?p=3318"},"modified":"2020-02-14T13:33:42","modified_gmt":"2020-02-14T16:33:42","slug":"cajapio-100-anos-de-historia-politica","status":"publish","type":"post","link":"https:\/\/www.blogsoestado.com\/flaviobraga\/cajapio-100-anos-de-historia-politica\/","title":{"rendered":"Cajapi\u00f3: 100 anos de hist\u00f3ria pol\u00edtica"},"content":{"rendered":"\n<figure class=\"wp-block-image size-large is-resized\"><img fetchpriority=\"high\" decoding=\"async\" src=\"https:\/\/www.blogsoestado.com\/flaviobraga\/wp-content\/uploads\/sites\/7\/2020\/02\/IMG_88472-1.jpg\" alt=\"\" class=\"wp-image-3320\" width=\"352\" height=\"469\" srcset=\"https:\/\/www.blogsoestado.com\/flaviobraga\/wp-content\/uploads\/sites\/7\/2020\/02\/IMG_88472-1.jpg 530w, https:\/\/www.blogsoestado.com\/flaviobraga\/wp-content\/uploads\/sites\/7\/2020\/02\/IMG_88472-1-225x300.jpg 225w\" sizes=\"(max-width: 352px) 100vw, 352px\" \/><\/figure>\n\n\n\n<p><strong>No artigo de hoje, publico um excerto do pref\u00e1cio que escrevi para o livro \u201cCajapi\u00f3: 100 anos de hist\u00f3ria pol\u00edtica (uma hist\u00f3ria n\u00e3o contada)\u201d, de autoria de Garibaldi Segundo Farias e Silva, economista e advogado, cajapioense de boa cepa e apaixonado pela Baixada do Maranh\u00e3o:<\/strong><\/p>\n\n\n\n<p><strong>\u201cUma detida an\u00e1lise sobre a cronologia pol\u00edtica nacional nos permite inferir que subsistem verdades hist\u00f3ricas que nunca foram fielmente contadas nos nossos livros did\u00e1ticos. Ou foram ensinadas de forma ficcional.<\/strong><\/p>\n\n\n\n<p><strong>O primeiro per\u00edodo republicano cristalizou a hegemonia das oligarquias regionais e manteve restri\u00e7\u00f5es ao voto de amplas camadas sociais: mulheres, jovens e analfabetos.<\/strong><\/p>\n\n\n\n<p><strong>No contexto hodierno, sobretudo nos pequenos munic\u00edpios, ainda subsistem pr\u00e1ticas pol\u00edtico-eleitorais arcaicas, que mant\u00eam uma vis\u00e3o puramente utilit\u00e1ria do processo eleitoral e do instituto da representa\u00e7\u00e3o pol\u00edtica, na qual os interesses particulares prevalecem sobre as aspira\u00e7\u00f5es da coletividade (patrimonialismo).<\/strong><\/p>\n\n\n\n<p><strong>A par dessa constata\u00e7\u00e3o, a presente obra encerra uma cr\u00edtica social ao modo tradicional de se fazer pol\u00edtica no munic\u00edpio de Cajapi\u00f3, enfatizando que esse <em>m\u00fanus<\/em> p\u00fablico deve ser exercido com \u00e9tica, civilidade, boa-f\u00e9, probidade administrativa e altern\u00e2ncia de poder.<\/strong><\/p>\n\n\n\n<h5 class=\"wp-block-heading\">O prodigioso trabalho de pesquisa realiza uma incurs\u00e3o minudente na historia pol\u00edtica de Cajapi\u00f3 desde a \u00e9poca das intend\u00eancias, discorrendo com maestria singular sobre os embates travados pelas correntes partid\u00e1rias que disputavam o poder nas plagas cajapioenses e as inevit\u00e1veis crises pol\u00edticas decorrentes das pelejas eleitorais municipais.<\/h5>\n\n\n\n<p><strong>O leitor tem em m\u00e3os uma radiografia minuciosa dos \u00faltimos cem anos da hist\u00f3ria de Cajapi\u00f3, tamanha a abund\u00e2ncia de informa\u00e7\u00f5es, dados, documentos, not\u00edcias e fatos trazidos pelo insigne escritor e que se mantinham ignorados pela maioria de seus mun\u00edcipes. <\/strong><\/p>\n\n\n\n<p><strong>Merecem aplausos a exaustiva pesquisa empreendida junto ao Arquivo P\u00fablico Estadual e a grandeza intelectual da bibliografia consultada, na qual avultam t\u00edtulos de autores consagrados como Raimundo Lopes, Antonio Lopes, C\u00e9sar Marques, Vav\u00e1 Melo e Fran Paxeco.<\/strong><\/p>\n\n\n\n<h5 class=\"wp-block-heading\">Da lavra de um autor culto e apaixonado por seu\ntorr\u00e3o natal, esta obra &nbsp;representa uma\nverdadeira aula de hist\u00f3ria e de cidadania, merecendo ser adotada pela\nSecretaria Municipal de Educa\u00e7\u00e3o como livro escolar obrigat\u00f3rio no ensino\nfundamental, a fim de que os estudantes e a juventude de Cajapi\u00f3 tomem\nconhecimento de uma hist\u00f3ria que a hist\u00f3ria &nbsp;n\u00e3o conta.<\/h5>\n\n\n\n<p><strong>Sem embargos, o novel livro do escritor Garibaldi Segundo preenche uma lacuna e brinda seus leitores com uma narrativa primorosa das p\u00e1ginas ausentes da hist\u00f3ria pol\u00edtica de Cajapi\u00f3.<\/strong><\/p>\n\n\n\n<p><strong>Parab\u00e9ns, Cajapi\u00f3. Viva a nossa Baixada!\u201d<\/strong><\/p>\n","protected":false},"excerpt":{"rendered":"<p>No artigo de hoje, publico um excerto do pref\u00e1cio que escrevi para o livro \u201cCajapi\u00f3: 100 anos de hist\u00f3ria pol\u00edtica [&hellip;]<\/p>\n","protected":false},"author":8,"featured_media":0,"comment_status":"open","ping_status":"open","sticky":false,"template":"","format":"standard","meta":{"site-sidebar-layout":"default","site-content-layout":"","ast-site-content-layout":"default","site-content-style":"default","site-sidebar-style":"default","ast-global-header-display":"","ast-banner-title-visibility":"","ast-main-header-display":"","ast-hfb-above-header-display":"","ast-hfb-below-header-display":"","ast-hfb-mobile-header-display":"","site-post-title":"","ast-breadcrumbs-content":"","ast-featured-img":"","footer-sml-layout":"","ast-disable-related-posts":"","theme-transparent-header-meta":"","adv-header-id-meta":"","stick-header-meta":"","header-above-stick-meta":"","header-main-stick-meta":"","header-below-stick-meta":"","astra-migrate-meta-layouts":"default","ast-page-background-enabled":"default","ast-page-background-meta":{"desktop":{"background-color":"var(--ast-global-color-5)","background-image":"","background-repeat":"repeat","background-position":"center center","background-size":"auto","background-attachment":"scroll","background-type":"","background-media":"","overlay-type":"","overlay-color":"","overlay-opacity":"","overlay-gradient":""},"tablet":{"background-color":"","background-image":"","background-repeat":"repeat","background-position":"center center","background-size":"auto","background-attachment":"scroll","background-type":"","background-media":"","overlay-type":"","overlay-color":"","overlay-opacity":"","overlay-gradient":""},"mobile":{"background-color":"","background-image":"","background-repeat":"repeat","background-position":"center center","background-size":"auto","background-attachment":"scroll","background-type":"","background-media":"","overlay-type":"","overlay-color":"","overlay-opacity":"","overlay-gradient":""}},"ast-content-background-meta":{"desktop":{"background-color":"var(--ast-global-color-4)","background-image":"","background-repeat":"repeat","background-position":"center center","background-size":"auto","background-attachment":"scroll","background-type":"","background-media":"","overlay-type":"","overlay-color":"","overlay-opacity":"","overlay-gradient":""},"tablet":{"background-color":"var(--ast-global-color-4)","background-image":"","background-repeat":"repeat","background-position":"center center","background-size":"auto","background-attachment":"scroll","background-type":"","background-media":"","overlay-type":"","overlay-color":"","overlay-opacity":"","overlay-gradient":""},"mobile":{"background-color":"var(--ast-global-color-4)","background-image":"","background-repeat":"repeat","background-position":"center center","background-size":"auto","background-attachment":"scroll","background-type":"","background-media":"","overlay-type":"","overlay-color":"","overlay-opacity":"","overlay-gradient":""}},"footnotes":""},"categories":[1],"tags":[],"class_list":["post-3318","post","type-post","status-publish","format-standard","hentry","category-sem-categoria"],"yoast_head":"<!-- This site is optimized with the Yoast SEO plugin v26.6 - https:\/\/yoast.com\/wordpress\/plugins\/seo\/ -->\n<title>Cajapi\u00f3: 100 anos de hist\u00f3ria pol\u00edtica - Fl\u00e1vio Braga<\/title>\n<meta name=\"robots\" content=\"index, follow, max-snippet:-1, max-image-preview:large, max-video-preview:-1\" \/>\n<link rel=\"canonical\" href=\"https:\/\/www.blogsoestado.com\/flaviobraga\/cajapio-100-anos-de-historia-politica\/\" \/>\n<meta property=\"og:locale\" content=\"pt_BR\" \/>\n<meta property=\"og:type\" content=\"article\" \/>\n<meta property=\"og:title\" content=\"Cajapi\u00f3: 100 anos de hist\u00f3ria pol\u00edtica - Fl\u00e1vio Braga\" \/>\n<meta property=\"og:description\" content=\"No artigo de hoje, publico um excerto do pref\u00e1cio que escrevi para o livro \u201cCajapi\u00f3: 100 anos de hist\u00f3ria pol\u00edtica [&hellip;]\" \/>\n<meta property=\"og:url\" content=\"https:\/\/www.blogsoestado.com\/flaviobraga\/cajapio-100-anos-de-historia-politica\/\" \/>\n<meta property=\"og:site_name\" content=\"Fl\u00e1vio Braga\" \/>\n<meta property=\"article:published_time\" content=\"2020-02-14T16:33:42+00:00\" \/>\n<meta property=\"og:image\" content=\"https:\/\/www.blogsoestado.com\/flaviobraga\/wp-content\/uploads\/sites\/7\/2020\/02\/IMG_88472-1.jpg\" \/>\n<meta name=\"author\" content=\"Flavio Braga\" \/>\n<meta name=\"twitter:card\" content=\"summary_large_image\" \/>\n<meta name=\"twitter:label1\" content=\"Escrito por\" \/>\n\t<meta name=\"twitter:data1\" content=\"Flavio Braga\" \/>\n\t<meta name=\"twitter:label2\" content=\"Est. tempo de leitura\" \/>\n\t<meta name=\"twitter:data2\" content=\"2 minutos\" \/>\n<script type=\"application\/ld+json\" class=\"yoast-schema-graph\">{\"@context\":\"https:\/\/schema.org\",\"@graph\":[{\"@type\":\"WebPage\",\"@id\":\"https:\/\/www.blogsoestado.com\/flaviobraga\/cajapio-100-anos-de-historia-politica\/\",\"url\":\"https:\/\/www.blogsoestado.com\/flaviobraga\/cajapio-100-anos-de-historia-politica\/\",\"name\":\"Cajapi\u00f3: 100 anos de hist\u00f3ria pol\u00edtica - Fl\u00e1vio Braga\",\"isPartOf\":{\"@id\":\"https:\/\/www.blogsoestado.com\/flaviobraga\/#website\"},\"primaryImageOfPage\":{\"@id\":\"https:\/\/www.blogsoestado.com\/flaviobraga\/cajapio-100-anos-de-historia-politica\/#primaryimage\"},\"image\":{\"@id\":\"https:\/\/www.blogsoestado.com\/flaviobraga\/cajapio-100-anos-de-historia-politica\/#primaryimage\"},\"thumbnailUrl\":\"https:\/\/www.blogsoestado.com\/flaviobraga\/wp-content\/uploads\/sites\/7\/2020\/02\/IMG_88472-1.jpg\",\"datePublished\":\"2020-02-14T16:33:42+00:00\",\"author\":{\"@id\":\"https:\/\/www.blogsoestado.com\/flaviobraga\/#\/schema\/person\/6c6c778331775c757a82d15206bd8733\"},\"breadcrumb\":{\"@id\":\"https:\/\/www.blogsoestado.com\/flaviobraga\/cajapio-100-anos-de-historia-politica\/#breadcrumb\"},\"inLanguage\":\"pt-BR\",\"potentialAction\":[{\"@type\":\"ReadAction\",\"target\":[\"https:\/\/www.blogsoestado.com\/flaviobraga\/cajapio-100-anos-de-historia-politica\/\"]}]},{\"@type\":\"ImageObject\",\"inLanguage\":\"pt-BR\",\"@id\":\"https:\/\/www.blogsoestado.com\/flaviobraga\/cajapio-100-anos-de-historia-politica\/#primaryimage\",\"url\":\"https:\/\/www.blogsoestado.com\/flaviobraga\/wp-content\/uploads\/sites\/7\/2020\/02\/IMG_88472-1.jpg\",\"contentUrl\":\"https:\/\/www.blogsoestado.com\/flaviobraga\/wp-content\/uploads\/sites\/7\/2020\/02\/IMG_88472-1.jpg\",\"width\":530,\"height\":706},{\"@type\":\"BreadcrumbList\",\"@id\":\"https:\/\/www.blogsoestado.com\/flaviobraga\/cajapio-100-anos-de-historia-politica\/#breadcrumb\",\"itemListElement\":[{\"@type\":\"ListItem\",\"position\":1,\"name\":\"In\u00edcio\",\"item\":\"https:\/\/www.blogsoestado.com\/flaviobraga\/\"},{\"@type\":\"ListItem\",\"position\":2,\"name\":\"Cajapi\u00f3: 100 anos de hist\u00f3ria pol\u00edtica\"}]},{\"@type\":\"WebSite\",\"@id\":\"https:\/\/www.blogsoestado.com\/flaviobraga\/#website\",\"url\":\"https:\/\/www.blogsoestado.com\/flaviobraga\/\",\"name\":\"Fl\u00e1vio Braga\",\"description\":\"\",\"potentialAction\":[{\"@type\":\"SearchAction\",\"target\":{\"@type\":\"EntryPoint\",\"urlTemplate\":\"https:\/\/www.blogsoestado.com\/flaviobraga\/?s={search_term_string}\"},\"query-input\":{\"@type\":\"PropertyValueSpecification\",\"valueRequired\":true,\"valueName\":\"search_term_string\"}}],\"inLanguage\":\"pt-BR\"},{\"@type\":\"Person\",\"@id\":\"https:\/\/www.blogsoestado.com\/flaviobraga\/#\/schema\/person\/6c6c778331775c757a82d15206bd8733\",\"name\":\"Flavio Braga\",\"image\":{\"@type\":\"ImageObject\",\"inLanguage\":\"pt-BR\",\"@id\":\"https:\/\/www.blogsoestado.com\/flaviobraga\/#\/schema\/person\/image\/\",\"url\":\"https:\/\/secure.gravatar.com\/avatar\/ab173937dad8d78195c87778be8a0285d069ede375ce0ae24aac1cf8e58ccb2c?s=96&d=mm&r=g\",\"contentUrl\":\"https:\/\/secure.gravatar.com\/avatar\/ab173937dad8d78195c87778be8a0285d069ede375ce0ae24aac1cf8e58ccb2c?s=96&d=mm&r=g\",\"caption\":\"Flavio Braga\"},\"url\":\"https:\/\/www.blogsoestado.com\/flaviobraga\/author\/flaviobraga\/\"}]}<\/script>\n<!-- \/ Yoast SEO plugin. -->","yoast_head_json":{"title":"Cajapi\u00f3: 100 anos de hist\u00f3ria pol\u00edtica - Fl\u00e1vio Braga","robots":{"index":"index","follow":"follow","max-snippet":"max-snippet:-1","max-image-preview":"max-image-preview:large","max-video-preview":"max-video-preview:-1"},"canonical":"https:\/\/www.blogsoestado.com\/flaviobraga\/cajapio-100-anos-de-historia-politica\/","og_locale":"pt_BR","og_type":"article","og_title":"Cajapi\u00f3: 100 anos de hist\u00f3ria pol\u00edtica - Fl\u00e1vio Braga","og_description":"No artigo de hoje, publico um excerto do pref\u00e1cio que escrevi para o livro \u201cCajapi\u00f3: 100 anos de hist\u00f3ria pol\u00edtica [&hellip;]","og_url":"https:\/\/www.blogsoestado.com\/flaviobraga\/cajapio-100-anos-de-historia-politica\/","og_site_name":"Fl\u00e1vio Braga","article_published_time":"2020-02-14T16:33:42+00:00","og_image":[{"url":"https:\/\/www.blogsoestado.com\/flaviobraga\/wp-content\/uploads\/sites\/7\/2020\/02\/IMG_88472-1.jpg","type":"","width":"","height":""}],"author":"Flavio Braga","twitter_card":"summary_large_image","twitter_misc":{"Escrito por":"Flavio Braga","Est. tempo de leitura":"2 minutos"},"schema":{"@context":"https:\/\/schema.org","@graph":[{"@type":"WebPage","@id":"https:\/\/www.blogsoestado.com\/flaviobraga\/cajapio-100-anos-de-historia-politica\/","url":"https:\/\/www.blogsoestado.com\/flaviobraga\/cajapio-100-anos-de-historia-politica\/","name":"Cajapi\u00f3: 100 anos de hist\u00f3ria pol\u00edtica - Fl\u00e1vio Braga","isPartOf":{"@id":"https:\/\/www.blogsoestado.com\/flaviobraga\/#website"},"primaryImageOfPage":{"@id":"https:\/\/www.blogsoestado.com\/flaviobraga\/cajapio-100-anos-de-historia-politica\/#primaryimage"},"image":{"@id":"https:\/\/www.blogsoestado.com\/flaviobraga\/cajapio-100-anos-de-historia-politica\/#primaryimage"},"thumbnailUrl":"https:\/\/www.blogsoestado.com\/flaviobraga\/wp-content\/uploads\/sites\/7\/2020\/02\/IMG_88472-1.jpg","datePublished":"2020-02-14T16:33:42+00:00","author":{"@id":"https:\/\/www.blogsoestado.com\/flaviobraga\/#\/schema\/person\/6c6c778331775c757a82d15206bd8733"},"breadcrumb":{"@id":"https:\/\/www.blogsoestado.com\/flaviobraga\/cajapio-100-anos-de-historia-politica\/#breadcrumb"},"inLanguage":"pt-BR","potentialAction":[{"@type":"ReadAction","target":["https:\/\/www.blogsoestado.com\/flaviobraga\/cajapio-100-anos-de-historia-politica\/"]}]},{"@type":"ImageObject","inLanguage":"pt-BR","@id":"https:\/\/www.blogsoestado.com\/flaviobraga\/cajapio-100-anos-de-historia-politica\/#primaryimage","url":"https:\/\/www.blogsoestado.com\/flaviobraga\/wp-content\/uploads\/sites\/7\/2020\/02\/IMG_88472-1.jpg","contentUrl":"https:\/\/www.blogsoestado.com\/flaviobraga\/wp-content\/uploads\/sites\/7\/2020\/02\/IMG_88472-1.jpg","width":530,"height":706},{"@type":"BreadcrumbList","@id":"https:\/\/www.blogsoestado.com\/flaviobraga\/cajapio-100-anos-de-historia-politica\/#breadcrumb","itemListElement":[{"@type":"ListItem","position":1,"name":"In\u00edcio","item":"https:\/\/www.blogsoestado.com\/flaviobraga\/"},{"@type":"ListItem","position":2,"name":"Cajapi\u00f3: 100 anos de hist\u00f3ria pol\u00edtica"}]},{"@type":"WebSite","@id":"https:\/\/www.blogsoestado.com\/flaviobraga\/#website","url":"https:\/\/www.blogsoestado.com\/flaviobraga\/","name":"Fl\u00e1vio Braga","description":"","potentialAction":[{"@type":"SearchAction","target":{"@type":"EntryPoint","urlTemplate":"https:\/\/www.blogsoestado.com\/flaviobraga\/?s={search_term_string}"},"query-input":{"@type":"PropertyValueSpecification","valueRequired":true,"valueName":"search_term_string"}}],"inLanguage":"pt-BR"},{"@type":"Person","@id":"https:\/\/www.blogsoestado.com\/flaviobraga\/#\/schema\/person\/6c6c778331775c757a82d15206bd8733","name":"Flavio Braga","image":{"@type":"ImageObject","inLanguage":"pt-BR","@id":"https:\/\/www.blogsoestado.com\/flaviobraga\/#\/schema\/person\/image\/","url":"https:\/\/secure.gravatar.com\/avatar\/ab173937dad8d78195c87778be8a0285d069ede375ce0ae24aac1cf8e58ccb2c?s=96&d=mm&r=g","contentUrl":"https:\/\/secure.gravatar.com\/avatar\/ab173937dad8d78195c87778be8a0285d069ede375ce0ae24aac1cf8e58ccb2c?s=96&d=mm&r=g","caption":"Flavio Braga"},"url":"https:\/\/www.blogsoestado.com\/flaviobraga\/author\/flaviobraga\/"}]}},"jetpack_featured_media_url":"","_links":{"self":[{"href":"https:\/\/www.blogsoestado.com\/flaviobraga\/wp-json\/wp\/v2\/posts\/3318","targetHints":{"allow":["GET"]}}],"collection":[{"href":"https:\/\/www.blogsoestado.com\/flaviobraga\/wp-json\/wp\/v2\/posts"}],"about":[{"href":"https:\/\/www.blogsoestado.com\/flaviobraga\/wp-json\/wp\/v2\/types\/post"}],"author":[{"embeddable":true,"href":"https:\/\/www.blogsoestado.com\/flaviobraga\/wp-json\/wp\/v2\/users\/8"}],"replies":[{"embeddable":true,"href":"https:\/\/www.blogsoestado.com\/flaviobraga\/wp-json\/wp\/v2\/comments?post=3318"}],"version-history":[{"count":0,"href":"https:\/\/www.blogsoestado.com\/flaviobraga\/wp-json\/wp\/v2\/posts\/3318\/revisions"}],"wp:attachment":[{"href":"https:\/\/www.blogsoestado.com\/flaviobraga\/wp-json\/wp\/v2\/media?parent=3318"}],"wp:term":[{"taxonomy":"category","embeddable":true,"href":"https:\/\/www.blogsoestado.com\/flaviobraga\/wp-json\/wp\/v2\/categories?post=3318"},{"taxonomy":"post_tag","embeddable":true,"href":"https:\/\/www.blogsoestado.com\/flaviobraga\/wp-json\/wp\/v2\/tags?post=3318"}],"curies":[{"name":"wp","href":"https:\/\/api.w.org\/{rel}","templated":true}]}}