{"id":3325,"date":"2020-03-06T15:28:52","date_gmt":"2020-03-06T18:28:52","guid":{"rendered":"https:\/\/www.blogsoestado.com\/flaviobraga\/?p=3325"},"modified":"2020-03-06T15:28:52","modified_gmt":"2020-03-06T18:28:52","slug":"janela-partidaria-e-outras-dicas-eleitorais","status":"publish","type":"post","link":"https:\/\/www.blogsoestado.com\/flaviobraga\/janela-partidaria-e-outras-dicas-eleitorais\/","title":{"rendered":"Janela partid\u00e1ria e outras dicas eleitorais"},"content":{"rendered":"\n<figure class=\"wp-block-image size-large is-resized\"><img fetchpriority=\"high\" decoding=\"async\" src=\"https:\/\/www.blogsoestado.com\/flaviobraga\/wp-content\/uploads\/sites\/7\/2020\/03\/ZZZZZZZZZZZZZZZZZZZZZZZZZZ-download-1-1.jpg\" alt=\"\" class=\"wp-image-3326\" width=\"510\" height=\"314\"\/><\/figure>\n\n\n\n<p><strong>No dia 5 de mar\u00e7o (quinta-feira), iniciou o per\u00edodo chamado de \u201cjanela partid\u00e1ria\u201d, no qual vereadores que pretendem concorrer na elei\u00e7\u00e3o de 2020 poder\u00e3o mudar de partido sem incorrer em ato de infidelidade partid\u00e1ria, ou seja, sem correr o risco de perder o mandato eletivo. O prazo para troca de legenda encerra-se no dia 3 de abril, seis meses antes da realiza\u00e7\u00e3o do primeiro turno, marcado para 4 de outubro.<\/strong><\/p>\n\n\n\n<p><strong>A janela partid\u00e1ria \u00e9 uma das tr\u00eas hip\u00f3teses de justa causa para a desfilia\u00e7\u00e3o partid\u00e1ria, previstas no artigo \u00a022-A da Lei dos Partidos Pol\u00edticos. As outras duas s\u00e3o: mudan\u00e7a substancial ou desvio reiterado do programa partid\u00e1ria e grave discrimina\u00e7\u00e3o pol\u00edtica pessoal.<\/strong><\/p>\n\n\n\n<p><strong>O Calend\u00e1rio Eleitoral de 2020 (Resolu\u00e7\u00e3o TSE n\u00ba 23.606\/2019) estabelece, ainda, o dia 4 de abril como data-limite para que os candidatos estejam com a filia\u00e7\u00e3o aprovada pelo partido e tenham domic\u00edlio eleitoral na circunscri\u00e7\u00e3o em que desejam concorrer ao pleito.<\/strong><\/p>\n\n\n\n<p><strong>Os cidad\u00e3os n\u00e3o devem esquecer que o dia 6 de maio \u00e9 a data-limite para regularizar sua situa\u00e7\u00e3o no cadastro eleitoral: requerer o alistamento eleitoral, revisar seus dados cadastrais ou fazer a transfer\u00eancia do domic\u00edlio eleitoral. A partir do dia 7 de\u00a0 maio e at\u00e9 o final do pleito de 2020, nenhuma altera\u00e7\u00e3o poder\u00e1 ser requerida no cadastro do eleitor.<\/strong><\/p>\n\n\n\n<p><strong>A inscri\u00e7\u00e3o eleitoral regular \u00e9 uma exig\u00eancia legal para a obten\u00e7\u00e3o de diversos outros documentos, como passaporte e carteira de identidade. O eleitor deve ficar atento para evitar o cancelamento do seu t\u00edtulo eleitoral.<\/strong><\/p>\n\n\n\n<p><strong>O t\u00edtulo pode ser cancelado, entre outros motivos, quando o eleitor deixar de votar e de justificar a aus\u00eancia \u00e0s urnas por tr\u00eas elei\u00e7\u00f5es consecutivas. Importa advertir que cada turno de uma elei\u00e7\u00e3o \u00e9 considerado um pleito diferente. A mesma regra se aplica para plebiscitos e referendos. <\/strong><\/p>\n\n\n\n<p><strong>O eleitor pode verificar a regularidade do seu t\u00edtulo no Portal do TSE, clicando no link \u201cSitua\u00e7\u00e3o Eleitoral\u201d. A pesquisa pode ser feita pelo nome completo, pelo n\u00famero do t\u00edtulo ou pelo CPF.<\/strong><\/p>\n\n\n\n<p><strong>Com o escopo de facilitar a vida do cidad\u00e3o, o TSE disponibiliza em sua p\u00e1gina da internet a emiss\u00e3o e valida\u00e7\u00e3o de diversas certid\u00f5es eleitorais, certid\u00f5es de composi\u00e7\u00e3o e filia\u00e7\u00e3o partid\u00e1ria, de crimes eleitorais, negativa de alistamento eleitoral e de quita\u00e7\u00e3o eleitoral. Para obter esses documentos basta o interessado acessar o Portal do TSE e clicar no link \u201cServi\u00e7os ao Eleitor\u201d.<\/strong><\/p>\n","protected":false},"excerpt":{"rendered":"<p>No dia 5 de mar\u00e7o (quinta-feira), iniciou o per\u00edodo chamado de \u201cjanela partid\u00e1ria\u201d, no qual vereadores que pretendem concorrer na [&hellip;]<\/p>\n","protected":false},"author":8,"featured_media":0,"comment_status":"open","ping_status":"open","sticky":false,"template":"","format":"standard","meta":{"site-sidebar-layout":"default","site-content-layout":"","ast-site-content-layout":"default","site-content-style":"default","site-sidebar-style":"default","ast-global-header-display":"","ast-banner-title-visibility":"","ast-main-header-display":"","ast-hfb-above-header-display":"","ast-hfb-below-header-display":"","ast-hfb-mobile-header-display":"","site-post-title":"","ast-breadcrumbs-content":"","ast-featured-img":"","footer-sml-layout":"","ast-disable-related-posts":"","theme-transparent-header-meta":"","adv-header-id-meta":"","stick-header-meta":"","header-above-stick-meta":"","header-main-stick-meta":"","header-below-stick-meta":"","astra-migrate-meta-layouts":"default","ast-page-background-enabled":"default","ast-page-background-meta":{"desktop":{"background-color":"var(--ast-global-color-5)","background-image":"","background-repeat":"repeat","background-position":"center center","background-size":"auto","background-attachment":"scroll","background-type":"","background-media":"","overlay-type":"","overlay-color":"","overlay-opacity":"","overlay-gradient":""},"tablet":{"background-color":"","background-image":"","background-repeat":"repeat","background-position":"center center","background-size":"auto","background-attachment":"scroll","background-type":"","background-media":"","overlay-type":"","overlay-color":"","overlay-opacity":"","overlay-gradient":""},"mobile":{"background-color":"","background-image":"","background-repeat":"repeat","background-position":"center center","background-size":"auto","background-attachment":"scroll","background-type":"","background-media":"","overlay-type":"","overlay-color":"","overlay-opacity":"","overlay-gradient":""}},"ast-content-background-meta":{"desktop":{"background-color":"var(--ast-global-color-4)","background-image":"","background-repeat":"repeat","background-position":"center center","background-size":"auto","background-attachment":"scroll","background-type":"","background-media":"","overlay-type":"","overlay-color":"","overlay-opacity":"","overlay-gradient":""},"tablet":{"background-color":"var(--ast-global-color-4)","background-image":"","background-repeat":"repeat","background-position":"center center","background-size":"auto","background-attachment":"scroll","background-type":"","background-media":"","overlay-type":"","overlay-color":"","overlay-opacity":"","overlay-gradient":""},"mobile":{"background-color":"var(--ast-global-color-4)","background-image":"","background-repeat":"repeat","background-position":"center center","background-size":"auto","background-attachment":"scroll","background-type":"","background-media":"","overlay-type":"","overlay-color":"","overlay-opacity":"","overlay-gradient":""}},"footnotes":""},"categories":[1],"tags":[],"class_list":["post-3325","post","type-post","status-publish","format-standard","hentry","category-sem-categoria"],"yoast_head":"<!-- This site is optimized with the Yoast SEO plugin v26.6 - https:\/\/yoast.com\/wordpress\/plugins\/seo\/ -->\n<title>Janela partid\u00e1ria e outras dicas eleitorais - Fl\u00e1vio Braga<\/title>\n<meta name=\"robots\" content=\"index, follow, max-snippet:-1, max-image-preview:large, max-video-preview:-1\" \/>\n<link rel=\"canonical\" href=\"https:\/\/www.blogsoestado.com\/flaviobraga\/janela-partidaria-e-outras-dicas-eleitorais\/\" \/>\n<meta property=\"og:locale\" content=\"pt_BR\" \/>\n<meta property=\"og:type\" content=\"article\" \/>\n<meta property=\"og:title\" content=\"Janela partid\u00e1ria e outras dicas eleitorais - Fl\u00e1vio Braga\" \/>\n<meta property=\"og:description\" content=\"No dia 5 de mar\u00e7o (quinta-feira), iniciou o per\u00edodo chamado de \u201cjanela partid\u00e1ria\u201d, no qual vereadores que pretendem concorrer na [&hellip;]\" \/>\n<meta property=\"og:url\" content=\"https:\/\/www.blogsoestado.com\/flaviobraga\/janela-partidaria-e-outras-dicas-eleitorais\/\" \/>\n<meta property=\"og:site_name\" content=\"Fl\u00e1vio Braga\" \/>\n<meta property=\"article:published_time\" content=\"2020-03-06T18:28:52+00:00\" \/>\n<meta property=\"og:image\" content=\"https:\/\/www.blogsoestado.com\/flaviobraga\/wp-content\/uploads\/sites\/7\/2020\/03\/ZZZZZZZZZZZZZZZZZZZZZZZZZZ-download-1-1.jpg\" \/>\n<meta name=\"author\" content=\"Flavio Braga\" \/>\n<meta name=\"twitter:card\" content=\"summary_large_image\" \/>\n<meta name=\"twitter:label1\" content=\"Escrito por\" \/>\n\t<meta name=\"twitter:data1\" content=\"Flavio Braga\" \/>\n\t<meta name=\"twitter:label2\" content=\"Est. tempo de leitura\" \/>\n\t<meta name=\"twitter:data2\" content=\"2 minutos\" \/>\n<script type=\"application\/ld+json\" class=\"yoast-schema-graph\">{\"@context\":\"https:\/\/schema.org\",\"@graph\":[{\"@type\":\"WebPage\",\"@id\":\"https:\/\/www.blogsoestado.com\/flaviobraga\/janela-partidaria-e-outras-dicas-eleitorais\/\",\"url\":\"https:\/\/www.blogsoestado.com\/flaviobraga\/janela-partidaria-e-outras-dicas-eleitorais\/\",\"name\":\"Janela partid\u00e1ria e outras dicas eleitorais - Fl\u00e1vio Braga\",\"isPartOf\":{\"@id\":\"https:\/\/www.blogsoestado.com\/flaviobraga\/#website\"},\"primaryImageOfPage\":{\"@id\":\"https:\/\/www.blogsoestado.com\/flaviobraga\/janela-partidaria-e-outras-dicas-eleitorais\/#primaryimage\"},\"image\":{\"@id\":\"https:\/\/www.blogsoestado.com\/flaviobraga\/janela-partidaria-e-outras-dicas-eleitorais\/#primaryimage\"},\"thumbnailUrl\":\"https:\/\/www.blogsoestado.com\/flaviobraga\/wp-content\/uploads\/sites\/7\/2020\/03\/ZZZZZZZZZZZZZZZZZZZZZZZZZZ-download-1-1.jpg\",\"datePublished\":\"2020-03-06T18:28:52+00:00\",\"author\":{\"@id\":\"https:\/\/www.blogsoestado.com\/flaviobraga\/#\/schema\/person\/6c6c778331775c757a82d15206bd8733\"},\"breadcrumb\":{\"@id\":\"https:\/\/www.blogsoestado.com\/flaviobraga\/janela-partidaria-e-outras-dicas-eleitorais\/#breadcrumb\"},\"inLanguage\":\"pt-BR\",\"potentialAction\":[{\"@type\":\"ReadAction\",\"target\":[\"https:\/\/www.blogsoestado.com\/flaviobraga\/janela-partidaria-e-outras-dicas-eleitorais\/\"]}]},{\"@type\":\"ImageObject\",\"inLanguage\":\"pt-BR\",\"@id\":\"https:\/\/www.blogsoestado.com\/flaviobraga\/janela-partidaria-e-outras-dicas-eleitorais\/#primaryimage\",\"url\":\"https:\/\/www.blogsoestado.com\/flaviobraga\/wp-content\/uploads\/sites\/7\/2020\/03\/ZZZZZZZZZZZZZZZZZZZZZZZZZZ-download-1-1.jpg\",\"contentUrl\":\"https:\/\/www.blogsoestado.com\/flaviobraga\/wp-content\/uploads\/sites\/7\/2020\/03\/ZZZZZZZZZZZZZZZZZZZZZZZZZZ-download-1-1.jpg\",\"width\":286,\"height\":176},{\"@type\":\"BreadcrumbList\",\"@id\":\"https:\/\/www.blogsoestado.com\/flaviobraga\/janela-partidaria-e-outras-dicas-eleitorais\/#breadcrumb\",\"itemListElement\":[{\"@type\":\"ListItem\",\"position\":1,\"name\":\"In\u00edcio\",\"item\":\"https:\/\/www.blogsoestado.com\/flaviobraga\/\"},{\"@type\":\"ListItem\",\"position\":2,\"name\":\"Janela partid\u00e1ria e outras dicas eleitorais\"}]},{\"@type\":\"WebSite\",\"@id\":\"https:\/\/www.blogsoestado.com\/flaviobraga\/#website\",\"url\":\"https:\/\/www.blogsoestado.com\/flaviobraga\/\",\"name\":\"Fl\u00e1vio Braga\",\"description\":\"\",\"potentialAction\":[{\"@type\":\"SearchAction\",\"target\":{\"@type\":\"EntryPoint\",\"urlTemplate\":\"https:\/\/www.blogsoestado.com\/flaviobraga\/?s={search_term_string}\"},\"query-input\":{\"@type\":\"PropertyValueSpecification\",\"valueRequired\":true,\"valueName\":\"search_term_string\"}}],\"inLanguage\":\"pt-BR\"},{\"@type\":\"Person\",\"@id\":\"https:\/\/www.blogsoestado.com\/flaviobraga\/#\/schema\/person\/6c6c778331775c757a82d15206bd8733\",\"name\":\"Flavio Braga\",\"image\":{\"@type\":\"ImageObject\",\"inLanguage\":\"pt-BR\",\"@id\":\"https:\/\/www.blogsoestado.com\/flaviobraga\/#\/schema\/person\/image\/\",\"url\":\"https:\/\/secure.gravatar.com\/avatar\/ab173937dad8d78195c87778be8a0285d069ede375ce0ae24aac1cf8e58ccb2c?s=96&d=mm&r=g\",\"contentUrl\":\"https:\/\/secure.gravatar.com\/avatar\/ab173937dad8d78195c87778be8a0285d069ede375ce0ae24aac1cf8e58ccb2c?s=96&d=mm&r=g\",\"caption\":\"Flavio Braga\"},\"url\":\"https:\/\/www.blogsoestado.com\/flaviobraga\/author\/flaviobraga\/\"}]}<\/script>\n<!-- \/ Yoast SEO plugin. -->","yoast_head_json":{"title":"Janela partid\u00e1ria e outras dicas eleitorais - Fl\u00e1vio Braga","robots":{"index":"index","follow":"follow","max-snippet":"max-snippet:-1","max-image-preview":"max-image-preview:large","max-video-preview":"max-video-preview:-1"},"canonical":"https:\/\/www.blogsoestado.com\/flaviobraga\/janela-partidaria-e-outras-dicas-eleitorais\/","og_locale":"pt_BR","og_type":"article","og_title":"Janela partid\u00e1ria e outras dicas eleitorais - Fl\u00e1vio Braga","og_description":"No dia 5 de mar\u00e7o (quinta-feira), iniciou o per\u00edodo chamado de \u201cjanela partid\u00e1ria\u201d, no qual vereadores que pretendem concorrer na [&hellip;]","og_url":"https:\/\/www.blogsoestado.com\/flaviobraga\/janela-partidaria-e-outras-dicas-eleitorais\/","og_site_name":"Fl\u00e1vio Braga","article_published_time":"2020-03-06T18:28:52+00:00","og_image":[{"url":"https:\/\/www.blogsoestado.com\/flaviobraga\/wp-content\/uploads\/sites\/7\/2020\/03\/ZZZZZZZZZZZZZZZZZZZZZZZZZZ-download-1-1.jpg","type":"","width":"","height":""}],"author":"Flavio Braga","twitter_card":"summary_large_image","twitter_misc":{"Escrito por":"Flavio Braga","Est. tempo de leitura":"2 minutos"},"schema":{"@context":"https:\/\/schema.org","@graph":[{"@type":"WebPage","@id":"https:\/\/www.blogsoestado.com\/flaviobraga\/janela-partidaria-e-outras-dicas-eleitorais\/","url":"https:\/\/www.blogsoestado.com\/flaviobraga\/janela-partidaria-e-outras-dicas-eleitorais\/","name":"Janela partid\u00e1ria e outras dicas eleitorais - Fl\u00e1vio Braga","isPartOf":{"@id":"https:\/\/www.blogsoestado.com\/flaviobraga\/#website"},"primaryImageOfPage":{"@id":"https:\/\/www.blogsoestado.com\/flaviobraga\/janela-partidaria-e-outras-dicas-eleitorais\/#primaryimage"},"image":{"@id":"https:\/\/www.blogsoestado.com\/flaviobraga\/janela-partidaria-e-outras-dicas-eleitorais\/#primaryimage"},"thumbnailUrl":"https:\/\/www.blogsoestado.com\/flaviobraga\/wp-content\/uploads\/sites\/7\/2020\/03\/ZZZZZZZZZZZZZZZZZZZZZZZZZZ-download-1-1.jpg","datePublished":"2020-03-06T18:28:52+00:00","author":{"@id":"https:\/\/www.blogsoestado.com\/flaviobraga\/#\/schema\/person\/6c6c778331775c757a82d15206bd8733"},"breadcrumb":{"@id":"https:\/\/www.blogsoestado.com\/flaviobraga\/janela-partidaria-e-outras-dicas-eleitorais\/#breadcrumb"},"inLanguage":"pt-BR","potentialAction":[{"@type":"ReadAction","target":["https:\/\/www.blogsoestado.com\/flaviobraga\/janela-partidaria-e-outras-dicas-eleitorais\/"]}]},{"@type":"ImageObject","inLanguage":"pt-BR","@id":"https:\/\/www.blogsoestado.com\/flaviobraga\/janela-partidaria-e-outras-dicas-eleitorais\/#primaryimage","url":"https:\/\/www.blogsoestado.com\/flaviobraga\/wp-content\/uploads\/sites\/7\/2020\/03\/ZZZZZZZZZZZZZZZZZZZZZZZZZZ-download-1-1.jpg","contentUrl":"https:\/\/www.blogsoestado.com\/flaviobraga\/wp-content\/uploads\/sites\/7\/2020\/03\/ZZZZZZZZZZZZZZZZZZZZZZZZZZ-download-1-1.jpg","width":286,"height":176},{"@type":"BreadcrumbList","@id":"https:\/\/www.blogsoestado.com\/flaviobraga\/janela-partidaria-e-outras-dicas-eleitorais\/#breadcrumb","itemListElement":[{"@type":"ListItem","position":1,"name":"In\u00edcio","item":"https:\/\/www.blogsoestado.com\/flaviobraga\/"},{"@type":"ListItem","position":2,"name":"Janela partid\u00e1ria e outras dicas eleitorais"}]},{"@type":"WebSite","@id":"https:\/\/www.blogsoestado.com\/flaviobraga\/#website","url":"https:\/\/www.blogsoestado.com\/flaviobraga\/","name":"Fl\u00e1vio Braga","description":"","potentialAction":[{"@type":"SearchAction","target":{"@type":"EntryPoint","urlTemplate":"https:\/\/www.blogsoestado.com\/flaviobraga\/?s={search_term_string}"},"query-input":{"@type":"PropertyValueSpecification","valueRequired":true,"valueName":"search_term_string"}}],"inLanguage":"pt-BR"},{"@type":"Person","@id":"https:\/\/www.blogsoestado.com\/flaviobraga\/#\/schema\/person\/6c6c778331775c757a82d15206bd8733","name":"Flavio Braga","image":{"@type":"ImageObject","inLanguage":"pt-BR","@id":"https:\/\/www.blogsoestado.com\/flaviobraga\/#\/schema\/person\/image\/","url":"https:\/\/secure.gravatar.com\/avatar\/ab173937dad8d78195c87778be8a0285d069ede375ce0ae24aac1cf8e58ccb2c?s=96&d=mm&r=g","contentUrl":"https:\/\/secure.gravatar.com\/avatar\/ab173937dad8d78195c87778be8a0285d069ede375ce0ae24aac1cf8e58ccb2c?s=96&d=mm&r=g","caption":"Flavio Braga"},"url":"https:\/\/www.blogsoestado.com\/flaviobraga\/author\/flaviobraga\/"}]}},"jetpack_featured_media_url":"","_links":{"self":[{"href":"https:\/\/www.blogsoestado.com\/flaviobraga\/wp-json\/wp\/v2\/posts\/3325","targetHints":{"allow":["GET"]}}],"collection":[{"href":"https:\/\/www.blogsoestado.com\/flaviobraga\/wp-json\/wp\/v2\/posts"}],"about":[{"href":"https:\/\/www.blogsoestado.com\/flaviobraga\/wp-json\/wp\/v2\/types\/post"}],"author":[{"embeddable":true,"href":"https:\/\/www.blogsoestado.com\/flaviobraga\/wp-json\/wp\/v2\/users\/8"}],"replies":[{"embeddable":true,"href":"https:\/\/www.blogsoestado.com\/flaviobraga\/wp-json\/wp\/v2\/comments?post=3325"}],"version-history":[{"count":0,"href":"https:\/\/www.blogsoestado.com\/flaviobraga\/wp-json\/wp\/v2\/posts\/3325\/revisions"}],"wp:attachment":[{"href":"https:\/\/www.blogsoestado.com\/flaviobraga\/wp-json\/wp\/v2\/media?parent=3325"}],"wp:term":[{"taxonomy":"category","embeddable":true,"href":"https:\/\/www.blogsoestado.com\/flaviobraga\/wp-json\/wp\/v2\/categories?post=3325"},{"taxonomy":"post_tag","embeddable":true,"href":"https:\/\/www.blogsoestado.com\/flaviobraga\/wp-json\/wp\/v2\/tags?post=3325"}],"curies":[{"name":"wp","href":"https:\/\/api.w.org\/{rel}","templated":true}]}}