{"id":3438,"date":"2023-12-06T13:21:33","date_gmt":"2023-12-06T16:21:33","guid":{"rendered":"https:\/\/www.blogsoestado.com\/flaviobraga\/?p=3438"},"modified":"2023-12-06T13:21:33","modified_gmt":"2023-12-06T16:21:33","slug":"glossario-explica-o-que-e-idade-eleitoral","status":"publish","type":"post","link":"https:\/\/www.blogsoestado.com\/flaviobraga\/glossario-explica-o-que-e-idade-eleitoral\/","title":{"rendered":"Gloss\u00e1rio explica o que \u00e9 idade eleitoral"},"content":{"rendered":"\n<p><span class=\"has-inline-color has-vivid-cyan-blue-color\">A<strong>pesar de a\u00a0<a href=\"https:\/\/www.tse.jus.br\/legislacao\/codigo-eleitoral\/constituicao-federal\/constituicao-da-republica-federativa-do-brasil\">Constitui\u00e7\u00e3o Federal<\/a>\u00a0possibilitar o alistamento eleitoral e o voto, de maneira facultativa, a partir dos 16 anos, (artigo 14, \u00a7 1\u00ba, inciso II, al\u00ednea c), a\u00a0<a href=\"https:\/\/www.tse.jus.br\/legislacao\/compilada\/res\/2021\/resolucao-no-23-659-de-26-de-outubro-de-2021\">Resolu\u00e7\u00e3o TSE n\u00ba 23.659\/2021<\/a>\u00a0passou\u00a0<a href=\"https:\/\/www.tse.jus.br\/comunicacao\/noticias\/2023\/Maio\/jovens-que-completaram-15-anos-ja-podem-tirar-o-titulo-de-eleitor\">a permitir que jovens de 15 anos obtenham o t\u00edtulo de eleitor<\/a>, embora s\u00f3 possam efetivamente votar quando completarem 16 anos de idade.<\/strong><\/span><\/p>\n\n\n\n<p><strong><span class=\"has-inline-color has-vivid-cyan-blue-color\">O artigo 14 da Constitui\u00e7\u00e3o estabelece que o alistamento eleitoral (tirar o t\u00edtulo de eleitor) e o voto s\u00e3o facultativos aos jovens de 16 e 17 anos, \u00e0s pessoas analfabetas e aos maiores de 70 anos. Para as cidad\u00e3s e os cidad\u00e3os com 18 anos ou mais, a inscri\u00e7\u00e3o e o voto s\u00e3o obrigat\u00f3rios. A idade considerada para o cumprimento da exig\u00eancia \u00e9 a que o eleitor tiver na data da elei\u00e7\u00e3o.<\/span><\/strong><\/p>\n\n\n\n<p><strong><span class=\"has-inline-color has-vivid-cyan-blue-color\">Para se candidatar a um cargo eletivo, a pessoa precisa ter: 18 anos para concorrer ao cargo de vereador; 21 anos para disputar o cargo de deputado federal, estadual ou distrital, prefeito, vice-prefeito e juiz de paz; 30 anos para governador e vice-governador de estado ou do Distrito Federal; e 35 anos para concorrer ao cargo de presidente da Rep\u00fablica, vice-presidente e senador.<\/span><\/strong><\/p>\n\n\n\n<p><strong><span class=\"has-inline-color has-vivid-cyan-blue-color\">De acordo com o artigo 11 da Lei das Elei\u00e7\u00f5es (<a href=\"https:\/\/www.tse.jus.br\/legislacao\/codigo-eleitoral\/lei-das-eleicoes\/lei-das-eleicoes-lei-nb0-9.504-de-30-de-setembro-de-1997\">Lei n\u00ba 9504\/97<\/a>), a idade m\u00ednima de elegibilidade tem como refer\u00eancia a data da posse da pessoa eleita, salvo quando fixada em 18 anos. Nessa hip\u00f3tese, ser\u00e1 verificada na data-limite para o pedido de registro da candidatura.<\/span><\/strong><\/p>\n","protected":false},"excerpt":{"rendered":"<p>Apesar de a\u00a0Constitui\u00e7\u00e3o Federal\u00a0possibilitar o alistamento eleitoral e o voto, de maneira facultativa, a partir dos 16 anos, (artigo 14, [&hellip;]<\/p>\n","protected":false},"author":8,"featured_media":0,"comment_status":"open","ping_status":"open","sticky":false,"template":"","format":"standard","meta":{"site-sidebar-layout":"default","site-content-layout":"","ast-site-content-layout":"default","site-content-style":"default","site-sidebar-style":"default","ast-global-header-display":"","ast-banner-title-visibility":"","ast-main-header-display":"","ast-hfb-above-header-display":"","ast-hfb-below-header-display":"","ast-hfb-mobile-header-display":"","site-post-title":"","ast-breadcrumbs-content":"","ast-featured-img":"","footer-sml-layout":"","ast-disable-related-posts":"","theme-transparent-header-meta":"","adv-header-id-meta":"","stick-header-meta":"","header-above-stick-meta":"","header-main-stick-meta":"","header-below-stick-meta":"","astra-migrate-meta-layouts":"default","ast-page-background-enabled":"default","ast-page-background-meta":{"desktop":{"background-color":"var(--ast-global-color-5)","background-image":"","background-repeat":"repeat","background-position":"center center","background-size":"auto","background-attachment":"scroll","background-type":"","background-media":"","overlay-type":"","overlay-color":"","overlay-opacity":"","overlay-gradient":""},"tablet":{"background-color":"","background-image":"","background-repeat":"repeat","background-position":"center center","background-size":"auto","background-attachment":"scroll","background-type":"","background-media":"","overlay-type":"","overlay-color":"","overlay-opacity":"","overlay-gradient":""},"mobile":{"background-color":"","background-image":"","background-repeat":"repeat","background-position":"center center","background-size":"auto","background-attachment":"scroll","background-type":"","background-media":"","overlay-type":"","overlay-color":"","overlay-opacity":"","overlay-gradient":""}},"ast-content-background-meta":{"desktop":{"background-color":"var(--ast-global-color-4)","background-image":"","background-repeat":"repeat","background-position":"center center","background-size":"auto","background-attachment":"scroll","background-type":"","background-media":"","overlay-type":"","overlay-color":"","overlay-opacity":"","overlay-gradient":""},"tablet":{"background-color":"var(--ast-global-color-4)","background-image":"","background-repeat":"repeat","background-position":"center center","background-size":"auto","background-attachment":"scroll","background-type":"","background-media":"","overlay-type":"","overlay-color":"","overlay-opacity":"","overlay-gradient":""},"mobile":{"background-color":"var(--ast-global-color-4)","background-image":"","background-repeat":"repeat","background-position":"center center","background-size":"auto","background-attachment":"scroll","background-type":"","background-media":"","overlay-type":"","overlay-color":"","overlay-opacity":"","overlay-gradient":""}},"footnotes":""},"categories":[1],"tags":[],"class_list":["post-3438","post","type-post","status-publish","format-standard","hentry","category-sem-categoria"],"yoast_head":"<!-- This site is optimized with the Yoast SEO plugin v26.6 - https:\/\/yoast.com\/wordpress\/plugins\/seo\/ -->\n<title>Gloss\u00e1rio explica o que \u00e9 idade eleitoral - Fl\u00e1vio Braga<\/title>\n<meta name=\"robots\" content=\"index, follow, max-snippet:-1, max-image-preview:large, max-video-preview:-1\" \/>\n<link rel=\"canonical\" href=\"https:\/\/www.blogsoestado.com\/flaviobraga\/glossario-explica-o-que-e-idade-eleitoral\/\" \/>\n<meta property=\"og:locale\" content=\"pt_BR\" \/>\n<meta property=\"og:type\" content=\"article\" \/>\n<meta property=\"og:title\" content=\"Gloss\u00e1rio explica o que \u00e9 idade eleitoral - Fl\u00e1vio Braga\" \/>\n<meta property=\"og:description\" content=\"Apesar de a\u00a0Constitui\u00e7\u00e3o Federal\u00a0possibilitar o alistamento eleitoral e o voto, de maneira facultativa, a partir dos 16 anos, (artigo 14, [&hellip;]\" \/>\n<meta property=\"og:url\" content=\"https:\/\/www.blogsoestado.com\/flaviobraga\/glossario-explica-o-que-e-idade-eleitoral\/\" \/>\n<meta property=\"og:site_name\" content=\"Fl\u00e1vio Braga\" \/>\n<meta property=\"article:published_time\" content=\"2023-12-06T16:21:33+00:00\" \/>\n<meta name=\"author\" content=\"Flavio Braga\" \/>\n<meta name=\"twitter:card\" content=\"summary_large_image\" \/>\n<meta name=\"twitter:label1\" content=\"Escrito por\" \/>\n\t<meta name=\"twitter:data1\" content=\"Flavio Braga\" \/>\n\t<meta name=\"twitter:label2\" content=\"Est. tempo de leitura\" \/>\n\t<meta name=\"twitter:data2\" content=\"2 minutos\" \/>\n<script type=\"application\/ld+json\" class=\"yoast-schema-graph\">{\"@context\":\"https:\/\/schema.org\",\"@graph\":[{\"@type\":\"WebPage\",\"@id\":\"https:\/\/www.blogsoestado.com\/flaviobraga\/glossario-explica-o-que-e-idade-eleitoral\/\",\"url\":\"https:\/\/www.blogsoestado.com\/flaviobraga\/glossario-explica-o-que-e-idade-eleitoral\/\",\"name\":\"Gloss\u00e1rio explica o que \u00e9 idade eleitoral - Fl\u00e1vio Braga\",\"isPartOf\":{\"@id\":\"https:\/\/www.blogsoestado.com\/flaviobraga\/#website\"},\"datePublished\":\"2023-12-06T16:21:33+00:00\",\"author\":{\"@id\":\"https:\/\/www.blogsoestado.com\/flaviobraga\/#\/schema\/person\/6c6c778331775c757a82d15206bd8733\"},\"breadcrumb\":{\"@id\":\"https:\/\/www.blogsoestado.com\/flaviobraga\/glossario-explica-o-que-e-idade-eleitoral\/#breadcrumb\"},\"inLanguage\":\"pt-BR\",\"potentialAction\":[{\"@type\":\"ReadAction\",\"target\":[\"https:\/\/www.blogsoestado.com\/flaviobraga\/glossario-explica-o-que-e-idade-eleitoral\/\"]}]},{\"@type\":\"BreadcrumbList\",\"@id\":\"https:\/\/www.blogsoestado.com\/flaviobraga\/glossario-explica-o-que-e-idade-eleitoral\/#breadcrumb\",\"itemListElement\":[{\"@type\":\"ListItem\",\"position\":1,\"name\":\"In\u00edcio\",\"item\":\"https:\/\/www.blogsoestado.com\/flaviobraga\/\"},{\"@type\":\"ListItem\",\"position\":2,\"name\":\"Gloss\u00e1rio explica o que \u00e9 idade eleitoral\"}]},{\"@type\":\"WebSite\",\"@id\":\"https:\/\/www.blogsoestado.com\/flaviobraga\/#website\",\"url\":\"https:\/\/www.blogsoestado.com\/flaviobraga\/\",\"name\":\"Fl\u00e1vio Braga\",\"description\":\"\",\"potentialAction\":[{\"@type\":\"SearchAction\",\"target\":{\"@type\":\"EntryPoint\",\"urlTemplate\":\"https:\/\/www.blogsoestado.com\/flaviobraga\/?s={search_term_string}\"},\"query-input\":{\"@type\":\"PropertyValueSpecification\",\"valueRequired\":true,\"valueName\":\"search_term_string\"}}],\"inLanguage\":\"pt-BR\"},{\"@type\":\"Person\",\"@id\":\"https:\/\/www.blogsoestado.com\/flaviobraga\/#\/schema\/person\/6c6c778331775c757a82d15206bd8733\",\"name\":\"Flavio Braga\",\"image\":{\"@type\":\"ImageObject\",\"inLanguage\":\"pt-BR\",\"@id\":\"https:\/\/www.blogsoestado.com\/flaviobraga\/#\/schema\/person\/image\/\",\"url\":\"https:\/\/secure.gravatar.com\/avatar\/ab173937dad8d78195c87778be8a0285d069ede375ce0ae24aac1cf8e58ccb2c?s=96&d=mm&r=g\",\"contentUrl\":\"https:\/\/secure.gravatar.com\/avatar\/ab173937dad8d78195c87778be8a0285d069ede375ce0ae24aac1cf8e58ccb2c?s=96&d=mm&r=g\",\"caption\":\"Flavio Braga\"},\"url\":\"https:\/\/www.blogsoestado.com\/flaviobraga\/author\/flaviobraga\/\"}]}<\/script>\n<!-- \/ Yoast SEO plugin. -->","yoast_head_json":{"title":"Gloss\u00e1rio explica o que \u00e9 idade eleitoral - Fl\u00e1vio Braga","robots":{"index":"index","follow":"follow","max-snippet":"max-snippet:-1","max-image-preview":"max-image-preview:large","max-video-preview":"max-video-preview:-1"},"canonical":"https:\/\/www.blogsoestado.com\/flaviobraga\/glossario-explica-o-que-e-idade-eleitoral\/","og_locale":"pt_BR","og_type":"article","og_title":"Gloss\u00e1rio explica o que \u00e9 idade eleitoral - Fl\u00e1vio Braga","og_description":"Apesar de a\u00a0Constitui\u00e7\u00e3o Federal\u00a0possibilitar o alistamento eleitoral e o voto, de maneira facultativa, a partir dos 16 anos, (artigo 14, [&hellip;]","og_url":"https:\/\/www.blogsoestado.com\/flaviobraga\/glossario-explica-o-que-e-idade-eleitoral\/","og_site_name":"Fl\u00e1vio Braga","article_published_time":"2023-12-06T16:21:33+00:00","author":"Flavio Braga","twitter_card":"summary_large_image","twitter_misc":{"Escrito por":"Flavio Braga","Est. tempo de leitura":"2 minutos"},"schema":{"@context":"https:\/\/schema.org","@graph":[{"@type":"WebPage","@id":"https:\/\/www.blogsoestado.com\/flaviobraga\/glossario-explica-o-que-e-idade-eleitoral\/","url":"https:\/\/www.blogsoestado.com\/flaviobraga\/glossario-explica-o-que-e-idade-eleitoral\/","name":"Gloss\u00e1rio explica o que \u00e9 idade eleitoral - Fl\u00e1vio Braga","isPartOf":{"@id":"https:\/\/www.blogsoestado.com\/flaviobraga\/#website"},"datePublished":"2023-12-06T16:21:33+00:00","author":{"@id":"https:\/\/www.blogsoestado.com\/flaviobraga\/#\/schema\/person\/6c6c778331775c757a82d15206bd8733"},"breadcrumb":{"@id":"https:\/\/www.blogsoestado.com\/flaviobraga\/glossario-explica-o-que-e-idade-eleitoral\/#breadcrumb"},"inLanguage":"pt-BR","potentialAction":[{"@type":"ReadAction","target":["https:\/\/www.blogsoestado.com\/flaviobraga\/glossario-explica-o-que-e-idade-eleitoral\/"]}]},{"@type":"BreadcrumbList","@id":"https:\/\/www.blogsoestado.com\/flaviobraga\/glossario-explica-o-que-e-idade-eleitoral\/#breadcrumb","itemListElement":[{"@type":"ListItem","position":1,"name":"In\u00edcio","item":"https:\/\/www.blogsoestado.com\/flaviobraga\/"},{"@type":"ListItem","position":2,"name":"Gloss\u00e1rio explica o que \u00e9 idade eleitoral"}]},{"@type":"WebSite","@id":"https:\/\/www.blogsoestado.com\/flaviobraga\/#website","url":"https:\/\/www.blogsoestado.com\/flaviobraga\/","name":"Fl\u00e1vio Braga","description":"","potentialAction":[{"@type":"SearchAction","target":{"@type":"EntryPoint","urlTemplate":"https:\/\/www.blogsoestado.com\/flaviobraga\/?s={search_term_string}"},"query-input":{"@type":"PropertyValueSpecification","valueRequired":true,"valueName":"search_term_string"}}],"inLanguage":"pt-BR"},{"@type":"Person","@id":"https:\/\/www.blogsoestado.com\/flaviobraga\/#\/schema\/person\/6c6c778331775c757a82d15206bd8733","name":"Flavio Braga","image":{"@type":"ImageObject","inLanguage":"pt-BR","@id":"https:\/\/www.blogsoestado.com\/flaviobraga\/#\/schema\/person\/image\/","url":"https:\/\/secure.gravatar.com\/avatar\/ab173937dad8d78195c87778be8a0285d069ede375ce0ae24aac1cf8e58ccb2c?s=96&d=mm&r=g","contentUrl":"https:\/\/secure.gravatar.com\/avatar\/ab173937dad8d78195c87778be8a0285d069ede375ce0ae24aac1cf8e58ccb2c?s=96&d=mm&r=g","caption":"Flavio Braga"},"url":"https:\/\/www.blogsoestado.com\/flaviobraga\/author\/flaviobraga\/"}]}},"jetpack_featured_media_url":"","_links":{"self":[{"href":"https:\/\/www.blogsoestado.com\/flaviobraga\/wp-json\/wp\/v2\/posts\/3438","targetHints":{"allow":["GET"]}}],"collection":[{"href":"https:\/\/www.blogsoestado.com\/flaviobraga\/wp-json\/wp\/v2\/posts"}],"about":[{"href":"https:\/\/www.blogsoestado.com\/flaviobraga\/wp-json\/wp\/v2\/types\/post"}],"author":[{"embeddable":true,"href":"https:\/\/www.blogsoestado.com\/flaviobraga\/wp-json\/wp\/v2\/users\/8"}],"replies":[{"embeddable":true,"href":"https:\/\/www.blogsoestado.com\/flaviobraga\/wp-json\/wp\/v2\/comments?post=3438"}],"version-history":[{"count":0,"href":"https:\/\/www.blogsoestado.com\/flaviobraga\/wp-json\/wp\/v2\/posts\/3438\/revisions"}],"wp:attachment":[{"href":"https:\/\/www.blogsoestado.com\/flaviobraga\/wp-json\/wp\/v2\/media?parent=3438"}],"wp:term":[{"taxonomy":"category","embeddable":true,"href":"https:\/\/www.blogsoestado.com\/flaviobraga\/wp-json\/wp\/v2\/categories?post=3438"},{"taxonomy":"post_tag","embeddable":true,"href":"https:\/\/www.blogsoestado.com\/flaviobraga\/wp-json\/wp\/v2\/tags?post=3438"}],"curies":[{"name":"wp","href":"https:\/\/api.w.org\/{rel}","templated":true}]}}