{"id":352,"date":"2010-07-08T15:49:00","date_gmt":"2010-07-08T18:49:00","guid":{"rendered":"https:\/\/www.blogsoestado.com\/flaviobraga\/?p=352"},"modified":"2010-07-08T15:49:00","modified_gmt":"2010-07-08T18:49:00","slug":"ayres-britto-conclama-operadores-do-direito-a-valorizar-a-constituicao-de-1988","status":"publish","type":"post","link":"https:\/\/www.blogsoestado.com\/flaviobraga\/ayres-britto-conclama-operadores-do-direito-a-valorizar-a-constituicao-de-1988\/","title":{"rendered":"Ayres Britto conclama operadores do direito a valorizar a Constitui\u00e7\u00e3o de 1988"},"content":{"rendered":"<p>O presidente em exerc\u00edcio do Supremo Tribunal Federal (STF), ministro Ayres Britto, participou na noite desta ter\u00e7a-feira (06), da solenidade de abertura do II Congresso Brasileiro das Carreiras Jur\u00eddicas de Estado, no Centro de Conven\u00e7\u00f5es Ulysses Guimar\u00e3es, em Bras\u00edlia (DF), e ressaltou que a Constitui\u00e7\u00e3o de 1988 valorizou as carreiras jur\u00eddicas, na medida em que reconheceu sua import\u00e2ncia para o pa\u00eds. Por isso, para ele, a melhor forma de retribui\u00e7\u00e3o que os operadores do Direito podem ter \u00e9 valorizar o texto constitucional.<\/p>\n<p>\u201cEssa Constitui\u00e7\u00e3o desperta em todos n\u00f3s sentimentos de admira\u00e7\u00e3o, rever\u00eancia e gratid\u00e3o. E, se queremos ser gratos \u00e0 Constitui\u00e7\u00e3o que tanto nos prestigiou como profissionais do Direito, devemos cultu\u00e1-la no nosso dia a dia profissional. E \u00e9 f\u00e1cil cultuar a Constitui\u00e7\u00e3o: basta que tenhamos a disposi\u00e7\u00e3o de interpret\u00e1-la com o pensamento e com o sentimento\u201d, afirmou.<\/p>\n<p>Ayres Britto disse que a Carta Magna \u00e9 do povo enquanto est\u00e1 sendo elaborada, mas depois de promulgada, \u00e9 tomada pelos juristas e pelos operadores do Direito. Por isso, defendeu que o povo seja mais ouvido, por meio de audi\u00eancias p\u00fablicas.\u00a0\u00a0<\/p>\n<p>O ministro Ayres Britto afirmou ainda que \u00e9 poss\u00edvel interpretar o sistema normativo com intui\u00e7\u00e3o, imagina\u00e7\u00e3o e criatividade, tendo em vista a senso de realidade e a sensibilidade social. Citando Tobias Barreto, o vice-presidente do STF ressaltou que o Direito n\u00e3o \u00e9 s\u00f3 uma coisa que se sabe, \u00e9 tamb\u00e9m uma coisa que se sente. Ayres Britto lembrou que a g\u00eanese do substantivo \u201csenten\u00e7a\u201d vem do verbo sentir. \u201c\u00c9 o sentimento, conjugadamente com o pensamento, que nos habilita a descobrir, nos textos normativos, possibilidades muitas vezes insuspeit\u00e1veis para uma an\u00e1lise puramente met\u00f3dica e cient\u00edfica\u201d, afirmou.<\/p>\n","protected":false},"excerpt":{"rendered":"<p>O presidente em exerc\u00edcio do Supremo Tribunal Federal (STF), ministro Ayres Britto, participou na noite desta ter\u00e7a-feira (06), da solenidade [&hellip;]<\/p>\n","protected":false},"author":8,"featured_media":0,"comment_status":"open","ping_status":"open","sticky":false,"template":"","format":"standard","meta":{"site-sidebar-layout":"default","site-content-layout":"","ast-site-content-layout":"default","site-content-style":"default","site-sidebar-style":"default","ast-global-header-display":"","ast-banner-title-visibility":"","ast-main-header-display":"","ast-hfb-above-header-display":"","ast-hfb-below-header-display":"","ast-hfb-mobile-header-display":"","site-post-title":"","ast-breadcrumbs-content":"","ast-featured-img":"","footer-sml-layout":"","ast-disable-related-posts":"","theme-transparent-header-meta":"","adv-header-id-meta":"","stick-header-meta":"","header-above-stick-meta":"","header-main-stick-meta":"","header-below-stick-meta":"","astra-migrate-meta-layouts":"default","ast-page-background-enabled":"default","ast-page-background-meta":{"desktop":{"background-color":"var(--ast-global-color-5)","background-image":"","background-repeat":"repeat","background-position":"center center","background-size":"auto","background-attachment":"scroll","background-type":"","background-media":"","overlay-type":"","overlay-color":"","overlay-opacity":"","overlay-gradient":""},"tablet":{"background-color":"","background-image":"","background-repeat":"repeat","background-position":"center center","background-size":"auto","background-attachment":"scroll","background-type":"","background-media":"","overlay-type":"","overlay-color":"","overlay-opacity":"","overlay-gradient":""},"mobile":{"background-color":"","background-image":"","background-repeat":"repeat","background-position":"center center","background-size":"auto","background-attachment":"scroll","background-type":"","background-media":"","overlay-type":"","overlay-color":"","overlay-opacity":"","overlay-gradient":""}},"ast-content-background-meta":{"desktop":{"background-color":"var(--ast-global-color-4)","background-image":"","background-repeat":"repeat","background-position":"center center","background-size":"auto","background-attachment":"scroll","background-type":"","background-media":"","overlay-type":"","overlay-color":"","overlay-opacity":"","overlay-gradient":""},"tablet":{"background-color":"var(--ast-global-color-4)","background-image":"","background-repeat":"repeat","background-position":"center center","background-size":"auto","background-attachment":"scroll","background-type":"","background-media":"","overlay-type":"","overlay-color":"","overlay-opacity":"","overlay-gradient":""},"mobile":{"background-color":"var(--ast-global-color-4)","background-image":"","background-repeat":"repeat","background-position":"center center","background-size":"auto","background-attachment":"scroll","background-type":"","background-media":"","overlay-type":"","overlay-color":"","overlay-opacity":"","overlay-gradient":""}},"footnotes":""},"categories":[1],"tags":[],"class_list":["post-352","post","type-post","status-publish","format-standard","hentry","category-sem-categoria"],"yoast_head":"<!-- This site is optimized with the Yoast SEO plugin v26.6 - https:\/\/yoast.com\/wordpress\/plugins\/seo\/ -->\n<title>Ayres Britto conclama operadores do direito a valorizar a Constitui\u00e7\u00e3o de 1988 - Fl\u00e1vio Braga<\/title>\n<meta name=\"robots\" content=\"index, follow, max-snippet:-1, max-image-preview:large, max-video-preview:-1\" \/>\n<link rel=\"canonical\" href=\"https:\/\/www.blogsoestado.com\/flaviobraga\/ayres-britto-conclama-operadores-do-direito-a-valorizar-a-constituicao-de-1988\/\" \/>\n<meta property=\"og:locale\" content=\"pt_BR\" \/>\n<meta property=\"og:type\" content=\"article\" \/>\n<meta property=\"og:title\" content=\"Ayres Britto conclama operadores do direito a valorizar a Constitui\u00e7\u00e3o de 1988 - Fl\u00e1vio Braga\" \/>\n<meta property=\"og:description\" content=\"O presidente em exerc\u00edcio do Supremo Tribunal Federal (STF), ministro Ayres Britto, participou na noite desta ter\u00e7a-feira (06), da solenidade [&hellip;]\" \/>\n<meta property=\"og:url\" content=\"https:\/\/www.blogsoestado.com\/flaviobraga\/ayres-britto-conclama-operadores-do-direito-a-valorizar-a-constituicao-de-1988\/\" \/>\n<meta property=\"og:site_name\" content=\"Fl\u00e1vio Braga\" \/>\n<meta property=\"article:published_time\" content=\"2010-07-08T18:49:00+00:00\" \/>\n<meta name=\"author\" content=\"Flavio Braga\" \/>\n<meta name=\"twitter:card\" content=\"summary_large_image\" \/>\n<meta name=\"twitter:label1\" content=\"Escrito por\" \/>\n\t<meta name=\"twitter:data1\" content=\"Flavio Braga\" \/>\n\t<meta name=\"twitter:label2\" content=\"Est. tempo de leitura\" \/>\n\t<meta name=\"twitter:data2\" content=\"1 minuto\" \/>\n<script type=\"application\/ld+json\" class=\"yoast-schema-graph\">{\"@context\":\"https:\/\/schema.org\",\"@graph\":[{\"@type\":\"WebPage\",\"@id\":\"https:\/\/www.blogsoestado.com\/flaviobraga\/ayres-britto-conclama-operadores-do-direito-a-valorizar-a-constituicao-de-1988\/\",\"url\":\"https:\/\/www.blogsoestado.com\/flaviobraga\/ayres-britto-conclama-operadores-do-direito-a-valorizar-a-constituicao-de-1988\/\",\"name\":\"Ayres Britto conclama operadores do direito a valorizar a Constitui\u00e7\u00e3o de 1988 - Fl\u00e1vio Braga\",\"isPartOf\":{\"@id\":\"https:\/\/www.blogsoestado.com\/flaviobraga\/#website\"},\"datePublished\":\"2010-07-08T18:49:00+00:00\",\"author\":{\"@id\":\"https:\/\/www.blogsoestado.com\/flaviobraga\/#\/schema\/person\/6c6c778331775c757a82d15206bd8733\"},\"breadcrumb\":{\"@id\":\"https:\/\/www.blogsoestado.com\/flaviobraga\/ayres-britto-conclama-operadores-do-direito-a-valorizar-a-constituicao-de-1988\/#breadcrumb\"},\"inLanguage\":\"pt-BR\",\"potentialAction\":[{\"@type\":\"ReadAction\",\"target\":[\"https:\/\/www.blogsoestado.com\/flaviobraga\/ayres-britto-conclama-operadores-do-direito-a-valorizar-a-constituicao-de-1988\/\"]}]},{\"@type\":\"BreadcrumbList\",\"@id\":\"https:\/\/www.blogsoestado.com\/flaviobraga\/ayres-britto-conclama-operadores-do-direito-a-valorizar-a-constituicao-de-1988\/#breadcrumb\",\"itemListElement\":[{\"@type\":\"ListItem\",\"position\":1,\"name\":\"In\u00edcio\",\"item\":\"https:\/\/www.blogsoestado.com\/flaviobraga\/\"},{\"@type\":\"ListItem\",\"position\":2,\"name\":\"Ayres Britto conclama operadores do direito a valorizar a Constitui\u00e7\u00e3o de 1988\"}]},{\"@type\":\"WebSite\",\"@id\":\"https:\/\/www.blogsoestado.com\/flaviobraga\/#website\",\"url\":\"https:\/\/www.blogsoestado.com\/flaviobraga\/\",\"name\":\"Fl\u00e1vio Braga\",\"description\":\"\",\"potentialAction\":[{\"@type\":\"SearchAction\",\"target\":{\"@type\":\"EntryPoint\",\"urlTemplate\":\"https:\/\/www.blogsoestado.com\/flaviobraga\/?s={search_term_string}\"},\"query-input\":{\"@type\":\"PropertyValueSpecification\",\"valueRequired\":true,\"valueName\":\"search_term_string\"}}],\"inLanguage\":\"pt-BR\"},{\"@type\":\"Person\",\"@id\":\"https:\/\/www.blogsoestado.com\/flaviobraga\/#\/schema\/person\/6c6c778331775c757a82d15206bd8733\",\"name\":\"Flavio Braga\",\"image\":{\"@type\":\"ImageObject\",\"inLanguage\":\"pt-BR\",\"@id\":\"https:\/\/www.blogsoestado.com\/flaviobraga\/#\/schema\/person\/image\/\",\"url\":\"https:\/\/secure.gravatar.com\/avatar\/ab173937dad8d78195c87778be8a0285d069ede375ce0ae24aac1cf8e58ccb2c?s=96&d=mm&r=g\",\"contentUrl\":\"https:\/\/secure.gravatar.com\/avatar\/ab173937dad8d78195c87778be8a0285d069ede375ce0ae24aac1cf8e58ccb2c?s=96&d=mm&r=g\",\"caption\":\"Flavio Braga\"},\"url\":\"https:\/\/www.blogsoestado.com\/flaviobraga\/author\/flaviobraga\/\"}]}<\/script>\n<!-- \/ Yoast SEO plugin. -->","yoast_head_json":{"title":"Ayres Britto conclama operadores do direito a valorizar a Constitui\u00e7\u00e3o de 1988 - Fl\u00e1vio Braga","robots":{"index":"index","follow":"follow","max-snippet":"max-snippet:-1","max-image-preview":"max-image-preview:large","max-video-preview":"max-video-preview:-1"},"canonical":"https:\/\/www.blogsoestado.com\/flaviobraga\/ayres-britto-conclama-operadores-do-direito-a-valorizar-a-constituicao-de-1988\/","og_locale":"pt_BR","og_type":"article","og_title":"Ayres Britto conclama operadores do direito a valorizar a Constitui\u00e7\u00e3o de 1988 - Fl\u00e1vio Braga","og_description":"O presidente em exerc\u00edcio do Supremo Tribunal Federal (STF), ministro Ayres Britto, participou na noite desta ter\u00e7a-feira (06), da solenidade [&hellip;]","og_url":"https:\/\/www.blogsoestado.com\/flaviobraga\/ayres-britto-conclama-operadores-do-direito-a-valorizar-a-constituicao-de-1988\/","og_site_name":"Fl\u00e1vio Braga","article_published_time":"2010-07-08T18:49:00+00:00","author":"Flavio Braga","twitter_card":"summary_large_image","twitter_misc":{"Escrito por":"Flavio Braga","Est. tempo de leitura":"1 minuto"},"schema":{"@context":"https:\/\/schema.org","@graph":[{"@type":"WebPage","@id":"https:\/\/www.blogsoestado.com\/flaviobraga\/ayres-britto-conclama-operadores-do-direito-a-valorizar-a-constituicao-de-1988\/","url":"https:\/\/www.blogsoestado.com\/flaviobraga\/ayres-britto-conclama-operadores-do-direito-a-valorizar-a-constituicao-de-1988\/","name":"Ayres Britto conclama operadores do direito a valorizar a Constitui\u00e7\u00e3o de 1988 - Fl\u00e1vio Braga","isPartOf":{"@id":"https:\/\/www.blogsoestado.com\/flaviobraga\/#website"},"datePublished":"2010-07-08T18:49:00+00:00","author":{"@id":"https:\/\/www.blogsoestado.com\/flaviobraga\/#\/schema\/person\/6c6c778331775c757a82d15206bd8733"},"breadcrumb":{"@id":"https:\/\/www.blogsoestado.com\/flaviobraga\/ayres-britto-conclama-operadores-do-direito-a-valorizar-a-constituicao-de-1988\/#breadcrumb"},"inLanguage":"pt-BR","potentialAction":[{"@type":"ReadAction","target":["https:\/\/www.blogsoestado.com\/flaviobraga\/ayres-britto-conclama-operadores-do-direito-a-valorizar-a-constituicao-de-1988\/"]}]},{"@type":"BreadcrumbList","@id":"https:\/\/www.blogsoestado.com\/flaviobraga\/ayres-britto-conclama-operadores-do-direito-a-valorizar-a-constituicao-de-1988\/#breadcrumb","itemListElement":[{"@type":"ListItem","position":1,"name":"In\u00edcio","item":"https:\/\/www.blogsoestado.com\/flaviobraga\/"},{"@type":"ListItem","position":2,"name":"Ayres Britto conclama operadores do direito a valorizar a Constitui\u00e7\u00e3o de 1988"}]},{"@type":"WebSite","@id":"https:\/\/www.blogsoestado.com\/flaviobraga\/#website","url":"https:\/\/www.blogsoestado.com\/flaviobraga\/","name":"Fl\u00e1vio Braga","description":"","potentialAction":[{"@type":"SearchAction","target":{"@type":"EntryPoint","urlTemplate":"https:\/\/www.blogsoestado.com\/flaviobraga\/?s={search_term_string}"},"query-input":{"@type":"PropertyValueSpecification","valueRequired":true,"valueName":"search_term_string"}}],"inLanguage":"pt-BR"},{"@type":"Person","@id":"https:\/\/www.blogsoestado.com\/flaviobraga\/#\/schema\/person\/6c6c778331775c757a82d15206bd8733","name":"Flavio Braga","image":{"@type":"ImageObject","inLanguage":"pt-BR","@id":"https:\/\/www.blogsoestado.com\/flaviobraga\/#\/schema\/person\/image\/","url":"https:\/\/secure.gravatar.com\/avatar\/ab173937dad8d78195c87778be8a0285d069ede375ce0ae24aac1cf8e58ccb2c?s=96&d=mm&r=g","contentUrl":"https:\/\/secure.gravatar.com\/avatar\/ab173937dad8d78195c87778be8a0285d069ede375ce0ae24aac1cf8e58ccb2c?s=96&d=mm&r=g","caption":"Flavio Braga"},"url":"https:\/\/www.blogsoestado.com\/flaviobraga\/author\/flaviobraga\/"}]}},"jetpack_featured_media_url":"","_links":{"self":[{"href":"https:\/\/www.blogsoestado.com\/flaviobraga\/wp-json\/wp\/v2\/posts\/352","targetHints":{"allow":["GET"]}}],"collection":[{"href":"https:\/\/www.blogsoestado.com\/flaviobraga\/wp-json\/wp\/v2\/posts"}],"about":[{"href":"https:\/\/www.blogsoestado.com\/flaviobraga\/wp-json\/wp\/v2\/types\/post"}],"author":[{"embeddable":true,"href":"https:\/\/www.blogsoestado.com\/flaviobraga\/wp-json\/wp\/v2\/users\/8"}],"replies":[{"embeddable":true,"href":"https:\/\/www.blogsoestado.com\/flaviobraga\/wp-json\/wp\/v2\/comments?post=352"}],"version-history":[{"count":0,"href":"https:\/\/www.blogsoestado.com\/flaviobraga\/wp-json\/wp\/v2\/posts\/352\/revisions"}],"wp:attachment":[{"href":"https:\/\/www.blogsoestado.com\/flaviobraga\/wp-json\/wp\/v2\/media?parent=352"}],"wp:term":[{"taxonomy":"category","embeddable":true,"href":"https:\/\/www.blogsoestado.com\/flaviobraga\/wp-json\/wp\/v2\/categories?post=352"},{"taxonomy":"post_tag","embeddable":true,"href":"https:\/\/www.blogsoestado.com\/flaviobraga\/wp-json\/wp\/v2\/tags?post=352"}],"curies":[{"name":"wp","href":"https:\/\/api.w.org\/{rel}","templated":true}]}}