{"id":357,"date":"2010-07-08T16:53:09","date_gmt":"2010-07-08T19:53:09","guid":{"rendered":"https:\/\/www.blogsoestado.com\/flaviobraga\/?p=357"},"modified":"2010-07-08T16:53:09","modified_gmt":"2010-07-08T19:53:09","slug":"leitura-nas-ferias-artigo-publicado-na-veja-fala-da-importancia-da-leitura-no-recesso-escolar","status":"publish","type":"post","link":"https:\/\/www.blogsoestado.com\/flaviobraga\/leitura-nas-ferias-artigo-publicado-na-veja-fala-da-importancia-da-leitura-no-recesso-escolar\/","title":{"rendered":"Leitura nas F\u00e9rias: artigo publicado na Veja fala da import\u00e2ncia da leitura no recesso escolar"},"content":{"rendered":"<p style=\"text-align: justify;background: white\"><span style=\"font-family: 'Bookman Old Style'\">O artigo \u201cJudeu de Bethesda\u201d, publicado na revista Veja no dia 13 de junho, refor\u00e7a o valor da leitura, em especial no per\u00edodo que antecede o recome\u00e7o das aulas.<\/span><\/p>\n<p style=\"text-align: justify;background: white\"><span style=\"font-family: 'Bookman Old Style'\">O texto narra a tradi\u00e7\u00e3o judaica de ler livros desde a inf\u00e2ncia e tamb\u00e9m revela resultados de pesquisas que mostram a quebra de continuidade do conhecimento das crian\u00e7as nesse per\u00edodo. <\/span><\/p>\n<p style=\"text-align: justify;background: white\"><span style=\"font-family: 'Bookman Old Style'\">Segundo M\u00e1rio Quintana, o verdadeiro analfabeto \u00e9 aquele que aprendeu a ler e n\u00e3o l\u00ea.<\/span><\/p>\n<p style=\"text-align: justify;background: white\"><span style=\"font-family: 'Bookman Old Style'\">Estimule em seus filhos o saud\u00e1vel h\u00e1bito da leitura. <\/span><\/p>\n<p style=\"text-align: justify;background: white\"><strong><span style=\"font-family: 'Bookman Old Style'\"><a href=\"http:\/\/intranet.tse.gov.br\/sadAdmAconTSE\/arquivoSearch.do?acao=getBin&amp;arqId=759559\"><span style=\"color: windowtext\">Clique aqui<\/span><\/a><\/span><\/strong><span style=\"font-family: 'Bookman Old Style'\"> e leia o artigo \u201cJudeu de Bethesda\u201d.<\/span><\/p>\n","protected":false},"excerpt":{"rendered":"<p>O artigo \u201cJudeu de Bethesda\u201d, publicado na revista Veja no dia 13 de junho, refor\u00e7a o valor da leitura, em [&hellip;]<\/p>\n","protected":false},"author":8,"featured_media":0,"comment_status":"open","ping_status":"open","sticky":false,"template":"","format":"standard","meta":{"site-sidebar-layout":"default","site-content-layout":"","ast-site-content-layout":"default","site-content-style":"default","site-sidebar-style":"default","ast-global-header-display":"","ast-banner-title-visibility":"","ast-main-header-display":"","ast-hfb-above-header-display":"","ast-hfb-below-header-display":"","ast-hfb-mobile-header-display":"","site-post-title":"","ast-breadcrumbs-content":"","ast-featured-img":"","footer-sml-layout":"","ast-disable-related-posts":"","theme-transparent-header-meta":"","adv-header-id-meta":"","stick-header-meta":"","header-above-stick-meta":"","header-main-stick-meta":"","header-below-stick-meta":"","astra-migrate-meta-layouts":"default","ast-page-background-enabled":"default","ast-page-background-meta":{"desktop":{"background-color":"var(--ast-global-color-5)","background-image":"","background-repeat":"repeat","background-position":"center center","background-size":"auto","background-attachment":"scroll","background-type":"","background-media":"","overlay-type":"","overlay-color":"","overlay-opacity":"","overlay-gradient":""},"tablet":{"background-color":"","background-image":"","background-repeat":"repeat","background-position":"center center","background-size":"auto","background-attachment":"scroll","background-type":"","background-media":"","overlay-type":"","overlay-color":"","overlay-opacity":"","overlay-gradient":""},"mobile":{"background-color":"","background-image":"","background-repeat":"repeat","background-position":"center center","background-size":"auto","background-attachment":"scroll","background-type":"","background-media":"","overlay-type":"","overlay-color":"","overlay-opacity":"","overlay-gradient":""}},"ast-content-background-meta":{"desktop":{"background-color":"var(--ast-global-color-4)","background-image":"","background-repeat":"repeat","background-position":"center center","background-size":"auto","background-attachment":"scroll","background-type":"","background-media":"","overlay-type":"","overlay-color":"","overlay-opacity":"","overlay-gradient":""},"tablet":{"background-color":"var(--ast-global-color-4)","background-image":"","background-repeat":"repeat","background-position":"center center","background-size":"auto","background-attachment":"scroll","background-type":"","background-media":"","overlay-type":"","overlay-color":"","overlay-opacity":"","overlay-gradient":""},"mobile":{"background-color":"var(--ast-global-color-4)","background-image":"","background-repeat":"repeat","background-position":"center center","background-size":"auto","background-attachment":"scroll","background-type":"","background-media":"","overlay-type":"","overlay-color":"","overlay-opacity":"","overlay-gradient":""}},"footnotes":""},"categories":[1],"tags":[],"class_list":["post-357","post","type-post","status-publish","format-standard","hentry","category-sem-categoria"],"yoast_head":"<!-- This site is optimized with the Yoast SEO plugin v26.6 - https:\/\/yoast.com\/wordpress\/plugins\/seo\/ -->\n<title>Leitura nas F\u00e9rias: artigo publicado na Veja fala da import\u00e2ncia da leitura no recesso escolar - Fl\u00e1vio Braga<\/title>\n<meta name=\"robots\" content=\"index, follow, max-snippet:-1, max-image-preview:large, max-video-preview:-1\" \/>\n<link rel=\"canonical\" href=\"https:\/\/www.blogsoestado.com\/flaviobraga\/leitura-nas-ferias-artigo-publicado-na-veja-fala-da-importancia-da-leitura-no-recesso-escolar\/\" \/>\n<meta property=\"og:locale\" content=\"pt_BR\" \/>\n<meta property=\"og:type\" content=\"article\" \/>\n<meta property=\"og:title\" content=\"Leitura nas F\u00e9rias: artigo publicado na Veja fala da import\u00e2ncia da leitura no recesso escolar - Fl\u00e1vio Braga\" \/>\n<meta property=\"og:description\" content=\"O artigo \u201cJudeu de Bethesda\u201d, publicado na revista Veja no dia 13 de junho, refor\u00e7a o valor da leitura, em [&hellip;]\" \/>\n<meta property=\"og:url\" content=\"https:\/\/www.blogsoestado.com\/flaviobraga\/leitura-nas-ferias-artigo-publicado-na-veja-fala-da-importancia-da-leitura-no-recesso-escolar\/\" \/>\n<meta property=\"og:site_name\" content=\"Fl\u00e1vio Braga\" \/>\n<meta property=\"article:published_time\" content=\"2010-07-08T19:53:09+00:00\" \/>\n<meta name=\"author\" content=\"Flavio Braga\" \/>\n<meta name=\"twitter:card\" content=\"summary_large_image\" \/>\n<meta name=\"twitter:label1\" content=\"Escrito por\" \/>\n\t<meta name=\"twitter:data1\" content=\"Flavio Braga\" \/>\n\t<meta name=\"twitter:label2\" content=\"Est. tempo de leitura\" \/>\n\t<meta name=\"twitter:data2\" content=\"1 minuto\" \/>\n<script type=\"application\/ld+json\" class=\"yoast-schema-graph\">{\"@context\":\"https:\/\/schema.org\",\"@graph\":[{\"@type\":\"WebPage\",\"@id\":\"https:\/\/www.blogsoestado.com\/flaviobraga\/leitura-nas-ferias-artigo-publicado-na-veja-fala-da-importancia-da-leitura-no-recesso-escolar\/\",\"url\":\"https:\/\/www.blogsoestado.com\/flaviobraga\/leitura-nas-ferias-artigo-publicado-na-veja-fala-da-importancia-da-leitura-no-recesso-escolar\/\",\"name\":\"Leitura nas F\u00e9rias: artigo publicado na Veja fala da import\u00e2ncia da leitura no recesso escolar - Fl\u00e1vio Braga\",\"isPartOf\":{\"@id\":\"https:\/\/www.blogsoestado.com\/flaviobraga\/#website\"},\"datePublished\":\"2010-07-08T19:53:09+00:00\",\"author\":{\"@id\":\"https:\/\/www.blogsoestado.com\/flaviobraga\/#\/schema\/person\/6c6c778331775c757a82d15206bd8733\"},\"breadcrumb\":{\"@id\":\"https:\/\/www.blogsoestado.com\/flaviobraga\/leitura-nas-ferias-artigo-publicado-na-veja-fala-da-importancia-da-leitura-no-recesso-escolar\/#breadcrumb\"},\"inLanguage\":\"pt-BR\",\"potentialAction\":[{\"@type\":\"ReadAction\",\"target\":[\"https:\/\/www.blogsoestado.com\/flaviobraga\/leitura-nas-ferias-artigo-publicado-na-veja-fala-da-importancia-da-leitura-no-recesso-escolar\/\"]}]},{\"@type\":\"BreadcrumbList\",\"@id\":\"https:\/\/www.blogsoestado.com\/flaviobraga\/leitura-nas-ferias-artigo-publicado-na-veja-fala-da-importancia-da-leitura-no-recesso-escolar\/#breadcrumb\",\"itemListElement\":[{\"@type\":\"ListItem\",\"position\":1,\"name\":\"In\u00edcio\",\"item\":\"https:\/\/www.blogsoestado.com\/flaviobraga\/\"},{\"@type\":\"ListItem\",\"position\":2,\"name\":\"Leitura nas F\u00e9rias: artigo publicado na Veja fala da import\u00e2ncia da leitura no recesso escolar\"}]},{\"@type\":\"WebSite\",\"@id\":\"https:\/\/www.blogsoestado.com\/flaviobraga\/#website\",\"url\":\"https:\/\/www.blogsoestado.com\/flaviobraga\/\",\"name\":\"Fl\u00e1vio Braga\",\"description\":\"\",\"potentialAction\":[{\"@type\":\"SearchAction\",\"target\":{\"@type\":\"EntryPoint\",\"urlTemplate\":\"https:\/\/www.blogsoestado.com\/flaviobraga\/?s={search_term_string}\"},\"query-input\":{\"@type\":\"PropertyValueSpecification\",\"valueRequired\":true,\"valueName\":\"search_term_string\"}}],\"inLanguage\":\"pt-BR\"},{\"@type\":\"Person\",\"@id\":\"https:\/\/www.blogsoestado.com\/flaviobraga\/#\/schema\/person\/6c6c778331775c757a82d15206bd8733\",\"name\":\"Flavio Braga\",\"image\":{\"@type\":\"ImageObject\",\"inLanguage\":\"pt-BR\",\"@id\":\"https:\/\/www.blogsoestado.com\/flaviobraga\/#\/schema\/person\/image\/\",\"url\":\"https:\/\/secure.gravatar.com\/avatar\/ab173937dad8d78195c87778be8a0285d069ede375ce0ae24aac1cf8e58ccb2c?s=96&d=mm&r=g\",\"contentUrl\":\"https:\/\/secure.gravatar.com\/avatar\/ab173937dad8d78195c87778be8a0285d069ede375ce0ae24aac1cf8e58ccb2c?s=96&d=mm&r=g\",\"caption\":\"Flavio Braga\"},\"url\":\"https:\/\/www.blogsoestado.com\/flaviobraga\/author\/flaviobraga\/\"}]}<\/script>\n<!-- \/ Yoast SEO plugin. -->","yoast_head_json":{"title":"Leitura nas F\u00e9rias: artigo publicado na Veja fala da import\u00e2ncia da leitura no recesso escolar - Fl\u00e1vio Braga","robots":{"index":"index","follow":"follow","max-snippet":"max-snippet:-1","max-image-preview":"max-image-preview:large","max-video-preview":"max-video-preview:-1"},"canonical":"https:\/\/www.blogsoestado.com\/flaviobraga\/leitura-nas-ferias-artigo-publicado-na-veja-fala-da-importancia-da-leitura-no-recesso-escolar\/","og_locale":"pt_BR","og_type":"article","og_title":"Leitura nas F\u00e9rias: artigo publicado na Veja fala da import\u00e2ncia da leitura no recesso escolar - Fl\u00e1vio Braga","og_description":"O artigo \u201cJudeu de Bethesda\u201d, publicado na revista Veja no dia 13 de junho, refor\u00e7a o valor da leitura, em [&hellip;]","og_url":"https:\/\/www.blogsoestado.com\/flaviobraga\/leitura-nas-ferias-artigo-publicado-na-veja-fala-da-importancia-da-leitura-no-recesso-escolar\/","og_site_name":"Fl\u00e1vio Braga","article_published_time":"2010-07-08T19:53:09+00:00","author":"Flavio Braga","twitter_card":"summary_large_image","twitter_misc":{"Escrito por":"Flavio Braga","Est. tempo de leitura":"1 minuto"},"schema":{"@context":"https:\/\/schema.org","@graph":[{"@type":"WebPage","@id":"https:\/\/www.blogsoestado.com\/flaviobraga\/leitura-nas-ferias-artigo-publicado-na-veja-fala-da-importancia-da-leitura-no-recesso-escolar\/","url":"https:\/\/www.blogsoestado.com\/flaviobraga\/leitura-nas-ferias-artigo-publicado-na-veja-fala-da-importancia-da-leitura-no-recesso-escolar\/","name":"Leitura nas F\u00e9rias: artigo publicado na Veja fala da import\u00e2ncia da leitura no recesso escolar - Fl\u00e1vio Braga","isPartOf":{"@id":"https:\/\/www.blogsoestado.com\/flaviobraga\/#website"},"datePublished":"2010-07-08T19:53:09+00:00","author":{"@id":"https:\/\/www.blogsoestado.com\/flaviobraga\/#\/schema\/person\/6c6c778331775c757a82d15206bd8733"},"breadcrumb":{"@id":"https:\/\/www.blogsoestado.com\/flaviobraga\/leitura-nas-ferias-artigo-publicado-na-veja-fala-da-importancia-da-leitura-no-recesso-escolar\/#breadcrumb"},"inLanguage":"pt-BR","potentialAction":[{"@type":"ReadAction","target":["https:\/\/www.blogsoestado.com\/flaviobraga\/leitura-nas-ferias-artigo-publicado-na-veja-fala-da-importancia-da-leitura-no-recesso-escolar\/"]}]},{"@type":"BreadcrumbList","@id":"https:\/\/www.blogsoestado.com\/flaviobraga\/leitura-nas-ferias-artigo-publicado-na-veja-fala-da-importancia-da-leitura-no-recesso-escolar\/#breadcrumb","itemListElement":[{"@type":"ListItem","position":1,"name":"In\u00edcio","item":"https:\/\/www.blogsoestado.com\/flaviobraga\/"},{"@type":"ListItem","position":2,"name":"Leitura nas F\u00e9rias: artigo publicado na Veja fala da import\u00e2ncia da leitura no recesso escolar"}]},{"@type":"WebSite","@id":"https:\/\/www.blogsoestado.com\/flaviobraga\/#website","url":"https:\/\/www.blogsoestado.com\/flaviobraga\/","name":"Fl\u00e1vio Braga","description":"","potentialAction":[{"@type":"SearchAction","target":{"@type":"EntryPoint","urlTemplate":"https:\/\/www.blogsoestado.com\/flaviobraga\/?s={search_term_string}"},"query-input":{"@type":"PropertyValueSpecification","valueRequired":true,"valueName":"search_term_string"}}],"inLanguage":"pt-BR"},{"@type":"Person","@id":"https:\/\/www.blogsoestado.com\/flaviobraga\/#\/schema\/person\/6c6c778331775c757a82d15206bd8733","name":"Flavio Braga","image":{"@type":"ImageObject","inLanguage":"pt-BR","@id":"https:\/\/www.blogsoestado.com\/flaviobraga\/#\/schema\/person\/image\/","url":"https:\/\/secure.gravatar.com\/avatar\/ab173937dad8d78195c87778be8a0285d069ede375ce0ae24aac1cf8e58ccb2c?s=96&d=mm&r=g","contentUrl":"https:\/\/secure.gravatar.com\/avatar\/ab173937dad8d78195c87778be8a0285d069ede375ce0ae24aac1cf8e58ccb2c?s=96&d=mm&r=g","caption":"Flavio Braga"},"url":"https:\/\/www.blogsoestado.com\/flaviobraga\/author\/flaviobraga\/"}]}},"jetpack_featured_media_url":"","_links":{"self":[{"href":"https:\/\/www.blogsoestado.com\/flaviobraga\/wp-json\/wp\/v2\/posts\/357","targetHints":{"allow":["GET"]}}],"collection":[{"href":"https:\/\/www.blogsoestado.com\/flaviobraga\/wp-json\/wp\/v2\/posts"}],"about":[{"href":"https:\/\/www.blogsoestado.com\/flaviobraga\/wp-json\/wp\/v2\/types\/post"}],"author":[{"embeddable":true,"href":"https:\/\/www.blogsoestado.com\/flaviobraga\/wp-json\/wp\/v2\/users\/8"}],"replies":[{"embeddable":true,"href":"https:\/\/www.blogsoestado.com\/flaviobraga\/wp-json\/wp\/v2\/comments?post=357"}],"version-history":[{"count":0,"href":"https:\/\/www.blogsoestado.com\/flaviobraga\/wp-json\/wp\/v2\/posts\/357\/revisions"}],"wp:attachment":[{"href":"https:\/\/www.blogsoestado.com\/flaviobraga\/wp-json\/wp\/v2\/media?parent=357"}],"wp:term":[{"taxonomy":"category","embeddable":true,"href":"https:\/\/www.blogsoestado.com\/flaviobraga\/wp-json\/wp\/v2\/categories?post=357"},{"taxonomy":"post_tag","embeddable":true,"href":"https:\/\/www.blogsoestado.com\/flaviobraga\/wp-json\/wp\/v2\/tags?post=357"}],"curies":[{"name":"wp","href":"https:\/\/api.w.org\/{rel}","templated":true}]}}