{"id":395,"date":"2010-07-15T13:28:38","date_gmt":"2010-07-15T16:28:38","guid":{"rendered":"https:\/\/www.blogsoestado.com\/flaviobraga\/?p=395"},"modified":"2010-07-15T13:28:38","modified_gmt":"2010-07-15T16:28:38","slug":"comeca-hoje-15-prazo-para-eleitor-informar-a-justica-eleitoral-intencao-de-votar-em-transito","status":"publish","type":"post","link":"https:\/\/www.blogsoestado.com\/flaviobraga\/comeca-hoje-15-prazo-para-eleitor-informar-a-justica-eleitoral-intencao-de-votar-em-transito\/","title":{"rendered":"Come\u00e7a hoje (15) prazo para eleitor informar \u00e0 Justi\u00e7a Eleitoral inten\u00e7\u00e3o de votar em tr\u00e2nsito"},"content":{"rendered":"<p style=\"text-align: justify\"><span style=\"font-family: 'Times New Roman';font-size: 12pt\"><img fetchpriority=\"high\" decoding=\"async\" class=\"alignleft size-full wp-image-396\" src=\"https:\/\/www.blogsoestado.com\/flaviobraga\/files\/2010\/07\/URNA1.jpg\" alt=\"URNA\" width=\"328\" height=\"163\" \/>\u00a0A partir desta quinta-feira (15), tem in\u00edcio o prazo para que o eleitor informe \u00e0 Justi\u00e7a Eleitoral em qual capital vai estar no dia da vota\u00e7\u00e3o, caso queira votar para presidente da Rep\u00fablica mesmo fora de seu domic\u00edlio eleitoral &#8211; o chamado voto em tr\u00e2nsito.<\/span><\/p>\n<p style=\"text-align: justify\"><span style=\"font-family: 'Times New Roman';font-size: 12pt\">Para isso, dever\u00e1 se dirigir, entre os dias 15 de julho e 15 de agosto, a qualquer cart\u00f3rio eleitoral do pa\u00eds, portando t\u00edtulo de eleitor e documento de identidade com fotografia. O TSE ressalta, por\u00e9m, que s\u00f3 ser\u00e3o aceitos pedidos de eleitores que estejam em dia com suas obriga\u00e7\u00f5es eleitorais.<\/span><\/p>\n<p style=\"text-align: justify\"><span style=\"font-family: 'Times New Roman';font-size: 12pt\">O voto em tr\u00e2nsito \u00e9 uma novidade das elei\u00e7\u00f5es 2010 e consiste na possibilidade de o eleitor escolher o chefe do poder Executivo nacional se souber, com anteced\u00eancia, que vai estar fora de seu domic\u00edlio eleitoral no dia do pleito, tanto no primeiro quanto no segundo turnos.<\/p>\n<p>A Resolu\u00e7\u00e3o 23.215\/2010, do Tribunal Superior Eleitoral (TSE), determina a instala\u00e7\u00e3o de se\u00e7\u00f5es especiais nas capitais dos estados para receber esses votos. A norma deixa claro que essa modalidade de vota\u00e7\u00e3o \u00e9 exclusiva para a elei\u00e7\u00e3o presidencial. Dessa forma, comparecendo para votar em tr\u00e2nsito na se\u00e7\u00e3o definida, o eleitor ter\u00e1 cumprido sua obriga\u00e7\u00e3o eleitoral, n\u00e3o precisando justificar a aus\u00eancia do voto para os demais cargos em disputa.<\/span><\/p>\n<p style=\"text-align: justify\"><strong><span style=\"font-size: 12pt\">Prazo<\/span><\/strong><span style=\"font-family: 'Times New Roman';font-size: 12pt\"><\/p>\n<p>Dentro do mesmo prazo, 15 de julho e 15 de agosto, o eleitor pode cancelar o pedido para habilita\u00e7\u00e3o do voto em tr\u00e2nsito, ou mesmo alterar a informa\u00e7\u00e3o sobre em qual capital pretende votar.<\/p>\n<p>Confirmada a habilita\u00e7\u00e3o e definida a se\u00e7\u00e3o especial para o voto em tr\u00e2nsito, o eleitor n\u00e3o poder\u00e1 votar em nenhuma outra se\u00e7\u00e3o, nem mesmo no seu domic\u00edlio eleitoral de origem. Portanto, n\u00e3o existe a possibilidade de votar no domicilio eleitoral e, uma segunda vez, no local informado para o voto em tr\u00e2nsito.<\/span><\/p>\n<p style=\"text-align: justify\"><strong><span style=\"font-size: 12pt\">Local de vota\u00e7\u00e3o<\/span><\/strong><\/p>\n<p style=\"text-align: justify\"><span style=\"font-family: 'Times New Roman';font-size: 12pt\">A partir de 5 de setembro, o eleitor habilitado a votar em tr\u00e2nsito poder\u00e1 consultar, na p\u00e1gina do TSE na internet, onde estar\u00e1 instalada a se\u00e7\u00e3o especial em que deve votar.<\/span><\/p>\n<p style=\"text-align: justify\"><strong><span style=\"font-size: 12pt\">Justificativa<\/span><\/strong><span style=\"font-family: 'Times New Roman';font-size: 12pt\"><\/p>\n<p>Na eventualidade de n\u00e3o poder comparecer no dia do pleito \u00e0 se\u00e7\u00e3o especial para votar em tr\u00e2nsito, o eleitor dever\u00e1 justificar sua aus\u00eancia em qualquer Mesa Receptora de Justificativas, inclusive no seu pr\u00f3prio domic\u00edlio eleitoral de origem, menos na capital onde indicou que pretendia votar. <\/span><\/p>\n","protected":false},"excerpt":{"rendered":"<p>\u00a0A partir desta quinta-feira (15), tem in\u00edcio o prazo para que o eleitor informe \u00e0 Justi\u00e7a Eleitoral em qual capital [&hellip;]<\/p>\n","protected":false},"author":8,"featured_media":0,"comment_status":"open","ping_status":"open","sticky":false,"template":"","format":"standard","meta":{"site-sidebar-layout":"default","site-content-layout":"","ast-site-content-layout":"default","site-content-style":"default","site-sidebar-style":"default","ast-global-header-display":"","ast-banner-title-visibility":"","ast-main-header-display":"","ast-hfb-above-header-display":"","ast-hfb-below-header-display":"","ast-hfb-mobile-header-display":"","site-post-title":"","ast-breadcrumbs-content":"","ast-featured-img":"","footer-sml-layout":"","ast-disable-related-posts":"","theme-transparent-header-meta":"","adv-header-id-meta":"","stick-header-meta":"","header-above-stick-meta":"","header-main-stick-meta":"","header-below-stick-meta":"","astra-migrate-meta-layouts":"default","ast-page-background-enabled":"default","ast-page-background-meta":{"desktop":{"background-color":"var(--ast-global-color-5)","background-image":"","background-repeat":"repeat","background-position":"center center","background-size":"auto","background-attachment":"scroll","background-type":"","background-media":"","overlay-type":"","overlay-color":"","overlay-opacity":"","overlay-gradient":""},"tablet":{"background-color":"","background-image":"","background-repeat":"repeat","background-position":"center center","background-size":"auto","background-attachment":"scroll","background-type":"","background-media":"","overlay-type":"","overlay-color":"","overlay-opacity":"","overlay-gradient":""},"mobile":{"background-color":"","background-image":"","background-repeat":"repeat","background-position":"center center","background-size":"auto","background-attachment":"scroll","background-type":"","background-media":"","overlay-type":"","overlay-color":"","overlay-opacity":"","overlay-gradient":""}},"ast-content-background-meta":{"desktop":{"background-color":"var(--ast-global-color-4)","background-image":"","background-repeat":"repeat","background-position":"center center","background-size":"auto","background-attachment":"scroll","background-type":"","background-media":"","overlay-type":"","overlay-color":"","overlay-opacity":"","overlay-gradient":""},"tablet":{"background-color":"var(--ast-global-color-4)","background-image":"","background-repeat":"repeat","background-position":"center center","background-size":"auto","background-attachment":"scroll","background-type":"","background-media":"","overlay-type":"","overlay-color":"","overlay-opacity":"","overlay-gradient":""},"mobile":{"background-color":"var(--ast-global-color-4)","background-image":"","background-repeat":"repeat","background-position":"center center","background-size":"auto","background-attachment":"scroll","background-type":"","background-media":"","overlay-type":"","overlay-color":"","overlay-opacity":"","overlay-gradient":""}},"footnotes":""},"categories":[1],"tags":[],"class_list":["post-395","post","type-post","status-publish","format-standard","hentry","category-sem-categoria"],"yoast_head":"<!-- This site is optimized with the Yoast SEO plugin v26.6 - https:\/\/yoast.com\/wordpress\/plugins\/seo\/ -->\n<title>Come\u00e7a hoje (15) prazo para eleitor informar \u00e0 Justi\u00e7a Eleitoral inten\u00e7\u00e3o de votar em tr\u00e2nsito - Fl\u00e1vio Braga<\/title>\n<meta name=\"robots\" content=\"index, follow, max-snippet:-1, max-image-preview:large, max-video-preview:-1\" \/>\n<link rel=\"canonical\" href=\"https:\/\/www.blogsoestado.com\/flaviobraga\/comeca-hoje-15-prazo-para-eleitor-informar-a-justica-eleitoral-intencao-de-votar-em-transito\/\" \/>\n<meta property=\"og:locale\" content=\"pt_BR\" \/>\n<meta property=\"og:type\" content=\"article\" \/>\n<meta property=\"og:title\" content=\"Come\u00e7a hoje (15) prazo para eleitor informar \u00e0 Justi\u00e7a Eleitoral inten\u00e7\u00e3o de votar em tr\u00e2nsito - Fl\u00e1vio Braga\" \/>\n<meta property=\"og:description\" content=\"\u00a0A partir desta quinta-feira (15), tem in\u00edcio o prazo para que o eleitor informe \u00e0 Justi\u00e7a Eleitoral em qual capital [&hellip;]\" \/>\n<meta property=\"og:url\" content=\"https:\/\/www.blogsoestado.com\/flaviobraga\/comeca-hoje-15-prazo-para-eleitor-informar-a-justica-eleitoral-intencao-de-votar-em-transito\/\" \/>\n<meta property=\"og:site_name\" content=\"Fl\u00e1vio Braga\" \/>\n<meta property=\"article:published_time\" content=\"2010-07-15T16:28:38+00:00\" \/>\n<meta property=\"og:image\" content=\"https:\/\/www.blogsoestado.com\/flaviobraga\/files\/2010\/07\/URNA1.jpg\" \/>\n<meta name=\"author\" content=\"Flavio Braga\" \/>\n<meta name=\"twitter:card\" content=\"summary_large_image\" \/>\n<meta name=\"twitter:label1\" content=\"Escrito por\" \/>\n\t<meta name=\"twitter:data1\" content=\"Flavio Braga\" \/>\n\t<meta name=\"twitter:label2\" content=\"Est. tempo de leitura\" \/>\n\t<meta name=\"twitter:data2\" content=\"2 minutos\" \/>\n<script type=\"application\/ld+json\" class=\"yoast-schema-graph\">{\"@context\":\"https:\/\/schema.org\",\"@graph\":[{\"@type\":\"WebPage\",\"@id\":\"https:\/\/www.blogsoestado.com\/flaviobraga\/comeca-hoje-15-prazo-para-eleitor-informar-a-justica-eleitoral-intencao-de-votar-em-transito\/\",\"url\":\"https:\/\/www.blogsoestado.com\/flaviobraga\/comeca-hoje-15-prazo-para-eleitor-informar-a-justica-eleitoral-intencao-de-votar-em-transito\/\",\"name\":\"Come\u00e7a hoje (15) prazo para eleitor informar \u00e0 Justi\u00e7a Eleitoral inten\u00e7\u00e3o de votar em tr\u00e2nsito - Fl\u00e1vio Braga\",\"isPartOf\":{\"@id\":\"https:\/\/www.blogsoestado.com\/flaviobraga\/#website\"},\"primaryImageOfPage\":{\"@id\":\"https:\/\/www.blogsoestado.com\/flaviobraga\/comeca-hoje-15-prazo-para-eleitor-informar-a-justica-eleitoral-intencao-de-votar-em-transito\/#primaryimage\"},\"image\":{\"@id\":\"https:\/\/www.blogsoestado.com\/flaviobraga\/comeca-hoje-15-prazo-para-eleitor-informar-a-justica-eleitoral-intencao-de-votar-em-transito\/#primaryimage\"},\"thumbnailUrl\":\"https:\/\/www.blogsoestado.com\/flaviobraga\/files\/2010\/07\/URNA1.jpg\",\"datePublished\":\"2010-07-15T16:28:38+00:00\",\"author\":{\"@id\":\"https:\/\/www.blogsoestado.com\/flaviobraga\/#\/schema\/person\/6c6c778331775c757a82d15206bd8733\"},\"breadcrumb\":{\"@id\":\"https:\/\/www.blogsoestado.com\/flaviobraga\/comeca-hoje-15-prazo-para-eleitor-informar-a-justica-eleitoral-intencao-de-votar-em-transito\/#breadcrumb\"},\"inLanguage\":\"pt-BR\",\"potentialAction\":[{\"@type\":\"ReadAction\",\"target\":[\"https:\/\/www.blogsoestado.com\/flaviobraga\/comeca-hoje-15-prazo-para-eleitor-informar-a-justica-eleitoral-intencao-de-votar-em-transito\/\"]}]},{\"@type\":\"ImageObject\",\"inLanguage\":\"pt-BR\",\"@id\":\"https:\/\/www.blogsoestado.com\/flaviobraga\/comeca-hoje-15-prazo-para-eleitor-informar-a-justica-eleitoral-intencao-de-votar-em-transito\/#primaryimage\",\"url\":\"https:\/\/www.blogsoestado.com\/flaviobraga\/files\/2010\/07\/URNA1.jpg\",\"contentUrl\":\"https:\/\/www.blogsoestado.com\/flaviobraga\/files\/2010\/07\/URNA1.jpg\"},{\"@type\":\"BreadcrumbList\",\"@id\":\"https:\/\/www.blogsoestado.com\/flaviobraga\/comeca-hoje-15-prazo-para-eleitor-informar-a-justica-eleitoral-intencao-de-votar-em-transito\/#breadcrumb\",\"itemListElement\":[{\"@type\":\"ListItem\",\"position\":1,\"name\":\"In\u00edcio\",\"item\":\"https:\/\/www.blogsoestado.com\/flaviobraga\/\"},{\"@type\":\"ListItem\",\"position\":2,\"name\":\"Come\u00e7a hoje (15) prazo para eleitor informar \u00e0 Justi\u00e7a Eleitoral inten\u00e7\u00e3o de votar em tr\u00e2nsito\"}]},{\"@type\":\"WebSite\",\"@id\":\"https:\/\/www.blogsoestado.com\/flaviobraga\/#website\",\"url\":\"https:\/\/www.blogsoestado.com\/flaviobraga\/\",\"name\":\"Fl\u00e1vio Braga\",\"description\":\"\",\"potentialAction\":[{\"@type\":\"SearchAction\",\"target\":{\"@type\":\"EntryPoint\",\"urlTemplate\":\"https:\/\/www.blogsoestado.com\/flaviobraga\/?s={search_term_string}\"},\"query-input\":{\"@type\":\"PropertyValueSpecification\",\"valueRequired\":true,\"valueName\":\"search_term_string\"}}],\"inLanguage\":\"pt-BR\"},{\"@type\":\"Person\",\"@id\":\"https:\/\/www.blogsoestado.com\/flaviobraga\/#\/schema\/person\/6c6c778331775c757a82d15206bd8733\",\"name\":\"Flavio Braga\",\"image\":{\"@type\":\"ImageObject\",\"inLanguage\":\"pt-BR\",\"@id\":\"https:\/\/www.blogsoestado.com\/flaviobraga\/#\/schema\/person\/image\/\",\"url\":\"https:\/\/secure.gravatar.com\/avatar\/ab173937dad8d78195c87778be8a0285d069ede375ce0ae24aac1cf8e58ccb2c?s=96&d=mm&r=g\",\"contentUrl\":\"https:\/\/secure.gravatar.com\/avatar\/ab173937dad8d78195c87778be8a0285d069ede375ce0ae24aac1cf8e58ccb2c?s=96&d=mm&r=g\",\"caption\":\"Flavio Braga\"},\"url\":\"https:\/\/www.blogsoestado.com\/flaviobraga\/author\/flaviobraga\/\"}]}<\/script>\n<!-- \/ Yoast SEO plugin. -->","yoast_head_json":{"title":"Come\u00e7a hoje (15) prazo para eleitor informar \u00e0 Justi\u00e7a Eleitoral inten\u00e7\u00e3o de votar em tr\u00e2nsito - Fl\u00e1vio Braga","robots":{"index":"index","follow":"follow","max-snippet":"max-snippet:-1","max-image-preview":"max-image-preview:large","max-video-preview":"max-video-preview:-1"},"canonical":"https:\/\/www.blogsoestado.com\/flaviobraga\/comeca-hoje-15-prazo-para-eleitor-informar-a-justica-eleitoral-intencao-de-votar-em-transito\/","og_locale":"pt_BR","og_type":"article","og_title":"Come\u00e7a hoje (15) prazo para eleitor informar \u00e0 Justi\u00e7a Eleitoral inten\u00e7\u00e3o de votar em tr\u00e2nsito - Fl\u00e1vio Braga","og_description":"\u00a0A partir desta quinta-feira (15), tem in\u00edcio o prazo para que o eleitor informe \u00e0 Justi\u00e7a Eleitoral em qual capital [&hellip;]","og_url":"https:\/\/www.blogsoestado.com\/flaviobraga\/comeca-hoje-15-prazo-para-eleitor-informar-a-justica-eleitoral-intencao-de-votar-em-transito\/","og_site_name":"Fl\u00e1vio Braga","article_published_time":"2010-07-15T16:28:38+00:00","og_image":[{"url":"https:\/\/www.blogsoestado.com\/flaviobraga\/files\/2010\/07\/URNA1.jpg","type":"","width":"","height":""}],"author":"Flavio Braga","twitter_card":"summary_large_image","twitter_misc":{"Escrito por":"Flavio Braga","Est. tempo de leitura":"2 minutos"},"schema":{"@context":"https:\/\/schema.org","@graph":[{"@type":"WebPage","@id":"https:\/\/www.blogsoestado.com\/flaviobraga\/comeca-hoje-15-prazo-para-eleitor-informar-a-justica-eleitoral-intencao-de-votar-em-transito\/","url":"https:\/\/www.blogsoestado.com\/flaviobraga\/comeca-hoje-15-prazo-para-eleitor-informar-a-justica-eleitoral-intencao-de-votar-em-transito\/","name":"Come\u00e7a hoje (15) prazo para eleitor informar \u00e0 Justi\u00e7a Eleitoral inten\u00e7\u00e3o de votar em tr\u00e2nsito - Fl\u00e1vio Braga","isPartOf":{"@id":"https:\/\/www.blogsoestado.com\/flaviobraga\/#website"},"primaryImageOfPage":{"@id":"https:\/\/www.blogsoestado.com\/flaviobraga\/comeca-hoje-15-prazo-para-eleitor-informar-a-justica-eleitoral-intencao-de-votar-em-transito\/#primaryimage"},"image":{"@id":"https:\/\/www.blogsoestado.com\/flaviobraga\/comeca-hoje-15-prazo-para-eleitor-informar-a-justica-eleitoral-intencao-de-votar-em-transito\/#primaryimage"},"thumbnailUrl":"https:\/\/www.blogsoestado.com\/flaviobraga\/files\/2010\/07\/URNA1.jpg","datePublished":"2010-07-15T16:28:38+00:00","author":{"@id":"https:\/\/www.blogsoestado.com\/flaviobraga\/#\/schema\/person\/6c6c778331775c757a82d15206bd8733"},"breadcrumb":{"@id":"https:\/\/www.blogsoestado.com\/flaviobraga\/comeca-hoje-15-prazo-para-eleitor-informar-a-justica-eleitoral-intencao-de-votar-em-transito\/#breadcrumb"},"inLanguage":"pt-BR","potentialAction":[{"@type":"ReadAction","target":["https:\/\/www.blogsoestado.com\/flaviobraga\/comeca-hoje-15-prazo-para-eleitor-informar-a-justica-eleitoral-intencao-de-votar-em-transito\/"]}]},{"@type":"ImageObject","inLanguage":"pt-BR","@id":"https:\/\/www.blogsoestado.com\/flaviobraga\/comeca-hoje-15-prazo-para-eleitor-informar-a-justica-eleitoral-intencao-de-votar-em-transito\/#primaryimage","url":"https:\/\/www.blogsoestado.com\/flaviobraga\/files\/2010\/07\/URNA1.jpg","contentUrl":"https:\/\/www.blogsoestado.com\/flaviobraga\/files\/2010\/07\/URNA1.jpg"},{"@type":"BreadcrumbList","@id":"https:\/\/www.blogsoestado.com\/flaviobraga\/comeca-hoje-15-prazo-para-eleitor-informar-a-justica-eleitoral-intencao-de-votar-em-transito\/#breadcrumb","itemListElement":[{"@type":"ListItem","position":1,"name":"In\u00edcio","item":"https:\/\/www.blogsoestado.com\/flaviobraga\/"},{"@type":"ListItem","position":2,"name":"Come\u00e7a hoje (15) prazo para eleitor informar \u00e0 Justi\u00e7a Eleitoral inten\u00e7\u00e3o de votar em tr\u00e2nsito"}]},{"@type":"WebSite","@id":"https:\/\/www.blogsoestado.com\/flaviobraga\/#website","url":"https:\/\/www.blogsoestado.com\/flaviobraga\/","name":"Fl\u00e1vio Braga","description":"","potentialAction":[{"@type":"SearchAction","target":{"@type":"EntryPoint","urlTemplate":"https:\/\/www.blogsoestado.com\/flaviobraga\/?s={search_term_string}"},"query-input":{"@type":"PropertyValueSpecification","valueRequired":true,"valueName":"search_term_string"}}],"inLanguage":"pt-BR"},{"@type":"Person","@id":"https:\/\/www.blogsoestado.com\/flaviobraga\/#\/schema\/person\/6c6c778331775c757a82d15206bd8733","name":"Flavio Braga","image":{"@type":"ImageObject","inLanguage":"pt-BR","@id":"https:\/\/www.blogsoestado.com\/flaviobraga\/#\/schema\/person\/image\/","url":"https:\/\/secure.gravatar.com\/avatar\/ab173937dad8d78195c87778be8a0285d069ede375ce0ae24aac1cf8e58ccb2c?s=96&d=mm&r=g","contentUrl":"https:\/\/secure.gravatar.com\/avatar\/ab173937dad8d78195c87778be8a0285d069ede375ce0ae24aac1cf8e58ccb2c?s=96&d=mm&r=g","caption":"Flavio Braga"},"url":"https:\/\/www.blogsoestado.com\/flaviobraga\/author\/flaviobraga\/"}]}},"jetpack_featured_media_url":"","_links":{"self":[{"href":"https:\/\/www.blogsoestado.com\/flaviobraga\/wp-json\/wp\/v2\/posts\/395","targetHints":{"allow":["GET"]}}],"collection":[{"href":"https:\/\/www.blogsoestado.com\/flaviobraga\/wp-json\/wp\/v2\/posts"}],"about":[{"href":"https:\/\/www.blogsoestado.com\/flaviobraga\/wp-json\/wp\/v2\/types\/post"}],"author":[{"embeddable":true,"href":"https:\/\/www.blogsoestado.com\/flaviobraga\/wp-json\/wp\/v2\/users\/8"}],"replies":[{"embeddable":true,"href":"https:\/\/www.blogsoestado.com\/flaviobraga\/wp-json\/wp\/v2\/comments?post=395"}],"version-history":[{"count":0,"href":"https:\/\/www.blogsoestado.com\/flaviobraga\/wp-json\/wp\/v2\/posts\/395\/revisions"}],"wp:attachment":[{"href":"https:\/\/www.blogsoestado.com\/flaviobraga\/wp-json\/wp\/v2\/media?parent=395"}],"wp:term":[{"taxonomy":"category","embeddable":true,"href":"https:\/\/www.blogsoestado.com\/flaviobraga\/wp-json\/wp\/v2\/categories?post=395"},{"taxonomy":"post_tag","embeddable":true,"href":"https:\/\/www.blogsoestado.com\/flaviobraga\/wp-json\/wp\/v2\/tags?post=395"}],"curies":[{"name":"wp","href":"https:\/\/api.w.org\/{rel}","templated":true}]}}