{"id":430,"date":"2010-07-20T08:33:58","date_gmt":"2010-07-20T11:33:58","guid":{"rendered":"https:\/\/www.blogsoestado.com\/flaviobraga\/?p=430"},"modified":"2010-07-20T08:33:58","modified_gmt":"2010-07-20T11:33:58","slug":"pt-ingressa-com-peticao-no-supremo-contra-vice-de-jose-serra-por-crimes-contra-a-honra","status":"publish","type":"post","link":"https:\/\/www.blogsoestado.com\/flaviobraga\/pt-ingressa-com-peticao-no-supremo-contra-vice-de-jose-serra-por-crimes-contra-a-honra\/","title":{"rendered":"PT ingressa com peti\u00e7\u00e3o no Supremo contra vice de Jos\u00e9 Serra por crimes contra a honra"},"content":{"rendered":"<p>O presidente do Partido dos Trabalhadores (PT), Jos\u00e9 Eduardo Dutra, noticiou ao Supremo Tribunal Federal (STF) a suposta pr\u00e1tica de crime contra a honra pelo deputado federal \u00cdndio da Costa (DEM-RJ).<\/p>\n<p>De acordo com a peti\u00e7\u00e3o, o parlamentar e candidato a vice de Jos\u00e9 Serra (PSDB-SP) teria feito declara\u00e7\u00f5es ofensivas ao PT e \u00e0 candidata a Presid\u00eancia Dilma Roussef por meio do portal eletr\u00f4nico \u201cMobiliza PSDB\u201d e pelo microblog Twitter.<\/p>\n<p>Assim que recebeu o pedido, o presidente do STF, ministro Cezar Peluso, o encaminhou ao procurador-geral da Rep\u00fablica, Roberto Gurgel, tal como foi solicitado.\u00a0O PT requereu o envio do documento \u00e0 PGR para as dilig\u00eancias que entender necess\u00e1rias, \u201dem especial para o oferecimento de den\u00fancia contra o deputado federal mencionado pela pr\u00e1tica dos crimes contra a honra da agremia\u00e7\u00e3o e de sua candidata \u00e0 Presid\u00eancia da Rep\u00fablica\u201d.<\/p>\n<p>Os advogados do PT sustentam que \u00cdndio da Costa acusou o partido de ser ligado ao narcotr\u00e1fico e guerrilheiros das For\u00e7as Armadas Revolucion\u00e1rias da Col\u00f4mbia (Farc). Sobre a candidata do partido, o parlamentar teria postado mensagens pelo Twitter referindo-se a ela como \u201cateia\u201d e \u201cesfinge do pau oco\u201d.<\/p>\n<p>\u00a0Devido a esses fatos, o PT aponta que o deputado \u201cincorreu em difama\u00e7\u00e3o (artigo 325 do C\u00f3digo Eleitoral), vez que lhe imputou fato ofensivo a sua reputa\u00e7\u00e3o, bem como em inj\u00fartia (artigo 326 do C\u00f3digo Eleitoral)\u201d.\u00a0<\/p>\n<p>A defesa argumenta, ainda, que as declara\u00e7\u00f5es t\u00eam o intuito de \u201cmacular a imagem da candidata e dos partidos opositores\u201d, ressaltando \u201co dolo no comportamento\u201d do parlamentar. Informa, tamb\u00e9m, que a peti\u00e7\u00e3o foi apresentada ao Supremo devido \u00e0 \u201cprerrogativa de foro\u201d do ofendido \u2013 deputado federal.<\/p>\n<p><strong>Observa\u00e7\u00e3o<\/strong>: mesmo nos casos de crimes eleitorais, a compet\u00eancia para processar e julgar deputados federal e senador\u00a0continua sendo do STF e n\u00e3o do TSE.<\/p>\n","protected":false},"excerpt":{"rendered":"<p>O presidente do Partido dos Trabalhadores (PT), Jos\u00e9 Eduardo Dutra, noticiou ao Supremo Tribunal Federal (STF) a suposta pr\u00e1tica de [&hellip;]<\/p>\n","protected":false},"author":8,"featured_media":0,"comment_status":"open","ping_status":"open","sticky":false,"template":"","format":"standard","meta":{"site-sidebar-layout":"default","site-content-layout":"","ast-site-content-layout":"default","site-content-style":"default","site-sidebar-style":"default","ast-global-header-display":"","ast-banner-title-visibility":"","ast-main-header-display":"","ast-hfb-above-header-display":"","ast-hfb-below-header-display":"","ast-hfb-mobile-header-display":"","site-post-title":"","ast-breadcrumbs-content":"","ast-featured-img":"","footer-sml-layout":"","ast-disable-related-posts":"","theme-transparent-header-meta":"","adv-header-id-meta":"","stick-header-meta":"","header-above-stick-meta":"","header-main-stick-meta":"","header-below-stick-meta":"","astra-migrate-meta-layouts":"default","ast-page-background-enabled":"default","ast-page-background-meta":{"desktop":{"background-color":"var(--ast-global-color-5)","background-image":"","background-repeat":"repeat","background-position":"center center","background-size":"auto","background-attachment":"scroll","background-type":"","background-media":"","overlay-type":"","overlay-color":"","overlay-opacity":"","overlay-gradient":""},"tablet":{"background-color":"","background-image":"","background-repeat":"repeat","background-position":"center center","background-size":"auto","background-attachment":"scroll","background-type":"","background-media":"","overlay-type":"","overlay-color":"","overlay-opacity":"","overlay-gradient":""},"mobile":{"background-color":"","background-image":"","background-repeat":"repeat","background-position":"center center","background-size":"auto","background-attachment":"scroll","background-type":"","background-media":"","overlay-type":"","overlay-color":"","overlay-opacity":"","overlay-gradient":""}},"ast-content-background-meta":{"desktop":{"background-color":"var(--ast-global-color-4)","background-image":"","background-repeat":"repeat","background-position":"center center","background-size":"auto","background-attachment":"scroll","background-type":"","background-media":"","overlay-type":"","overlay-color":"","overlay-opacity":"","overlay-gradient":""},"tablet":{"background-color":"var(--ast-global-color-4)","background-image":"","background-repeat":"repeat","background-position":"center center","background-size":"auto","background-attachment":"scroll","background-type":"","background-media":"","overlay-type":"","overlay-color":"","overlay-opacity":"","overlay-gradient":""},"mobile":{"background-color":"var(--ast-global-color-4)","background-image":"","background-repeat":"repeat","background-position":"center center","background-size":"auto","background-attachment":"scroll","background-type":"","background-media":"","overlay-type":"","overlay-color":"","overlay-opacity":"","overlay-gradient":""}},"footnotes":""},"categories":[1],"tags":[],"class_list":["post-430","post","type-post","status-publish","format-standard","hentry","category-sem-categoria"],"yoast_head":"<!-- This site is optimized with the Yoast SEO plugin v26.6 - https:\/\/yoast.com\/wordpress\/plugins\/seo\/ -->\n<title>PT ingressa com peti\u00e7\u00e3o no Supremo contra vice de Jos\u00e9 Serra por crimes contra a honra - Fl\u00e1vio Braga<\/title>\n<meta name=\"robots\" content=\"index, follow, max-snippet:-1, max-image-preview:large, max-video-preview:-1\" \/>\n<link rel=\"canonical\" href=\"https:\/\/www.blogsoestado.com\/flaviobraga\/pt-ingressa-com-peticao-no-supremo-contra-vice-de-jose-serra-por-crimes-contra-a-honra\/\" \/>\n<meta property=\"og:locale\" content=\"pt_BR\" \/>\n<meta property=\"og:type\" content=\"article\" \/>\n<meta property=\"og:title\" content=\"PT ingressa com peti\u00e7\u00e3o no Supremo contra vice de Jos\u00e9 Serra por crimes contra a honra - Fl\u00e1vio Braga\" \/>\n<meta property=\"og:description\" content=\"O presidente do Partido dos Trabalhadores (PT), Jos\u00e9 Eduardo Dutra, noticiou ao Supremo Tribunal Federal (STF) a suposta pr\u00e1tica de [&hellip;]\" \/>\n<meta property=\"og:url\" content=\"https:\/\/www.blogsoestado.com\/flaviobraga\/pt-ingressa-com-peticao-no-supremo-contra-vice-de-jose-serra-por-crimes-contra-a-honra\/\" \/>\n<meta property=\"og:site_name\" content=\"Fl\u00e1vio Braga\" \/>\n<meta property=\"article:published_time\" content=\"2010-07-20T11:33:58+00:00\" \/>\n<meta name=\"author\" content=\"Flavio Braga\" \/>\n<meta name=\"twitter:card\" content=\"summary_large_image\" \/>\n<meta name=\"twitter:label1\" content=\"Escrito por\" \/>\n\t<meta name=\"twitter:data1\" content=\"Flavio Braga\" \/>\n\t<meta name=\"twitter:label2\" content=\"Est. tempo de leitura\" \/>\n\t<meta name=\"twitter:data2\" content=\"2 minutos\" \/>\n<script type=\"application\/ld+json\" class=\"yoast-schema-graph\">{\"@context\":\"https:\/\/schema.org\",\"@graph\":[{\"@type\":\"WebPage\",\"@id\":\"https:\/\/www.blogsoestado.com\/flaviobraga\/pt-ingressa-com-peticao-no-supremo-contra-vice-de-jose-serra-por-crimes-contra-a-honra\/\",\"url\":\"https:\/\/www.blogsoestado.com\/flaviobraga\/pt-ingressa-com-peticao-no-supremo-contra-vice-de-jose-serra-por-crimes-contra-a-honra\/\",\"name\":\"PT ingressa com peti\u00e7\u00e3o no Supremo contra vice de Jos\u00e9 Serra por crimes contra a honra - Fl\u00e1vio Braga\",\"isPartOf\":{\"@id\":\"https:\/\/www.blogsoestado.com\/flaviobraga\/#website\"},\"datePublished\":\"2010-07-20T11:33:58+00:00\",\"author\":{\"@id\":\"https:\/\/www.blogsoestado.com\/flaviobraga\/#\/schema\/person\/6c6c778331775c757a82d15206bd8733\"},\"breadcrumb\":{\"@id\":\"https:\/\/www.blogsoestado.com\/flaviobraga\/pt-ingressa-com-peticao-no-supremo-contra-vice-de-jose-serra-por-crimes-contra-a-honra\/#breadcrumb\"},\"inLanguage\":\"pt-BR\",\"potentialAction\":[{\"@type\":\"ReadAction\",\"target\":[\"https:\/\/www.blogsoestado.com\/flaviobraga\/pt-ingressa-com-peticao-no-supremo-contra-vice-de-jose-serra-por-crimes-contra-a-honra\/\"]}]},{\"@type\":\"BreadcrumbList\",\"@id\":\"https:\/\/www.blogsoestado.com\/flaviobraga\/pt-ingressa-com-peticao-no-supremo-contra-vice-de-jose-serra-por-crimes-contra-a-honra\/#breadcrumb\",\"itemListElement\":[{\"@type\":\"ListItem\",\"position\":1,\"name\":\"In\u00edcio\",\"item\":\"https:\/\/www.blogsoestado.com\/flaviobraga\/\"},{\"@type\":\"ListItem\",\"position\":2,\"name\":\"PT ingressa com peti\u00e7\u00e3o no Supremo contra vice de Jos\u00e9 Serra por crimes contra a honra\"}]},{\"@type\":\"WebSite\",\"@id\":\"https:\/\/www.blogsoestado.com\/flaviobraga\/#website\",\"url\":\"https:\/\/www.blogsoestado.com\/flaviobraga\/\",\"name\":\"Fl\u00e1vio Braga\",\"description\":\"\",\"potentialAction\":[{\"@type\":\"SearchAction\",\"target\":{\"@type\":\"EntryPoint\",\"urlTemplate\":\"https:\/\/www.blogsoestado.com\/flaviobraga\/?s={search_term_string}\"},\"query-input\":{\"@type\":\"PropertyValueSpecification\",\"valueRequired\":true,\"valueName\":\"search_term_string\"}}],\"inLanguage\":\"pt-BR\"},{\"@type\":\"Person\",\"@id\":\"https:\/\/www.blogsoestado.com\/flaviobraga\/#\/schema\/person\/6c6c778331775c757a82d15206bd8733\",\"name\":\"Flavio Braga\",\"image\":{\"@type\":\"ImageObject\",\"inLanguage\":\"pt-BR\",\"@id\":\"https:\/\/www.blogsoestado.com\/flaviobraga\/#\/schema\/person\/image\/\",\"url\":\"https:\/\/secure.gravatar.com\/avatar\/ab173937dad8d78195c87778be8a0285d069ede375ce0ae24aac1cf8e58ccb2c?s=96&d=mm&r=g\",\"contentUrl\":\"https:\/\/secure.gravatar.com\/avatar\/ab173937dad8d78195c87778be8a0285d069ede375ce0ae24aac1cf8e58ccb2c?s=96&d=mm&r=g\",\"caption\":\"Flavio Braga\"},\"url\":\"https:\/\/www.blogsoestado.com\/flaviobraga\/author\/flaviobraga\/\"}]}<\/script>\n<!-- \/ Yoast SEO plugin. -->","yoast_head_json":{"title":"PT ingressa com peti\u00e7\u00e3o no Supremo contra vice de Jos\u00e9 Serra por crimes contra a honra - Fl\u00e1vio Braga","robots":{"index":"index","follow":"follow","max-snippet":"max-snippet:-1","max-image-preview":"max-image-preview:large","max-video-preview":"max-video-preview:-1"},"canonical":"https:\/\/www.blogsoestado.com\/flaviobraga\/pt-ingressa-com-peticao-no-supremo-contra-vice-de-jose-serra-por-crimes-contra-a-honra\/","og_locale":"pt_BR","og_type":"article","og_title":"PT ingressa com peti\u00e7\u00e3o no Supremo contra vice de Jos\u00e9 Serra por crimes contra a honra - Fl\u00e1vio Braga","og_description":"O presidente do Partido dos Trabalhadores (PT), Jos\u00e9 Eduardo Dutra, noticiou ao Supremo Tribunal Federal (STF) a suposta pr\u00e1tica de [&hellip;]","og_url":"https:\/\/www.blogsoestado.com\/flaviobraga\/pt-ingressa-com-peticao-no-supremo-contra-vice-de-jose-serra-por-crimes-contra-a-honra\/","og_site_name":"Fl\u00e1vio Braga","article_published_time":"2010-07-20T11:33:58+00:00","author":"Flavio Braga","twitter_card":"summary_large_image","twitter_misc":{"Escrito por":"Flavio Braga","Est. tempo de leitura":"2 minutos"},"schema":{"@context":"https:\/\/schema.org","@graph":[{"@type":"WebPage","@id":"https:\/\/www.blogsoestado.com\/flaviobraga\/pt-ingressa-com-peticao-no-supremo-contra-vice-de-jose-serra-por-crimes-contra-a-honra\/","url":"https:\/\/www.blogsoestado.com\/flaviobraga\/pt-ingressa-com-peticao-no-supremo-contra-vice-de-jose-serra-por-crimes-contra-a-honra\/","name":"PT ingressa com peti\u00e7\u00e3o no Supremo contra vice de Jos\u00e9 Serra por crimes contra a honra - Fl\u00e1vio Braga","isPartOf":{"@id":"https:\/\/www.blogsoestado.com\/flaviobraga\/#website"},"datePublished":"2010-07-20T11:33:58+00:00","author":{"@id":"https:\/\/www.blogsoestado.com\/flaviobraga\/#\/schema\/person\/6c6c778331775c757a82d15206bd8733"},"breadcrumb":{"@id":"https:\/\/www.blogsoestado.com\/flaviobraga\/pt-ingressa-com-peticao-no-supremo-contra-vice-de-jose-serra-por-crimes-contra-a-honra\/#breadcrumb"},"inLanguage":"pt-BR","potentialAction":[{"@type":"ReadAction","target":["https:\/\/www.blogsoestado.com\/flaviobraga\/pt-ingressa-com-peticao-no-supremo-contra-vice-de-jose-serra-por-crimes-contra-a-honra\/"]}]},{"@type":"BreadcrumbList","@id":"https:\/\/www.blogsoestado.com\/flaviobraga\/pt-ingressa-com-peticao-no-supremo-contra-vice-de-jose-serra-por-crimes-contra-a-honra\/#breadcrumb","itemListElement":[{"@type":"ListItem","position":1,"name":"In\u00edcio","item":"https:\/\/www.blogsoestado.com\/flaviobraga\/"},{"@type":"ListItem","position":2,"name":"PT ingressa com peti\u00e7\u00e3o no Supremo contra vice de Jos\u00e9 Serra por crimes contra a honra"}]},{"@type":"WebSite","@id":"https:\/\/www.blogsoestado.com\/flaviobraga\/#website","url":"https:\/\/www.blogsoestado.com\/flaviobraga\/","name":"Fl\u00e1vio Braga","description":"","potentialAction":[{"@type":"SearchAction","target":{"@type":"EntryPoint","urlTemplate":"https:\/\/www.blogsoestado.com\/flaviobraga\/?s={search_term_string}"},"query-input":{"@type":"PropertyValueSpecification","valueRequired":true,"valueName":"search_term_string"}}],"inLanguage":"pt-BR"},{"@type":"Person","@id":"https:\/\/www.blogsoestado.com\/flaviobraga\/#\/schema\/person\/6c6c778331775c757a82d15206bd8733","name":"Flavio Braga","image":{"@type":"ImageObject","inLanguage":"pt-BR","@id":"https:\/\/www.blogsoestado.com\/flaviobraga\/#\/schema\/person\/image\/","url":"https:\/\/secure.gravatar.com\/avatar\/ab173937dad8d78195c87778be8a0285d069ede375ce0ae24aac1cf8e58ccb2c?s=96&d=mm&r=g","contentUrl":"https:\/\/secure.gravatar.com\/avatar\/ab173937dad8d78195c87778be8a0285d069ede375ce0ae24aac1cf8e58ccb2c?s=96&d=mm&r=g","caption":"Flavio Braga"},"url":"https:\/\/www.blogsoestado.com\/flaviobraga\/author\/flaviobraga\/"}]}},"jetpack_featured_media_url":"","_links":{"self":[{"href":"https:\/\/www.blogsoestado.com\/flaviobraga\/wp-json\/wp\/v2\/posts\/430","targetHints":{"allow":["GET"]}}],"collection":[{"href":"https:\/\/www.blogsoestado.com\/flaviobraga\/wp-json\/wp\/v2\/posts"}],"about":[{"href":"https:\/\/www.blogsoestado.com\/flaviobraga\/wp-json\/wp\/v2\/types\/post"}],"author":[{"embeddable":true,"href":"https:\/\/www.blogsoestado.com\/flaviobraga\/wp-json\/wp\/v2\/users\/8"}],"replies":[{"embeddable":true,"href":"https:\/\/www.blogsoestado.com\/flaviobraga\/wp-json\/wp\/v2\/comments?post=430"}],"version-history":[{"count":0,"href":"https:\/\/www.blogsoestado.com\/flaviobraga\/wp-json\/wp\/v2\/posts\/430\/revisions"}],"wp:attachment":[{"href":"https:\/\/www.blogsoestado.com\/flaviobraga\/wp-json\/wp\/v2\/media?parent=430"}],"wp:term":[{"taxonomy":"category","embeddable":true,"href":"https:\/\/www.blogsoestado.com\/flaviobraga\/wp-json\/wp\/v2\/categories?post=430"},{"taxonomy":"post_tag","embeddable":true,"href":"https:\/\/www.blogsoestado.com\/flaviobraga\/wp-json\/wp\/v2\/tags?post=430"}],"curies":[{"name":"wp","href":"https:\/\/api.w.org\/{rel}","templated":true}]}}