{"id":491,"date":"2010-07-27T13:05:23","date_gmt":"2010-07-27T16:05:23","guid":{"rendered":"https:\/\/www.blogsoestado.com\/flaviobraga\/?p=491"},"modified":"2010-07-27T13:05:23","modified_gmt":"2010-07-27T16:05:23","slug":"trabalhador-tem-estabilidade-em-periodo-eleitoral-diz-tst","status":"publish","type":"post","link":"https:\/\/www.blogsoestado.com\/flaviobraga\/trabalhador-tem-estabilidade-em-periodo-eleitoral-diz-tst\/","title":{"rendered":"Trabalhador tem estabilidade em per\u00edodo eleitoral, diz TST"},"content":{"rendered":"<p style=\"text-align: justify\">Na \u00e9poca de elei\u00e7\u00f5es municipais, a proibi\u00e7\u00e3o legal de dispensa de trabalhador sem justa causa se aplica a qualquer agente p\u00fablico que tenha empregados no Munic\u00edpio, mesmo que o \u00f3rg\u00e3o seja da esfera estadual ou federal. \u00c9 o que prev\u00ea o inciso V do artigo 73 da Lei Eleitoral 9.504\/1997. Com base no dispositivo, a 7\u00aa Turma do Tribunal Superior do Trabalho concluiu que a Companhia Estadual de Energia El\u00e9trica, do Rio Grande do Sul, n\u00e3o poderia ter demitido uma de suas empregadas no per\u00edodo de elei\u00e7\u00f5es municipais.<\/p>\n<p style=\"text-align: justify\">A trabalhadora foi demitida em 3 de dezembro de 2004, depois da elei\u00e7\u00e3o municipal, mas antes da posse dos eleitos. Em princ\u00edpio, observou o relator\u00a0e presidente da Turma, ministro Pedro Paulo Manus,\u00a0ela teria direito \u00e0 estabilidade provis\u00f3ria at\u00e9 a posse dos eleitos e, por conseq\u00fc\u00eancia, ao recebimento das diferen\u00e7as salariais decorrentes. A quest\u00e3o pol\u00eamica era quanto \u00e0 abrang\u00eancia do termo &#8220;circunscri\u00e7\u00e3o do pleito&#8221;. Isto \u00e9, saber se, no caso de elei\u00e7\u00f5es municipais, as restri\u00e7\u00f5es da lei se aplicam tamb\u00e9m \u00e0 administra\u00e7\u00e3o estadual.<\/p>\n<p style=\"text-align: justify\">O relator esclareceu que a lei eleitoral pro\u00edbe a nomea\u00e7\u00e3o, contrata\u00e7\u00e3o, aumento ou supress\u00e3o de vantagem salarial e a demiss\u00e3o imotivada de funcion\u00e1rio na circunscri\u00e7\u00e3o do pleito, no prazo de tr\u00eas meses antes da elei\u00e7\u00e3o at\u00e9 a posse dos eleitos.<\/p>\n<p style=\"text-align: justify\">Para o relator, n\u00e3o h\u00e1 d\u00favida de que a veda\u00e7\u00e3o dirige-se a qualquer agente p\u00fablico que tenha empregados no munic\u00edpio onde ser\u00e1 feita a elei\u00e7\u00e3o \u2014 esse \u00e9 o sentido do termo &#8220;circunscri\u00e7\u00e3o do pleito&#8221;. Na medida em que \u00f3rg\u00e3os e entidades de \u00e2mbito estadual e at\u00e9 federal se envolvem, ainda que indiretamente, nas elei\u00e7\u00f5es municipais, tendo em vista interesses partid\u00e1rios, a estabilidade no emprego em per\u00edodo eleitoral deve ter a maior abrang\u00eancia poss\u00edvel, a fim de evitar press\u00f5es pol\u00edticas sobre o empregado.<\/p>\n<p style=\"text-align: justify\">Assim, a 7\u00aa Turma, por unanimidade, manteve o entendimento do TRT-4 quanto ao direito da empregada \u00e0 estabilidade provis\u00f3ria no per\u00edodo de elei\u00e7\u00f5es municipais, e aos cr\u00e9ditos salariais decorrentes do direito. E, por isso, negou provimento ao Recurso de Revista da empresa.<\/p>\n<p style=\"text-align: justify\"><em>(Com informa\u00e7\u00f5es da Assessoria de Imprensa do TST).<\/em><\/p>\n","protected":false},"excerpt":{"rendered":"<p>Na \u00e9poca de elei\u00e7\u00f5es municipais, a proibi\u00e7\u00e3o legal de dispensa de trabalhador sem justa causa se aplica a qualquer agente [&hellip;]<\/p>\n","protected":false},"author":8,"featured_media":0,"comment_status":"open","ping_status":"open","sticky":false,"template":"","format":"standard","meta":{"site-sidebar-layout":"default","site-content-layout":"","ast-site-content-layout":"default","site-content-style":"default","site-sidebar-style":"default","ast-global-header-display":"","ast-banner-title-visibility":"","ast-main-header-display":"","ast-hfb-above-header-display":"","ast-hfb-below-header-display":"","ast-hfb-mobile-header-display":"","site-post-title":"","ast-breadcrumbs-content":"","ast-featured-img":"","footer-sml-layout":"","ast-disable-related-posts":"","theme-transparent-header-meta":"","adv-header-id-meta":"","stick-header-meta":"","header-above-stick-meta":"","header-main-stick-meta":"","header-below-stick-meta":"","astra-migrate-meta-layouts":"default","ast-page-background-enabled":"default","ast-page-background-meta":{"desktop":{"background-color":"var(--ast-global-color-5)","background-image":"","background-repeat":"repeat","background-position":"center center","background-size":"auto","background-attachment":"scroll","background-type":"","background-media":"","overlay-type":"","overlay-color":"","overlay-opacity":"","overlay-gradient":""},"tablet":{"background-color":"","background-image":"","background-repeat":"repeat","background-position":"center center","background-size":"auto","background-attachment":"scroll","background-type":"","background-media":"","overlay-type":"","overlay-color":"","overlay-opacity":"","overlay-gradient":""},"mobile":{"background-color":"","background-image":"","background-repeat":"repeat","background-position":"center center","background-size":"auto","background-attachment":"scroll","background-type":"","background-media":"","overlay-type":"","overlay-color":"","overlay-opacity":"","overlay-gradient":""}},"ast-content-background-meta":{"desktop":{"background-color":"var(--ast-global-color-4)","background-image":"","background-repeat":"repeat","background-position":"center center","background-size":"auto","background-attachment":"scroll","background-type":"","background-media":"","overlay-type":"","overlay-color":"","overlay-opacity":"","overlay-gradient":""},"tablet":{"background-color":"var(--ast-global-color-4)","background-image":"","background-repeat":"repeat","background-position":"center center","background-size":"auto","background-attachment":"scroll","background-type":"","background-media":"","overlay-type":"","overlay-color":"","overlay-opacity":"","overlay-gradient":""},"mobile":{"background-color":"var(--ast-global-color-4)","background-image":"","background-repeat":"repeat","background-position":"center center","background-size":"auto","background-attachment":"scroll","background-type":"","background-media":"","overlay-type":"","overlay-color":"","overlay-opacity":"","overlay-gradient":""}},"footnotes":""},"categories":[1],"tags":[],"class_list":["post-491","post","type-post","status-publish","format-standard","hentry","category-sem-categoria"],"yoast_head":"<!-- This site is optimized with the Yoast SEO plugin v26.6 - https:\/\/yoast.com\/wordpress\/plugins\/seo\/ -->\n<title>Trabalhador tem estabilidade em per\u00edodo eleitoral, diz TST - Fl\u00e1vio Braga<\/title>\n<meta name=\"robots\" content=\"index, follow, max-snippet:-1, max-image-preview:large, max-video-preview:-1\" \/>\n<link rel=\"canonical\" href=\"https:\/\/www.blogsoestado.com\/flaviobraga\/trabalhador-tem-estabilidade-em-periodo-eleitoral-diz-tst\/\" \/>\n<meta property=\"og:locale\" content=\"pt_BR\" \/>\n<meta property=\"og:type\" content=\"article\" \/>\n<meta property=\"og:title\" content=\"Trabalhador tem estabilidade em per\u00edodo eleitoral, diz TST - Fl\u00e1vio Braga\" \/>\n<meta property=\"og:description\" content=\"Na \u00e9poca de elei\u00e7\u00f5es municipais, a proibi\u00e7\u00e3o legal de dispensa de trabalhador sem justa causa se aplica a qualquer agente [&hellip;]\" \/>\n<meta property=\"og:url\" content=\"https:\/\/www.blogsoestado.com\/flaviobraga\/trabalhador-tem-estabilidade-em-periodo-eleitoral-diz-tst\/\" \/>\n<meta property=\"og:site_name\" content=\"Fl\u00e1vio Braga\" \/>\n<meta property=\"article:published_time\" content=\"2010-07-27T16:05:23+00:00\" \/>\n<meta name=\"author\" content=\"Flavio Braga\" \/>\n<meta name=\"twitter:card\" content=\"summary_large_image\" \/>\n<meta name=\"twitter:label1\" content=\"Escrito por\" \/>\n\t<meta name=\"twitter:data1\" content=\"Flavio Braga\" \/>\n\t<meta name=\"twitter:label2\" content=\"Est. tempo de leitura\" \/>\n\t<meta name=\"twitter:data2\" content=\"2 minutos\" \/>\n<script type=\"application\/ld+json\" class=\"yoast-schema-graph\">{\"@context\":\"https:\/\/schema.org\",\"@graph\":[{\"@type\":\"WebPage\",\"@id\":\"https:\/\/www.blogsoestado.com\/flaviobraga\/trabalhador-tem-estabilidade-em-periodo-eleitoral-diz-tst\/\",\"url\":\"https:\/\/www.blogsoestado.com\/flaviobraga\/trabalhador-tem-estabilidade-em-periodo-eleitoral-diz-tst\/\",\"name\":\"Trabalhador tem estabilidade em per\u00edodo eleitoral, diz TST - Fl\u00e1vio Braga\",\"isPartOf\":{\"@id\":\"https:\/\/www.blogsoestado.com\/flaviobraga\/#website\"},\"datePublished\":\"2010-07-27T16:05:23+00:00\",\"author\":{\"@id\":\"https:\/\/www.blogsoestado.com\/flaviobraga\/#\/schema\/person\/6c6c778331775c757a82d15206bd8733\"},\"breadcrumb\":{\"@id\":\"https:\/\/www.blogsoestado.com\/flaviobraga\/trabalhador-tem-estabilidade-em-periodo-eleitoral-diz-tst\/#breadcrumb\"},\"inLanguage\":\"pt-BR\",\"potentialAction\":[{\"@type\":\"ReadAction\",\"target\":[\"https:\/\/www.blogsoestado.com\/flaviobraga\/trabalhador-tem-estabilidade-em-periodo-eleitoral-diz-tst\/\"]}]},{\"@type\":\"BreadcrumbList\",\"@id\":\"https:\/\/www.blogsoestado.com\/flaviobraga\/trabalhador-tem-estabilidade-em-periodo-eleitoral-diz-tst\/#breadcrumb\",\"itemListElement\":[{\"@type\":\"ListItem\",\"position\":1,\"name\":\"In\u00edcio\",\"item\":\"https:\/\/www.blogsoestado.com\/flaviobraga\/\"},{\"@type\":\"ListItem\",\"position\":2,\"name\":\"Trabalhador tem estabilidade em per\u00edodo eleitoral, diz TST\"}]},{\"@type\":\"WebSite\",\"@id\":\"https:\/\/www.blogsoestado.com\/flaviobraga\/#website\",\"url\":\"https:\/\/www.blogsoestado.com\/flaviobraga\/\",\"name\":\"Fl\u00e1vio Braga\",\"description\":\"\",\"potentialAction\":[{\"@type\":\"SearchAction\",\"target\":{\"@type\":\"EntryPoint\",\"urlTemplate\":\"https:\/\/www.blogsoestado.com\/flaviobraga\/?s={search_term_string}\"},\"query-input\":{\"@type\":\"PropertyValueSpecification\",\"valueRequired\":true,\"valueName\":\"search_term_string\"}}],\"inLanguage\":\"pt-BR\"},{\"@type\":\"Person\",\"@id\":\"https:\/\/www.blogsoestado.com\/flaviobraga\/#\/schema\/person\/6c6c778331775c757a82d15206bd8733\",\"name\":\"Flavio Braga\",\"image\":{\"@type\":\"ImageObject\",\"inLanguage\":\"pt-BR\",\"@id\":\"https:\/\/www.blogsoestado.com\/flaviobraga\/#\/schema\/person\/image\/\",\"url\":\"https:\/\/secure.gravatar.com\/avatar\/ab173937dad8d78195c87778be8a0285d069ede375ce0ae24aac1cf8e58ccb2c?s=96&d=mm&r=g\",\"contentUrl\":\"https:\/\/secure.gravatar.com\/avatar\/ab173937dad8d78195c87778be8a0285d069ede375ce0ae24aac1cf8e58ccb2c?s=96&d=mm&r=g\",\"caption\":\"Flavio Braga\"},\"url\":\"https:\/\/www.blogsoestado.com\/flaviobraga\/author\/flaviobraga\/\"}]}<\/script>\n<!-- \/ Yoast SEO plugin. -->","yoast_head_json":{"title":"Trabalhador tem estabilidade em per\u00edodo eleitoral, diz TST - Fl\u00e1vio Braga","robots":{"index":"index","follow":"follow","max-snippet":"max-snippet:-1","max-image-preview":"max-image-preview:large","max-video-preview":"max-video-preview:-1"},"canonical":"https:\/\/www.blogsoestado.com\/flaviobraga\/trabalhador-tem-estabilidade-em-periodo-eleitoral-diz-tst\/","og_locale":"pt_BR","og_type":"article","og_title":"Trabalhador tem estabilidade em per\u00edodo eleitoral, diz TST - Fl\u00e1vio Braga","og_description":"Na \u00e9poca de elei\u00e7\u00f5es municipais, a proibi\u00e7\u00e3o legal de dispensa de trabalhador sem justa causa se aplica a qualquer agente [&hellip;]","og_url":"https:\/\/www.blogsoestado.com\/flaviobraga\/trabalhador-tem-estabilidade-em-periodo-eleitoral-diz-tst\/","og_site_name":"Fl\u00e1vio Braga","article_published_time":"2010-07-27T16:05:23+00:00","author":"Flavio Braga","twitter_card":"summary_large_image","twitter_misc":{"Escrito por":"Flavio Braga","Est. tempo de leitura":"2 minutos"},"schema":{"@context":"https:\/\/schema.org","@graph":[{"@type":"WebPage","@id":"https:\/\/www.blogsoestado.com\/flaviobraga\/trabalhador-tem-estabilidade-em-periodo-eleitoral-diz-tst\/","url":"https:\/\/www.blogsoestado.com\/flaviobraga\/trabalhador-tem-estabilidade-em-periodo-eleitoral-diz-tst\/","name":"Trabalhador tem estabilidade em per\u00edodo eleitoral, diz TST - Fl\u00e1vio Braga","isPartOf":{"@id":"https:\/\/www.blogsoestado.com\/flaviobraga\/#website"},"datePublished":"2010-07-27T16:05:23+00:00","author":{"@id":"https:\/\/www.blogsoestado.com\/flaviobraga\/#\/schema\/person\/6c6c778331775c757a82d15206bd8733"},"breadcrumb":{"@id":"https:\/\/www.blogsoestado.com\/flaviobraga\/trabalhador-tem-estabilidade-em-periodo-eleitoral-diz-tst\/#breadcrumb"},"inLanguage":"pt-BR","potentialAction":[{"@type":"ReadAction","target":["https:\/\/www.blogsoestado.com\/flaviobraga\/trabalhador-tem-estabilidade-em-periodo-eleitoral-diz-tst\/"]}]},{"@type":"BreadcrumbList","@id":"https:\/\/www.blogsoestado.com\/flaviobraga\/trabalhador-tem-estabilidade-em-periodo-eleitoral-diz-tst\/#breadcrumb","itemListElement":[{"@type":"ListItem","position":1,"name":"In\u00edcio","item":"https:\/\/www.blogsoestado.com\/flaviobraga\/"},{"@type":"ListItem","position":2,"name":"Trabalhador tem estabilidade em per\u00edodo eleitoral, diz TST"}]},{"@type":"WebSite","@id":"https:\/\/www.blogsoestado.com\/flaviobraga\/#website","url":"https:\/\/www.blogsoestado.com\/flaviobraga\/","name":"Fl\u00e1vio Braga","description":"","potentialAction":[{"@type":"SearchAction","target":{"@type":"EntryPoint","urlTemplate":"https:\/\/www.blogsoestado.com\/flaviobraga\/?s={search_term_string}"},"query-input":{"@type":"PropertyValueSpecification","valueRequired":true,"valueName":"search_term_string"}}],"inLanguage":"pt-BR"},{"@type":"Person","@id":"https:\/\/www.blogsoestado.com\/flaviobraga\/#\/schema\/person\/6c6c778331775c757a82d15206bd8733","name":"Flavio Braga","image":{"@type":"ImageObject","inLanguage":"pt-BR","@id":"https:\/\/www.blogsoestado.com\/flaviobraga\/#\/schema\/person\/image\/","url":"https:\/\/secure.gravatar.com\/avatar\/ab173937dad8d78195c87778be8a0285d069ede375ce0ae24aac1cf8e58ccb2c?s=96&d=mm&r=g","contentUrl":"https:\/\/secure.gravatar.com\/avatar\/ab173937dad8d78195c87778be8a0285d069ede375ce0ae24aac1cf8e58ccb2c?s=96&d=mm&r=g","caption":"Flavio Braga"},"url":"https:\/\/www.blogsoestado.com\/flaviobraga\/author\/flaviobraga\/"}]}},"jetpack_featured_media_url":"","_links":{"self":[{"href":"https:\/\/www.blogsoestado.com\/flaviobraga\/wp-json\/wp\/v2\/posts\/491","targetHints":{"allow":["GET"]}}],"collection":[{"href":"https:\/\/www.blogsoestado.com\/flaviobraga\/wp-json\/wp\/v2\/posts"}],"about":[{"href":"https:\/\/www.blogsoestado.com\/flaviobraga\/wp-json\/wp\/v2\/types\/post"}],"author":[{"embeddable":true,"href":"https:\/\/www.blogsoestado.com\/flaviobraga\/wp-json\/wp\/v2\/users\/8"}],"replies":[{"embeddable":true,"href":"https:\/\/www.blogsoestado.com\/flaviobraga\/wp-json\/wp\/v2\/comments?post=491"}],"version-history":[{"count":0,"href":"https:\/\/www.blogsoestado.com\/flaviobraga\/wp-json\/wp\/v2\/posts\/491\/revisions"}],"wp:attachment":[{"href":"https:\/\/www.blogsoestado.com\/flaviobraga\/wp-json\/wp\/v2\/media?parent=491"}],"wp:term":[{"taxonomy":"category","embeddable":true,"href":"https:\/\/www.blogsoestado.com\/flaviobraga\/wp-json\/wp\/v2\/categories?post=491"},{"taxonomy":"post_tag","embeddable":true,"href":"https:\/\/www.blogsoestado.com\/flaviobraga\/wp-json\/wp\/v2\/tags?post=491"}],"curies":[{"name":"wp","href":"https:\/\/api.w.org\/{rel}","templated":true}]}}