{"id":493,"date":"2010-07-27T13:22:18","date_gmt":"2010-07-27T16:22:18","guid":{"rendered":"https:\/\/www.blogsoestado.com\/flaviobraga\/?p=493"},"modified":"2010-07-27T13:22:18","modified_gmt":"2010-07-27T16:22:18","slug":"para-ajufe-supremo-e-um-tribunal-de-advogados","status":"publish","type":"post","link":"https:\/\/www.blogsoestado.com\/flaviobraga\/para-ajufe-supremo-e-um-tribunal-de-advogados\/","title":{"rendered":"Para Ajufe, Supremo \u00e9 um tribunal de advogados"},"content":{"rendered":"<p><img fetchpriority=\"high\" decoding=\"async\" class=\"alignleft size-full wp-image-494\" src=\"https:\/\/www.blogsoestado.com\/flaviobraga\/files\/2010\/07\/stf_01.jpg\" alt=\"stf_01\" width=\"284\" height=\"187\" \/>\u00a0\u00a0\u201cCausa-nos preocupa\u00e7\u00e3o quando olhamos a foto da atual composi\u00e7\u00e3o do Supremo Tribunal Federal e percebemos que h\u00e1 apenas um juiz de carreira\u201d. A frase \u00e9 do presidente da Associa\u00e7\u00e3o dos Ju\u00edzes Federais do Brasil (Ajufe), Gabriel Wedy, para justificar os motivos de a entidade estar em campanha para que o presidente da Rep\u00fablica, Luiz In\u00e1cio Lula da Silva, escolha um juiz federal para a vaga do ministro Eros Grau, que se aposenta at\u00e9 o dia 19 de agosto.<\/p>\n<p>Wedy n\u00e3o mede as palavras. Para ele, \u00e9 \u201cnefasto para a Rep\u00fablica\u201d que se abra m\u00e3o da experi\u00eancia de ju\u00edzes federais no STF. \u201cClaro que temos grandes ministros vindos da OAB e do Minist\u00e9rio P\u00fablico, mas a experi\u00eancia do magistrado de carreira \u00e9 fundamental. \u00c9 triste que n\u00e3o tenhamos representatividade de ju\u00edzes de carreira no Supremo. Que ele seja composto, em sua ampla maioria, por advogados. Um tribunal de advogados\u201d, fala em tom de den\u00fancia.<\/p>\n<p>S\u00e3o cinco os ministros do Supremo que exerceram a advocacia por razo\u00e1veis per\u00edodos antes de se tornarem ju\u00edzes: Carlos Britto, C\u00e1rmen L\u00facia, Dias Toffoli, Eros Grau e Ricardo Lewandowski. O ministro Lewandowski, advogou por 16 anos, mas foi desembargador do Tribunal de Justi\u00e7a de S\u00e3o Paulo por outros 16 anos antes de assumir o posto no STF.<\/p>\n<p>A ministra Ellen Gracie e o ministro Marco Aur\u00e9lio tamb\u00e9m exerceram a advocacia no in\u00edcio de suas carreiras, mas logo integraram as fileiras do Minist\u00e9rio P\u00fablico, de onde foram al\u00e7ados a postos de ju\u00edzes em tribunais colegiados por meio do quinto constitucional.<\/p>\n<p>Ellen foi ju\u00edza do Tribunal Regional Federal da 4\u00aa Regi\u00e3o por 11 anos. Marco Aur\u00e9lio julgou por tr\u00eas anos no Tribunal Regional do Trabalho da 1\u00aa Regi\u00e3o e comp\u00f4s o Tribunal Superior do Trabalho por nove anos. Outros tr\u00eas ministros s\u00e3o oriundos do servi\u00e7o p\u00fablico ou do Minist\u00e9rio P\u00fablico. O atual presidente, ministro Cezar Peluso, \u00e9 juiz de carreira, mas da Justi\u00e7a estadual.<\/p>\n<p>O presidente da Ajufe admite que o Supremo n\u00e3o \u00e9 menos qualificado por n\u00e3o ter ju\u00edzes federais em sua composi\u00e7\u00e3o, mas diz que a falta de magistrados federais torna a Corte \u201cmenos democr\u00e1tica e menos plural\u201d. Wedy reconhece que a bagagem jur\u00eddica dos atuais ministros que comp\u00f5em o STF \u00e9 \u201cinquestion\u00e1vel\u201d, mas isso n\u00e3o basta, em sua opini\u00e3o.<\/p>\n<p>\u201cQuando n\u00f3s transformamos um tribunal em um tribunal da OAB, ser\u00e1 que a popula\u00e7\u00e3o est\u00e1 segura?\u201d, questiona. \u201cSoa estranho que o tribunal m\u00e1ximo do pa\u00eds seja composto por ju\u00edzes que ao longo de suas vidas n\u00e3o foram ju\u00edzes. Foram advogados ou representantes do Minist\u00e9rio P\u00fablico\u201d, afirma o presidente da Ajufe.<\/p>\n<p>Diante dos argumentos do presidente da Ajufe, coloca-se a quest\u00e3o: n\u00e3o \u00e9 melhor que se escolham os ministros do Supremo por seu not\u00f3rio saber jur\u00eddico e n\u00e3o porque representam essa ou aquela categoria? Wedy, ent\u00e3o, defende a campanha de sua associa\u00e7\u00e3o: \u201cIsso n\u00e3o \u00e9 uma a\u00e7\u00e3o corporativa, mas sim em benef\u00edcio da sociedade. Nos \u00faltimos tempos tivemos decis\u00f5es paradigm\u00e1ticas, sejam no \u00e2mbito do tr\u00e1fico de drogas, sejam na condena\u00e7\u00e3o de l\u00edderes do PCC, todas tomadas por ju\u00edzes federais\u201d.<\/p>\n<p><strong>Lista s\u00eaxtupla<\/strong><\/p>\n<p>A Ajufe pretende entregar nas pr\u00f3ximas semanas ao presidente Lula os curr\u00edculos dos seis ju\u00edzes que foram escolhidos por seus pares para integrar o Supremo como representantes dos ju\u00edzes federais. A lista com os nomes escolhidos foi encaminhada por of\u00edcio na semana passada. S\u00e3o eles: Fausto Martin De Sanctis, Leomar Barros Amorim de Sousa, Odilon de Oliveira, Reynaldo Soares da Fonseca, Ricardo C\u00e9sar Mandarino Barreto e o ministro do STJ Teori Albino Zavascki.<\/p>\n<p>A lista foi entregue em ordem alfab\u00e9tica, para n\u00e3o privilegiar ningu\u00e9m. Votaram na pesquisa 1.008 juizes federais &#8211; segundo dados do CNJ, os magistrados federais de primeira e segunda inst\u00e2ncia eram 1.212, em 2008. Odilon de Oliveira e Fausto de Sanctis, dois ju\u00edzes com forte presen\u00e7a na m\u00eddia, foram os mais votados: tiveram 67 e\u00a0 62 votos respectivamente. Segundo o presidente da Ajufe, a elei\u00e7\u00e3o foi direta, sem a interfer\u00eancia da entidade.<\/p>\n","protected":false},"excerpt":{"rendered":"<p>\u00a0\u00a0\u201cCausa-nos preocupa\u00e7\u00e3o quando olhamos a foto da atual composi\u00e7\u00e3o do Supremo Tribunal Federal e percebemos que h\u00e1 apenas um juiz [&hellip;]<\/p>\n","protected":false},"author":8,"featured_media":0,"comment_status":"open","ping_status":"open","sticky":false,"template":"","format":"standard","meta":{"site-sidebar-layout":"default","site-content-layout":"","ast-site-content-layout":"default","site-content-style":"default","site-sidebar-style":"default","ast-global-header-display":"","ast-banner-title-visibility":"","ast-main-header-display":"","ast-hfb-above-header-display":"","ast-hfb-below-header-display":"","ast-hfb-mobile-header-display":"","site-post-title":"","ast-breadcrumbs-content":"","ast-featured-img":"","footer-sml-layout":"","ast-disable-related-posts":"","theme-transparent-header-meta":"","adv-header-id-meta":"","stick-header-meta":"","header-above-stick-meta":"","header-main-stick-meta":"","header-below-stick-meta":"","astra-migrate-meta-layouts":"default","ast-page-background-enabled":"default","ast-page-background-meta":{"desktop":{"background-color":"var(--ast-global-color-5)","background-image":"","background-repeat":"repeat","background-position":"center center","background-size":"auto","background-attachment":"scroll","background-type":"","background-media":"","overlay-type":"","overlay-color":"","overlay-opacity":"","overlay-gradient":""},"tablet":{"background-color":"","background-image":"","background-repeat":"repeat","background-position":"center center","background-size":"auto","background-attachment":"scroll","background-type":"","background-media":"","overlay-type":"","overlay-color":"","overlay-opacity":"","overlay-gradient":""},"mobile":{"background-color":"","background-image":"","background-repeat":"repeat","background-position":"center center","background-size":"auto","background-attachment":"scroll","background-type":"","background-media":"","overlay-type":"","overlay-color":"","overlay-opacity":"","overlay-gradient":""}},"ast-content-background-meta":{"desktop":{"background-color":"var(--ast-global-color-4)","background-image":"","background-repeat":"repeat","background-position":"center center","background-size":"auto","background-attachment":"scroll","background-type":"","background-media":"","overlay-type":"","overlay-color":"","overlay-opacity":"","overlay-gradient":""},"tablet":{"background-color":"var(--ast-global-color-4)","background-image":"","background-repeat":"repeat","background-position":"center center","background-size":"auto","background-attachment":"scroll","background-type":"","background-media":"","overlay-type":"","overlay-color":"","overlay-opacity":"","overlay-gradient":""},"mobile":{"background-color":"var(--ast-global-color-4)","background-image":"","background-repeat":"repeat","background-position":"center center","background-size":"auto","background-attachment":"scroll","background-type":"","background-media":"","overlay-type":"","overlay-color":"","overlay-opacity":"","overlay-gradient":""}},"footnotes":""},"categories":[1],"tags":[],"class_list":["post-493","post","type-post","status-publish","format-standard","hentry","category-sem-categoria"],"yoast_head":"<!-- This site is optimized with the Yoast SEO plugin v26.6 - https:\/\/yoast.com\/wordpress\/plugins\/seo\/ -->\n<title>Para Ajufe, Supremo \u00e9 um tribunal de advogados - Fl\u00e1vio Braga<\/title>\n<meta name=\"robots\" content=\"index, follow, max-snippet:-1, max-image-preview:large, max-video-preview:-1\" \/>\n<link rel=\"canonical\" href=\"https:\/\/www.blogsoestado.com\/flaviobraga\/para-ajufe-supremo-e-um-tribunal-de-advogados\/\" \/>\n<meta property=\"og:locale\" content=\"pt_BR\" \/>\n<meta property=\"og:type\" content=\"article\" \/>\n<meta property=\"og:title\" content=\"Para Ajufe, Supremo \u00e9 um tribunal de advogados - Fl\u00e1vio Braga\" \/>\n<meta property=\"og:description\" content=\"\u00a0\u00a0\u201cCausa-nos preocupa\u00e7\u00e3o quando olhamos a foto da atual composi\u00e7\u00e3o do Supremo Tribunal Federal e percebemos que h\u00e1 apenas um juiz [&hellip;]\" \/>\n<meta property=\"og:url\" content=\"https:\/\/www.blogsoestado.com\/flaviobraga\/para-ajufe-supremo-e-um-tribunal-de-advogados\/\" \/>\n<meta property=\"og:site_name\" content=\"Fl\u00e1vio Braga\" \/>\n<meta property=\"article:published_time\" content=\"2010-07-27T16:22:18+00:00\" \/>\n<meta property=\"og:image\" content=\"https:\/\/www.blogsoestado.com\/flaviobraga\/files\/2010\/07\/stf_01.jpg\" \/>\n<meta name=\"author\" content=\"Flavio Braga\" \/>\n<meta name=\"twitter:card\" content=\"summary_large_image\" \/>\n<meta name=\"twitter:label1\" content=\"Escrito por\" \/>\n\t<meta name=\"twitter:data1\" content=\"Flavio Braga\" \/>\n\t<meta name=\"twitter:label2\" content=\"Est. tempo de leitura\" \/>\n\t<meta name=\"twitter:data2\" content=\"4 minutos\" \/>\n<script type=\"application\/ld+json\" class=\"yoast-schema-graph\">{\"@context\":\"https:\/\/schema.org\",\"@graph\":[{\"@type\":\"WebPage\",\"@id\":\"https:\/\/www.blogsoestado.com\/flaviobraga\/para-ajufe-supremo-e-um-tribunal-de-advogados\/\",\"url\":\"https:\/\/www.blogsoestado.com\/flaviobraga\/para-ajufe-supremo-e-um-tribunal-de-advogados\/\",\"name\":\"Para Ajufe, Supremo \u00e9 um tribunal de advogados - Fl\u00e1vio Braga\",\"isPartOf\":{\"@id\":\"https:\/\/www.blogsoestado.com\/flaviobraga\/#website\"},\"primaryImageOfPage\":{\"@id\":\"https:\/\/www.blogsoestado.com\/flaviobraga\/para-ajufe-supremo-e-um-tribunal-de-advogados\/#primaryimage\"},\"image\":{\"@id\":\"https:\/\/www.blogsoestado.com\/flaviobraga\/para-ajufe-supremo-e-um-tribunal-de-advogados\/#primaryimage\"},\"thumbnailUrl\":\"https:\/\/www.blogsoestado.com\/flaviobraga\/files\/2010\/07\/stf_01.jpg\",\"datePublished\":\"2010-07-27T16:22:18+00:00\",\"author\":{\"@id\":\"https:\/\/www.blogsoestado.com\/flaviobraga\/#\/schema\/person\/6c6c778331775c757a82d15206bd8733\"},\"breadcrumb\":{\"@id\":\"https:\/\/www.blogsoestado.com\/flaviobraga\/para-ajufe-supremo-e-um-tribunal-de-advogados\/#breadcrumb\"},\"inLanguage\":\"pt-BR\",\"potentialAction\":[{\"@type\":\"ReadAction\",\"target\":[\"https:\/\/www.blogsoestado.com\/flaviobraga\/para-ajufe-supremo-e-um-tribunal-de-advogados\/\"]}]},{\"@type\":\"ImageObject\",\"inLanguage\":\"pt-BR\",\"@id\":\"https:\/\/www.blogsoestado.com\/flaviobraga\/para-ajufe-supremo-e-um-tribunal-de-advogados\/#primaryimage\",\"url\":\"https:\/\/www.blogsoestado.com\/flaviobraga\/files\/2010\/07\/stf_01.jpg\",\"contentUrl\":\"https:\/\/www.blogsoestado.com\/flaviobraga\/files\/2010\/07\/stf_01.jpg\"},{\"@type\":\"BreadcrumbList\",\"@id\":\"https:\/\/www.blogsoestado.com\/flaviobraga\/para-ajufe-supremo-e-um-tribunal-de-advogados\/#breadcrumb\",\"itemListElement\":[{\"@type\":\"ListItem\",\"position\":1,\"name\":\"In\u00edcio\",\"item\":\"https:\/\/www.blogsoestado.com\/flaviobraga\/\"},{\"@type\":\"ListItem\",\"position\":2,\"name\":\"Para Ajufe, Supremo \u00e9 um tribunal de advogados\"}]},{\"@type\":\"WebSite\",\"@id\":\"https:\/\/www.blogsoestado.com\/flaviobraga\/#website\",\"url\":\"https:\/\/www.blogsoestado.com\/flaviobraga\/\",\"name\":\"Fl\u00e1vio Braga\",\"description\":\"\",\"potentialAction\":[{\"@type\":\"SearchAction\",\"target\":{\"@type\":\"EntryPoint\",\"urlTemplate\":\"https:\/\/www.blogsoestado.com\/flaviobraga\/?s={search_term_string}\"},\"query-input\":{\"@type\":\"PropertyValueSpecification\",\"valueRequired\":true,\"valueName\":\"search_term_string\"}}],\"inLanguage\":\"pt-BR\"},{\"@type\":\"Person\",\"@id\":\"https:\/\/www.blogsoestado.com\/flaviobraga\/#\/schema\/person\/6c6c778331775c757a82d15206bd8733\",\"name\":\"Flavio Braga\",\"image\":{\"@type\":\"ImageObject\",\"inLanguage\":\"pt-BR\",\"@id\":\"https:\/\/www.blogsoestado.com\/flaviobraga\/#\/schema\/person\/image\/\",\"url\":\"https:\/\/secure.gravatar.com\/avatar\/ab173937dad8d78195c87778be8a0285d069ede375ce0ae24aac1cf8e58ccb2c?s=96&d=mm&r=g\",\"contentUrl\":\"https:\/\/secure.gravatar.com\/avatar\/ab173937dad8d78195c87778be8a0285d069ede375ce0ae24aac1cf8e58ccb2c?s=96&d=mm&r=g\",\"caption\":\"Flavio Braga\"},\"url\":\"https:\/\/www.blogsoestado.com\/flaviobraga\/author\/flaviobraga\/\"}]}<\/script>\n<!-- \/ Yoast SEO plugin. -->","yoast_head_json":{"title":"Para Ajufe, Supremo \u00e9 um tribunal de advogados - Fl\u00e1vio Braga","robots":{"index":"index","follow":"follow","max-snippet":"max-snippet:-1","max-image-preview":"max-image-preview:large","max-video-preview":"max-video-preview:-1"},"canonical":"https:\/\/www.blogsoestado.com\/flaviobraga\/para-ajufe-supremo-e-um-tribunal-de-advogados\/","og_locale":"pt_BR","og_type":"article","og_title":"Para Ajufe, Supremo \u00e9 um tribunal de advogados - Fl\u00e1vio Braga","og_description":"\u00a0\u00a0\u201cCausa-nos preocupa\u00e7\u00e3o quando olhamos a foto da atual composi\u00e7\u00e3o do Supremo Tribunal Federal e percebemos que h\u00e1 apenas um juiz [&hellip;]","og_url":"https:\/\/www.blogsoestado.com\/flaviobraga\/para-ajufe-supremo-e-um-tribunal-de-advogados\/","og_site_name":"Fl\u00e1vio Braga","article_published_time":"2010-07-27T16:22:18+00:00","og_image":[{"url":"https:\/\/www.blogsoestado.com\/flaviobraga\/files\/2010\/07\/stf_01.jpg","type":"","width":"","height":""}],"author":"Flavio Braga","twitter_card":"summary_large_image","twitter_misc":{"Escrito por":"Flavio Braga","Est. tempo de leitura":"4 minutos"},"schema":{"@context":"https:\/\/schema.org","@graph":[{"@type":"WebPage","@id":"https:\/\/www.blogsoestado.com\/flaviobraga\/para-ajufe-supremo-e-um-tribunal-de-advogados\/","url":"https:\/\/www.blogsoestado.com\/flaviobraga\/para-ajufe-supremo-e-um-tribunal-de-advogados\/","name":"Para Ajufe, Supremo \u00e9 um tribunal de advogados - Fl\u00e1vio Braga","isPartOf":{"@id":"https:\/\/www.blogsoestado.com\/flaviobraga\/#website"},"primaryImageOfPage":{"@id":"https:\/\/www.blogsoestado.com\/flaviobraga\/para-ajufe-supremo-e-um-tribunal-de-advogados\/#primaryimage"},"image":{"@id":"https:\/\/www.blogsoestado.com\/flaviobraga\/para-ajufe-supremo-e-um-tribunal-de-advogados\/#primaryimage"},"thumbnailUrl":"https:\/\/www.blogsoestado.com\/flaviobraga\/files\/2010\/07\/stf_01.jpg","datePublished":"2010-07-27T16:22:18+00:00","author":{"@id":"https:\/\/www.blogsoestado.com\/flaviobraga\/#\/schema\/person\/6c6c778331775c757a82d15206bd8733"},"breadcrumb":{"@id":"https:\/\/www.blogsoestado.com\/flaviobraga\/para-ajufe-supremo-e-um-tribunal-de-advogados\/#breadcrumb"},"inLanguage":"pt-BR","potentialAction":[{"@type":"ReadAction","target":["https:\/\/www.blogsoestado.com\/flaviobraga\/para-ajufe-supremo-e-um-tribunal-de-advogados\/"]}]},{"@type":"ImageObject","inLanguage":"pt-BR","@id":"https:\/\/www.blogsoestado.com\/flaviobraga\/para-ajufe-supremo-e-um-tribunal-de-advogados\/#primaryimage","url":"https:\/\/www.blogsoestado.com\/flaviobraga\/files\/2010\/07\/stf_01.jpg","contentUrl":"https:\/\/www.blogsoestado.com\/flaviobraga\/files\/2010\/07\/stf_01.jpg"},{"@type":"BreadcrumbList","@id":"https:\/\/www.blogsoestado.com\/flaviobraga\/para-ajufe-supremo-e-um-tribunal-de-advogados\/#breadcrumb","itemListElement":[{"@type":"ListItem","position":1,"name":"In\u00edcio","item":"https:\/\/www.blogsoestado.com\/flaviobraga\/"},{"@type":"ListItem","position":2,"name":"Para Ajufe, Supremo \u00e9 um tribunal de advogados"}]},{"@type":"WebSite","@id":"https:\/\/www.blogsoestado.com\/flaviobraga\/#website","url":"https:\/\/www.blogsoestado.com\/flaviobraga\/","name":"Fl\u00e1vio Braga","description":"","potentialAction":[{"@type":"SearchAction","target":{"@type":"EntryPoint","urlTemplate":"https:\/\/www.blogsoestado.com\/flaviobraga\/?s={search_term_string}"},"query-input":{"@type":"PropertyValueSpecification","valueRequired":true,"valueName":"search_term_string"}}],"inLanguage":"pt-BR"},{"@type":"Person","@id":"https:\/\/www.blogsoestado.com\/flaviobraga\/#\/schema\/person\/6c6c778331775c757a82d15206bd8733","name":"Flavio Braga","image":{"@type":"ImageObject","inLanguage":"pt-BR","@id":"https:\/\/www.blogsoestado.com\/flaviobraga\/#\/schema\/person\/image\/","url":"https:\/\/secure.gravatar.com\/avatar\/ab173937dad8d78195c87778be8a0285d069ede375ce0ae24aac1cf8e58ccb2c?s=96&d=mm&r=g","contentUrl":"https:\/\/secure.gravatar.com\/avatar\/ab173937dad8d78195c87778be8a0285d069ede375ce0ae24aac1cf8e58ccb2c?s=96&d=mm&r=g","caption":"Flavio Braga"},"url":"https:\/\/www.blogsoestado.com\/flaviobraga\/author\/flaviobraga\/"}]}},"jetpack_featured_media_url":"","_links":{"self":[{"href":"https:\/\/www.blogsoestado.com\/flaviobraga\/wp-json\/wp\/v2\/posts\/493","targetHints":{"allow":["GET"]}}],"collection":[{"href":"https:\/\/www.blogsoestado.com\/flaviobraga\/wp-json\/wp\/v2\/posts"}],"about":[{"href":"https:\/\/www.blogsoestado.com\/flaviobraga\/wp-json\/wp\/v2\/types\/post"}],"author":[{"embeddable":true,"href":"https:\/\/www.blogsoestado.com\/flaviobraga\/wp-json\/wp\/v2\/users\/8"}],"replies":[{"embeddable":true,"href":"https:\/\/www.blogsoestado.com\/flaviobraga\/wp-json\/wp\/v2\/comments?post=493"}],"version-history":[{"count":0,"href":"https:\/\/www.blogsoestado.com\/flaviobraga\/wp-json\/wp\/v2\/posts\/493\/revisions"}],"wp:attachment":[{"href":"https:\/\/www.blogsoestado.com\/flaviobraga\/wp-json\/wp\/v2\/media?parent=493"}],"wp:term":[{"taxonomy":"category","embeddable":true,"href":"https:\/\/www.blogsoestado.com\/flaviobraga\/wp-json\/wp\/v2\/categories?post=493"},{"taxonomy":"post_tag","embeddable":true,"href":"https:\/\/www.blogsoestado.com\/flaviobraga\/wp-json\/wp\/v2\/tags?post=493"}],"curies":[{"name":"wp","href":"https:\/\/api.w.org\/{rel}","templated":true}]}}