{"id":496,"date":"2010-07-27T13:41:25","date_gmt":"2010-07-27T16:41:25","guid":{"rendered":"https:\/\/www.blogsoestado.com\/flaviobraga\/?p=496"},"modified":"2010-07-27T13:41:25","modified_gmt":"2010-07-27T16:41:25","slug":"candidatos-e-partidos-devem-prestar-contas-parciais-ate-3-de-agosto","status":"publish","type":"post","link":"https:\/\/www.blogsoestado.com\/flaviobraga\/candidatos-e-partidos-devem-prestar-contas-parciais-ate-3-de-agosto\/","title":{"rendered":"Candidatos e partidos devem prestar contas parciais at\u00e9 3 de agosto"},"content":{"rendered":"<p>Os candidatos, comit\u00eas financeiros e partidos pol\u00edticos devem entregar \u00e0 Justi\u00e7a Eleitoral, entre 28 de julho e 3 de agosto, os relat\u00f3rios parciais discriminando os recursos em dinheiro ou estim\u00e1veis em dinheiro que tenham recebido para financiamento da campanha eleitoral e os seus respectivos gastos realizados at\u00e9 o momento. <img decoding=\"async\" class=\"alignright size-full wp-image-497\" src=\"https:\/\/www.blogsoestado.com\/flaviobraga\/files\/2010\/07\/Presta\u00e7\u00e3o-de-contas-Calculadora1.jpg\" alt=\"Presta\u00e7\u00e3o de contas (Calculadora)\" width=\"264\" height=\"167\" \/><\/p>\n<p>A divulga\u00e7\u00e3o da primeira presta\u00e7\u00e3o de contas parcial, no <em>site<\/em> do Tribunal Superior Eleitoral (TSE), est\u00e1 prevista para o dia 6 de agosto.<\/p>\n<p>Conforme disp\u00f5e o artigo 28, \u00a7 4\u00ba da Lei 9.504\/97, ser\u00e3o publicados os saldos de receita e despesa de candidatos, comit\u00eas financeiros e partidos.<\/p>\n<p>A indica\u00e7\u00e3o dos nomes dos doadores e os respectivos valores doados somente ser\u00e3o exigidos na presta\u00e7\u00e3o de contas final, que deve ser entregue em 2 de novembro. Quem for disputar o segundo turno deve apresentar as contas referentes aos dois turnos no dia 30 do mesmo m\u00eas.<\/p>\n<p>Para elabora\u00e7\u00e3o da presta\u00e7\u00e3o de contas parcial, candidatos, comit\u00eas financeiros de campanha e partidos pol\u00edticos dever\u00e3o utilizar o Sistema de Presta\u00e7\u00e3o de Contas Eleitorais \u2013 SPCE. O sistema est\u00e1 dispon\u00edvel para download na p\u00e1gina de internet do Tribunal (<a href=\"http:\/\/www.tse.gov.br\/internet\/eleicoes\/2010\/spce.html\">http:\/\/www.tse.gov.br\/internet\/eleicoes\/2010\/spce.html<\/a>).<\/p>\n<p>Os dados dever\u00e3o ser enviados \u00e0 Justi\u00e7a Eleitoral exclusivamente pelo<em> site<\/em> do Tribunal a partir desta quarta-feira (28).<\/p>\n<p><strong>Segunda presta\u00e7\u00e3o parcial<\/strong><\/p>\n<p>Entre os dias 28 de agosto e 3 de setembro os candidatos, comit\u00eas financeiros e partidos t\u00eam de apresentar a segunda presta\u00e7\u00e3o de contas parcial, cujos dados dever\u00e3o ser divulgados pela Justi\u00e7a Eleitoral no dia 6 de setembro.<\/p>\n<p>As informa\u00e7\u00f5es prestadas ser\u00e3o utilizadas para subsidiar o exame das presta\u00e7\u00f5es de contas apresentadas ap\u00f3s a campanha..<\/p>\n<p><span style=\"color: #0000ff\"><strong>Alerta do blog<\/strong>:<\/span> consoante\u00a0a Resolu\u00e7\u00e3o TSE 23.217, a falsidade das informa\u00e7\u00f5es parciais pode configurar o il\u00edcito penal previsto no artigo 350 do C\u00f3digo Eleitoral (falsidade ideol\u00f3gica eleitoral).<\/p>\n","protected":false},"excerpt":{"rendered":"<p>Os candidatos, comit\u00eas financeiros e partidos pol\u00edticos devem entregar \u00e0 Justi\u00e7a Eleitoral, entre 28 de julho e 3 de agosto, [&hellip;]<\/p>\n","protected":false},"author":8,"featured_media":0,"comment_status":"open","ping_status":"open","sticky":false,"template":"","format":"standard","meta":{"site-sidebar-layout":"default","site-content-layout":"","ast-site-content-layout":"default","site-content-style":"default","site-sidebar-style":"default","ast-global-header-display":"","ast-banner-title-visibility":"","ast-main-header-display":"","ast-hfb-above-header-display":"","ast-hfb-below-header-display":"","ast-hfb-mobile-header-display":"","site-post-title":"","ast-breadcrumbs-content":"","ast-featured-img":"","footer-sml-layout":"","ast-disable-related-posts":"","theme-transparent-header-meta":"","adv-header-id-meta":"","stick-header-meta":"","header-above-stick-meta":"","header-main-stick-meta":"","header-below-stick-meta":"","astra-migrate-meta-layouts":"default","ast-page-background-enabled":"default","ast-page-background-meta":{"desktop":{"background-color":"var(--ast-global-color-5)","background-image":"","background-repeat":"repeat","background-position":"center center","background-size":"auto","background-attachment":"scroll","background-type":"","background-media":"","overlay-type":"","overlay-color":"","overlay-opacity":"","overlay-gradient":""},"tablet":{"background-color":"","background-image":"","background-repeat":"repeat","background-position":"center center","background-size":"auto","background-attachment":"scroll","background-type":"","background-media":"","overlay-type":"","overlay-color":"","overlay-opacity":"","overlay-gradient":""},"mobile":{"background-color":"","background-image":"","background-repeat":"repeat","background-position":"center center","background-size":"auto","background-attachment":"scroll","background-type":"","background-media":"","overlay-type":"","overlay-color":"","overlay-opacity":"","overlay-gradient":""}},"ast-content-background-meta":{"desktop":{"background-color":"var(--ast-global-color-4)","background-image":"","background-repeat":"repeat","background-position":"center center","background-size":"auto","background-attachment":"scroll","background-type":"","background-media":"","overlay-type":"","overlay-color":"","overlay-opacity":"","overlay-gradient":""},"tablet":{"background-color":"var(--ast-global-color-4)","background-image":"","background-repeat":"repeat","background-position":"center center","background-size":"auto","background-attachment":"scroll","background-type":"","background-media":"","overlay-type":"","overlay-color":"","overlay-opacity":"","overlay-gradient":""},"mobile":{"background-color":"var(--ast-global-color-4)","background-image":"","background-repeat":"repeat","background-position":"center center","background-size":"auto","background-attachment":"scroll","background-type":"","background-media":"","overlay-type":"","overlay-color":"","overlay-opacity":"","overlay-gradient":""}},"footnotes":""},"categories":[1],"tags":[],"class_list":["post-496","post","type-post","status-publish","format-standard","hentry","category-sem-categoria"],"yoast_head":"<!-- This site is optimized with the Yoast SEO plugin v26.6 - https:\/\/yoast.com\/wordpress\/plugins\/seo\/ -->\n<title>Candidatos e partidos devem prestar contas parciais at\u00e9 3 de agosto - Fl\u00e1vio Braga<\/title>\n<meta name=\"robots\" content=\"index, follow, max-snippet:-1, max-image-preview:large, max-video-preview:-1\" \/>\n<link rel=\"canonical\" href=\"https:\/\/www.blogsoestado.com\/flaviobraga\/candidatos-e-partidos-devem-prestar-contas-parciais-ate-3-de-agosto\/\" \/>\n<meta property=\"og:locale\" content=\"pt_BR\" \/>\n<meta property=\"og:type\" content=\"article\" \/>\n<meta property=\"og:title\" content=\"Candidatos e partidos devem prestar contas parciais at\u00e9 3 de agosto - Fl\u00e1vio Braga\" \/>\n<meta property=\"og:description\" content=\"Os candidatos, comit\u00eas financeiros e partidos pol\u00edticos devem entregar \u00e0 Justi\u00e7a Eleitoral, entre 28 de julho e 3 de agosto, [&hellip;]\" \/>\n<meta property=\"og:url\" content=\"https:\/\/www.blogsoestado.com\/flaviobraga\/candidatos-e-partidos-devem-prestar-contas-parciais-ate-3-de-agosto\/\" \/>\n<meta property=\"og:site_name\" content=\"Fl\u00e1vio Braga\" \/>\n<meta property=\"article:published_time\" content=\"2010-07-27T16:41:25+00:00\" \/>\n<meta name=\"author\" content=\"Flavio Braga\" \/>\n<meta name=\"twitter:card\" content=\"summary_large_image\" \/>\n<meta name=\"twitter:label1\" content=\"Escrito por\" \/>\n\t<meta name=\"twitter:data1\" content=\"Flavio Braga\" \/>\n\t<meta name=\"twitter:label2\" content=\"Est. tempo de leitura\" \/>\n\t<meta name=\"twitter:data2\" content=\"2 minutos\" \/>\n<script type=\"application\/ld+json\" class=\"yoast-schema-graph\">{\"@context\":\"https:\/\/schema.org\",\"@graph\":[{\"@type\":\"WebPage\",\"@id\":\"https:\/\/www.blogsoestado.com\/flaviobraga\/candidatos-e-partidos-devem-prestar-contas-parciais-ate-3-de-agosto\/\",\"url\":\"https:\/\/www.blogsoestado.com\/flaviobraga\/candidatos-e-partidos-devem-prestar-contas-parciais-ate-3-de-agosto\/\",\"name\":\"Candidatos e partidos devem prestar contas parciais at\u00e9 3 de agosto - Fl\u00e1vio Braga\",\"isPartOf\":{\"@id\":\"https:\/\/www.blogsoestado.com\/flaviobraga\/#website\"},\"datePublished\":\"2010-07-27T16:41:25+00:00\",\"author\":{\"@id\":\"https:\/\/www.blogsoestado.com\/flaviobraga\/#\/schema\/person\/6c6c778331775c757a82d15206bd8733\"},\"breadcrumb\":{\"@id\":\"https:\/\/www.blogsoestado.com\/flaviobraga\/candidatos-e-partidos-devem-prestar-contas-parciais-ate-3-de-agosto\/#breadcrumb\"},\"inLanguage\":\"pt-BR\",\"potentialAction\":[{\"@type\":\"ReadAction\",\"target\":[\"https:\/\/www.blogsoestado.com\/flaviobraga\/candidatos-e-partidos-devem-prestar-contas-parciais-ate-3-de-agosto\/\"]}]},{\"@type\":\"BreadcrumbList\",\"@id\":\"https:\/\/www.blogsoestado.com\/flaviobraga\/candidatos-e-partidos-devem-prestar-contas-parciais-ate-3-de-agosto\/#breadcrumb\",\"itemListElement\":[{\"@type\":\"ListItem\",\"position\":1,\"name\":\"In\u00edcio\",\"item\":\"https:\/\/www.blogsoestado.com\/flaviobraga\/\"},{\"@type\":\"ListItem\",\"position\":2,\"name\":\"Candidatos e partidos devem prestar contas parciais at\u00e9 3 de agosto\"}]},{\"@type\":\"WebSite\",\"@id\":\"https:\/\/www.blogsoestado.com\/flaviobraga\/#website\",\"url\":\"https:\/\/www.blogsoestado.com\/flaviobraga\/\",\"name\":\"Fl\u00e1vio Braga\",\"description\":\"\",\"potentialAction\":[{\"@type\":\"SearchAction\",\"target\":{\"@type\":\"EntryPoint\",\"urlTemplate\":\"https:\/\/www.blogsoestado.com\/flaviobraga\/?s={search_term_string}\"},\"query-input\":{\"@type\":\"PropertyValueSpecification\",\"valueRequired\":true,\"valueName\":\"search_term_string\"}}],\"inLanguage\":\"pt-BR\"},{\"@type\":\"Person\",\"@id\":\"https:\/\/www.blogsoestado.com\/flaviobraga\/#\/schema\/person\/6c6c778331775c757a82d15206bd8733\",\"name\":\"Flavio Braga\",\"image\":{\"@type\":\"ImageObject\",\"inLanguage\":\"pt-BR\",\"@id\":\"https:\/\/www.blogsoestado.com\/flaviobraga\/#\/schema\/person\/image\/\",\"url\":\"https:\/\/secure.gravatar.com\/avatar\/ab173937dad8d78195c87778be8a0285d069ede375ce0ae24aac1cf8e58ccb2c?s=96&d=mm&r=g\",\"contentUrl\":\"https:\/\/secure.gravatar.com\/avatar\/ab173937dad8d78195c87778be8a0285d069ede375ce0ae24aac1cf8e58ccb2c?s=96&d=mm&r=g\",\"caption\":\"Flavio Braga\"},\"url\":\"https:\/\/www.blogsoestado.com\/flaviobraga\/author\/flaviobraga\/\"}]}<\/script>\n<!-- \/ Yoast SEO plugin. -->","yoast_head_json":{"title":"Candidatos e partidos devem prestar contas parciais at\u00e9 3 de agosto - Fl\u00e1vio Braga","robots":{"index":"index","follow":"follow","max-snippet":"max-snippet:-1","max-image-preview":"max-image-preview:large","max-video-preview":"max-video-preview:-1"},"canonical":"https:\/\/www.blogsoestado.com\/flaviobraga\/candidatos-e-partidos-devem-prestar-contas-parciais-ate-3-de-agosto\/","og_locale":"pt_BR","og_type":"article","og_title":"Candidatos e partidos devem prestar contas parciais at\u00e9 3 de agosto - Fl\u00e1vio Braga","og_description":"Os candidatos, comit\u00eas financeiros e partidos pol\u00edticos devem entregar \u00e0 Justi\u00e7a Eleitoral, entre 28 de julho e 3 de agosto, [&hellip;]","og_url":"https:\/\/www.blogsoestado.com\/flaviobraga\/candidatos-e-partidos-devem-prestar-contas-parciais-ate-3-de-agosto\/","og_site_name":"Fl\u00e1vio Braga","article_published_time":"2010-07-27T16:41:25+00:00","author":"Flavio Braga","twitter_card":"summary_large_image","twitter_misc":{"Escrito por":"Flavio Braga","Est. tempo de leitura":"2 minutos"},"schema":{"@context":"https:\/\/schema.org","@graph":[{"@type":"WebPage","@id":"https:\/\/www.blogsoestado.com\/flaviobraga\/candidatos-e-partidos-devem-prestar-contas-parciais-ate-3-de-agosto\/","url":"https:\/\/www.blogsoestado.com\/flaviobraga\/candidatos-e-partidos-devem-prestar-contas-parciais-ate-3-de-agosto\/","name":"Candidatos e partidos devem prestar contas parciais at\u00e9 3 de agosto - Fl\u00e1vio Braga","isPartOf":{"@id":"https:\/\/www.blogsoestado.com\/flaviobraga\/#website"},"datePublished":"2010-07-27T16:41:25+00:00","author":{"@id":"https:\/\/www.blogsoestado.com\/flaviobraga\/#\/schema\/person\/6c6c778331775c757a82d15206bd8733"},"breadcrumb":{"@id":"https:\/\/www.blogsoestado.com\/flaviobraga\/candidatos-e-partidos-devem-prestar-contas-parciais-ate-3-de-agosto\/#breadcrumb"},"inLanguage":"pt-BR","potentialAction":[{"@type":"ReadAction","target":["https:\/\/www.blogsoestado.com\/flaviobraga\/candidatos-e-partidos-devem-prestar-contas-parciais-ate-3-de-agosto\/"]}]},{"@type":"BreadcrumbList","@id":"https:\/\/www.blogsoestado.com\/flaviobraga\/candidatos-e-partidos-devem-prestar-contas-parciais-ate-3-de-agosto\/#breadcrumb","itemListElement":[{"@type":"ListItem","position":1,"name":"In\u00edcio","item":"https:\/\/www.blogsoestado.com\/flaviobraga\/"},{"@type":"ListItem","position":2,"name":"Candidatos e partidos devem prestar contas parciais at\u00e9 3 de agosto"}]},{"@type":"WebSite","@id":"https:\/\/www.blogsoestado.com\/flaviobraga\/#website","url":"https:\/\/www.blogsoestado.com\/flaviobraga\/","name":"Fl\u00e1vio Braga","description":"","potentialAction":[{"@type":"SearchAction","target":{"@type":"EntryPoint","urlTemplate":"https:\/\/www.blogsoestado.com\/flaviobraga\/?s={search_term_string}"},"query-input":{"@type":"PropertyValueSpecification","valueRequired":true,"valueName":"search_term_string"}}],"inLanguage":"pt-BR"},{"@type":"Person","@id":"https:\/\/www.blogsoestado.com\/flaviobraga\/#\/schema\/person\/6c6c778331775c757a82d15206bd8733","name":"Flavio Braga","image":{"@type":"ImageObject","inLanguage":"pt-BR","@id":"https:\/\/www.blogsoestado.com\/flaviobraga\/#\/schema\/person\/image\/","url":"https:\/\/secure.gravatar.com\/avatar\/ab173937dad8d78195c87778be8a0285d069ede375ce0ae24aac1cf8e58ccb2c?s=96&d=mm&r=g","contentUrl":"https:\/\/secure.gravatar.com\/avatar\/ab173937dad8d78195c87778be8a0285d069ede375ce0ae24aac1cf8e58ccb2c?s=96&d=mm&r=g","caption":"Flavio Braga"},"url":"https:\/\/www.blogsoestado.com\/flaviobraga\/author\/flaviobraga\/"}]}},"jetpack_featured_media_url":"","_links":{"self":[{"href":"https:\/\/www.blogsoestado.com\/flaviobraga\/wp-json\/wp\/v2\/posts\/496","targetHints":{"allow":["GET"]}}],"collection":[{"href":"https:\/\/www.blogsoestado.com\/flaviobraga\/wp-json\/wp\/v2\/posts"}],"about":[{"href":"https:\/\/www.blogsoestado.com\/flaviobraga\/wp-json\/wp\/v2\/types\/post"}],"author":[{"embeddable":true,"href":"https:\/\/www.blogsoestado.com\/flaviobraga\/wp-json\/wp\/v2\/users\/8"}],"replies":[{"embeddable":true,"href":"https:\/\/www.blogsoestado.com\/flaviobraga\/wp-json\/wp\/v2\/comments?post=496"}],"version-history":[{"count":0,"href":"https:\/\/www.blogsoestado.com\/flaviobraga\/wp-json\/wp\/v2\/posts\/496\/revisions"}],"wp:attachment":[{"href":"https:\/\/www.blogsoestado.com\/flaviobraga\/wp-json\/wp\/v2\/media?parent=496"}],"wp:term":[{"taxonomy":"category","embeddable":true,"href":"https:\/\/www.blogsoestado.com\/flaviobraga\/wp-json\/wp\/v2\/categories?post=496"},{"taxonomy":"post_tag","embeddable":true,"href":"https:\/\/www.blogsoestado.com\/flaviobraga\/wp-json\/wp\/v2\/tags?post=496"}],"curies":[{"name":"wp","href":"https:\/\/api.w.org\/{rel}","templated":true}]}}