{"id":499,"date":"2010-07-27T16:31:31","date_gmt":"2010-07-27T19:31:31","guid":{"rendered":"https:\/\/www.blogsoestado.com\/flaviobraga\/?p=499"},"modified":"2010-07-27T16:31:31","modified_gmt":"2010-07-27T19:31:31","slug":"ficha-limpa-tre-decide-pela-inaplicabilidade-a-condenacoes-preteritas","status":"publish","type":"post","link":"https:\/\/www.blogsoestado.com\/flaviobraga\/ficha-limpa-tre-decide-pela-inaplicabilidade-a-condenacoes-preteritas\/","title":{"rendered":"Ficha Limpa: TRE decide pela inaplicabilidade a condena\u00e7\u00f5es pret\u00e9ritas"},"content":{"rendered":"<p><strong><span style=\"color: #0000ff\">Decis\u00e3o coerente do TRE converge com posi\u00e7\u00e3o sempre sustentada pelo <em>blog<\/em><\/span><\/strong><\/p>\n<p>Na sess\u00e3o jurisdicional de ontem (26\/7), o Tribunal Regional Eleitoral do Maranh\u00e3o decidiu que a Lei da Ficha Limpa n\u00e3o pode ser aplicada a condena\u00e7\u00f5es prolatadas antes da sua entrada em vigor.<\/p>\n<p>Apesar de o TSE j\u00e1 ter decidido que a Lei Complementar 135\/10 (Lei da Ficha Limpa), pode ser aplicada \u00e0s condena\u00e7\u00f5es anteriores \u00e0 sua publica\u00e7\u00e3o, o TRE \u00a0entendeu que essa tese viola o artigo 5\u00ba, inciso XXXIX e XL da Constitui\u00e7\u00e3o Federal.<\/p>\n<p>Cumpre destacar tamb\u00e9m que o TRE deixou assentado que a decreta\u00e7\u00e3o de inelegibilidade tem a natureza de san\u00e7\u00e3o, conforme o <em>blog <\/em>j\u00e1 havia esclarecido em diversas postagens. Inclusive, o voto condutor mencionou v\u00e1rios precedentes do TSE nesse sentido.<\/p>\n<p>Em 07\/06\/10, o <em>blog<\/em> assinalou que \u201cembora a Lei da Ficha Limpa tenha alongado o prazo de inelegibilidade para oito anos, a nova regra n\u00e3o pode alcan\u00e7ar situa\u00e7\u00f5es jur\u00eddicas plenamente consolidadas, inclusive com o exaurimento do prazo de cumprimento da puni\u00e7\u00e3o aplicada sob a reg\u00eancia da normatiza\u00e7\u00e3o vigente na \u00e9poca da condena\u00e7\u00e3o\u201d (<a href=\"https:\/\/www.blogsoestado.com\/flaviobraga\/2010\/06\/07\/ficha-limpa-jackson-lago-e-elegivel\/\">reveja<\/a>).<\/p>\n<p>A seguir, alguns trechos do voto do relator, Juiz Magno Linhares:<\/p>\n<p>\u201cNa an\u00e1lise da ocorr\u00eancia do fen\u00f4meno da retroatividade das leis, o importante \u00e9 a data da ocorr\u00eancia dos fatos considerados il\u00edcitos, e n\u00e3o o enfrentamento de suas conseq\u00fc\u00eancias. No caso presente, os fatos ensejadores da condena\u00e7\u00e3o do impugnado ocorreram antes da vig\u00eancia da LC n\u00ba.135\/2010, sendo o bastante para se inferir que a tese sustentada pelo impugnante implica na efetiva retroatividade de lei mais severa.<\/p>\n<p>\u00a0A inaplicabilidade da LC n\u00ba. 135 a fatos pret\u00e9ritos n\u00e3o \u00e9 reconhecimento de direito adquirido \u00e0 elegibilidade. Evidentemente se o candidato reiterar sua conduta na vig\u00eancia da nova lei, a san\u00e7\u00e3o da inelegibilidade dever\u00e1 ser aplicada com base nos novos crit\u00e9rios, e jamais com base nos crit\u00e9rios revogados.<\/p>\n<p>\u00a0Assim, embora a LC n\u00ba. 135 tenha aplicabilidade em tese, s\u00f3 pode disciplinar fatos futuros, ocorridos ap\u00f3s a sua vig\u00eancia.<\/p>\n<p>\u00a0Desse modo, acolho a preliminar suscitada pelo impugnado, para declarar a inaplicabilidade da al\u00ednea \u201cj\u201d, inciso I, art. 1\u00ba da LC 64\/90, inclu\u00eddo pela LC n\u00ba. 135\/2010 na hip\u00f3tese vertente, n\u00e3o incidindo esta causa de inelegibilidade.\u201d<\/p>\n<p><a href=\"http:\/\/www.blogdodecio.com.br\/blog\/wp-content\/uploads\/TRE-Ficha-Limpa.doc\">Leia a \u00edntegra do voto de\u00a0Magno Linhares<\/a>.<\/p>\n","protected":false},"excerpt":{"rendered":"<p>Decis\u00e3o coerente do TRE converge com posi\u00e7\u00e3o sempre sustentada pelo blog Na sess\u00e3o jurisdicional de ontem (26\/7), o Tribunal Regional [&hellip;]<\/p>\n","protected":false},"author":8,"featured_media":0,"comment_status":"open","ping_status":"open","sticky":false,"template":"","format":"standard","meta":{"site-sidebar-layout":"default","site-content-layout":"","ast-site-content-layout":"default","site-content-style":"default","site-sidebar-style":"default","ast-global-header-display":"","ast-banner-title-visibility":"","ast-main-header-display":"","ast-hfb-above-header-display":"","ast-hfb-below-header-display":"","ast-hfb-mobile-header-display":"","site-post-title":"","ast-breadcrumbs-content":"","ast-featured-img":"","footer-sml-layout":"","ast-disable-related-posts":"","theme-transparent-header-meta":"","adv-header-id-meta":"","stick-header-meta":"","header-above-stick-meta":"","header-main-stick-meta":"","header-below-stick-meta":"","astra-migrate-meta-layouts":"default","ast-page-background-enabled":"default","ast-page-background-meta":{"desktop":{"background-color":"var(--ast-global-color-5)","background-image":"","background-repeat":"repeat","background-position":"center center","background-size":"auto","background-attachment":"scroll","background-type":"","background-media":"","overlay-type":"","overlay-color":"","overlay-opacity":"","overlay-gradient":""},"tablet":{"background-color":"","background-image":"","background-repeat":"repeat","background-position":"center center","background-size":"auto","background-attachment":"scroll","background-type":"","background-media":"","overlay-type":"","overlay-color":"","overlay-opacity":"","overlay-gradient":""},"mobile":{"background-color":"","background-image":"","background-repeat":"repeat","background-position":"center center","background-size":"auto","background-attachment":"scroll","background-type":"","background-media":"","overlay-type":"","overlay-color":"","overlay-opacity":"","overlay-gradient":""}},"ast-content-background-meta":{"desktop":{"background-color":"var(--ast-global-color-4)","background-image":"","background-repeat":"repeat","background-position":"center center","background-size":"auto","background-attachment":"scroll","background-type":"","background-media":"","overlay-type":"","overlay-color":"","overlay-opacity":"","overlay-gradient":""},"tablet":{"background-color":"var(--ast-global-color-4)","background-image":"","background-repeat":"repeat","background-position":"center center","background-size":"auto","background-attachment":"scroll","background-type":"","background-media":"","overlay-type":"","overlay-color":"","overlay-opacity":"","overlay-gradient":""},"mobile":{"background-color":"var(--ast-global-color-4)","background-image":"","background-repeat":"repeat","background-position":"center center","background-size":"auto","background-attachment":"scroll","background-type":"","background-media":"","overlay-type":"","overlay-color":"","overlay-opacity":"","overlay-gradient":""}},"footnotes":""},"categories":[1],"tags":[],"class_list":["post-499","post","type-post","status-publish","format-standard","hentry","category-sem-categoria"],"yoast_head":"<!-- This site is optimized with the Yoast SEO plugin v26.6 - https:\/\/yoast.com\/wordpress\/plugins\/seo\/ -->\n<title>Ficha Limpa: TRE decide pela inaplicabilidade a condena\u00e7\u00f5es pret\u00e9ritas - Fl\u00e1vio Braga<\/title>\n<meta name=\"robots\" content=\"index, follow, max-snippet:-1, max-image-preview:large, max-video-preview:-1\" \/>\n<link rel=\"canonical\" href=\"https:\/\/www.blogsoestado.com\/flaviobraga\/ficha-limpa-tre-decide-pela-inaplicabilidade-a-condenacoes-preteritas\/\" \/>\n<meta property=\"og:locale\" content=\"pt_BR\" \/>\n<meta property=\"og:type\" content=\"article\" \/>\n<meta property=\"og:title\" content=\"Ficha Limpa: TRE decide pela inaplicabilidade a condena\u00e7\u00f5es pret\u00e9ritas - Fl\u00e1vio Braga\" \/>\n<meta property=\"og:description\" content=\"Decis\u00e3o coerente do TRE converge com posi\u00e7\u00e3o sempre sustentada pelo blog Na sess\u00e3o jurisdicional de ontem (26\/7), o Tribunal Regional [&hellip;]\" \/>\n<meta property=\"og:url\" content=\"https:\/\/www.blogsoestado.com\/flaviobraga\/ficha-limpa-tre-decide-pela-inaplicabilidade-a-condenacoes-preteritas\/\" \/>\n<meta property=\"og:site_name\" content=\"Fl\u00e1vio Braga\" \/>\n<meta property=\"article:published_time\" content=\"2010-07-27T19:31:31+00:00\" \/>\n<meta name=\"author\" content=\"Flavio Braga\" \/>\n<meta name=\"twitter:card\" content=\"summary_large_image\" \/>\n<meta name=\"twitter:label1\" content=\"Escrito por\" \/>\n\t<meta name=\"twitter:data1\" content=\"Flavio Braga\" \/>\n\t<meta name=\"twitter:label2\" content=\"Est. tempo de leitura\" \/>\n\t<meta name=\"twitter:data2\" content=\"2 minutos\" \/>\n<script type=\"application\/ld+json\" class=\"yoast-schema-graph\">{\"@context\":\"https:\/\/schema.org\",\"@graph\":[{\"@type\":\"WebPage\",\"@id\":\"https:\/\/www.blogsoestado.com\/flaviobraga\/ficha-limpa-tre-decide-pela-inaplicabilidade-a-condenacoes-preteritas\/\",\"url\":\"https:\/\/www.blogsoestado.com\/flaviobraga\/ficha-limpa-tre-decide-pela-inaplicabilidade-a-condenacoes-preteritas\/\",\"name\":\"Ficha Limpa: TRE decide pela inaplicabilidade a condena\u00e7\u00f5es pret\u00e9ritas - Fl\u00e1vio Braga\",\"isPartOf\":{\"@id\":\"https:\/\/www.blogsoestado.com\/flaviobraga\/#website\"},\"datePublished\":\"2010-07-27T19:31:31+00:00\",\"author\":{\"@id\":\"https:\/\/www.blogsoestado.com\/flaviobraga\/#\/schema\/person\/6c6c778331775c757a82d15206bd8733\"},\"breadcrumb\":{\"@id\":\"https:\/\/www.blogsoestado.com\/flaviobraga\/ficha-limpa-tre-decide-pela-inaplicabilidade-a-condenacoes-preteritas\/#breadcrumb\"},\"inLanguage\":\"pt-BR\",\"potentialAction\":[{\"@type\":\"ReadAction\",\"target\":[\"https:\/\/www.blogsoestado.com\/flaviobraga\/ficha-limpa-tre-decide-pela-inaplicabilidade-a-condenacoes-preteritas\/\"]}]},{\"@type\":\"BreadcrumbList\",\"@id\":\"https:\/\/www.blogsoestado.com\/flaviobraga\/ficha-limpa-tre-decide-pela-inaplicabilidade-a-condenacoes-preteritas\/#breadcrumb\",\"itemListElement\":[{\"@type\":\"ListItem\",\"position\":1,\"name\":\"In\u00edcio\",\"item\":\"https:\/\/www.blogsoestado.com\/flaviobraga\/\"},{\"@type\":\"ListItem\",\"position\":2,\"name\":\"Ficha Limpa: TRE decide pela inaplicabilidade a condena\u00e7\u00f5es pret\u00e9ritas\"}]},{\"@type\":\"WebSite\",\"@id\":\"https:\/\/www.blogsoestado.com\/flaviobraga\/#website\",\"url\":\"https:\/\/www.blogsoestado.com\/flaviobraga\/\",\"name\":\"Fl\u00e1vio Braga\",\"description\":\"\",\"potentialAction\":[{\"@type\":\"SearchAction\",\"target\":{\"@type\":\"EntryPoint\",\"urlTemplate\":\"https:\/\/www.blogsoestado.com\/flaviobraga\/?s={search_term_string}\"},\"query-input\":{\"@type\":\"PropertyValueSpecification\",\"valueRequired\":true,\"valueName\":\"search_term_string\"}}],\"inLanguage\":\"pt-BR\"},{\"@type\":\"Person\",\"@id\":\"https:\/\/www.blogsoestado.com\/flaviobraga\/#\/schema\/person\/6c6c778331775c757a82d15206bd8733\",\"name\":\"Flavio Braga\",\"image\":{\"@type\":\"ImageObject\",\"inLanguage\":\"pt-BR\",\"@id\":\"https:\/\/www.blogsoestado.com\/flaviobraga\/#\/schema\/person\/image\/\",\"url\":\"https:\/\/secure.gravatar.com\/avatar\/ab173937dad8d78195c87778be8a0285d069ede375ce0ae24aac1cf8e58ccb2c?s=96&d=mm&r=g\",\"contentUrl\":\"https:\/\/secure.gravatar.com\/avatar\/ab173937dad8d78195c87778be8a0285d069ede375ce0ae24aac1cf8e58ccb2c?s=96&d=mm&r=g\",\"caption\":\"Flavio Braga\"},\"url\":\"https:\/\/www.blogsoestado.com\/flaviobraga\/author\/flaviobraga\/\"}]}<\/script>\n<!-- \/ Yoast SEO plugin. -->","yoast_head_json":{"title":"Ficha Limpa: TRE decide pela inaplicabilidade a condena\u00e7\u00f5es pret\u00e9ritas - Fl\u00e1vio Braga","robots":{"index":"index","follow":"follow","max-snippet":"max-snippet:-1","max-image-preview":"max-image-preview:large","max-video-preview":"max-video-preview:-1"},"canonical":"https:\/\/www.blogsoestado.com\/flaviobraga\/ficha-limpa-tre-decide-pela-inaplicabilidade-a-condenacoes-preteritas\/","og_locale":"pt_BR","og_type":"article","og_title":"Ficha Limpa: TRE decide pela inaplicabilidade a condena\u00e7\u00f5es pret\u00e9ritas - Fl\u00e1vio Braga","og_description":"Decis\u00e3o coerente do TRE converge com posi\u00e7\u00e3o sempre sustentada pelo blog Na sess\u00e3o jurisdicional de ontem (26\/7), o Tribunal Regional [&hellip;]","og_url":"https:\/\/www.blogsoestado.com\/flaviobraga\/ficha-limpa-tre-decide-pela-inaplicabilidade-a-condenacoes-preteritas\/","og_site_name":"Fl\u00e1vio Braga","article_published_time":"2010-07-27T19:31:31+00:00","author":"Flavio Braga","twitter_card":"summary_large_image","twitter_misc":{"Escrito por":"Flavio Braga","Est. tempo de leitura":"2 minutos"},"schema":{"@context":"https:\/\/schema.org","@graph":[{"@type":"WebPage","@id":"https:\/\/www.blogsoestado.com\/flaviobraga\/ficha-limpa-tre-decide-pela-inaplicabilidade-a-condenacoes-preteritas\/","url":"https:\/\/www.blogsoestado.com\/flaviobraga\/ficha-limpa-tre-decide-pela-inaplicabilidade-a-condenacoes-preteritas\/","name":"Ficha Limpa: TRE decide pela inaplicabilidade a condena\u00e7\u00f5es pret\u00e9ritas - Fl\u00e1vio Braga","isPartOf":{"@id":"https:\/\/www.blogsoestado.com\/flaviobraga\/#website"},"datePublished":"2010-07-27T19:31:31+00:00","author":{"@id":"https:\/\/www.blogsoestado.com\/flaviobraga\/#\/schema\/person\/6c6c778331775c757a82d15206bd8733"},"breadcrumb":{"@id":"https:\/\/www.blogsoestado.com\/flaviobraga\/ficha-limpa-tre-decide-pela-inaplicabilidade-a-condenacoes-preteritas\/#breadcrumb"},"inLanguage":"pt-BR","potentialAction":[{"@type":"ReadAction","target":["https:\/\/www.blogsoestado.com\/flaviobraga\/ficha-limpa-tre-decide-pela-inaplicabilidade-a-condenacoes-preteritas\/"]}]},{"@type":"BreadcrumbList","@id":"https:\/\/www.blogsoestado.com\/flaviobraga\/ficha-limpa-tre-decide-pela-inaplicabilidade-a-condenacoes-preteritas\/#breadcrumb","itemListElement":[{"@type":"ListItem","position":1,"name":"In\u00edcio","item":"https:\/\/www.blogsoestado.com\/flaviobraga\/"},{"@type":"ListItem","position":2,"name":"Ficha Limpa: TRE decide pela inaplicabilidade a condena\u00e7\u00f5es pret\u00e9ritas"}]},{"@type":"WebSite","@id":"https:\/\/www.blogsoestado.com\/flaviobraga\/#website","url":"https:\/\/www.blogsoestado.com\/flaviobraga\/","name":"Fl\u00e1vio Braga","description":"","potentialAction":[{"@type":"SearchAction","target":{"@type":"EntryPoint","urlTemplate":"https:\/\/www.blogsoestado.com\/flaviobraga\/?s={search_term_string}"},"query-input":{"@type":"PropertyValueSpecification","valueRequired":true,"valueName":"search_term_string"}}],"inLanguage":"pt-BR"},{"@type":"Person","@id":"https:\/\/www.blogsoestado.com\/flaviobraga\/#\/schema\/person\/6c6c778331775c757a82d15206bd8733","name":"Flavio Braga","image":{"@type":"ImageObject","inLanguage":"pt-BR","@id":"https:\/\/www.blogsoestado.com\/flaviobraga\/#\/schema\/person\/image\/","url":"https:\/\/secure.gravatar.com\/avatar\/ab173937dad8d78195c87778be8a0285d069ede375ce0ae24aac1cf8e58ccb2c?s=96&d=mm&r=g","contentUrl":"https:\/\/secure.gravatar.com\/avatar\/ab173937dad8d78195c87778be8a0285d069ede375ce0ae24aac1cf8e58ccb2c?s=96&d=mm&r=g","caption":"Flavio Braga"},"url":"https:\/\/www.blogsoestado.com\/flaviobraga\/author\/flaviobraga\/"}]}},"jetpack_featured_media_url":"","_links":{"self":[{"href":"https:\/\/www.blogsoestado.com\/flaviobraga\/wp-json\/wp\/v2\/posts\/499","targetHints":{"allow":["GET"]}}],"collection":[{"href":"https:\/\/www.blogsoestado.com\/flaviobraga\/wp-json\/wp\/v2\/posts"}],"about":[{"href":"https:\/\/www.blogsoestado.com\/flaviobraga\/wp-json\/wp\/v2\/types\/post"}],"author":[{"embeddable":true,"href":"https:\/\/www.blogsoestado.com\/flaviobraga\/wp-json\/wp\/v2\/users\/8"}],"replies":[{"embeddable":true,"href":"https:\/\/www.blogsoestado.com\/flaviobraga\/wp-json\/wp\/v2\/comments?post=499"}],"version-history":[{"count":0,"href":"https:\/\/www.blogsoestado.com\/flaviobraga\/wp-json\/wp\/v2\/posts\/499\/revisions"}],"wp:attachment":[{"href":"https:\/\/www.blogsoestado.com\/flaviobraga\/wp-json\/wp\/v2\/media?parent=499"}],"wp:term":[{"taxonomy":"category","embeddable":true,"href":"https:\/\/www.blogsoestado.com\/flaviobraga\/wp-json\/wp\/v2\/categories?post=499"},{"taxonomy":"post_tag","embeddable":true,"href":"https:\/\/www.blogsoestado.com\/flaviobraga\/wp-json\/wp\/v2\/tags?post=499"}],"curies":[{"name":"wp","href":"https:\/\/api.w.org\/{rel}","templated":true}]}}