{"id":607,"date":"2010-08-14T12:02:07","date_gmt":"2010-08-14T15:02:07","guid":{"rendered":"https:\/\/www.blogsoestado.com\/flaviobraga\/?p=607"},"modified":"2010-08-14T12:02:07","modified_gmt":"2010-08-14T15:02:07","slug":"em-caso-concreto-ministro-arnaldo-versiani-afasta-aplicacao-da-lei-da-ficha-limpa","status":"publish","type":"post","link":"https:\/\/www.blogsoestado.com\/flaviobraga\/em-caso-concreto-ministro-arnaldo-versiani-afasta-aplicacao-da-lei-da-ficha-limpa\/","title":{"rendered":"Em caso concreto, ministro Arnaldo Versiani afasta aplica\u00e7\u00e3o da Lei da Ficha Limpa"},"content":{"rendered":"<figure id=\"attachment_608\" aria-describedby=\"caption-attachment-608\" style=\"width: 224px\" class=\"wp-caption alignleft\"><img fetchpriority=\"high\" decoding=\"async\" class=\"size-full wp-image-608\" src=\"https:\/\/www.blogsoestado.com\/flaviobraga\/files\/2010\/08\/Versianni.jpg\" alt=\"Ministro Arnaldo Versiani\" width=\"224\" height=\"320\" \/><figcaption id=\"caption-attachment-608\" class=\"wp-caption-text\">Ministro Arnaldo Versiani<\/figcaption><\/figure>\n<p>\u00a0O ministro do Tribunal Superior Eleitoral (TSE) Arnaldo Versiani deferiu o pedido de registro de Wellington Gon\u00e7alves de Magalh\u00e3es ao cargo de deputado estadual por Minas Gerais.<\/p>\n<p>A decis\u00e3o do ministro torna sem efeito a decis\u00e3o do Tribunal Regional Eleitoral de Minas Gerais (TRE-MG), que negou o pedido de registro de Wellington Magalh\u00e3es com base em interpreta\u00e7\u00e3o da Lei da Ficha Limpa (Lei Complementar n\u00ba 135\/2010), por ele ter sido cassado, em a\u00e7\u00e3o de impugna\u00e7\u00e3o de mandato eletivo (AIME), por \u00f3rg\u00e3o colegiado da Justi\u00e7a Eleitoral, pela pr\u00e1tica de abuso do poder econ\u00f4mico.<\/p>\n<p>Ao examinar o recurso ordin\u00e1rio apresentado pelo candidato indeferido, o ministro Arnaldo Versiani considerou que n\u00e3o incide causa de inelegibilidade no caso concreto. De acordo com o relator, a Lei da Ficha Limpa estabelece que a inelegibilidade do candidato, no caso de abuso do poder econ\u00f4mico, deve ser decidida pela via de representa\u00e7\u00e3o ajuizada e julgada procedente na segunda inst\u00e2ncia da Justi\u00e7a Eleitoral.<\/p>\n<p>Segundo o ministro, tanto o inciso XIV do artigo 22 quanto a al\u00ednea \u201cd\u201d do inciso I do artigo 1\u00ba da Lei Complementar 64\/90, com as modifica\u00e7\u00f5es da Lei da Ficha Limpa, afirmam que a inelegibilidade, com rela\u00e7\u00e3o a abuso do poder econ\u00f4mico, decorre \u00a0exclusivamente do julgamento de representa\u00e7\u00e3o, e n\u00e3o de AIME.<\/p>\n<p>\u00a0O ministro destacou ainda entendimento exposto pelo ministro Marco Aur\u00e9lio de que &#8220;as normas relativas \u00e0 inelegibilidade s\u00e3o de direito estrito e que, portanto, h\u00e3o de ser observadas tal como se cont\u00e9m, vedado o recurso a m\u00e9todos de interpreta\u00e7\u00e3o e aplica\u00e7\u00e3o que acabem por agasalhar casos a elas estranhos&#8221;.<\/p>\n<p>\u201cNo caso, por\u00e9m, a condena\u00e7\u00e3o do candidato por abuso do poder econ\u00f4mico, em segunda inst\u00e2ncia, ocorreu em sede de A\u00e7\u00e3o de Impugna\u00e7\u00e3o de Mandato Eletivo[&#8230;], e n\u00e3o de representa\u00e7\u00e3o\u201d, afirma o ministro Arnaldo Versiani em sua decis\u00e3o.<\/p>\n","protected":false},"excerpt":{"rendered":"<p>\u00a0O ministro do Tribunal Superior Eleitoral (TSE) Arnaldo Versiani deferiu o pedido de registro de Wellington Gon\u00e7alves de Magalh\u00e3es ao [&hellip;]<\/p>\n","protected":false},"author":8,"featured_media":0,"comment_status":"open","ping_status":"open","sticky":false,"template":"","format":"standard","meta":{"site-sidebar-layout":"default","site-content-layout":"","ast-site-content-layout":"default","site-content-style":"default","site-sidebar-style":"default","ast-global-header-display":"","ast-banner-title-visibility":"","ast-main-header-display":"","ast-hfb-above-header-display":"","ast-hfb-below-header-display":"","ast-hfb-mobile-header-display":"","site-post-title":"","ast-breadcrumbs-content":"","ast-featured-img":"","footer-sml-layout":"","ast-disable-related-posts":"","theme-transparent-header-meta":"","adv-header-id-meta":"","stick-header-meta":"","header-above-stick-meta":"","header-main-stick-meta":"","header-below-stick-meta":"","astra-migrate-meta-layouts":"default","ast-page-background-enabled":"default","ast-page-background-meta":{"desktop":{"background-color":"var(--ast-global-color-5)","background-image":"","background-repeat":"repeat","background-position":"center center","background-size":"auto","background-attachment":"scroll","background-type":"","background-media":"","overlay-type":"","overlay-color":"","overlay-opacity":"","overlay-gradient":""},"tablet":{"background-color":"","background-image":"","background-repeat":"repeat","background-position":"center center","background-size":"auto","background-attachment":"scroll","background-type":"","background-media":"","overlay-type":"","overlay-color":"","overlay-opacity":"","overlay-gradient":""},"mobile":{"background-color":"","background-image":"","background-repeat":"repeat","background-position":"center center","background-size":"auto","background-attachment":"scroll","background-type":"","background-media":"","overlay-type":"","overlay-color":"","overlay-opacity":"","overlay-gradient":""}},"ast-content-background-meta":{"desktop":{"background-color":"var(--ast-global-color-4)","background-image":"","background-repeat":"repeat","background-position":"center center","background-size":"auto","background-attachment":"scroll","background-type":"","background-media":"","overlay-type":"","overlay-color":"","overlay-opacity":"","overlay-gradient":""},"tablet":{"background-color":"var(--ast-global-color-4)","background-image":"","background-repeat":"repeat","background-position":"center center","background-size":"auto","background-attachment":"scroll","background-type":"","background-media":"","overlay-type":"","overlay-color":"","overlay-opacity":"","overlay-gradient":""},"mobile":{"background-color":"var(--ast-global-color-4)","background-image":"","background-repeat":"repeat","background-position":"center center","background-size":"auto","background-attachment":"scroll","background-type":"","background-media":"","overlay-type":"","overlay-color":"","overlay-opacity":"","overlay-gradient":""}},"footnotes":""},"categories":[1],"tags":[],"class_list":["post-607","post","type-post","status-publish","format-standard","hentry","category-sem-categoria"],"yoast_head":"<!-- This site is optimized with the Yoast SEO plugin v26.6 - https:\/\/yoast.com\/wordpress\/plugins\/seo\/ -->\n<title>Em caso concreto, ministro Arnaldo Versiani afasta aplica\u00e7\u00e3o da Lei da Ficha Limpa - Fl\u00e1vio Braga<\/title>\n<meta name=\"robots\" content=\"index, follow, max-snippet:-1, max-image-preview:large, max-video-preview:-1\" \/>\n<link rel=\"canonical\" href=\"https:\/\/www.blogsoestado.com\/flaviobraga\/em-caso-concreto-ministro-arnaldo-versiani-afasta-aplicacao-da-lei-da-ficha-limpa\/\" \/>\n<meta property=\"og:locale\" content=\"pt_BR\" \/>\n<meta property=\"og:type\" content=\"article\" \/>\n<meta property=\"og:title\" content=\"Em caso concreto, ministro Arnaldo Versiani afasta aplica\u00e7\u00e3o da Lei da Ficha Limpa - Fl\u00e1vio Braga\" \/>\n<meta property=\"og:description\" content=\"\u00a0O ministro do Tribunal Superior Eleitoral (TSE) Arnaldo Versiani deferiu o pedido de registro de Wellington Gon\u00e7alves de Magalh\u00e3es ao [&hellip;]\" \/>\n<meta property=\"og:url\" content=\"https:\/\/www.blogsoestado.com\/flaviobraga\/em-caso-concreto-ministro-arnaldo-versiani-afasta-aplicacao-da-lei-da-ficha-limpa\/\" \/>\n<meta property=\"og:site_name\" content=\"Fl\u00e1vio Braga\" \/>\n<meta property=\"article:published_time\" content=\"2010-08-14T15:02:07+00:00\" \/>\n<meta property=\"og:image\" content=\"https:\/\/www.blogsoestado.com\/flaviobraga\/files\/2010\/08\/Versianni.jpg\" \/>\n<meta name=\"author\" content=\"Flavio Braga\" \/>\n<meta name=\"twitter:card\" content=\"summary_large_image\" \/>\n<meta name=\"twitter:label1\" content=\"Escrito por\" \/>\n\t<meta name=\"twitter:data1\" content=\"Flavio Braga\" \/>\n\t<meta name=\"twitter:label2\" content=\"Est. tempo de leitura\" \/>\n\t<meta name=\"twitter:data2\" content=\"2 minutos\" \/>\n<script type=\"application\/ld+json\" class=\"yoast-schema-graph\">{\"@context\":\"https:\/\/schema.org\",\"@graph\":[{\"@type\":\"WebPage\",\"@id\":\"https:\/\/www.blogsoestado.com\/flaviobraga\/em-caso-concreto-ministro-arnaldo-versiani-afasta-aplicacao-da-lei-da-ficha-limpa\/\",\"url\":\"https:\/\/www.blogsoestado.com\/flaviobraga\/em-caso-concreto-ministro-arnaldo-versiani-afasta-aplicacao-da-lei-da-ficha-limpa\/\",\"name\":\"Em caso concreto, ministro Arnaldo Versiani afasta aplica\u00e7\u00e3o da Lei da Ficha Limpa - Fl\u00e1vio Braga\",\"isPartOf\":{\"@id\":\"https:\/\/www.blogsoestado.com\/flaviobraga\/#website\"},\"primaryImageOfPage\":{\"@id\":\"https:\/\/www.blogsoestado.com\/flaviobraga\/em-caso-concreto-ministro-arnaldo-versiani-afasta-aplicacao-da-lei-da-ficha-limpa\/#primaryimage\"},\"image\":{\"@id\":\"https:\/\/www.blogsoestado.com\/flaviobraga\/em-caso-concreto-ministro-arnaldo-versiani-afasta-aplicacao-da-lei-da-ficha-limpa\/#primaryimage\"},\"thumbnailUrl\":\"https:\/\/www.blogsoestado.com\/flaviobraga\/files\/2010\/08\/Versianni.jpg\",\"datePublished\":\"2010-08-14T15:02:07+00:00\",\"author\":{\"@id\":\"https:\/\/www.blogsoestado.com\/flaviobraga\/#\/schema\/person\/6c6c778331775c757a82d15206bd8733\"},\"breadcrumb\":{\"@id\":\"https:\/\/www.blogsoestado.com\/flaviobraga\/em-caso-concreto-ministro-arnaldo-versiani-afasta-aplicacao-da-lei-da-ficha-limpa\/#breadcrumb\"},\"inLanguage\":\"pt-BR\",\"potentialAction\":[{\"@type\":\"ReadAction\",\"target\":[\"https:\/\/www.blogsoestado.com\/flaviobraga\/em-caso-concreto-ministro-arnaldo-versiani-afasta-aplicacao-da-lei-da-ficha-limpa\/\"]}]},{\"@type\":\"ImageObject\",\"inLanguage\":\"pt-BR\",\"@id\":\"https:\/\/www.blogsoestado.com\/flaviobraga\/em-caso-concreto-ministro-arnaldo-versiani-afasta-aplicacao-da-lei-da-ficha-limpa\/#primaryimage\",\"url\":\"https:\/\/www.blogsoestado.com\/flaviobraga\/files\/2010\/08\/Versianni.jpg\",\"contentUrl\":\"https:\/\/www.blogsoestado.com\/flaviobraga\/files\/2010\/08\/Versianni.jpg\"},{\"@type\":\"BreadcrumbList\",\"@id\":\"https:\/\/www.blogsoestado.com\/flaviobraga\/em-caso-concreto-ministro-arnaldo-versiani-afasta-aplicacao-da-lei-da-ficha-limpa\/#breadcrumb\",\"itemListElement\":[{\"@type\":\"ListItem\",\"position\":1,\"name\":\"In\u00edcio\",\"item\":\"https:\/\/www.blogsoestado.com\/flaviobraga\/\"},{\"@type\":\"ListItem\",\"position\":2,\"name\":\"Em caso concreto, ministro Arnaldo Versiani afasta aplica\u00e7\u00e3o da Lei da Ficha Limpa\"}]},{\"@type\":\"WebSite\",\"@id\":\"https:\/\/www.blogsoestado.com\/flaviobraga\/#website\",\"url\":\"https:\/\/www.blogsoestado.com\/flaviobraga\/\",\"name\":\"Fl\u00e1vio Braga\",\"description\":\"\",\"potentialAction\":[{\"@type\":\"SearchAction\",\"target\":{\"@type\":\"EntryPoint\",\"urlTemplate\":\"https:\/\/www.blogsoestado.com\/flaviobraga\/?s={search_term_string}\"},\"query-input\":{\"@type\":\"PropertyValueSpecification\",\"valueRequired\":true,\"valueName\":\"search_term_string\"}}],\"inLanguage\":\"pt-BR\"},{\"@type\":\"Person\",\"@id\":\"https:\/\/www.blogsoestado.com\/flaviobraga\/#\/schema\/person\/6c6c778331775c757a82d15206bd8733\",\"name\":\"Flavio Braga\",\"image\":{\"@type\":\"ImageObject\",\"inLanguage\":\"pt-BR\",\"@id\":\"https:\/\/www.blogsoestado.com\/flaviobraga\/#\/schema\/person\/image\/\",\"url\":\"https:\/\/secure.gravatar.com\/avatar\/ab173937dad8d78195c87778be8a0285d069ede375ce0ae24aac1cf8e58ccb2c?s=96&d=mm&r=g\",\"contentUrl\":\"https:\/\/secure.gravatar.com\/avatar\/ab173937dad8d78195c87778be8a0285d069ede375ce0ae24aac1cf8e58ccb2c?s=96&d=mm&r=g\",\"caption\":\"Flavio Braga\"},\"url\":\"https:\/\/www.blogsoestado.com\/flaviobraga\/author\/flaviobraga\/\"}]}<\/script>\n<!-- \/ Yoast SEO plugin. -->","yoast_head_json":{"title":"Em caso concreto, ministro Arnaldo Versiani afasta aplica\u00e7\u00e3o da Lei da Ficha Limpa - Fl\u00e1vio Braga","robots":{"index":"index","follow":"follow","max-snippet":"max-snippet:-1","max-image-preview":"max-image-preview:large","max-video-preview":"max-video-preview:-1"},"canonical":"https:\/\/www.blogsoestado.com\/flaviobraga\/em-caso-concreto-ministro-arnaldo-versiani-afasta-aplicacao-da-lei-da-ficha-limpa\/","og_locale":"pt_BR","og_type":"article","og_title":"Em caso concreto, ministro Arnaldo Versiani afasta aplica\u00e7\u00e3o da Lei da Ficha Limpa - Fl\u00e1vio Braga","og_description":"\u00a0O ministro do Tribunal Superior Eleitoral (TSE) Arnaldo Versiani deferiu o pedido de registro de Wellington Gon\u00e7alves de Magalh\u00e3es ao [&hellip;]","og_url":"https:\/\/www.blogsoestado.com\/flaviobraga\/em-caso-concreto-ministro-arnaldo-versiani-afasta-aplicacao-da-lei-da-ficha-limpa\/","og_site_name":"Fl\u00e1vio Braga","article_published_time":"2010-08-14T15:02:07+00:00","og_image":[{"url":"https:\/\/www.blogsoestado.com\/flaviobraga\/files\/2010\/08\/Versianni.jpg","type":"","width":"","height":""}],"author":"Flavio Braga","twitter_card":"summary_large_image","twitter_misc":{"Escrito por":"Flavio Braga","Est. tempo de leitura":"2 minutos"},"schema":{"@context":"https:\/\/schema.org","@graph":[{"@type":"WebPage","@id":"https:\/\/www.blogsoestado.com\/flaviobraga\/em-caso-concreto-ministro-arnaldo-versiani-afasta-aplicacao-da-lei-da-ficha-limpa\/","url":"https:\/\/www.blogsoestado.com\/flaviobraga\/em-caso-concreto-ministro-arnaldo-versiani-afasta-aplicacao-da-lei-da-ficha-limpa\/","name":"Em caso concreto, ministro Arnaldo Versiani afasta aplica\u00e7\u00e3o da Lei da Ficha Limpa - Fl\u00e1vio Braga","isPartOf":{"@id":"https:\/\/www.blogsoestado.com\/flaviobraga\/#website"},"primaryImageOfPage":{"@id":"https:\/\/www.blogsoestado.com\/flaviobraga\/em-caso-concreto-ministro-arnaldo-versiani-afasta-aplicacao-da-lei-da-ficha-limpa\/#primaryimage"},"image":{"@id":"https:\/\/www.blogsoestado.com\/flaviobraga\/em-caso-concreto-ministro-arnaldo-versiani-afasta-aplicacao-da-lei-da-ficha-limpa\/#primaryimage"},"thumbnailUrl":"https:\/\/www.blogsoestado.com\/flaviobraga\/files\/2010\/08\/Versianni.jpg","datePublished":"2010-08-14T15:02:07+00:00","author":{"@id":"https:\/\/www.blogsoestado.com\/flaviobraga\/#\/schema\/person\/6c6c778331775c757a82d15206bd8733"},"breadcrumb":{"@id":"https:\/\/www.blogsoestado.com\/flaviobraga\/em-caso-concreto-ministro-arnaldo-versiani-afasta-aplicacao-da-lei-da-ficha-limpa\/#breadcrumb"},"inLanguage":"pt-BR","potentialAction":[{"@type":"ReadAction","target":["https:\/\/www.blogsoestado.com\/flaviobraga\/em-caso-concreto-ministro-arnaldo-versiani-afasta-aplicacao-da-lei-da-ficha-limpa\/"]}]},{"@type":"ImageObject","inLanguage":"pt-BR","@id":"https:\/\/www.blogsoestado.com\/flaviobraga\/em-caso-concreto-ministro-arnaldo-versiani-afasta-aplicacao-da-lei-da-ficha-limpa\/#primaryimage","url":"https:\/\/www.blogsoestado.com\/flaviobraga\/files\/2010\/08\/Versianni.jpg","contentUrl":"https:\/\/www.blogsoestado.com\/flaviobraga\/files\/2010\/08\/Versianni.jpg"},{"@type":"BreadcrumbList","@id":"https:\/\/www.blogsoestado.com\/flaviobraga\/em-caso-concreto-ministro-arnaldo-versiani-afasta-aplicacao-da-lei-da-ficha-limpa\/#breadcrumb","itemListElement":[{"@type":"ListItem","position":1,"name":"In\u00edcio","item":"https:\/\/www.blogsoestado.com\/flaviobraga\/"},{"@type":"ListItem","position":2,"name":"Em caso concreto, ministro Arnaldo Versiani afasta aplica\u00e7\u00e3o da Lei da Ficha Limpa"}]},{"@type":"WebSite","@id":"https:\/\/www.blogsoestado.com\/flaviobraga\/#website","url":"https:\/\/www.blogsoestado.com\/flaviobraga\/","name":"Fl\u00e1vio Braga","description":"","potentialAction":[{"@type":"SearchAction","target":{"@type":"EntryPoint","urlTemplate":"https:\/\/www.blogsoestado.com\/flaviobraga\/?s={search_term_string}"},"query-input":{"@type":"PropertyValueSpecification","valueRequired":true,"valueName":"search_term_string"}}],"inLanguage":"pt-BR"},{"@type":"Person","@id":"https:\/\/www.blogsoestado.com\/flaviobraga\/#\/schema\/person\/6c6c778331775c757a82d15206bd8733","name":"Flavio Braga","image":{"@type":"ImageObject","inLanguage":"pt-BR","@id":"https:\/\/www.blogsoestado.com\/flaviobraga\/#\/schema\/person\/image\/","url":"https:\/\/secure.gravatar.com\/avatar\/ab173937dad8d78195c87778be8a0285d069ede375ce0ae24aac1cf8e58ccb2c?s=96&d=mm&r=g","contentUrl":"https:\/\/secure.gravatar.com\/avatar\/ab173937dad8d78195c87778be8a0285d069ede375ce0ae24aac1cf8e58ccb2c?s=96&d=mm&r=g","caption":"Flavio Braga"},"url":"https:\/\/www.blogsoestado.com\/flaviobraga\/author\/flaviobraga\/"}]}},"jetpack_featured_media_url":"","_links":{"self":[{"href":"https:\/\/www.blogsoestado.com\/flaviobraga\/wp-json\/wp\/v2\/posts\/607","targetHints":{"allow":["GET"]}}],"collection":[{"href":"https:\/\/www.blogsoestado.com\/flaviobraga\/wp-json\/wp\/v2\/posts"}],"about":[{"href":"https:\/\/www.blogsoestado.com\/flaviobraga\/wp-json\/wp\/v2\/types\/post"}],"author":[{"embeddable":true,"href":"https:\/\/www.blogsoestado.com\/flaviobraga\/wp-json\/wp\/v2\/users\/8"}],"replies":[{"embeddable":true,"href":"https:\/\/www.blogsoestado.com\/flaviobraga\/wp-json\/wp\/v2\/comments?post=607"}],"version-history":[{"count":0,"href":"https:\/\/www.blogsoestado.com\/flaviobraga\/wp-json\/wp\/v2\/posts\/607\/revisions"}],"wp:attachment":[{"href":"https:\/\/www.blogsoestado.com\/flaviobraga\/wp-json\/wp\/v2\/media?parent=607"}],"wp:term":[{"taxonomy":"category","embeddable":true,"href":"https:\/\/www.blogsoestado.com\/flaviobraga\/wp-json\/wp\/v2\/categories?post=607"},{"taxonomy":"post_tag","embeddable":true,"href":"https:\/\/www.blogsoestado.com\/flaviobraga\/wp-json\/wp\/v2\/tags?post=607"}],"curies":[{"name":"wp","href":"https:\/\/api.w.org\/{rel}","templated":true}]}}