{"id":682,"date":"2010-09-01T09:02:11","date_gmt":"2010-09-01T12:02:11","guid":{"rendered":"https:\/\/www.blogsoestado.com\/flaviobraga\/?p=682"},"modified":"2010-09-01T09:02:11","modified_gmt":"2010-09-01T12:02:11","slug":"tse-mantem-indeferimento-do-registro-de-joaquim-roriz-leia-a-integra-do-voto-do-relator","status":"publish","type":"post","link":"https:\/\/www.blogsoestado.com\/flaviobraga\/tse-mantem-indeferimento-do-registro-de-joaquim-roriz-leia-a-integra-do-voto-do-relator\/","title":{"rendered":"TSE mant\u00e9m indeferimento do registro de Joaquim Roriz. Leia a \u00edntegra do voto do Relator"},"content":{"rendered":"<p>Por maioria de votos (6&#215;1), o Tribunal Superior Eleitoral (TSE) manteve o indeferimento do registro de candidatura de Joaquim Roriz, que pretendia se candidatar ao cargo de governador do Distrito Federal. Com base na chamada Lei da Ficha Limpa (LC 135\/2010), o plen\u00e1rio do TSE negou provimento ao recurso apresentado por Roriz e manteve a decis\u00e3o do Tribunal Regional Eleitoral do Distrito Federal (TRE-DF).<\/p>\n<p>A Corte, com exce\u00e7\u00e3o do ministro Marco Aur\u00e9lio, acompanhou o <a href=\"http:\/\/agencia.tse.gov.br\/sadAdmAgencia\/arquivoSearch.do?acao=getBin&amp;arqId=1382001\">voto do relator<\/a>, Arnaldo Versiani, que rebateu um a um os argumentos apresentados pela defesa de Roriz, entre eles o de que houve abuso do poder de legislar ao editar a LC 135\/2010 e viola\u00e7\u00e3o de princ\u00edpios constitucionais de presun\u00e7\u00e3o de inoc\u00eancia, da anualidade da lei eleitoral, da isonomia, da irretroatividade da lei e do ato jur\u00eddico perfeito.\u00a0<\/p>\n<p>Na avalia\u00e7\u00e3o do relator, o TSE, em julgamento recente, j\u00e1 firmou entendimento sobre a aplicabilidade da Lei da Ficha Limpa para as elei\u00e7\u00f5es deste ano. Ou seja, que a LC 135\/2010 n\u00e3o fere o princ\u00edpio da anualidade eleitoral previsto no artigo 16 da Constitui\u00e7\u00e3o Federal. Reafirmou ainda em seu voto que inelegibilidade n\u00e3o constitui pena, n\u00e3o havendo, portanto, afronta ao princ\u00edpio constitucional da presun\u00e7\u00e3o de inoc\u00eancia.\u00a0<\/p>\n<p><img decoding=\"async\" class=\"aligncenter size-medium wp-image-683\" src=\"https:\/\/www.blogsoestado.com\/flaviobraga\/files\/2010\/09\/Sessao-300x150.jpg\" alt=\"Sessao\" width=\"300\" height=\"150\" \/><\/p>\n<p>O ministro Versiani lembrou que a lei complementar entrou em vigor ainda antes do in\u00edcio do processo eleitoral \u2013 aberto, segundo sua avalia\u00e7\u00e3o, a partir das conven\u00e7\u00f5es partid\u00e1rias.\u00a0 Com rela\u00e7\u00e3o ao princ\u00edpio da irretroatividade da lei (se ela pode ou n\u00e3o alcan\u00e7ar casos passados), o ministro afirmou que a legisla\u00e7\u00e3o determina a verifica\u00e7\u00e3o da situa\u00e7\u00e3o do candidato no momento de seu registro de candidatura e que naquela situa\u00e7\u00e3o, Joaquim Roriz j\u00e1 se encontrava alcan\u00e7ado pela LC 135, ou seja, ineleg\u00edvel, em decorr\u00eancia da ren\u00fancia.\u00a0<\/p>\n<p>Com rela\u00e7\u00e3o \u00e0 ren\u00fancia em si, o ministro-relator ressaltou que mesmo que ela tenha ocorrido antes da LC 135, n\u00e3o cabe discuti-la como ato jur\u00eddico perfeito (que n\u00e3o pode ser desconstitu\u00eddo), \u201dcaso contr\u00e1rio traria um direito adquirido \u00e0 elegibilidade\u201d, afirmou.\u00a0<\/p>\n<p>O ministro-presidente tamb\u00e9m ressaltou a quest\u00e3o da moralidade ou probidade administrativa para o exerc\u00edcio do mandato. \u201cEnt\u00e3o n\u00f3s temos de um lado a presun\u00e7\u00e3o de inoc\u00eancia que \u00e9 um direito individual e de outro a probidade administrativa que \u00e9 um princ\u00edpio fundamental que serve de apoio, de arrimo, de pilar aos direitos pol\u00edticos. Em se tratando de um pleito a um cargo eletivo, a meu ver, nessa pondera\u00e7\u00e3o de valores, h\u00e1 que se dar um peso maior \u00e0 probidade administrativa\u201d, frisou o presidente do TSE ao proferir seu voto.\u00a0<\/p>\n<p>\u00a0<strong>Diverg\u00eancia<\/strong><strong><\/p>\n<p><\/strong>\u00danico a divergir, o ministro Marco Aur\u00e9lio reiterou o seu entendimento no sentido de que a Lei Complementar 135\/2010 altera de modo substancial o processo eleitoral em curso. \u201cEm s\u00e3 consci\u00eancia ningu\u00e9m pode dizer que essa lei n\u00e3o altera, n\u00e3o repercute, no processo eleitoral\u201d, disse.<\/p>\n<p>Segundo explicou o ministro Marco Aur\u00e9lio, no caso concreto, a inelegibilidade surge como uma san\u00e7\u00e3o, como uma consequ\u00eancia do ato de ren\u00fancia do ent\u00e3o senador Joaquim Roriz. \u201cAqui, a situa\u00e7\u00e3o concreta \u00e9 de retroa\u00e7\u00e3o da lei. Ela retroage para apanhar uma ren\u00fancia formalizada em 2007 e emprestar a essa mesma ren\u00fancia consequ\u00eancia que h\u00e1 \u00e9poca n\u00e3o tinha\u201d, alertou o ministro.<\/p>\n<p><strong>Entenda o caso <\/strong><\/p>\n<p>Joaquim Roriz, 74 anos, foi eleito senador pelo PMDB em 2006, para duas legislaturas &#8211; a primeira teve in\u00edcio em 2007 e a segunda se encerraria em 2015.<\/p>\n<p>Por\u00e9m, acusado de envolvimento em um esc\u00e2ndalo de corrup\u00e7\u00e3o, Roriz acabou renunciando ao cargo em julho de 2007, a poucos dias do conselho de \u00e9tica do Senado abrir um processo que poderia culminar na cassa\u00e7\u00e3o de seu mandato.<\/p>\n<p>O artigo 1\u00ba, inciso I, al\u00ednea k, da lei das Inelegibilidades, preceitua que s\u00e3o ineleg\u00edveis para qualquer cargo os membros do Congresso Nacional que renunciarem a seus mandatos desde o oferecimento de representa\u00e7\u00e3o ou peti\u00e7\u00e3o capaz de autorizar a abertura de processo de cassa\u00e7\u00e3o do mandato, para as elei\u00e7\u00f5es que se realizarem durante o per\u00edodo remanescente do mandato para o qual foram eleitos e nos 8 (oito) anos subsequentes ao t\u00e9rmino da legislatura.<\/p>\n<p><a href=\"http:\/\/agencia.tse.gov.br\/sadAdmAgencia\/arquivoSearch.do?acao=getBin&amp;arqId=1382001\">\u00cdntegra do voto do ministro Arnaldo Versiani no RO 161660<\/a><\/p>\n","protected":false},"excerpt":{"rendered":"<p>Por maioria de votos (6&#215;1), o Tribunal Superior Eleitoral (TSE) manteve o indeferimento do registro de candidatura de Joaquim Roriz, [&hellip;]<\/p>\n","protected":false},"author":8,"featured_media":0,"comment_status":"open","ping_status":"open","sticky":false,"template":"","format":"standard","meta":{"site-sidebar-layout":"default","site-content-layout":"","ast-site-content-layout":"default","site-content-style":"default","site-sidebar-style":"default","ast-global-header-display":"","ast-banner-title-visibility":"","ast-main-header-display":"","ast-hfb-above-header-display":"","ast-hfb-below-header-display":"","ast-hfb-mobile-header-display":"","site-post-title":"","ast-breadcrumbs-content":"","ast-featured-img":"","footer-sml-layout":"","ast-disable-related-posts":"","theme-transparent-header-meta":"","adv-header-id-meta":"","stick-header-meta":"","header-above-stick-meta":"","header-main-stick-meta":"","header-below-stick-meta":"","astra-migrate-meta-layouts":"default","ast-page-background-enabled":"default","ast-page-background-meta":{"desktop":{"background-color":"var(--ast-global-color-5)","background-image":"","background-repeat":"repeat","background-position":"center center","background-size":"auto","background-attachment":"scroll","background-type":"","background-media":"","overlay-type":"","overlay-color":"","overlay-opacity":"","overlay-gradient":""},"tablet":{"background-color":"","background-image":"","background-repeat":"repeat","background-position":"center center","background-size":"auto","background-attachment":"scroll","background-type":"","background-media":"","overlay-type":"","overlay-color":"","overlay-opacity":"","overlay-gradient":""},"mobile":{"background-color":"","background-image":"","background-repeat":"repeat","background-position":"center center","background-size":"auto","background-attachment":"scroll","background-type":"","background-media":"","overlay-type":"","overlay-color":"","overlay-opacity":"","overlay-gradient":""}},"ast-content-background-meta":{"desktop":{"background-color":"var(--ast-global-color-4)","background-image":"","background-repeat":"repeat","background-position":"center center","background-size":"auto","background-attachment":"scroll","background-type":"","background-media":"","overlay-type":"","overlay-color":"","overlay-opacity":"","overlay-gradient":""},"tablet":{"background-color":"var(--ast-global-color-4)","background-image":"","background-repeat":"repeat","background-position":"center center","background-size":"auto","background-attachment":"scroll","background-type":"","background-media":"","overlay-type":"","overlay-color":"","overlay-opacity":"","overlay-gradient":""},"mobile":{"background-color":"var(--ast-global-color-4)","background-image":"","background-repeat":"repeat","background-position":"center center","background-size":"auto","background-attachment":"scroll","background-type":"","background-media":"","overlay-type":"","overlay-color":"","overlay-opacity":"","overlay-gradient":""}},"footnotes":""},"categories":[1],"tags":[],"class_list":["post-682","post","type-post","status-publish","format-standard","hentry","category-sem-categoria"],"yoast_head":"<!-- This site is optimized with the Yoast SEO plugin v26.6 - https:\/\/yoast.com\/wordpress\/plugins\/seo\/ -->\n<title>TSE mant\u00e9m indeferimento do registro de Joaquim Roriz. Leia a \u00edntegra do voto do Relator - Fl\u00e1vio Braga<\/title>\n<meta name=\"robots\" content=\"index, follow, max-snippet:-1, max-image-preview:large, max-video-preview:-1\" \/>\n<link rel=\"canonical\" href=\"https:\/\/www.blogsoestado.com\/flaviobraga\/tse-mantem-indeferimento-do-registro-de-joaquim-roriz-leia-a-integra-do-voto-do-relator\/\" \/>\n<meta property=\"og:locale\" content=\"pt_BR\" \/>\n<meta property=\"og:type\" content=\"article\" \/>\n<meta property=\"og:title\" content=\"TSE mant\u00e9m indeferimento do registro de Joaquim Roriz. Leia a \u00edntegra do voto do Relator - Fl\u00e1vio Braga\" \/>\n<meta property=\"og:description\" content=\"Por maioria de votos (6&#215;1), o Tribunal Superior Eleitoral (TSE) manteve o indeferimento do registro de candidatura de Joaquim Roriz, [&hellip;]\" \/>\n<meta property=\"og:url\" content=\"https:\/\/www.blogsoestado.com\/flaviobraga\/tse-mantem-indeferimento-do-registro-de-joaquim-roriz-leia-a-integra-do-voto-do-relator\/\" \/>\n<meta property=\"og:site_name\" content=\"Fl\u00e1vio Braga\" \/>\n<meta property=\"article:published_time\" content=\"2010-09-01T12:02:11+00:00\" \/>\n<meta property=\"og:image\" content=\"https:\/\/www.blogsoestado.com\/flaviobraga\/files\/2010\/09\/Sessao-300x150.jpg\" \/>\n<meta name=\"author\" content=\"Flavio Braga\" \/>\n<meta name=\"twitter:card\" content=\"summary_large_image\" \/>\n<meta name=\"twitter:label1\" content=\"Escrito por\" \/>\n\t<meta name=\"twitter:data1\" content=\"Flavio Braga\" \/>\n\t<meta name=\"twitter:label2\" content=\"Est. tempo de leitura\" \/>\n\t<meta name=\"twitter:data2\" content=\"4 minutos\" \/>\n<script type=\"application\/ld+json\" class=\"yoast-schema-graph\">{\"@context\":\"https:\/\/schema.org\",\"@graph\":[{\"@type\":\"WebPage\",\"@id\":\"https:\/\/www.blogsoestado.com\/flaviobraga\/tse-mantem-indeferimento-do-registro-de-joaquim-roriz-leia-a-integra-do-voto-do-relator\/\",\"url\":\"https:\/\/www.blogsoestado.com\/flaviobraga\/tse-mantem-indeferimento-do-registro-de-joaquim-roriz-leia-a-integra-do-voto-do-relator\/\",\"name\":\"TSE mant\u00e9m indeferimento do registro de Joaquim Roriz. Leia a \u00edntegra do voto do Relator - Fl\u00e1vio Braga\",\"isPartOf\":{\"@id\":\"https:\/\/www.blogsoestado.com\/flaviobraga\/#website\"},\"primaryImageOfPage\":{\"@id\":\"https:\/\/www.blogsoestado.com\/flaviobraga\/tse-mantem-indeferimento-do-registro-de-joaquim-roriz-leia-a-integra-do-voto-do-relator\/#primaryimage\"},\"image\":{\"@id\":\"https:\/\/www.blogsoestado.com\/flaviobraga\/tse-mantem-indeferimento-do-registro-de-joaquim-roriz-leia-a-integra-do-voto-do-relator\/#primaryimage\"},\"thumbnailUrl\":\"https:\/\/www.blogsoestado.com\/flaviobraga\/files\/2010\/09\/Sessao-300x150.jpg\",\"datePublished\":\"2010-09-01T12:02:11+00:00\",\"author\":{\"@id\":\"https:\/\/www.blogsoestado.com\/flaviobraga\/#\/schema\/person\/6c6c778331775c757a82d15206bd8733\"},\"breadcrumb\":{\"@id\":\"https:\/\/www.blogsoestado.com\/flaviobraga\/tse-mantem-indeferimento-do-registro-de-joaquim-roriz-leia-a-integra-do-voto-do-relator\/#breadcrumb\"},\"inLanguage\":\"pt-BR\",\"potentialAction\":[{\"@type\":\"ReadAction\",\"target\":[\"https:\/\/www.blogsoestado.com\/flaviobraga\/tse-mantem-indeferimento-do-registro-de-joaquim-roriz-leia-a-integra-do-voto-do-relator\/\"]}]},{\"@type\":\"ImageObject\",\"inLanguage\":\"pt-BR\",\"@id\":\"https:\/\/www.blogsoestado.com\/flaviobraga\/tse-mantem-indeferimento-do-registro-de-joaquim-roriz-leia-a-integra-do-voto-do-relator\/#primaryimage\",\"url\":\"https:\/\/www.blogsoestado.com\/flaviobraga\/files\/2010\/09\/Sessao-300x150.jpg\",\"contentUrl\":\"https:\/\/www.blogsoestado.com\/flaviobraga\/files\/2010\/09\/Sessao-300x150.jpg\"},{\"@type\":\"BreadcrumbList\",\"@id\":\"https:\/\/www.blogsoestado.com\/flaviobraga\/tse-mantem-indeferimento-do-registro-de-joaquim-roriz-leia-a-integra-do-voto-do-relator\/#breadcrumb\",\"itemListElement\":[{\"@type\":\"ListItem\",\"position\":1,\"name\":\"In\u00edcio\",\"item\":\"https:\/\/www.blogsoestado.com\/flaviobraga\/\"},{\"@type\":\"ListItem\",\"position\":2,\"name\":\"TSE mant\u00e9m indeferimento do registro de Joaquim Roriz. Leia a \u00edntegra do voto do Relator\"}]},{\"@type\":\"WebSite\",\"@id\":\"https:\/\/www.blogsoestado.com\/flaviobraga\/#website\",\"url\":\"https:\/\/www.blogsoestado.com\/flaviobraga\/\",\"name\":\"Fl\u00e1vio Braga\",\"description\":\"\",\"potentialAction\":[{\"@type\":\"SearchAction\",\"target\":{\"@type\":\"EntryPoint\",\"urlTemplate\":\"https:\/\/www.blogsoestado.com\/flaviobraga\/?s={search_term_string}\"},\"query-input\":{\"@type\":\"PropertyValueSpecification\",\"valueRequired\":true,\"valueName\":\"search_term_string\"}}],\"inLanguage\":\"pt-BR\"},{\"@type\":\"Person\",\"@id\":\"https:\/\/www.blogsoestado.com\/flaviobraga\/#\/schema\/person\/6c6c778331775c757a82d15206bd8733\",\"name\":\"Flavio Braga\",\"image\":{\"@type\":\"ImageObject\",\"inLanguage\":\"pt-BR\",\"@id\":\"https:\/\/www.blogsoestado.com\/flaviobraga\/#\/schema\/person\/image\/\",\"url\":\"https:\/\/secure.gravatar.com\/avatar\/ab173937dad8d78195c87778be8a0285d069ede375ce0ae24aac1cf8e58ccb2c?s=96&d=mm&r=g\",\"contentUrl\":\"https:\/\/secure.gravatar.com\/avatar\/ab173937dad8d78195c87778be8a0285d069ede375ce0ae24aac1cf8e58ccb2c?s=96&d=mm&r=g\",\"caption\":\"Flavio Braga\"},\"url\":\"https:\/\/www.blogsoestado.com\/flaviobraga\/author\/flaviobraga\/\"}]}<\/script>\n<!-- \/ Yoast SEO plugin. -->","yoast_head_json":{"title":"TSE mant\u00e9m indeferimento do registro de Joaquim Roriz. Leia a \u00edntegra do voto do Relator - Fl\u00e1vio Braga","robots":{"index":"index","follow":"follow","max-snippet":"max-snippet:-1","max-image-preview":"max-image-preview:large","max-video-preview":"max-video-preview:-1"},"canonical":"https:\/\/www.blogsoestado.com\/flaviobraga\/tse-mantem-indeferimento-do-registro-de-joaquim-roriz-leia-a-integra-do-voto-do-relator\/","og_locale":"pt_BR","og_type":"article","og_title":"TSE mant\u00e9m indeferimento do registro de Joaquim Roriz. Leia a \u00edntegra do voto do Relator - Fl\u00e1vio Braga","og_description":"Por maioria de votos (6&#215;1), o Tribunal Superior Eleitoral (TSE) manteve o indeferimento do registro de candidatura de Joaquim Roriz, [&hellip;]","og_url":"https:\/\/www.blogsoestado.com\/flaviobraga\/tse-mantem-indeferimento-do-registro-de-joaquim-roriz-leia-a-integra-do-voto-do-relator\/","og_site_name":"Fl\u00e1vio Braga","article_published_time":"2010-09-01T12:02:11+00:00","og_image":[{"url":"https:\/\/www.blogsoestado.com\/flaviobraga\/files\/2010\/09\/Sessao-300x150.jpg","type":"","width":"","height":""}],"author":"Flavio Braga","twitter_card":"summary_large_image","twitter_misc":{"Escrito por":"Flavio Braga","Est. tempo de leitura":"4 minutos"},"schema":{"@context":"https:\/\/schema.org","@graph":[{"@type":"WebPage","@id":"https:\/\/www.blogsoestado.com\/flaviobraga\/tse-mantem-indeferimento-do-registro-de-joaquim-roriz-leia-a-integra-do-voto-do-relator\/","url":"https:\/\/www.blogsoestado.com\/flaviobraga\/tse-mantem-indeferimento-do-registro-de-joaquim-roriz-leia-a-integra-do-voto-do-relator\/","name":"TSE mant\u00e9m indeferimento do registro de Joaquim Roriz. Leia a \u00edntegra do voto do Relator - Fl\u00e1vio Braga","isPartOf":{"@id":"https:\/\/www.blogsoestado.com\/flaviobraga\/#website"},"primaryImageOfPage":{"@id":"https:\/\/www.blogsoestado.com\/flaviobraga\/tse-mantem-indeferimento-do-registro-de-joaquim-roriz-leia-a-integra-do-voto-do-relator\/#primaryimage"},"image":{"@id":"https:\/\/www.blogsoestado.com\/flaviobraga\/tse-mantem-indeferimento-do-registro-de-joaquim-roriz-leia-a-integra-do-voto-do-relator\/#primaryimage"},"thumbnailUrl":"https:\/\/www.blogsoestado.com\/flaviobraga\/files\/2010\/09\/Sessao-300x150.jpg","datePublished":"2010-09-01T12:02:11+00:00","author":{"@id":"https:\/\/www.blogsoestado.com\/flaviobraga\/#\/schema\/person\/6c6c778331775c757a82d15206bd8733"},"breadcrumb":{"@id":"https:\/\/www.blogsoestado.com\/flaviobraga\/tse-mantem-indeferimento-do-registro-de-joaquim-roriz-leia-a-integra-do-voto-do-relator\/#breadcrumb"},"inLanguage":"pt-BR","potentialAction":[{"@type":"ReadAction","target":["https:\/\/www.blogsoestado.com\/flaviobraga\/tse-mantem-indeferimento-do-registro-de-joaquim-roriz-leia-a-integra-do-voto-do-relator\/"]}]},{"@type":"ImageObject","inLanguage":"pt-BR","@id":"https:\/\/www.blogsoestado.com\/flaviobraga\/tse-mantem-indeferimento-do-registro-de-joaquim-roriz-leia-a-integra-do-voto-do-relator\/#primaryimage","url":"https:\/\/www.blogsoestado.com\/flaviobraga\/files\/2010\/09\/Sessao-300x150.jpg","contentUrl":"https:\/\/www.blogsoestado.com\/flaviobraga\/files\/2010\/09\/Sessao-300x150.jpg"},{"@type":"BreadcrumbList","@id":"https:\/\/www.blogsoestado.com\/flaviobraga\/tse-mantem-indeferimento-do-registro-de-joaquim-roriz-leia-a-integra-do-voto-do-relator\/#breadcrumb","itemListElement":[{"@type":"ListItem","position":1,"name":"In\u00edcio","item":"https:\/\/www.blogsoestado.com\/flaviobraga\/"},{"@type":"ListItem","position":2,"name":"TSE mant\u00e9m indeferimento do registro de Joaquim Roriz. Leia a \u00edntegra do voto do Relator"}]},{"@type":"WebSite","@id":"https:\/\/www.blogsoestado.com\/flaviobraga\/#website","url":"https:\/\/www.blogsoestado.com\/flaviobraga\/","name":"Fl\u00e1vio Braga","description":"","potentialAction":[{"@type":"SearchAction","target":{"@type":"EntryPoint","urlTemplate":"https:\/\/www.blogsoestado.com\/flaviobraga\/?s={search_term_string}"},"query-input":{"@type":"PropertyValueSpecification","valueRequired":true,"valueName":"search_term_string"}}],"inLanguage":"pt-BR"},{"@type":"Person","@id":"https:\/\/www.blogsoestado.com\/flaviobraga\/#\/schema\/person\/6c6c778331775c757a82d15206bd8733","name":"Flavio Braga","image":{"@type":"ImageObject","inLanguage":"pt-BR","@id":"https:\/\/www.blogsoestado.com\/flaviobraga\/#\/schema\/person\/image\/","url":"https:\/\/secure.gravatar.com\/avatar\/ab173937dad8d78195c87778be8a0285d069ede375ce0ae24aac1cf8e58ccb2c?s=96&d=mm&r=g","contentUrl":"https:\/\/secure.gravatar.com\/avatar\/ab173937dad8d78195c87778be8a0285d069ede375ce0ae24aac1cf8e58ccb2c?s=96&d=mm&r=g","caption":"Flavio Braga"},"url":"https:\/\/www.blogsoestado.com\/flaviobraga\/author\/flaviobraga\/"}]}},"jetpack_featured_media_url":"","_links":{"self":[{"href":"https:\/\/www.blogsoestado.com\/flaviobraga\/wp-json\/wp\/v2\/posts\/682","targetHints":{"allow":["GET"]}}],"collection":[{"href":"https:\/\/www.blogsoestado.com\/flaviobraga\/wp-json\/wp\/v2\/posts"}],"about":[{"href":"https:\/\/www.blogsoestado.com\/flaviobraga\/wp-json\/wp\/v2\/types\/post"}],"author":[{"embeddable":true,"href":"https:\/\/www.blogsoestado.com\/flaviobraga\/wp-json\/wp\/v2\/users\/8"}],"replies":[{"embeddable":true,"href":"https:\/\/www.blogsoestado.com\/flaviobraga\/wp-json\/wp\/v2\/comments?post=682"}],"version-history":[{"count":0,"href":"https:\/\/www.blogsoestado.com\/flaviobraga\/wp-json\/wp\/v2\/posts\/682\/revisions"}],"wp:attachment":[{"href":"https:\/\/www.blogsoestado.com\/flaviobraga\/wp-json\/wp\/v2\/media?parent=682"}],"wp:term":[{"taxonomy":"category","embeddable":true,"href":"https:\/\/www.blogsoestado.com\/flaviobraga\/wp-json\/wp\/v2\/categories?post=682"},{"taxonomy":"post_tag","embeddable":true,"href":"https:\/\/www.blogsoestado.com\/flaviobraga\/wp-json\/wp\/v2\/tags?post=682"}],"curies":[{"name":"wp","href":"https:\/\/api.w.org\/{rel}","templated":true}]}}