{"id":728,"date":"2010-09-13T20:33:25","date_gmt":"2010-09-13T23:33:25","guid":{"rendered":"https:\/\/www.blogsoestado.com\/flaviobraga\/?p=728"},"modified":"2010-09-13T20:33:25","modified_gmt":"2010-09-13T23:33:25","slug":"tese-do-juiz-sergio-muniz-e-confirmada-no-tse","status":"publish","type":"post","link":"https:\/\/www.blogsoestado.com\/flaviobraga\/tese-do-juiz-sergio-muniz-e-confirmada-no-tse\/","title":{"rendered":"Tese do Juiz S\u00e9rgio Muniz \u00e9 confirmada no TSE"},"content":{"rendered":"<figure id=\"attachment_729\" aria-describedby=\"caption-attachment-729\" style=\"width: 249px\" class=\"wp-caption aligncenter\"><img fetchpriority=\"high\" decoding=\"async\" class=\"size-full wp-image-729\" src=\"https:\/\/www.blogsoestado.com\/flaviobraga\/files\/2010\/09\/Sergio-300x2981.jpg\" alt=\"Juiz S\u00e9rgio Muniz\" width=\"249\" height=\"247\" \/><figcaption id=\"caption-attachment-729\" class=\"wp-caption-text\">Juiz S\u00e9rgio Muniz<\/figcaption><\/figure>\n<p>Na sess\u00e3o plen\u00e1ria do dia 8 de setembro, o TSE confirmou o entendimento de que contas p\u00fablicas prestadas por prefeito municipal (contas de governo e contas de gest\u00e3o) s\u00f3 podem ser julgadas pelo Poder Legislativo, mesmo ap\u00f3s o advento da Lei da Ficha Limpa.<\/p>\n<p>A decis\u00e3o foi prolatada nos autos do Recurso Ordin\u00e1rio n\u00b0 75179, oriundo do estado do Tocantins.<\/p>\n<p>O Ministro relator (Arnaldo Versiani) salientou que a jurisprud\u00eancia do Supremo Tribunal Federal (STF) \u00e9 firme no sentido de que a compet\u00eancia para a aprecia\u00e7\u00e3o de contas de prefeito \u00e9 sempre da C\u00e2mara Municipal e n\u00e3o do Tribunal de Contas.<\/p>\n<p>Eis a ementa do ac\u00f3rd\u00e3o:<\/p>\n<p>Registro. Inelegibilidade. Rejei\u00e7\u00e3o de contas. \u00d3rg\u00e3o competente.<\/p>\n<p>1.\u00a0\u00a0\u00a0\u00a0\u00a0 Nos termos do art. 31 da Constitui\u00e7\u00e3o Federal, a compet\u00eancia para o julgamento das contas de Prefeito \u00e9 da C\u00e2mara Municipal, cabendo ao Tribunal de Contas a emiss\u00e3o de parecer pr\u00e9vio, o que se aplica, inclusive, a eventuais atos de ordena\u00e7\u00e3o de despesas.<\/p>\n<p>2.\u00a0\u00a0\u00a0\u00a0\u00a0 A ressalva final constante da nova reda\u00e7\u00e3o da al\u00ednea <em>g<\/em> do inciso I do art. 1\u00ba da Lei Complementar n\u00ba 64\/90, introduzida pela Lei Complementar n\u00ba 135\/2010 \u2013 de que se aplica <em>\u201co disposto no inciso II do art. 71 da Constitui\u00e7\u00e3o Federal, a todos os ordenadores de despesa, sem exclus\u00e3o de mandat\u00e1rios que houverem agido nessa condi\u00e7\u00e3o\u201d<\/em> \u2013, n\u00e3o alcan\u00e7a os chefes do Poder Executivo.<\/p>\n<p><strong>Posi\u00e7\u00e3o do TRE\/MA<\/strong><\/p>\n<p>Durante a fase de registro de candidaturas, no \u00e2mbito do TRE\/MA, somente o Juiz S\u00e9rgio Muniz sustentou esse entendimento. A maioria dos membros da Corte firmou o posicionamento de que, mesmo antes da edi\u00e7\u00e3o da Lei da Ficha Limpa, o TCE j\u00e1 detinha compet\u00eancia para julgar contas de gest\u00e3o de prefeito municipal, por for\u00e7a do artigo 71, II, da CF\/88.<\/p>\n<p>Na sess\u00e3o do dia 26 de agosto, em que foi julgado o pedido de registro do candidato Raimundo Louro, o Juiz Raimundo Barros reconsiderou o seu ponto de vista para acompanhar o voto de S\u00e9rgio Muniz e acatar a orienta\u00e7\u00e3o emanada do TSE e do STF.<\/p>\n","protected":false},"excerpt":{"rendered":"<p>Na sess\u00e3o plen\u00e1ria do dia 8 de setembro, o TSE confirmou o entendimento de que contas p\u00fablicas prestadas por prefeito [&hellip;]<\/p>\n","protected":false},"author":8,"featured_media":0,"comment_status":"open","ping_status":"open","sticky":false,"template":"","format":"standard","meta":{"site-sidebar-layout":"default","site-content-layout":"","ast-site-content-layout":"default","site-content-style":"default","site-sidebar-style":"default","ast-global-header-display":"","ast-banner-title-visibility":"","ast-main-header-display":"","ast-hfb-above-header-display":"","ast-hfb-below-header-display":"","ast-hfb-mobile-header-display":"","site-post-title":"","ast-breadcrumbs-content":"","ast-featured-img":"","footer-sml-layout":"","ast-disable-related-posts":"","theme-transparent-header-meta":"","adv-header-id-meta":"","stick-header-meta":"","header-above-stick-meta":"","header-main-stick-meta":"","header-below-stick-meta":"","astra-migrate-meta-layouts":"default","ast-page-background-enabled":"default","ast-page-background-meta":{"desktop":{"background-color":"var(--ast-global-color-5)","background-image":"","background-repeat":"repeat","background-position":"center center","background-size":"auto","background-attachment":"scroll","background-type":"","background-media":"","overlay-type":"","overlay-color":"","overlay-opacity":"","overlay-gradient":""},"tablet":{"background-color":"","background-image":"","background-repeat":"repeat","background-position":"center center","background-size":"auto","background-attachment":"scroll","background-type":"","background-media":"","overlay-type":"","overlay-color":"","overlay-opacity":"","overlay-gradient":""},"mobile":{"background-color":"","background-image":"","background-repeat":"repeat","background-position":"center center","background-size":"auto","background-attachment":"scroll","background-type":"","background-media":"","overlay-type":"","overlay-color":"","overlay-opacity":"","overlay-gradient":""}},"ast-content-background-meta":{"desktop":{"background-color":"var(--ast-global-color-4)","background-image":"","background-repeat":"repeat","background-position":"center center","background-size":"auto","background-attachment":"scroll","background-type":"","background-media":"","overlay-type":"","overlay-color":"","overlay-opacity":"","overlay-gradient":""},"tablet":{"background-color":"var(--ast-global-color-4)","background-image":"","background-repeat":"repeat","background-position":"center center","background-size":"auto","background-attachment":"scroll","background-type":"","background-media":"","overlay-type":"","overlay-color":"","overlay-opacity":"","overlay-gradient":""},"mobile":{"background-color":"var(--ast-global-color-4)","background-image":"","background-repeat":"repeat","background-position":"center center","background-size":"auto","background-attachment":"scroll","background-type":"","background-media":"","overlay-type":"","overlay-color":"","overlay-opacity":"","overlay-gradient":""}},"footnotes":""},"categories":[1],"tags":[],"class_list":["post-728","post","type-post","status-publish","format-standard","hentry","category-sem-categoria"],"yoast_head":"<!-- This site is optimized with the Yoast SEO plugin v26.6 - https:\/\/yoast.com\/wordpress\/plugins\/seo\/ -->\n<title>Tese do Juiz S\u00e9rgio Muniz \u00e9 confirmada no TSE - Fl\u00e1vio Braga<\/title>\n<meta name=\"robots\" content=\"index, follow, max-snippet:-1, max-image-preview:large, max-video-preview:-1\" \/>\n<link rel=\"canonical\" href=\"https:\/\/www.blogsoestado.com\/flaviobraga\/tese-do-juiz-sergio-muniz-e-confirmada-no-tse\/\" \/>\n<meta property=\"og:locale\" content=\"pt_BR\" \/>\n<meta property=\"og:type\" content=\"article\" \/>\n<meta property=\"og:title\" content=\"Tese do Juiz S\u00e9rgio Muniz \u00e9 confirmada no TSE - Fl\u00e1vio Braga\" \/>\n<meta property=\"og:description\" content=\"Na sess\u00e3o plen\u00e1ria do dia 8 de setembro, o TSE confirmou o entendimento de que contas p\u00fablicas prestadas por prefeito [&hellip;]\" \/>\n<meta property=\"og:url\" content=\"https:\/\/www.blogsoestado.com\/flaviobraga\/tese-do-juiz-sergio-muniz-e-confirmada-no-tse\/\" \/>\n<meta property=\"og:site_name\" content=\"Fl\u00e1vio Braga\" \/>\n<meta property=\"article:published_time\" content=\"2010-09-13T23:33:25+00:00\" \/>\n<meta property=\"og:image\" content=\"https:\/\/www.blogsoestado.com\/flaviobraga\/files\/2010\/09\/Sergio-300x2981.jpg\" \/>\n<meta name=\"author\" content=\"Flavio Braga\" \/>\n<meta name=\"twitter:card\" content=\"summary_large_image\" \/>\n<meta name=\"twitter:label1\" content=\"Escrito por\" \/>\n\t<meta name=\"twitter:data1\" content=\"Flavio Braga\" \/>\n\t<meta name=\"twitter:label2\" content=\"Est. tempo de leitura\" \/>\n\t<meta name=\"twitter:data2\" content=\"2 minutos\" \/>\n<script type=\"application\/ld+json\" class=\"yoast-schema-graph\">{\"@context\":\"https:\/\/schema.org\",\"@graph\":[{\"@type\":\"WebPage\",\"@id\":\"https:\/\/www.blogsoestado.com\/flaviobraga\/tese-do-juiz-sergio-muniz-e-confirmada-no-tse\/\",\"url\":\"https:\/\/www.blogsoestado.com\/flaviobraga\/tese-do-juiz-sergio-muniz-e-confirmada-no-tse\/\",\"name\":\"Tese do Juiz S\u00e9rgio Muniz \u00e9 confirmada no TSE - Fl\u00e1vio Braga\",\"isPartOf\":{\"@id\":\"https:\/\/www.blogsoestado.com\/flaviobraga\/#website\"},\"primaryImageOfPage\":{\"@id\":\"https:\/\/www.blogsoestado.com\/flaviobraga\/tese-do-juiz-sergio-muniz-e-confirmada-no-tse\/#primaryimage\"},\"image\":{\"@id\":\"https:\/\/www.blogsoestado.com\/flaviobraga\/tese-do-juiz-sergio-muniz-e-confirmada-no-tse\/#primaryimage\"},\"thumbnailUrl\":\"https:\/\/www.blogsoestado.com\/flaviobraga\/files\/2010\/09\/Sergio-300x2981.jpg\",\"datePublished\":\"2010-09-13T23:33:25+00:00\",\"author\":{\"@id\":\"https:\/\/www.blogsoestado.com\/flaviobraga\/#\/schema\/person\/6c6c778331775c757a82d15206bd8733\"},\"breadcrumb\":{\"@id\":\"https:\/\/www.blogsoestado.com\/flaviobraga\/tese-do-juiz-sergio-muniz-e-confirmada-no-tse\/#breadcrumb\"},\"inLanguage\":\"pt-BR\",\"potentialAction\":[{\"@type\":\"ReadAction\",\"target\":[\"https:\/\/www.blogsoestado.com\/flaviobraga\/tese-do-juiz-sergio-muniz-e-confirmada-no-tse\/\"]}]},{\"@type\":\"ImageObject\",\"inLanguage\":\"pt-BR\",\"@id\":\"https:\/\/www.blogsoestado.com\/flaviobraga\/tese-do-juiz-sergio-muniz-e-confirmada-no-tse\/#primaryimage\",\"url\":\"https:\/\/www.blogsoestado.com\/flaviobraga\/files\/2010\/09\/Sergio-300x2981.jpg\",\"contentUrl\":\"https:\/\/www.blogsoestado.com\/flaviobraga\/files\/2010\/09\/Sergio-300x2981.jpg\"},{\"@type\":\"BreadcrumbList\",\"@id\":\"https:\/\/www.blogsoestado.com\/flaviobraga\/tese-do-juiz-sergio-muniz-e-confirmada-no-tse\/#breadcrumb\",\"itemListElement\":[{\"@type\":\"ListItem\",\"position\":1,\"name\":\"In\u00edcio\",\"item\":\"https:\/\/www.blogsoestado.com\/flaviobraga\/\"},{\"@type\":\"ListItem\",\"position\":2,\"name\":\"Tese do Juiz S\u00e9rgio Muniz \u00e9 confirmada no TSE\"}]},{\"@type\":\"WebSite\",\"@id\":\"https:\/\/www.blogsoestado.com\/flaviobraga\/#website\",\"url\":\"https:\/\/www.blogsoestado.com\/flaviobraga\/\",\"name\":\"Fl\u00e1vio Braga\",\"description\":\"\",\"potentialAction\":[{\"@type\":\"SearchAction\",\"target\":{\"@type\":\"EntryPoint\",\"urlTemplate\":\"https:\/\/www.blogsoestado.com\/flaviobraga\/?s={search_term_string}\"},\"query-input\":{\"@type\":\"PropertyValueSpecification\",\"valueRequired\":true,\"valueName\":\"search_term_string\"}}],\"inLanguage\":\"pt-BR\"},{\"@type\":\"Person\",\"@id\":\"https:\/\/www.blogsoestado.com\/flaviobraga\/#\/schema\/person\/6c6c778331775c757a82d15206bd8733\",\"name\":\"Flavio Braga\",\"image\":{\"@type\":\"ImageObject\",\"inLanguage\":\"pt-BR\",\"@id\":\"https:\/\/www.blogsoestado.com\/flaviobraga\/#\/schema\/person\/image\/\",\"url\":\"https:\/\/secure.gravatar.com\/avatar\/ab173937dad8d78195c87778be8a0285d069ede375ce0ae24aac1cf8e58ccb2c?s=96&d=mm&r=g\",\"contentUrl\":\"https:\/\/secure.gravatar.com\/avatar\/ab173937dad8d78195c87778be8a0285d069ede375ce0ae24aac1cf8e58ccb2c?s=96&d=mm&r=g\",\"caption\":\"Flavio Braga\"},\"url\":\"https:\/\/www.blogsoestado.com\/flaviobraga\/author\/flaviobraga\/\"}]}<\/script>\n<!-- \/ Yoast SEO plugin. -->","yoast_head_json":{"title":"Tese do Juiz S\u00e9rgio Muniz \u00e9 confirmada no TSE - Fl\u00e1vio Braga","robots":{"index":"index","follow":"follow","max-snippet":"max-snippet:-1","max-image-preview":"max-image-preview:large","max-video-preview":"max-video-preview:-1"},"canonical":"https:\/\/www.blogsoestado.com\/flaviobraga\/tese-do-juiz-sergio-muniz-e-confirmada-no-tse\/","og_locale":"pt_BR","og_type":"article","og_title":"Tese do Juiz S\u00e9rgio Muniz \u00e9 confirmada no TSE - Fl\u00e1vio Braga","og_description":"Na sess\u00e3o plen\u00e1ria do dia 8 de setembro, o TSE confirmou o entendimento de que contas p\u00fablicas prestadas por prefeito [&hellip;]","og_url":"https:\/\/www.blogsoestado.com\/flaviobraga\/tese-do-juiz-sergio-muniz-e-confirmada-no-tse\/","og_site_name":"Fl\u00e1vio Braga","article_published_time":"2010-09-13T23:33:25+00:00","og_image":[{"url":"https:\/\/www.blogsoestado.com\/flaviobraga\/files\/2010\/09\/Sergio-300x2981.jpg","type":"","width":"","height":""}],"author":"Flavio Braga","twitter_card":"summary_large_image","twitter_misc":{"Escrito por":"Flavio Braga","Est. tempo de leitura":"2 minutos"},"schema":{"@context":"https:\/\/schema.org","@graph":[{"@type":"WebPage","@id":"https:\/\/www.blogsoestado.com\/flaviobraga\/tese-do-juiz-sergio-muniz-e-confirmada-no-tse\/","url":"https:\/\/www.blogsoestado.com\/flaviobraga\/tese-do-juiz-sergio-muniz-e-confirmada-no-tse\/","name":"Tese do Juiz S\u00e9rgio Muniz \u00e9 confirmada no TSE - Fl\u00e1vio Braga","isPartOf":{"@id":"https:\/\/www.blogsoestado.com\/flaviobraga\/#website"},"primaryImageOfPage":{"@id":"https:\/\/www.blogsoestado.com\/flaviobraga\/tese-do-juiz-sergio-muniz-e-confirmada-no-tse\/#primaryimage"},"image":{"@id":"https:\/\/www.blogsoestado.com\/flaviobraga\/tese-do-juiz-sergio-muniz-e-confirmada-no-tse\/#primaryimage"},"thumbnailUrl":"https:\/\/www.blogsoestado.com\/flaviobraga\/files\/2010\/09\/Sergio-300x2981.jpg","datePublished":"2010-09-13T23:33:25+00:00","author":{"@id":"https:\/\/www.blogsoestado.com\/flaviobraga\/#\/schema\/person\/6c6c778331775c757a82d15206bd8733"},"breadcrumb":{"@id":"https:\/\/www.blogsoestado.com\/flaviobraga\/tese-do-juiz-sergio-muniz-e-confirmada-no-tse\/#breadcrumb"},"inLanguage":"pt-BR","potentialAction":[{"@type":"ReadAction","target":["https:\/\/www.blogsoestado.com\/flaviobraga\/tese-do-juiz-sergio-muniz-e-confirmada-no-tse\/"]}]},{"@type":"ImageObject","inLanguage":"pt-BR","@id":"https:\/\/www.blogsoestado.com\/flaviobraga\/tese-do-juiz-sergio-muniz-e-confirmada-no-tse\/#primaryimage","url":"https:\/\/www.blogsoestado.com\/flaviobraga\/files\/2010\/09\/Sergio-300x2981.jpg","contentUrl":"https:\/\/www.blogsoestado.com\/flaviobraga\/files\/2010\/09\/Sergio-300x2981.jpg"},{"@type":"BreadcrumbList","@id":"https:\/\/www.blogsoestado.com\/flaviobraga\/tese-do-juiz-sergio-muniz-e-confirmada-no-tse\/#breadcrumb","itemListElement":[{"@type":"ListItem","position":1,"name":"In\u00edcio","item":"https:\/\/www.blogsoestado.com\/flaviobraga\/"},{"@type":"ListItem","position":2,"name":"Tese do Juiz S\u00e9rgio Muniz \u00e9 confirmada no TSE"}]},{"@type":"WebSite","@id":"https:\/\/www.blogsoestado.com\/flaviobraga\/#website","url":"https:\/\/www.blogsoestado.com\/flaviobraga\/","name":"Fl\u00e1vio Braga","description":"","potentialAction":[{"@type":"SearchAction","target":{"@type":"EntryPoint","urlTemplate":"https:\/\/www.blogsoestado.com\/flaviobraga\/?s={search_term_string}"},"query-input":{"@type":"PropertyValueSpecification","valueRequired":true,"valueName":"search_term_string"}}],"inLanguage":"pt-BR"},{"@type":"Person","@id":"https:\/\/www.blogsoestado.com\/flaviobraga\/#\/schema\/person\/6c6c778331775c757a82d15206bd8733","name":"Flavio Braga","image":{"@type":"ImageObject","inLanguage":"pt-BR","@id":"https:\/\/www.blogsoestado.com\/flaviobraga\/#\/schema\/person\/image\/","url":"https:\/\/secure.gravatar.com\/avatar\/ab173937dad8d78195c87778be8a0285d069ede375ce0ae24aac1cf8e58ccb2c?s=96&d=mm&r=g","contentUrl":"https:\/\/secure.gravatar.com\/avatar\/ab173937dad8d78195c87778be8a0285d069ede375ce0ae24aac1cf8e58ccb2c?s=96&d=mm&r=g","caption":"Flavio Braga"},"url":"https:\/\/www.blogsoestado.com\/flaviobraga\/author\/flaviobraga\/"}]}},"jetpack_featured_media_url":"","_links":{"self":[{"href":"https:\/\/www.blogsoestado.com\/flaviobraga\/wp-json\/wp\/v2\/posts\/728","targetHints":{"allow":["GET"]}}],"collection":[{"href":"https:\/\/www.blogsoestado.com\/flaviobraga\/wp-json\/wp\/v2\/posts"}],"about":[{"href":"https:\/\/www.blogsoestado.com\/flaviobraga\/wp-json\/wp\/v2\/types\/post"}],"author":[{"embeddable":true,"href":"https:\/\/www.blogsoestado.com\/flaviobraga\/wp-json\/wp\/v2\/users\/8"}],"replies":[{"embeddable":true,"href":"https:\/\/www.blogsoestado.com\/flaviobraga\/wp-json\/wp\/v2\/comments?post=728"}],"version-history":[{"count":0,"href":"https:\/\/www.blogsoestado.com\/flaviobraga\/wp-json\/wp\/v2\/posts\/728\/revisions"}],"wp:attachment":[{"href":"https:\/\/www.blogsoestado.com\/flaviobraga\/wp-json\/wp\/v2\/media?parent=728"}],"wp:term":[{"taxonomy":"category","embeddable":true,"href":"https:\/\/www.blogsoestado.com\/flaviobraga\/wp-json\/wp\/v2\/categories?post=728"},{"taxonomy":"post_tag","embeddable":true,"href":"https:\/\/www.blogsoestado.com\/flaviobraga\/wp-json\/wp\/v2\/tags?post=728"}],"curies":[{"name":"wp","href":"https:\/\/api.w.org\/{rel}","templated":true}]}}