{"id":738,"date":"2010-09-15T08:30:59","date_gmt":"2010-09-15T11:30:59","guid":{"rendered":"https:\/\/www.blogsoestado.com\/flaviobraga\/?p=738"},"modified":"2010-09-15T08:30:59","modified_gmt":"2010-09-15T11:30:59","slug":"o-voto-obrigatorio","status":"publish","type":"post","link":"https:\/\/www.blogsoestado.com\/flaviobraga\/o-voto-obrigatorio\/","title":{"rendered":"O voto obrigat\u00f3rio"},"content":{"rendered":"<figure id=\"attachment_739\" aria-describedby=\"caption-attachment-739\" style=\"width: 200px\" class=\"wp-caption alignleft\"><img fetchpriority=\"high\" decoding=\"async\" class=\"size-full wp-image-739\" src=\"https:\/\/www.blogsoestado.com\/flaviobraga\/files\/2010\/09\/emir_sader.jpg\" alt=\"Jornalista Emir Sader\" width=\"200\" height=\"300\" \/><figcaption id=\"caption-attachment-739\" class=\"wp-caption-text\">Jornalista Emir Sader<\/figcaption><\/figure>\n<p>\u00a0A cada elei\u00e7\u00e3o, ressurge o debate acerca da obrigatoriedade do voto. A seguir, publicamos um artigo do jornalista Almir Sader abordando essa quest\u00e3o pol\u00eamica.<\/p>\n<p><strong>VOTO: DIREITO OU DEVER?<\/strong><\/p>\n<p>A cada tanto tempo, o tema reaparece: como o voto, de um direito se transformou em um dever? Reaparecem as vozes favor\u00e1veis ao voto facultativo.<\/p>\n<p>\u00a0A revista inglesa <em>The Economist<\/em> chegou, em artigo recente, a atribuir \u00e0 obrigatoriedade do voto, as desgra\u00e7as do liberalismo. Partindo do suposto \u2013 equivocado \u2013 de que os dois principais candidatos \u00e0 presid\u00eancia do Brasil seriam estatistas e antiliberais, a revista diz que ao ser obrigado a votar, o povo vota a favor de mais Estado, porque \u00e9 quem lhe garante direitos.<\/p>\n<p>\u00a0Para tomar logo um caso concreto de refer\u00eancia, nos Estados Unidos as elei\u00e7\u00f5es se realizam na primeira ter\u00e7a-feira de novembro, dia de trabalho \u2013 dia \u201c\u00fatil\u201d, se costuma dizer, como se o lazer, o descanso, fossem in\u00fateis, denomina\u00e7\u00e3o dada pelos empregadores, est\u00e1 claro -, sem que sequer exista licen\u00e7a para ir votar, dado que o voto \u00e9 facultativo.<\/p>\n<p>\u00a0O resultado \u00e9 que votam os de sempre, que costumam dar maioria aos republicanos, aos grupos mais informados, mais organizados, elegendo-se o presidente do pa\u00eds que mais tem influ\u00eancia no mundo, por uma minoria de norte-americanos. Costumam n\u00e3o votar, justamente os que mais precisam lutar por seus direitos, os mais marginalizados: os negros, os de origem latino-americana, os idosos, os pobres, facilitando o car\u00e1ter elitista do sistema pol\u00edtico norte-americano e do poder nos EUA.<\/p>\n<p>\u00a0O voto obrigat\u00f3rio faz com que, pelo menos uma vez a cada dois anos, todos sejam obrigados a interessar-se pelos destinos do pa\u00eds, do estado, da cidade, e sejam convocados a participar da decis\u00e3o sobre quem deve dirigir a sociedade e com que orienta\u00e7\u00e3o. Isso \u00e9 odiado pelas elites tradicionais, acostumadas a se apropriar do poder de forma monopolista, a quem o voto popular \u201cincomoda\u201d, os obriga a ser referendados pelo povo, a quem nunca tomam como refer\u00eancia ao longo de todos os seus mandatos.<\/p>\n<p>\u00a0Desesperados por serem sempre derrotados por Get\u00falio, que era deposit\u00e1rio da grande maioria do voto popular, a direita da \u00e9poca (a UDN) chegou a propugnar o voto qualitativo, com o argumento de que o voto de um m\u00e9dico ou em engenheiro \u2013 na \u00e9poca, sin\u00f4nimos da classe m\u00e9dia branca do centro-sul do pa\u00eds \u2013 tivesse uma pondera\u00e7\u00e3o maior do que o voto de um oper\u00e1rio \u2013 refer\u00eancia de algu\u00e9m do povo na \u00e9poca.<\/p>\n<p>\u00a0O voto obrigat\u00f3rio \u00e9 uma garantia da participa\u00e7\u00e3o popular m\u00ednima no sistema pol\u00edtico brasileiro, para se contrapor aos mecanismos elitistas das outras inst\u00e2ncias do poder no Brasil.<\/p>\n","protected":false},"excerpt":{"rendered":"<p>\u00a0A cada elei\u00e7\u00e3o, ressurge o debate acerca da obrigatoriedade do voto. A seguir, publicamos um artigo do jornalista Almir Sader [&hellip;]<\/p>\n","protected":false},"author":8,"featured_media":0,"comment_status":"open","ping_status":"open","sticky":false,"template":"","format":"standard","meta":{"site-sidebar-layout":"default","site-content-layout":"","ast-site-content-layout":"default","site-content-style":"default","site-sidebar-style":"default","ast-global-header-display":"","ast-banner-title-visibility":"","ast-main-header-display":"","ast-hfb-above-header-display":"","ast-hfb-below-header-display":"","ast-hfb-mobile-header-display":"","site-post-title":"","ast-breadcrumbs-content":"","ast-featured-img":"","footer-sml-layout":"","ast-disable-related-posts":"","theme-transparent-header-meta":"","adv-header-id-meta":"","stick-header-meta":"","header-above-stick-meta":"","header-main-stick-meta":"","header-below-stick-meta":"","astra-migrate-meta-layouts":"default","ast-page-background-enabled":"default","ast-page-background-meta":{"desktop":{"background-color":"var(--ast-global-color-5)","background-image":"","background-repeat":"repeat","background-position":"center center","background-size":"auto","background-attachment":"scroll","background-type":"","background-media":"","overlay-type":"","overlay-color":"","overlay-opacity":"","overlay-gradient":""},"tablet":{"background-color":"","background-image":"","background-repeat":"repeat","background-position":"center center","background-size":"auto","background-attachment":"scroll","background-type":"","background-media":"","overlay-type":"","overlay-color":"","overlay-opacity":"","overlay-gradient":""},"mobile":{"background-color":"","background-image":"","background-repeat":"repeat","background-position":"center center","background-size":"auto","background-attachment":"scroll","background-type":"","background-media":"","overlay-type":"","overlay-color":"","overlay-opacity":"","overlay-gradient":""}},"ast-content-background-meta":{"desktop":{"background-color":"var(--ast-global-color-4)","background-image":"","background-repeat":"repeat","background-position":"center center","background-size":"auto","background-attachment":"scroll","background-type":"","background-media":"","overlay-type":"","overlay-color":"","overlay-opacity":"","overlay-gradient":""},"tablet":{"background-color":"var(--ast-global-color-4)","background-image":"","background-repeat":"repeat","background-position":"center center","background-size":"auto","background-attachment":"scroll","background-type":"","background-media":"","overlay-type":"","overlay-color":"","overlay-opacity":"","overlay-gradient":""},"mobile":{"background-color":"var(--ast-global-color-4)","background-image":"","background-repeat":"repeat","background-position":"center center","background-size":"auto","background-attachment":"scroll","background-type":"","background-media":"","overlay-type":"","overlay-color":"","overlay-opacity":"","overlay-gradient":""}},"footnotes":""},"categories":[1],"tags":[],"class_list":["post-738","post","type-post","status-publish","format-standard","hentry","category-sem-categoria"],"yoast_head":"<!-- This site is optimized with the Yoast SEO plugin v26.6 - https:\/\/yoast.com\/wordpress\/plugins\/seo\/ -->\n<title>O voto obrigat\u00f3rio - Fl\u00e1vio Braga<\/title>\n<meta name=\"robots\" content=\"index, follow, max-snippet:-1, max-image-preview:large, max-video-preview:-1\" \/>\n<link rel=\"canonical\" href=\"https:\/\/www.blogsoestado.com\/flaviobraga\/o-voto-obrigatorio\/\" \/>\n<meta property=\"og:locale\" content=\"pt_BR\" \/>\n<meta property=\"og:type\" content=\"article\" \/>\n<meta property=\"og:title\" content=\"O voto obrigat\u00f3rio - Fl\u00e1vio Braga\" \/>\n<meta property=\"og:description\" content=\"\u00a0A cada elei\u00e7\u00e3o, ressurge o debate acerca da obrigatoriedade do voto. A seguir, publicamos um artigo do jornalista Almir Sader [&hellip;]\" \/>\n<meta property=\"og:url\" content=\"https:\/\/www.blogsoestado.com\/flaviobraga\/o-voto-obrigatorio\/\" \/>\n<meta property=\"og:site_name\" content=\"Fl\u00e1vio Braga\" \/>\n<meta property=\"article:published_time\" content=\"2010-09-15T11:30:59+00:00\" \/>\n<meta property=\"og:image\" content=\"https:\/\/www.blogsoestado.com\/flaviobraga\/files\/2010\/09\/emir_sader.jpg\" \/>\n<meta name=\"author\" content=\"Flavio Braga\" \/>\n<meta name=\"twitter:card\" content=\"summary_large_image\" \/>\n<meta name=\"twitter:label1\" content=\"Escrito por\" \/>\n\t<meta name=\"twitter:data1\" content=\"Flavio Braga\" \/>\n\t<meta name=\"twitter:label2\" content=\"Est. tempo de leitura\" \/>\n\t<meta name=\"twitter:data2\" content=\"2 minutos\" \/>\n<script type=\"application\/ld+json\" class=\"yoast-schema-graph\">{\"@context\":\"https:\/\/schema.org\",\"@graph\":[{\"@type\":\"WebPage\",\"@id\":\"https:\/\/www.blogsoestado.com\/flaviobraga\/o-voto-obrigatorio\/\",\"url\":\"https:\/\/www.blogsoestado.com\/flaviobraga\/o-voto-obrigatorio\/\",\"name\":\"O voto obrigat\u00f3rio - Fl\u00e1vio Braga\",\"isPartOf\":{\"@id\":\"https:\/\/www.blogsoestado.com\/flaviobraga\/#website\"},\"primaryImageOfPage\":{\"@id\":\"https:\/\/www.blogsoestado.com\/flaviobraga\/o-voto-obrigatorio\/#primaryimage\"},\"image\":{\"@id\":\"https:\/\/www.blogsoestado.com\/flaviobraga\/o-voto-obrigatorio\/#primaryimage\"},\"thumbnailUrl\":\"https:\/\/www.blogsoestado.com\/flaviobraga\/files\/2010\/09\/emir_sader.jpg\",\"datePublished\":\"2010-09-15T11:30:59+00:00\",\"author\":{\"@id\":\"https:\/\/www.blogsoestado.com\/flaviobraga\/#\/schema\/person\/6c6c778331775c757a82d15206bd8733\"},\"breadcrumb\":{\"@id\":\"https:\/\/www.blogsoestado.com\/flaviobraga\/o-voto-obrigatorio\/#breadcrumb\"},\"inLanguage\":\"pt-BR\",\"potentialAction\":[{\"@type\":\"ReadAction\",\"target\":[\"https:\/\/www.blogsoestado.com\/flaviobraga\/o-voto-obrigatorio\/\"]}]},{\"@type\":\"ImageObject\",\"inLanguage\":\"pt-BR\",\"@id\":\"https:\/\/www.blogsoestado.com\/flaviobraga\/o-voto-obrigatorio\/#primaryimage\",\"url\":\"https:\/\/www.blogsoestado.com\/flaviobraga\/files\/2010\/09\/emir_sader.jpg\",\"contentUrl\":\"https:\/\/www.blogsoestado.com\/flaviobraga\/files\/2010\/09\/emir_sader.jpg\"},{\"@type\":\"BreadcrumbList\",\"@id\":\"https:\/\/www.blogsoestado.com\/flaviobraga\/o-voto-obrigatorio\/#breadcrumb\",\"itemListElement\":[{\"@type\":\"ListItem\",\"position\":1,\"name\":\"In\u00edcio\",\"item\":\"https:\/\/www.blogsoestado.com\/flaviobraga\/\"},{\"@type\":\"ListItem\",\"position\":2,\"name\":\"O voto obrigat\u00f3rio\"}]},{\"@type\":\"WebSite\",\"@id\":\"https:\/\/www.blogsoestado.com\/flaviobraga\/#website\",\"url\":\"https:\/\/www.blogsoestado.com\/flaviobraga\/\",\"name\":\"Fl\u00e1vio Braga\",\"description\":\"\",\"potentialAction\":[{\"@type\":\"SearchAction\",\"target\":{\"@type\":\"EntryPoint\",\"urlTemplate\":\"https:\/\/www.blogsoestado.com\/flaviobraga\/?s={search_term_string}\"},\"query-input\":{\"@type\":\"PropertyValueSpecification\",\"valueRequired\":true,\"valueName\":\"search_term_string\"}}],\"inLanguage\":\"pt-BR\"},{\"@type\":\"Person\",\"@id\":\"https:\/\/www.blogsoestado.com\/flaviobraga\/#\/schema\/person\/6c6c778331775c757a82d15206bd8733\",\"name\":\"Flavio Braga\",\"image\":{\"@type\":\"ImageObject\",\"inLanguage\":\"pt-BR\",\"@id\":\"https:\/\/www.blogsoestado.com\/flaviobraga\/#\/schema\/person\/image\/\",\"url\":\"https:\/\/secure.gravatar.com\/avatar\/ab173937dad8d78195c87778be8a0285d069ede375ce0ae24aac1cf8e58ccb2c?s=96&d=mm&r=g\",\"contentUrl\":\"https:\/\/secure.gravatar.com\/avatar\/ab173937dad8d78195c87778be8a0285d069ede375ce0ae24aac1cf8e58ccb2c?s=96&d=mm&r=g\",\"caption\":\"Flavio Braga\"},\"url\":\"https:\/\/www.blogsoestado.com\/flaviobraga\/author\/flaviobraga\/\"}]}<\/script>\n<!-- \/ Yoast SEO plugin. -->","yoast_head_json":{"title":"O voto obrigat\u00f3rio - Fl\u00e1vio Braga","robots":{"index":"index","follow":"follow","max-snippet":"max-snippet:-1","max-image-preview":"max-image-preview:large","max-video-preview":"max-video-preview:-1"},"canonical":"https:\/\/www.blogsoestado.com\/flaviobraga\/o-voto-obrigatorio\/","og_locale":"pt_BR","og_type":"article","og_title":"O voto obrigat\u00f3rio - Fl\u00e1vio Braga","og_description":"\u00a0A cada elei\u00e7\u00e3o, ressurge o debate acerca da obrigatoriedade do voto. A seguir, publicamos um artigo do jornalista Almir Sader [&hellip;]","og_url":"https:\/\/www.blogsoestado.com\/flaviobraga\/o-voto-obrigatorio\/","og_site_name":"Fl\u00e1vio Braga","article_published_time":"2010-09-15T11:30:59+00:00","og_image":[{"url":"https:\/\/www.blogsoestado.com\/flaviobraga\/files\/2010\/09\/emir_sader.jpg","type":"","width":"","height":""}],"author":"Flavio Braga","twitter_card":"summary_large_image","twitter_misc":{"Escrito por":"Flavio Braga","Est. tempo de leitura":"2 minutos"},"schema":{"@context":"https:\/\/schema.org","@graph":[{"@type":"WebPage","@id":"https:\/\/www.blogsoestado.com\/flaviobraga\/o-voto-obrigatorio\/","url":"https:\/\/www.blogsoestado.com\/flaviobraga\/o-voto-obrigatorio\/","name":"O voto obrigat\u00f3rio - Fl\u00e1vio Braga","isPartOf":{"@id":"https:\/\/www.blogsoestado.com\/flaviobraga\/#website"},"primaryImageOfPage":{"@id":"https:\/\/www.blogsoestado.com\/flaviobraga\/o-voto-obrigatorio\/#primaryimage"},"image":{"@id":"https:\/\/www.blogsoestado.com\/flaviobraga\/o-voto-obrigatorio\/#primaryimage"},"thumbnailUrl":"https:\/\/www.blogsoestado.com\/flaviobraga\/files\/2010\/09\/emir_sader.jpg","datePublished":"2010-09-15T11:30:59+00:00","author":{"@id":"https:\/\/www.blogsoestado.com\/flaviobraga\/#\/schema\/person\/6c6c778331775c757a82d15206bd8733"},"breadcrumb":{"@id":"https:\/\/www.blogsoestado.com\/flaviobraga\/o-voto-obrigatorio\/#breadcrumb"},"inLanguage":"pt-BR","potentialAction":[{"@type":"ReadAction","target":["https:\/\/www.blogsoestado.com\/flaviobraga\/o-voto-obrigatorio\/"]}]},{"@type":"ImageObject","inLanguage":"pt-BR","@id":"https:\/\/www.blogsoestado.com\/flaviobraga\/o-voto-obrigatorio\/#primaryimage","url":"https:\/\/www.blogsoestado.com\/flaviobraga\/files\/2010\/09\/emir_sader.jpg","contentUrl":"https:\/\/www.blogsoestado.com\/flaviobraga\/files\/2010\/09\/emir_sader.jpg"},{"@type":"BreadcrumbList","@id":"https:\/\/www.blogsoestado.com\/flaviobraga\/o-voto-obrigatorio\/#breadcrumb","itemListElement":[{"@type":"ListItem","position":1,"name":"In\u00edcio","item":"https:\/\/www.blogsoestado.com\/flaviobraga\/"},{"@type":"ListItem","position":2,"name":"O voto obrigat\u00f3rio"}]},{"@type":"WebSite","@id":"https:\/\/www.blogsoestado.com\/flaviobraga\/#website","url":"https:\/\/www.blogsoestado.com\/flaviobraga\/","name":"Fl\u00e1vio Braga","description":"","potentialAction":[{"@type":"SearchAction","target":{"@type":"EntryPoint","urlTemplate":"https:\/\/www.blogsoestado.com\/flaviobraga\/?s={search_term_string}"},"query-input":{"@type":"PropertyValueSpecification","valueRequired":true,"valueName":"search_term_string"}}],"inLanguage":"pt-BR"},{"@type":"Person","@id":"https:\/\/www.blogsoestado.com\/flaviobraga\/#\/schema\/person\/6c6c778331775c757a82d15206bd8733","name":"Flavio Braga","image":{"@type":"ImageObject","inLanguage":"pt-BR","@id":"https:\/\/www.blogsoestado.com\/flaviobraga\/#\/schema\/person\/image\/","url":"https:\/\/secure.gravatar.com\/avatar\/ab173937dad8d78195c87778be8a0285d069ede375ce0ae24aac1cf8e58ccb2c?s=96&d=mm&r=g","contentUrl":"https:\/\/secure.gravatar.com\/avatar\/ab173937dad8d78195c87778be8a0285d069ede375ce0ae24aac1cf8e58ccb2c?s=96&d=mm&r=g","caption":"Flavio Braga"},"url":"https:\/\/www.blogsoestado.com\/flaviobraga\/author\/flaviobraga\/"}]}},"jetpack_featured_media_url":"","_links":{"self":[{"href":"https:\/\/www.blogsoestado.com\/flaviobraga\/wp-json\/wp\/v2\/posts\/738","targetHints":{"allow":["GET"]}}],"collection":[{"href":"https:\/\/www.blogsoestado.com\/flaviobraga\/wp-json\/wp\/v2\/posts"}],"about":[{"href":"https:\/\/www.blogsoestado.com\/flaviobraga\/wp-json\/wp\/v2\/types\/post"}],"author":[{"embeddable":true,"href":"https:\/\/www.blogsoestado.com\/flaviobraga\/wp-json\/wp\/v2\/users\/8"}],"replies":[{"embeddable":true,"href":"https:\/\/www.blogsoestado.com\/flaviobraga\/wp-json\/wp\/v2\/comments?post=738"}],"version-history":[{"count":0,"href":"https:\/\/www.blogsoestado.com\/flaviobraga\/wp-json\/wp\/v2\/posts\/738\/revisions"}],"wp:attachment":[{"href":"https:\/\/www.blogsoestado.com\/flaviobraga\/wp-json\/wp\/v2\/media?parent=738"}],"wp:term":[{"taxonomy":"category","embeddable":true,"href":"https:\/\/www.blogsoestado.com\/flaviobraga\/wp-json\/wp\/v2\/categories?post=738"},{"taxonomy":"post_tag","embeddable":true,"href":"https:\/\/www.blogsoestado.com\/flaviobraga\/wp-json\/wp\/v2\/tags?post=738"}],"curies":[{"name":"wp","href":"https:\/\/api.w.org\/{rel}","templated":true}]}}