{"id":744,"date":"2010-09-15T17:42:56","date_gmt":"2010-09-15T20:42:56","guid":{"rendered":"https:\/\/www.blogsoestado.com\/flaviobraga\/?p=744"},"modified":"2010-09-15T17:42:56","modified_gmt":"2010-09-15T20:42:56","slug":"como-seria-a-composicao-do-senado-se-as-eleicoes-fossem-hoje","status":"publish","type":"post","link":"https:\/\/www.blogsoestado.com\/flaviobraga\/como-seria-a-composicao-do-senado-se-as-eleicoes-fossem-hoje\/","title":{"rendered":"Como seria a composi\u00e7\u00e3o do Senado se as elei\u00e7\u00f5es fossem hoje"},"content":{"rendered":"<p><strong>Do site Congresso em Foco<\/strong><\/p>\n<p><strong>ACRE<\/strong><br \/>\nTi\u00e3o Viana (PT) &#8211; senador que prosseguir\u00e1 no mandato \u2013 Dilma<br \/>\nJorge Viana (PT) \u2013 Dilma<br \/>\nS\u00e9rgio Petec\u00e3o (PMN) \u2013 Serra<\/p>\n<p><strong>ALAGOAS<\/strong><br \/>\nFernando Collor (PTB) \u2013 senador que prosseguir\u00e1 no mandato \u2013 Dilma<br \/>\nHelo\u00edsa Helena\u00a0 (Psol) \u2013 Pl\u00ednio de Arruda Sampaio<br \/>\nRenan Calheiros (PMDB) \u2013 Dilma<\/p>\n<p><strong>AMAP\u00c1<\/strong><br \/>\nJos\u00e9 Sarney (PMDB) \u2013 senador que prosseguir\u00e1 no mandato \u2013 Dilma<br \/>\nWaldez G\u00f3es (PDT) \u2013 Dilma<br \/>\nGilvan Borges (PMDB) ou Jo\u00e3o Capiberibe (PSB) \u2013 Dilma<br \/>\n\u00a0<br \/>\n<strong>AMAZONAS<\/strong><br \/>\nAlfredo Nascimento (PR) \u2013 senador que prosseguir\u00e1 no mandato\u00a0 &#8211; Dilma<br \/>\nEduardo Braga (PMDB) \u2013 Dilma<br \/>\nVanessa Grazziotin (PCdoB) &#8211; Dilma<\/p>\n<p><strong>BAHIA<\/strong><br \/>\nJo\u00e3o Durval Carneiro (PDT) \u2013 senador que prosseguir\u00e1 no mandato \u2013 Dilma<br \/>\nC\u00e9sar Borges (PR) \u2013 Dilma<br \/>\nL\u00eddice da Mata (PSB) \u2013 Dilma<\/p>\n<p><strong>CEAR\u00c1<\/strong><br \/>\nIn\u00e1cio Arruda (PCdoB) \u2013 senador que prosseguir\u00e1 no mandato \u2013 Dilma<br \/>\nTasso Jereissati (PSDB) \u2013 Serra<br \/>\nEun\u00edcio Oliveira (PMDB) \u2013 Dilma<\/p>\n<p><strong>DISTRITO FEDERAL<\/strong><strong><br \/>\n<\/strong>Gim Argello (PTB)\u2013 senador que prosseguir\u00e1 no mandato \u2013 Dilma<br \/>\nCristovam Buarque (PDT)\u2013 Dilma<br \/>\nRodrigo Rollemberg (PSB)\u2013 Dilma<\/p>\n<p><strong>ESP\u00cdRITO SANTO<\/strong><br \/>\nRenato Casagrande (PSB) \u2013 senador que prosseguir\u00e1 no mandato \u2013 Dilma<br \/>\nMagno Malta (PR) \u2013 Dilma<br \/>\nRicardo Ferra\u00e7o (PMDB) \u2013 Dilma<\/p>\n<p><strong>GOI\u00c1S<\/strong><br \/>\nMarconi Perillo (PSDB) \u2013 senador que prosseguir\u00e1 no mandato \u2013 Serra<br \/>\nDem\u00f3stenes Torres (DEM) \u2013 Serra<br \/>\nL\u00facia V\u00e2nia (PSDB) \u2013 Serra<\/p>\n<p><strong>MARANH\u00c3O<\/strong><br \/>\nEpit\u00e1cio Cafeteira (PTB) \u2013 senador que prosseguir\u00e1 no mandato \u2013 Serra<br \/>\nEdison Lob\u00e3o (PMDB)\u2013 Dilma<br \/>\nJo\u00e3o Alberto (PMDB)\u2013 Dilma<\/p>\n<p><strong>MATO GROSSO<\/strong><br \/>\nJaime Campos (DEM)\u2013 senador que prosseguir\u00e1 no mandato \u2013 Serra<br \/>\nBlairo Maggi (PR) \u2013 Dilma<br \/>\nCarlos Abicalil (PT)\u2013 Dilma<\/p>\n<p><strong>MATO GROSSO DO SUL<\/strong><br \/>\nMarisa Serrano (PSDB)\u2013 senadora que prosseguir\u00e1 no mandato \u2013 Serra<br \/>\nDelc\u00eddio do Amaral (PT) \u2013 Dilma<br \/>\nDagoberto Nogueira (PDT) \u2013 Dilma<\/p>\n<p><strong>MINAS GERAIS<\/strong><br \/>\nEliseu Rezende (DEM) \u2013 senador que prosseguir\u00e1 no mandato \u2013 Serra<br \/>\nA\u00e9cio Neves (PSDB) \u2013 Serra<br \/>\nItamar Franco (PPS) \u2013 Serra<\/p>\n<p><strong>PAR\u00c1<\/strong><br \/>\nM\u00e1rio Couto (PSDB) \u2013 senador que prosseguir\u00e1 no mandato \u2013 Serra<br \/>\nJader Barbalho (PMDB) \u2013 Dilma<br \/>\nPaulo Rocha (PT)\u2013 Dilma<\/p>\n<p><strong>PARA\u00cdBA<\/strong><br \/>\nC\u00edcero Lucena (PSDB) \u2013 senador que prosseguir\u00e1 no mandato \u2013 Serra<br \/>\nC\u00e1ssio Cunha Lima (PSDB) \u2013 Serra<br \/>\nVitalzinho (PMDB) \u2013 Dilma<\/p>\n<p><strong>PARAN\u00c1 <\/strong><br \/>\nAlvaro Dias (PSDB) \u2013 senador que prosseguir\u00e1 no mandato \u2013 Serra<br \/>\nRoberto Requi\u00e3o (PMDB) \u2013 Dilma<br \/>\nGleisi Hoffman (PT) \u2013 Dilma<\/p>\n<p><strong>PERNAMBUCO<\/strong><br \/>\nJarbas Vasconcelos (PMDB)* \u2013 senador que prosseguir\u00e1 no mandato \u2013 Serra<br \/>\nHumberto Costa (PT) \u2013 Dilma<br \/>\nMarco Maciel (DEM)\u2013 Serra<\/p>\n<p><strong>PIAU\u00cd<\/strong><br \/>\nJo\u00e3o Vicente Claudino (PTB) \u2013 senador que prosseguir\u00e1 no mandato \u2013 Dilma<br \/>\nWellington Dias (PT) \u2013 Dilma<br \/>\nM\u00e3o Santa (PSC) \u2013 Serra<\/p>\n<p><strong>RIO DE JANEIRO<\/strong><strong><br \/>\n<\/strong>Francisco Dornelles (PP) \u2013 senador que prosseguir\u00e1 no mandato \u2013 Dilma<br \/>\nMarcelo Crivella (PRB) \u2013 Dilma<br \/>\nLindbergh Farias (PT) &#8211; Dilma<\/p>\n<p><strong>RIO GRANDE DO NORTE<\/strong><br \/>\nRosalba Ciarlini (DEM) \u2013 senadora que prosseguir\u00e1 no mandato \u2013 Serra<br \/>\nGaribaldi Alves Filho (PMDB) \u2013 Dilma<br \/>\nJos\u00e9 Agripino Maia (DEM) \u2013 Serra<\/p>\n<p><strong>RIO GRANDE DO SUL<\/strong><br \/>\nPedro Simon (PMDB) \u2013 senador que prosseguir\u00e1 no mandato \u2013 independente<br \/>\nAna Am\u00e9lia Lemos (PP) \u2013 independente<br \/>\nGermano Rigotto (PMDB) &#8211; Dilma<\/p>\n<p><strong>ROND\u00d4NIA<\/strong><br \/>\nAcir Gurgacz (PDT) \u2013 senador que prosseguir\u00e1 no mandato \u2013 Dilma<br \/>\nIvo Cassol (PP) \u2013 Dilma<br \/>\nValdir Raupp (PMDB) \u2013 Dilma<\/p>\n<p><strong>RORAIMA<\/strong><br \/>\nMozarildo Cavalcanti (PTB) \u2013 senador que prosseguir\u00e1 no mandato \u2013 Serra<br \/>\nRomero Juc\u00e1 (PMDB) \u2013 Dilma<br \/>\n\u00c2ngela Portela (PT) \u2013 Dilma<\/p>\n<p><strong>S\u00c3O PAULO<\/strong><strong><br \/>\n<\/strong>Eduardo Suplicy (PT) \u2013 Senador que prosseguir\u00e1 no mandato \u2013 Dilma<br \/>\nNetinho de Paula (PCdoB) &#8211; Dilma<br \/>\nMarta Suplicy (PT) \u2013 Dilma<\/p>\n<p><strong>SANTA CATARINA<\/strong><strong><br \/>\n<\/strong>Raimundo Colombo (DEM) \u2013 senador que prosseguir\u00e1 no mandato \u2013 Serra<br \/>\nLuiz Henrique da Silveira (PMDB) \u2013 Serra<br \/>\nPaulo Bauer (PSDB) \u2013 Serra<\/p>\n<p><strong>SERGIPE<\/strong><br \/>\nMaria do Carmo Alves (DEM) \u2013 senadora que prosseguir\u00e1 no mandato \u2013 Serra<br \/>\nAntonio Carlos Valadares (PSB) \u2013 Dilma<br \/>\nAlbano Franco (DEM) \u2013 Serra<\/p>\n<p><strong>TOCANTINS<\/strong><br \/>\nK\u00e1tia Abreu (DEM) \u2013 senadora que prosseguir\u00e1 no mandato \u2013 Serra<br \/>\nMarcelo Miranda (PMDB) \u2013 Dilma<br \/>\nJo\u00e3o Ribeiro (PR) \u2013 Dilma<\/p>\n<p><strong>Composi\u00e7\u00e3o por partido<\/strong><br \/>\nPMDB- 18 ou 19<br \/>\nPT \u2013 12<br \/>\nPSDB &#8211; 10<br \/>\nDEM \u2013 10<br \/>\nPDT \u2013 5<br \/>\nPTB &#8211; 5<br \/>\nPR \u2013 5<br \/>\nPSB \u2013 4 ou 5<br \/>\nPP \u2013 3<br \/>\nPCdoB &#8211; 3<br \/>\nPRB \u2013 1<br \/>\nPSC \u2013 1<br \/>\nPPS \u2013 1<br \/>\nPsol \u2013 1<br \/>\nPMN \u2013 1<\/p>\n","protected":false},"excerpt":{"rendered":"<p>Do site Congresso em Foco ACRE Ti\u00e3o Viana (PT) &#8211; senador que prosseguir\u00e1 no mandato \u2013 Dilma Jorge Viana (PT) [&hellip;]<\/p>\n","protected":false},"author":8,"featured_media":0,"comment_status":"open","ping_status":"open","sticky":false,"template":"","format":"standard","meta":{"site-sidebar-layout":"default","site-content-layout":"","ast-site-content-layout":"default","site-content-style":"default","site-sidebar-style":"default","ast-global-header-display":"","ast-banner-title-visibility":"","ast-main-header-display":"","ast-hfb-above-header-display":"","ast-hfb-below-header-display":"","ast-hfb-mobile-header-display":"","site-post-title":"","ast-breadcrumbs-content":"","ast-featured-img":"","footer-sml-layout":"","ast-disable-related-posts":"","theme-transparent-header-meta":"","adv-header-id-meta":"","stick-header-meta":"","header-above-stick-meta":"","header-main-stick-meta":"","header-below-stick-meta":"","astra-migrate-meta-layouts":"default","ast-page-background-enabled":"default","ast-page-background-meta":{"desktop":{"background-color":"var(--ast-global-color-5)","background-image":"","background-repeat":"repeat","background-position":"center center","background-size":"auto","background-attachment":"scroll","background-type":"","background-media":"","overlay-type":"","overlay-color":"","overlay-opacity":"","overlay-gradient":""},"tablet":{"background-color":"","background-image":"","background-repeat":"repeat","background-position":"center center","background-size":"auto","background-attachment":"scroll","background-type":"","background-media":"","overlay-type":"","overlay-color":"","overlay-opacity":"","overlay-gradient":""},"mobile":{"background-color":"","background-image":"","background-repeat":"repeat","background-position":"center center","background-size":"auto","background-attachment":"scroll","background-type":"","background-media":"","overlay-type":"","overlay-color":"","overlay-opacity":"","overlay-gradient":""}},"ast-content-background-meta":{"desktop":{"background-color":"var(--ast-global-color-4)","background-image":"","background-repeat":"repeat","background-position":"center center","background-size":"auto","background-attachment":"scroll","background-type":"","background-media":"","overlay-type":"","overlay-color":"","overlay-opacity":"","overlay-gradient":""},"tablet":{"background-color":"var(--ast-global-color-4)","background-image":"","background-repeat":"repeat","background-position":"center center","background-size":"auto","background-attachment":"scroll","background-type":"","background-media":"","overlay-type":"","overlay-color":"","overlay-opacity":"","overlay-gradient":""},"mobile":{"background-color":"var(--ast-global-color-4)","background-image":"","background-repeat":"repeat","background-position":"center center","background-size":"auto","background-attachment":"scroll","background-type":"","background-media":"","overlay-type":"","overlay-color":"","overlay-opacity":"","overlay-gradient":""}},"footnotes":""},"categories":[1],"tags":[],"class_list":["post-744","post","type-post","status-publish","format-standard","hentry","category-sem-categoria"],"yoast_head":"<!-- This site is optimized with the Yoast SEO plugin v26.6 - https:\/\/yoast.com\/wordpress\/plugins\/seo\/ -->\n<title>Como seria a composi\u00e7\u00e3o do Senado se as elei\u00e7\u00f5es fossem hoje - Fl\u00e1vio Braga<\/title>\n<meta name=\"robots\" content=\"index, follow, max-snippet:-1, max-image-preview:large, max-video-preview:-1\" \/>\n<link rel=\"canonical\" href=\"https:\/\/www.blogsoestado.com\/flaviobraga\/como-seria-a-composicao-do-senado-se-as-eleicoes-fossem-hoje\/\" \/>\n<meta property=\"og:locale\" content=\"pt_BR\" \/>\n<meta property=\"og:type\" content=\"article\" \/>\n<meta property=\"og:title\" content=\"Como seria a composi\u00e7\u00e3o do Senado se as elei\u00e7\u00f5es fossem hoje - Fl\u00e1vio Braga\" \/>\n<meta property=\"og:description\" content=\"Do site Congresso em Foco ACRE Ti\u00e3o Viana (PT) &#8211; senador que prosseguir\u00e1 no mandato \u2013 Dilma Jorge Viana (PT) [&hellip;]\" \/>\n<meta property=\"og:url\" content=\"https:\/\/www.blogsoestado.com\/flaviobraga\/como-seria-a-composicao-do-senado-se-as-eleicoes-fossem-hoje\/\" \/>\n<meta property=\"og:site_name\" content=\"Fl\u00e1vio Braga\" \/>\n<meta property=\"article:published_time\" content=\"2010-09-15T20:42:56+00:00\" \/>\n<meta name=\"author\" content=\"Flavio Braga\" \/>\n<meta name=\"twitter:card\" content=\"summary_large_image\" \/>\n<meta name=\"twitter:label1\" content=\"Escrito por\" \/>\n\t<meta name=\"twitter:data1\" content=\"Flavio Braga\" \/>\n\t<meta name=\"twitter:label2\" content=\"Est. tempo de leitura\" \/>\n\t<meta name=\"twitter:data2\" content=\"3 minutos\" \/>\n<script type=\"application\/ld+json\" class=\"yoast-schema-graph\">{\"@context\":\"https:\/\/schema.org\",\"@graph\":[{\"@type\":\"WebPage\",\"@id\":\"https:\/\/www.blogsoestado.com\/flaviobraga\/como-seria-a-composicao-do-senado-se-as-eleicoes-fossem-hoje\/\",\"url\":\"https:\/\/www.blogsoestado.com\/flaviobraga\/como-seria-a-composicao-do-senado-se-as-eleicoes-fossem-hoje\/\",\"name\":\"Como seria a composi\u00e7\u00e3o do Senado se as elei\u00e7\u00f5es fossem hoje - Fl\u00e1vio Braga\",\"isPartOf\":{\"@id\":\"https:\/\/www.blogsoestado.com\/flaviobraga\/#website\"},\"datePublished\":\"2010-09-15T20:42:56+00:00\",\"author\":{\"@id\":\"https:\/\/www.blogsoestado.com\/flaviobraga\/#\/schema\/person\/6c6c778331775c757a82d15206bd8733\"},\"breadcrumb\":{\"@id\":\"https:\/\/www.blogsoestado.com\/flaviobraga\/como-seria-a-composicao-do-senado-se-as-eleicoes-fossem-hoje\/#breadcrumb\"},\"inLanguage\":\"pt-BR\",\"potentialAction\":[{\"@type\":\"ReadAction\",\"target\":[\"https:\/\/www.blogsoestado.com\/flaviobraga\/como-seria-a-composicao-do-senado-se-as-eleicoes-fossem-hoje\/\"]}]},{\"@type\":\"BreadcrumbList\",\"@id\":\"https:\/\/www.blogsoestado.com\/flaviobraga\/como-seria-a-composicao-do-senado-se-as-eleicoes-fossem-hoje\/#breadcrumb\",\"itemListElement\":[{\"@type\":\"ListItem\",\"position\":1,\"name\":\"In\u00edcio\",\"item\":\"https:\/\/www.blogsoestado.com\/flaviobraga\/\"},{\"@type\":\"ListItem\",\"position\":2,\"name\":\"Como seria a composi\u00e7\u00e3o do Senado se as elei\u00e7\u00f5es fossem hoje\"}]},{\"@type\":\"WebSite\",\"@id\":\"https:\/\/www.blogsoestado.com\/flaviobraga\/#website\",\"url\":\"https:\/\/www.blogsoestado.com\/flaviobraga\/\",\"name\":\"Fl\u00e1vio Braga\",\"description\":\"\",\"potentialAction\":[{\"@type\":\"SearchAction\",\"target\":{\"@type\":\"EntryPoint\",\"urlTemplate\":\"https:\/\/www.blogsoestado.com\/flaviobraga\/?s={search_term_string}\"},\"query-input\":{\"@type\":\"PropertyValueSpecification\",\"valueRequired\":true,\"valueName\":\"search_term_string\"}}],\"inLanguage\":\"pt-BR\"},{\"@type\":\"Person\",\"@id\":\"https:\/\/www.blogsoestado.com\/flaviobraga\/#\/schema\/person\/6c6c778331775c757a82d15206bd8733\",\"name\":\"Flavio Braga\",\"image\":{\"@type\":\"ImageObject\",\"inLanguage\":\"pt-BR\",\"@id\":\"https:\/\/www.blogsoestado.com\/flaviobraga\/#\/schema\/person\/image\/\",\"url\":\"https:\/\/secure.gravatar.com\/avatar\/ab173937dad8d78195c87778be8a0285d069ede375ce0ae24aac1cf8e58ccb2c?s=96&d=mm&r=g\",\"contentUrl\":\"https:\/\/secure.gravatar.com\/avatar\/ab173937dad8d78195c87778be8a0285d069ede375ce0ae24aac1cf8e58ccb2c?s=96&d=mm&r=g\",\"caption\":\"Flavio Braga\"},\"url\":\"https:\/\/www.blogsoestado.com\/flaviobraga\/author\/flaviobraga\/\"}]}<\/script>\n<!-- \/ Yoast SEO plugin. -->","yoast_head_json":{"title":"Como seria a composi\u00e7\u00e3o do Senado se as elei\u00e7\u00f5es fossem hoje - Fl\u00e1vio Braga","robots":{"index":"index","follow":"follow","max-snippet":"max-snippet:-1","max-image-preview":"max-image-preview:large","max-video-preview":"max-video-preview:-1"},"canonical":"https:\/\/www.blogsoestado.com\/flaviobraga\/como-seria-a-composicao-do-senado-se-as-eleicoes-fossem-hoje\/","og_locale":"pt_BR","og_type":"article","og_title":"Como seria a composi\u00e7\u00e3o do Senado se as elei\u00e7\u00f5es fossem hoje - Fl\u00e1vio Braga","og_description":"Do site Congresso em Foco ACRE Ti\u00e3o Viana (PT) &#8211; senador que prosseguir\u00e1 no mandato \u2013 Dilma Jorge Viana (PT) [&hellip;]","og_url":"https:\/\/www.blogsoestado.com\/flaviobraga\/como-seria-a-composicao-do-senado-se-as-eleicoes-fossem-hoje\/","og_site_name":"Fl\u00e1vio Braga","article_published_time":"2010-09-15T20:42:56+00:00","author":"Flavio Braga","twitter_card":"summary_large_image","twitter_misc":{"Escrito por":"Flavio Braga","Est. tempo de leitura":"3 minutos"},"schema":{"@context":"https:\/\/schema.org","@graph":[{"@type":"WebPage","@id":"https:\/\/www.blogsoestado.com\/flaviobraga\/como-seria-a-composicao-do-senado-se-as-eleicoes-fossem-hoje\/","url":"https:\/\/www.blogsoestado.com\/flaviobraga\/como-seria-a-composicao-do-senado-se-as-eleicoes-fossem-hoje\/","name":"Como seria a composi\u00e7\u00e3o do Senado se as elei\u00e7\u00f5es fossem hoje - Fl\u00e1vio Braga","isPartOf":{"@id":"https:\/\/www.blogsoestado.com\/flaviobraga\/#website"},"datePublished":"2010-09-15T20:42:56+00:00","author":{"@id":"https:\/\/www.blogsoestado.com\/flaviobraga\/#\/schema\/person\/6c6c778331775c757a82d15206bd8733"},"breadcrumb":{"@id":"https:\/\/www.blogsoestado.com\/flaviobraga\/como-seria-a-composicao-do-senado-se-as-eleicoes-fossem-hoje\/#breadcrumb"},"inLanguage":"pt-BR","potentialAction":[{"@type":"ReadAction","target":["https:\/\/www.blogsoestado.com\/flaviobraga\/como-seria-a-composicao-do-senado-se-as-eleicoes-fossem-hoje\/"]}]},{"@type":"BreadcrumbList","@id":"https:\/\/www.blogsoestado.com\/flaviobraga\/como-seria-a-composicao-do-senado-se-as-eleicoes-fossem-hoje\/#breadcrumb","itemListElement":[{"@type":"ListItem","position":1,"name":"In\u00edcio","item":"https:\/\/www.blogsoestado.com\/flaviobraga\/"},{"@type":"ListItem","position":2,"name":"Como seria a composi\u00e7\u00e3o do Senado se as elei\u00e7\u00f5es fossem hoje"}]},{"@type":"WebSite","@id":"https:\/\/www.blogsoestado.com\/flaviobraga\/#website","url":"https:\/\/www.blogsoestado.com\/flaviobraga\/","name":"Fl\u00e1vio Braga","description":"","potentialAction":[{"@type":"SearchAction","target":{"@type":"EntryPoint","urlTemplate":"https:\/\/www.blogsoestado.com\/flaviobraga\/?s={search_term_string}"},"query-input":{"@type":"PropertyValueSpecification","valueRequired":true,"valueName":"search_term_string"}}],"inLanguage":"pt-BR"},{"@type":"Person","@id":"https:\/\/www.blogsoestado.com\/flaviobraga\/#\/schema\/person\/6c6c778331775c757a82d15206bd8733","name":"Flavio Braga","image":{"@type":"ImageObject","inLanguage":"pt-BR","@id":"https:\/\/www.blogsoestado.com\/flaviobraga\/#\/schema\/person\/image\/","url":"https:\/\/secure.gravatar.com\/avatar\/ab173937dad8d78195c87778be8a0285d069ede375ce0ae24aac1cf8e58ccb2c?s=96&d=mm&r=g","contentUrl":"https:\/\/secure.gravatar.com\/avatar\/ab173937dad8d78195c87778be8a0285d069ede375ce0ae24aac1cf8e58ccb2c?s=96&d=mm&r=g","caption":"Flavio Braga"},"url":"https:\/\/www.blogsoestado.com\/flaviobraga\/author\/flaviobraga\/"}]}},"jetpack_featured_media_url":"","_links":{"self":[{"href":"https:\/\/www.blogsoestado.com\/flaviobraga\/wp-json\/wp\/v2\/posts\/744","targetHints":{"allow":["GET"]}}],"collection":[{"href":"https:\/\/www.blogsoestado.com\/flaviobraga\/wp-json\/wp\/v2\/posts"}],"about":[{"href":"https:\/\/www.blogsoestado.com\/flaviobraga\/wp-json\/wp\/v2\/types\/post"}],"author":[{"embeddable":true,"href":"https:\/\/www.blogsoestado.com\/flaviobraga\/wp-json\/wp\/v2\/users\/8"}],"replies":[{"embeddable":true,"href":"https:\/\/www.blogsoestado.com\/flaviobraga\/wp-json\/wp\/v2\/comments?post=744"}],"version-history":[{"count":0,"href":"https:\/\/www.blogsoestado.com\/flaviobraga\/wp-json\/wp\/v2\/posts\/744\/revisions"}],"wp:attachment":[{"href":"https:\/\/www.blogsoestado.com\/flaviobraga\/wp-json\/wp\/v2\/media?parent=744"}],"wp:term":[{"taxonomy":"category","embeddable":true,"href":"https:\/\/www.blogsoestado.com\/flaviobraga\/wp-json\/wp\/v2\/categories?post=744"},{"taxonomy":"post_tag","embeddable":true,"href":"https:\/\/www.blogsoestado.com\/flaviobraga\/wp-json\/wp\/v2\/tags?post=744"}],"curies":[{"name":"wp","href":"https:\/\/api.w.org\/{rel}","templated":true}]}}