{"id":775,"date":"2010-09-25T14:36:52","date_gmt":"2010-09-25T17:36:52","guid":{"rendered":"https:\/\/www.blogsoestado.com\/flaviobraga\/?p=775"},"modified":"2010-09-25T14:36:52","modified_gmt":"2010-09-25T17:36:52","slug":"cruzada-de-ayres-britto-comecou-com-eurico-miranda","status":"publish","type":"post","link":"https:\/\/www.blogsoestado.com\/flaviobraga\/cruzada-de-ayres-britto-comecou-com-eurico-miranda\/","title":{"rendered":"Cruzada de Ayres Britto come\u00e7ou com Eurico Miranda"},"content":{"rendered":"<figure id=\"attachment_777\" aria-describedby=\"caption-attachment-777\" style=\"width: 355px\" class=\"wp-caption aligncenter\"><a href=\"https:\/\/www.blogsoestado.com\/flaviobraga\/files\/2010\/09\/Ayres1.jpg\"><img fetchpriority=\"high\" decoding=\"async\" class=\"size-full wp-image-777\" src=\"https:\/\/www.blogsoestado.com\/flaviobraga\/files\/2010\/09\/Ayres1.jpg\" alt=\"\" width=\"355\" height=\"238\" \/><\/a><figcaption id=\"caption-attachment-777\" class=\"wp-caption-text\">Ministro Ayres Brito<\/figcaption><\/figure>\n<p>Foi pregando em favor da melhora da &#8220;qualidade de vida pol\u00edtica&#8221; que o ministro do Supremo Tribunal Federal Carlos Ayres Britto come\u00e7ou uma verdadeira cruzada para que &#8220;a vida pregressa&#8221; dos candidatos seja levada em conta pelos eleitores, como pede a Constitui\u00e7\u00e3o (artigo 16\u00ba, par\u00e1grafo 9\u00ba). H\u00e1 quatro anos Britto insiste que candidatos fichas-suja deveriam ser proibidos de disputar elei\u00e7\u00f5es.<\/p>\n<p>Britto destravou esse debate quando o ex-presidente do Vasco da Gama Eurico Miranda buscava o registro para disputar uma vaga na C\u00e2mara. No Tribunal Superior Eleitoral (TSE), naquela \u00e9poca, o ministro abriu a diverg\u00eancia e colocou-se entre os derrotados nessa discuss\u00e3o. Eurico Miranda p\u00f4de se candidatar, mas o ministro continuou sua campanha.<\/p>\n<p>Em 2008, quando a Associa\u00e7\u00e3o dos Magistrados Brasileiros (AMB) tentou no Supremo barrar os fichas-suja apenas com base nos princ\u00edpios da probidade e da moralidade, previstos na Constitui\u00e7\u00e3o, novamente Britto defendeu sua tese. Foi novamente derrotado. Nessa disputa, teve a companhia do ministro Joaquim Barbosa.<br \/>\nQuando viu a Lei da Ficha Limpa ser aprovada e julgada constitucional pelo TSE, sentiu-se um vencedor ou, como diria, sentiu que a &#8220;sociedade saiu ganhando&#8221;. Ganhou mais dois aliados, Ricardo Lewandowski, presidente do TSE, e C\u00e1rmen L\u00facia, vice-presidente do TSE.<\/p>\n<p>Esse hist\u00f3rico mostra por que Britto foi t\u00e3o enf\u00e1tico no julgamento do recurso de Joaquim Roriz, ex-candidato ao governo do Distrito Federal, no STF. Uma derrota com base no regimento interno lhe soaria pior do que as goleadas que sofreu nos outros julgamentos.<\/p>\n<p>Por conta desse discurso, Britto \u00e9 constantemente repreendido em plen\u00e1rio por seu suposto &#8220;populismo judicial&#8221;, uma express\u00e3o solta \u00e0 exaust\u00e3o pelo ministro Gilmar Mendes. No julgamento desta semana, seu voto foi criticado pelos colegas, que diziam que derrotar seus argumentos &#8220;era mais f\u00e1cil do que tirar doce de uma crian\u00e7a&#8221;. &#8220;N\u00e3o \u00e9 de se aceitar a teoria futebol\u00edstica que Vossa Excel\u00eancia prop\u00f4s agora&#8221;, criticou Mendes na madrugada de sexta-feira.<\/p>\n<p>Alguns de seus votos foram classificados como &#8220;rom\u00e2nticos&#8221;, especialmente seus argumentos no julgamento do processo que contestava o processo de demarca\u00e7\u00e3o da terra ind\u00edgena Raposa Serra do Sol (RR).<\/p>\n","protected":false},"excerpt":{"rendered":"<p>Foi pregando em favor da melhora da &#8220;qualidade de vida pol\u00edtica&#8221; que o ministro do Supremo Tribunal Federal Carlos Ayres [&hellip;]<\/p>\n","protected":false},"author":8,"featured_media":0,"comment_status":"open","ping_status":"open","sticky":false,"template":"","format":"standard","meta":{"site-sidebar-layout":"default","site-content-layout":"","ast-site-content-layout":"default","site-content-style":"default","site-sidebar-style":"default","ast-global-header-display":"","ast-banner-title-visibility":"","ast-main-header-display":"","ast-hfb-above-header-display":"","ast-hfb-below-header-display":"","ast-hfb-mobile-header-display":"","site-post-title":"","ast-breadcrumbs-content":"","ast-featured-img":"","footer-sml-layout":"","ast-disable-related-posts":"","theme-transparent-header-meta":"","adv-header-id-meta":"","stick-header-meta":"","header-above-stick-meta":"","header-main-stick-meta":"","header-below-stick-meta":"","astra-migrate-meta-layouts":"default","ast-page-background-enabled":"default","ast-page-background-meta":{"desktop":{"background-color":"var(--ast-global-color-5)","background-image":"","background-repeat":"repeat","background-position":"center center","background-size":"auto","background-attachment":"scroll","background-type":"","background-media":"","overlay-type":"","overlay-color":"","overlay-opacity":"","overlay-gradient":""},"tablet":{"background-color":"","background-image":"","background-repeat":"repeat","background-position":"center center","background-size":"auto","background-attachment":"scroll","background-type":"","background-media":"","overlay-type":"","overlay-color":"","overlay-opacity":"","overlay-gradient":""},"mobile":{"background-color":"","background-image":"","background-repeat":"repeat","background-position":"center center","background-size":"auto","background-attachment":"scroll","background-type":"","background-media":"","overlay-type":"","overlay-color":"","overlay-opacity":"","overlay-gradient":""}},"ast-content-background-meta":{"desktop":{"background-color":"var(--ast-global-color-4)","background-image":"","background-repeat":"repeat","background-position":"center center","background-size":"auto","background-attachment":"scroll","background-type":"","background-media":"","overlay-type":"","overlay-color":"","overlay-opacity":"","overlay-gradient":""},"tablet":{"background-color":"var(--ast-global-color-4)","background-image":"","background-repeat":"repeat","background-position":"center center","background-size":"auto","background-attachment":"scroll","background-type":"","background-media":"","overlay-type":"","overlay-color":"","overlay-opacity":"","overlay-gradient":""},"mobile":{"background-color":"var(--ast-global-color-4)","background-image":"","background-repeat":"repeat","background-position":"center center","background-size":"auto","background-attachment":"scroll","background-type":"","background-media":"","overlay-type":"","overlay-color":"","overlay-opacity":"","overlay-gradient":""}},"footnotes":""},"categories":[1],"tags":[],"class_list":["post-775","post","type-post","status-publish","format-standard","hentry","category-sem-categoria"],"yoast_head":"<!-- This site is optimized with the Yoast SEO plugin v26.6 - https:\/\/yoast.com\/wordpress\/plugins\/seo\/ -->\n<title>Cruzada de Ayres Britto come\u00e7ou com Eurico Miranda - Fl\u00e1vio Braga<\/title>\n<meta name=\"robots\" content=\"index, follow, max-snippet:-1, max-image-preview:large, max-video-preview:-1\" \/>\n<link rel=\"canonical\" href=\"https:\/\/www.blogsoestado.com\/flaviobraga\/cruzada-de-ayres-britto-comecou-com-eurico-miranda\/\" \/>\n<meta property=\"og:locale\" content=\"pt_BR\" \/>\n<meta property=\"og:type\" content=\"article\" \/>\n<meta property=\"og:title\" content=\"Cruzada de Ayres Britto come\u00e7ou com Eurico Miranda - Fl\u00e1vio Braga\" \/>\n<meta property=\"og:description\" content=\"Foi pregando em favor da melhora da &#8220;qualidade de vida pol\u00edtica&#8221; que o ministro do Supremo Tribunal Federal Carlos Ayres [&hellip;]\" \/>\n<meta property=\"og:url\" content=\"https:\/\/www.blogsoestado.com\/flaviobraga\/cruzada-de-ayres-britto-comecou-com-eurico-miranda\/\" \/>\n<meta property=\"og:site_name\" content=\"Fl\u00e1vio Braga\" \/>\n<meta property=\"article:published_time\" content=\"2010-09-25T17:36:52+00:00\" \/>\n<meta property=\"og:image\" content=\"https:\/\/www.blogsoestado.com\/flaviobraga\/files\/2010\/09\/Ayres1.jpg\" \/>\n<meta name=\"author\" content=\"Flavio Braga\" \/>\n<meta name=\"twitter:card\" content=\"summary_large_image\" \/>\n<meta name=\"twitter:label1\" content=\"Escrito por\" \/>\n\t<meta name=\"twitter:data1\" content=\"Flavio Braga\" \/>\n\t<meta name=\"twitter:label2\" content=\"Est. tempo de leitura\" \/>\n\t<meta name=\"twitter:data2\" content=\"2 minutos\" \/>\n<script type=\"application\/ld+json\" class=\"yoast-schema-graph\">{\"@context\":\"https:\/\/schema.org\",\"@graph\":[{\"@type\":\"WebPage\",\"@id\":\"https:\/\/www.blogsoestado.com\/flaviobraga\/cruzada-de-ayres-britto-comecou-com-eurico-miranda\/\",\"url\":\"https:\/\/www.blogsoestado.com\/flaviobraga\/cruzada-de-ayres-britto-comecou-com-eurico-miranda\/\",\"name\":\"Cruzada de Ayres Britto come\u00e7ou com Eurico Miranda - Fl\u00e1vio Braga\",\"isPartOf\":{\"@id\":\"https:\/\/www.blogsoestado.com\/flaviobraga\/#website\"},\"primaryImageOfPage\":{\"@id\":\"https:\/\/www.blogsoestado.com\/flaviobraga\/cruzada-de-ayres-britto-comecou-com-eurico-miranda\/#primaryimage\"},\"image\":{\"@id\":\"https:\/\/www.blogsoestado.com\/flaviobraga\/cruzada-de-ayres-britto-comecou-com-eurico-miranda\/#primaryimage\"},\"thumbnailUrl\":\"https:\/\/www.blogsoestado.com\/flaviobraga\/files\/2010\/09\/Ayres1.jpg\",\"datePublished\":\"2010-09-25T17:36:52+00:00\",\"author\":{\"@id\":\"https:\/\/www.blogsoestado.com\/flaviobraga\/#\/schema\/person\/6c6c778331775c757a82d15206bd8733\"},\"breadcrumb\":{\"@id\":\"https:\/\/www.blogsoestado.com\/flaviobraga\/cruzada-de-ayres-britto-comecou-com-eurico-miranda\/#breadcrumb\"},\"inLanguage\":\"pt-BR\",\"potentialAction\":[{\"@type\":\"ReadAction\",\"target\":[\"https:\/\/www.blogsoestado.com\/flaviobraga\/cruzada-de-ayres-britto-comecou-com-eurico-miranda\/\"]}]},{\"@type\":\"ImageObject\",\"inLanguage\":\"pt-BR\",\"@id\":\"https:\/\/www.blogsoestado.com\/flaviobraga\/cruzada-de-ayres-britto-comecou-com-eurico-miranda\/#primaryimage\",\"url\":\"https:\/\/www.blogsoestado.com\/flaviobraga\/files\/2010\/09\/Ayres1.jpg\",\"contentUrl\":\"https:\/\/www.blogsoestado.com\/flaviobraga\/files\/2010\/09\/Ayres1.jpg\"},{\"@type\":\"BreadcrumbList\",\"@id\":\"https:\/\/www.blogsoestado.com\/flaviobraga\/cruzada-de-ayres-britto-comecou-com-eurico-miranda\/#breadcrumb\",\"itemListElement\":[{\"@type\":\"ListItem\",\"position\":1,\"name\":\"In\u00edcio\",\"item\":\"https:\/\/www.blogsoestado.com\/flaviobraga\/\"},{\"@type\":\"ListItem\",\"position\":2,\"name\":\"Cruzada de Ayres Britto come\u00e7ou com Eurico Miranda\"}]},{\"@type\":\"WebSite\",\"@id\":\"https:\/\/www.blogsoestado.com\/flaviobraga\/#website\",\"url\":\"https:\/\/www.blogsoestado.com\/flaviobraga\/\",\"name\":\"Fl\u00e1vio Braga\",\"description\":\"\",\"potentialAction\":[{\"@type\":\"SearchAction\",\"target\":{\"@type\":\"EntryPoint\",\"urlTemplate\":\"https:\/\/www.blogsoestado.com\/flaviobraga\/?s={search_term_string}\"},\"query-input\":{\"@type\":\"PropertyValueSpecification\",\"valueRequired\":true,\"valueName\":\"search_term_string\"}}],\"inLanguage\":\"pt-BR\"},{\"@type\":\"Person\",\"@id\":\"https:\/\/www.blogsoestado.com\/flaviobraga\/#\/schema\/person\/6c6c778331775c757a82d15206bd8733\",\"name\":\"Flavio Braga\",\"image\":{\"@type\":\"ImageObject\",\"inLanguage\":\"pt-BR\",\"@id\":\"https:\/\/www.blogsoestado.com\/flaviobraga\/#\/schema\/person\/image\/\",\"url\":\"https:\/\/secure.gravatar.com\/avatar\/ab173937dad8d78195c87778be8a0285d069ede375ce0ae24aac1cf8e58ccb2c?s=96&d=mm&r=g\",\"contentUrl\":\"https:\/\/secure.gravatar.com\/avatar\/ab173937dad8d78195c87778be8a0285d069ede375ce0ae24aac1cf8e58ccb2c?s=96&d=mm&r=g\",\"caption\":\"Flavio Braga\"},\"url\":\"https:\/\/www.blogsoestado.com\/flaviobraga\/author\/flaviobraga\/\"}]}<\/script>\n<!-- \/ Yoast SEO plugin. -->","yoast_head_json":{"title":"Cruzada de Ayres Britto come\u00e7ou com Eurico Miranda - Fl\u00e1vio Braga","robots":{"index":"index","follow":"follow","max-snippet":"max-snippet:-1","max-image-preview":"max-image-preview:large","max-video-preview":"max-video-preview:-1"},"canonical":"https:\/\/www.blogsoestado.com\/flaviobraga\/cruzada-de-ayres-britto-comecou-com-eurico-miranda\/","og_locale":"pt_BR","og_type":"article","og_title":"Cruzada de Ayres Britto come\u00e7ou com Eurico Miranda - Fl\u00e1vio Braga","og_description":"Foi pregando em favor da melhora da &#8220;qualidade de vida pol\u00edtica&#8221; que o ministro do Supremo Tribunal Federal Carlos Ayres [&hellip;]","og_url":"https:\/\/www.blogsoestado.com\/flaviobraga\/cruzada-de-ayres-britto-comecou-com-eurico-miranda\/","og_site_name":"Fl\u00e1vio Braga","article_published_time":"2010-09-25T17:36:52+00:00","og_image":[{"url":"https:\/\/www.blogsoestado.com\/flaviobraga\/files\/2010\/09\/Ayres1.jpg","type":"","width":"","height":""}],"author":"Flavio Braga","twitter_card":"summary_large_image","twitter_misc":{"Escrito por":"Flavio Braga","Est. tempo de leitura":"2 minutos"},"schema":{"@context":"https:\/\/schema.org","@graph":[{"@type":"WebPage","@id":"https:\/\/www.blogsoestado.com\/flaviobraga\/cruzada-de-ayres-britto-comecou-com-eurico-miranda\/","url":"https:\/\/www.blogsoestado.com\/flaviobraga\/cruzada-de-ayres-britto-comecou-com-eurico-miranda\/","name":"Cruzada de Ayres Britto come\u00e7ou com Eurico Miranda - Fl\u00e1vio Braga","isPartOf":{"@id":"https:\/\/www.blogsoestado.com\/flaviobraga\/#website"},"primaryImageOfPage":{"@id":"https:\/\/www.blogsoestado.com\/flaviobraga\/cruzada-de-ayres-britto-comecou-com-eurico-miranda\/#primaryimage"},"image":{"@id":"https:\/\/www.blogsoestado.com\/flaviobraga\/cruzada-de-ayres-britto-comecou-com-eurico-miranda\/#primaryimage"},"thumbnailUrl":"https:\/\/www.blogsoestado.com\/flaviobraga\/files\/2010\/09\/Ayres1.jpg","datePublished":"2010-09-25T17:36:52+00:00","author":{"@id":"https:\/\/www.blogsoestado.com\/flaviobraga\/#\/schema\/person\/6c6c778331775c757a82d15206bd8733"},"breadcrumb":{"@id":"https:\/\/www.blogsoestado.com\/flaviobraga\/cruzada-de-ayres-britto-comecou-com-eurico-miranda\/#breadcrumb"},"inLanguage":"pt-BR","potentialAction":[{"@type":"ReadAction","target":["https:\/\/www.blogsoestado.com\/flaviobraga\/cruzada-de-ayres-britto-comecou-com-eurico-miranda\/"]}]},{"@type":"ImageObject","inLanguage":"pt-BR","@id":"https:\/\/www.blogsoestado.com\/flaviobraga\/cruzada-de-ayres-britto-comecou-com-eurico-miranda\/#primaryimage","url":"https:\/\/www.blogsoestado.com\/flaviobraga\/files\/2010\/09\/Ayres1.jpg","contentUrl":"https:\/\/www.blogsoestado.com\/flaviobraga\/files\/2010\/09\/Ayres1.jpg"},{"@type":"BreadcrumbList","@id":"https:\/\/www.blogsoestado.com\/flaviobraga\/cruzada-de-ayres-britto-comecou-com-eurico-miranda\/#breadcrumb","itemListElement":[{"@type":"ListItem","position":1,"name":"In\u00edcio","item":"https:\/\/www.blogsoestado.com\/flaviobraga\/"},{"@type":"ListItem","position":2,"name":"Cruzada de Ayres Britto come\u00e7ou com Eurico Miranda"}]},{"@type":"WebSite","@id":"https:\/\/www.blogsoestado.com\/flaviobraga\/#website","url":"https:\/\/www.blogsoestado.com\/flaviobraga\/","name":"Fl\u00e1vio Braga","description":"","potentialAction":[{"@type":"SearchAction","target":{"@type":"EntryPoint","urlTemplate":"https:\/\/www.blogsoestado.com\/flaviobraga\/?s={search_term_string}"},"query-input":{"@type":"PropertyValueSpecification","valueRequired":true,"valueName":"search_term_string"}}],"inLanguage":"pt-BR"},{"@type":"Person","@id":"https:\/\/www.blogsoestado.com\/flaviobraga\/#\/schema\/person\/6c6c778331775c757a82d15206bd8733","name":"Flavio Braga","image":{"@type":"ImageObject","inLanguage":"pt-BR","@id":"https:\/\/www.blogsoestado.com\/flaviobraga\/#\/schema\/person\/image\/","url":"https:\/\/secure.gravatar.com\/avatar\/ab173937dad8d78195c87778be8a0285d069ede375ce0ae24aac1cf8e58ccb2c?s=96&d=mm&r=g","contentUrl":"https:\/\/secure.gravatar.com\/avatar\/ab173937dad8d78195c87778be8a0285d069ede375ce0ae24aac1cf8e58ccb2c?s=96&d=mm&r=g","caption":"Flavio Braga"},"url":"https:\/\/www.blogsoestado.com\/flaviobraga\/author\/flaviobraga\/"}]}},"jetpack_featured_media_url":"","_links":{"self":[{"href":"https:\/\/www.blogsoestado.com\/flaviobraga\/wp-json\/wp\/v2\/posts\/775","targetHints":{"allow":["GET"]}}],"collection":[{"href":"https:\/\/www.blogsoestado.com\/flaviobraga\/wp-json\/wp\/v2\/posts"}],"about":[{"href":"https:\/\/www.blogsoestado.com\/flaviobraga\/wp-json\/wp\/v2\/types\/post"}],"author":[{"embeddable":true,"href":"https:\/\/www.blogsoestado.com\/flaviobraga\/wp-json\/wp\/v2\/users\/8"}],"replies":[{"embeddable":true,"href":"https:\/\/www.blogsoestado.com\/flaviobraga\/wp-json\/wp\/v2\/comments?post=775"}],"version-history":[{"count":0,"href":"https:\/\/www.blogsoestado.com\/flaviobraga\/wp-json\/wp\/v2\/posts\/775\/revisions"}],"wp:attachment":[{"href":"https:\/\/www.blogsoestado.com\/flaviobraga\/wp-json\/wp\/v2\/media?parent=775"}],"wp:term":[{"taxonomy":"category","embeddable":true,"href":"https:\/\/www.blogsoestado.com\/flaviobraga\/wp-json\/wp\/v2\/categories?post=775"},{"taxonomy":"post_tag","embeddable":true,"href":"https:\/\/www.blogsoestado.com\/flaviobraga\/wp-json\/wp\/v2\/tags?post=775"}],"curies":[{"name":"wp","href":"https:\/\/api.w.org\/{rel}","templated":true}]}}