{"id":810,"date":"2010-10-01T18:47:50","date_gmt":"2010-10-01T21:47:50","guid":{"rendered":"https:\/\/www.blogsoestado.com\/flaviobraga\/?p=810"},"modified":"2010-10-01T18:47:50","modified_gmt":"2010-10-01T21:47:50","slug":"deu-no-blog-de-robert-lobato-professor-flavio-braga-acertou-em-cheio-sobre-a-decisao-tse","status":"publish","type":"post","link":"https:\/\/www.blogsoestado.com\/flaviobraga\/deu-no-blog-de-robert-lobato-professor-flavio-braga-acertou-em-cheio-sobre-a-decisao-tse\/","title":{"rendered":"Deu no blog de Robert lobato: Professor Fl\u00e1vio Braga acertou em cheio sobre a decis\u00e3o TSE"},"content":{"rendered":"<p>Reproduzimos abaixo trechos do reconhecimento outogardo por um dos blogueiros mais acessados do Maranh\u00e3o:<\/p>\n<p>&#8220;No dia 5 de setembro de 2010, este blog publicou um artigo do especialista em Direito, professor Fl\u00e1vio Braga, onde afirmava que o Tribunal Superior Eleitoral (TSE) iria manter o registro da candidatura de Jackson Lago a governador do Maranh\u00e3o.<\/p>\n<p>A decis\u00e3o de ontem do TSE corroborou exatamente a tese do professor Fl\u00e1vio Braga consistia basicamente em duas premissas:\u00a0 (1) A jurisprud\u00eancia do TSE \u00e9 firme no sentido de que a san\u00e7\u00e3o de inelegibilidade n\u00e3o se inclui entre aquelas previstas para o Recurso Contra Expedi\u00e7\u00e3o de Diploma; e (2)A decis\u00e3o monocr\u00e1tica prolatada pelo Ministro Arnaldo Versiani\u00a0 (um dos pr\u00f3ceres da aplica\u00e7\u00e3o imediata da Lei da Ficha Limpa), nos autos do Recurso Ordin\u00e1rio n\u00ba 3870-38, em 12 de agosto de 2010 [inelegibilidade decorrente de abuso do poder econ\u00f4mico e pol\u00edtico, resulta exclusivamente do julgamento de \u201cRepresenta\u00e7\u00e3o\u201d, e n\u00e3o de A\u00e7\u00e3o de Impugna\u00e7\u00e3o de Mandato Eletivo-AIME].<\/p>\n<p>O artigo do professor Fl\u00e1vio Braga, portanto, foi uma esp\u00e9cie de vat\u00edcinio positivo a favor do candidato da coliga\u00e7\u00e3o \u201cO Povo \u00e9 Maior\u201d que sofreu muito at\u00e9 aqui, onde\u00a0mesmo dentro do pr\u00f3prio PDT j\u00e1 tinha gente \u201cobrando ralo\u201d e sugerindo que Jackson Lago \u201cabrisse aguarda\u201d a favor de outro candidato. (&#8230;)&#8221;<\/p>\n<p>Leia a<a href=\"https:\/\/www.blogsoestado.com\/flaviobraga\/?s=JACKSON+LAGO\"><strong> \u00edntegra<\/strong> <\/a>do artigo do professor Fl\u00e1vio Braga.&#8221;<\/p>\n","protected":false},"excerpt":{"rendered":"<p>Reproduzimos abaixo trechos do reconhecimento outogardo por um dos blogueiros mais acessados do Maranh\u00e3o: &#8220;No dia 5 de setembro de [&hellip;]<\/p>\n","protected":false},"author":8,"featured_media":0,"comment_status":"open","ping_status":"open","sticky":false,"template":"","format":"standard","meta":{"site-sidebar-layout":"default","site-content-layout":"","ast-site-content-layout":"default","site-content-style":"default","site-sidebar-style":"default","ast-global-header-display":"","ast-banner-title-visibility":"","ast-main-header-display":"","ast-hfb-above-header-display":"","ast-hfb-below-header-display":"","ast-hfb-mobile-header-display":"","site-post-title":"","ast-breadcrumbs-content":"","ast-featured-img":"","footer-sml-layout":"","ast-disable-related-posts":"","theme-transparent-header-meta":"","adv-header-id-meta":"","stick-header-meta":"","header-above-stick-meta":"","header-main-stick-meta":"","header-below-stick-meta":"","astra-migrate-meta-layouts":"default","ast-page-background-enabled":"default","ast-page-background-meta":{"desktop":{"background-color":"var(--ast-global-color-5)","background-image":"","background-repeat":"repeat","background-position":"center center","background-size":"auto","background-attachment":"scroll","background-type":"","background-media":"","overlay-type":"","overlay-color":"","overlay-opacity":"","overlay-gradient":""},"tablet":{"background-color":"","background-image":"","background-repeat":"repeat","background-position":"center center","background-size":"auto","background-attachment":"scroll","background-type":"","background-media":"","overlay-type":"","overlay-color":"","overlay-opacity":"","overlay-gradient":""},"mobile":{"background-color":"","background-image":"","background-repeat":"repeat","background-position":"center center","background-size":"auto","background-attachment":"scroll","background-type":"","background-media":"","overlay-type":"","overlay-color":"","overlay-opacity":"","overlay-gradient":""}},"ast-content-background-meta":{"desktop":{"background-color":"var(--ast-global-color-4)","background-image":"","background-repeat":"repeat","background-position":"center center","background-size":"auto","background-attachment":"scroll","background-type":"","background-media":"","overlay-type":"","overlay-color":"","overlay-opacity":"","overlay-gradient":""},"tablet":{"background-color":"var(--ast-global-color-4)","background-image":"","background-repeat":"repeat","background-position":"center center","background-size":"auto","background-attachment":"scroll","background-type":"","background-media":"","overlay-type":"","overlay-color":"","overlay-opacity":"","overlay-gradient":""},"mobile":{"background-color":"var(--ast-global-color-4)","background-image":"","background-repeat":"repeat","background-position":"center center","background-size":"auto","background-attachment":"scroll","background-type":"","background-media":"","overlay-type":"","overlay-color":"","overlay-opacity":"","overlay-gradient":""}},"footnotes":""},"categories":[1],"tags":[],"class_list":["post-810","post","type-post","status-publish","format-standard","hentry","category-sem-categoria"],"yoast_head":"<!-- This site is optimized with the Yoast SEO plugin v26.6 - https:\/\/yoast.com\/wordpress\/plugins\/seo\/ -->\n<title>Deu no blog de Robert lobato: Professor Fl\u00e1vio Braga acertou em cheio sobre a decis\u00e3o TSE - Fl\u00e1vio Braga<\/title>\n<meta name=\"robots\" content=\"index, follow, max-snippet:-1, max-image-preview:large, max-video-preview:-1\" \/>\n<link rel=\"canonical\" href=\"https:\/\/www.blogsoestado.com\/flaviobraga\/deu-no-blog-de-robert-lobato-professor-flavio-braga-acertou-em-cheio-sobre-a-decisao-tse\/\" \/>\n<meta property=\"og:locale\" content=\"pt_BR\" \/>\n<meta property=\"og:type\" content=\"article\" \/>\n<meta property=\"og:title\" content=\"Deu no blog de Robert lobato: Professor Fl\u00e1vio Braga acertou em cheio sobre a decis\u00e3o TSE - Fl\u00e1vio Braga\" \/>\n<meta property=\"og:description\" content=\"Reproduzimos abaixo trechos do reconhecimento outogardo por um dos blogueiros mais acessados do Maranh\u00e3o: &#8220;No dia 5 de setembro de [&hellip;]\" \/>\n<meta property=\"og:url\" content=\"https:\/\/www.blogsoestado.com\/flaviobraga\/deu-no-blog-de-robert-lobato-professor-flavio-braga-acertou-em-cheio-sobre-a-decisao-tse\/\" \/>\n<meta property=\"og:site_name\" content=\"Fl\u00e1vio Braga\" \/>\n<meta property=\"article:published_time\" content=\"2010-10-01T21:47:50+00:00\" \/>\n<meta name=\"author\" content=\"Flavio Braga\" \/>\n<meta name=\"twitter:card\" content=\"summary_large_image\" \/>\n<meta name=\"twitter:label1\" content=\"Escrito por\" \/>\n\t<meta name=\"twitter:data1\" content=\"Flavio Braga\" \/>\n\t<meta name=\"twitter:label2\" content=\"Est. tempo de leitura\" \/>\n\t<meta name=\"twitter:data2\" content=\"1 minuto\" \/>\n<script type=\"application\/ld+json\" class=\"yoast-schema-graph\">{\"@context\":\"https:\/\/schema.org\",\"@graph\":[{\"@type\":\"WebPage\",\"@id\":\"https:\/\/www.blogsoestado.com\/flaviobraga\/deu-no-blog-de-robert-lobato-professor-flavio-braga-acertou-em-cheio-sobre-a-decisao-tse\/\",\"url\":\"https:\/\/www.blogsoestado.com\/flaviobraga\/deu-no-blog-de-robert-lobato-professor-flavio-braga-acertou-em-cheio-sobre-a-decisao-tse\/\",\"name\":\"Deu no blog de Robert lobato: Professor Fl\u00e1vio Braga acertou em cheio sobre a decis\u00e3o TSE - Fl\u00e1vio Braga\",\"isPartOf\":{\"@id\":\"https:\/\/www.blogsoestado.com\/flaviobraga\/#website\"},\"datePublished\":\"2010-10-01T21:47:50+00:00\",\"author\":{\"@id\":\"https:\/\/www.blogsoestado.com\/flaviobraga\/#\/schema\/person\/6c6c778331775c757a82d15206bd8733\"},\"breadcrumb\":{\"@id\":\"https:\/\/www.blogsoestado.com\/flaviobraga\/deu-no-blog-de-robert-lobato-professor-flavio-braga-acertou-em-cheio-sobre-a-decisao-tse\/#breadcrumb\"},\"inLanguage\":\"pt-BR\",\"potentialAction\":[{\"@type\":\"ReadAction\",\"target\":[\"https:\/\/www.blogsoestado.com\/flaviobraga\/deu-no-blog-de-robert-lobato-professor-flavio-braga-acertou-em-cheio-sobre-a-decisao-tse\/\"]}]},{\"@type\":\"BreadcrumbList\",\"@id\":\"https:\/\/www.blogsoestado.com\/flaviobraga\/deu-no-blog-de-robert-lobato-professor-flavio-braga-acertou-em-cheio-sobre-a-decisao-tse\/#breadcrumb\",\"itemListElement\":[{\"@type\":\"ListItem\",\"position\":1,\"name\":\"In\u00edcio\",\"item\":\"https:\/\/www.blogsoestado.com\/flaviobraga\/\"},{\"@type\":\"ListItem\",\"position\":2,\"name\":\"Deu no blog de Robert lobato: Professor Fl\u00e1vio Braga acertou em cheio sobre a decis\u00e3o TSE\"}]},{\"@type\":\"WebSite\",\"@id\":\"https:\/\/www.blogsoestado.com\/flaviobraga\/#website\",\"url\":\"https:\/\/www.blogsoestado.com\/flaviobraga\/\",\"name\":\"Fl\u00e1vio Braga\",\"description\":\"\",\"potentialAction\":[{\"@type\":\"SearchAction\",\"target\":{\"@type\":\"EntryPoint\",\"urlTemplate\":\"https:\/\/www.blogsoestado.com\/flaviobraga\/?s={search_term_string}\"},\"query-input\":{\"@type\":\"PropertyValueSpecification\",\"valueRequired\":true,\"valueName\":\"search_term_string\"}}],\"inLanguage\":\"pt-BR\"},{\"@type\":\"Person\",\"@id\":\"https:\/\/www.blogsoestado.com\/flaviobraga\/#\/schema\/person\/6c6c778331775c757a82d15206bd8733\",\"name\":\"Flavio Braga\",\"image\":{\"@type\":\"ImageObject\",\"inLanguage\":\"pt-BR\",\"@id\":\"https:\/\/www.blogsoestado.com\/flaviobraga\/#\/schema\/person\/image\/\",\"url\":\"https:\/\/secure.gravatar.com\/avatar\/ab173937dad8d78195c87778be8a0285d069ede375ce0ae24aac1cf8e58ccb2c?s=96&d=mm&r=g\",\"contentUrl\":\"https:\/\/secure.gravatar.com\/avatar\/ab173937dad8d78195c87778be8a0285d069ede375ce0ae24aac1cf8e58ccb2c?s=96&d=mm&r=g\",\"caption\":\"Flavio Braga\"},\"url\":\"https:\/\/www.blogsoestado.com\/flaviobraga\/author\/flaviobraga\/\"}]}<\/script>\n<!-- \/ Yoast SEO plugin. -->","yoast_head_json":{"title":"Deu no blog de Robert lobato: Professor Fl\u00e1vio Braga acertou em cheio sobre a decis\u00e3o TSE - Fl\u00e1vio Braga","robots":{"index":"index","follow":"follow","max-snippet":"max-snippet:-1","max-image-preview":"max-image-preview:large","max-video-preview":"max-video-preview:-1"},"canonical":"https:\/\/www.blogsoestado.com\/flaviobraga\/deu-no-blog-de-robert-lobato-professor-flavio-braga-acertou-em-cheio-sobre-a-decisao-tse\/","og_locale":"pt_BR","og_type":"article","og_title":"Deu no blog de Robert lobato: Professor Fl\u00e1vio Braga acertou em cheio sobre a decis\u00e3o TSE - Fl\u00e1vio Braga","og_description":"Reproduzimos abaixo trechos do reconhecimento outogardo por um dos blogueiros mais acessados do Maranh\u00e3o: &#8220;No dia 5 de setembro de [&hellip;]","og_url":"https:\/\/www.blogsoestado.com\/flaviobraga\/deu-no-blog-de-robert-lobato-professor-flavio-braga-acertou-em-cheio-sobre-a-decisao-tse\/","og_site_name":"Fl\u00e1vio Braga","article_published_time":"2010-10-01T21:47:50+00:00","author":"Flavio Braga","twitter_card":"summary_large_image","twitter_misc":{"Escrito por":"Flavio Braga","Est. tempo de leitura":"1 minuto"},"schema":{"@context":"https:\/\/schema.org","@graph":[{"@type":"WebPage","@id":"https:\/\/www.blogsoestado.com\/flaviobraga\/deu-no-blog-de-robert-lobato-professor-flavio-braga-acertou-em-cheio-sobre-a-decisao-tse\/","url":"https:\/\/www.blogsoestado.com\/flaviobraga\/deu-no-blog-de-robert-lobato-professor-flavio-braga-acertou-em-cheio-sobre-a-decisao-tse\/","name":"Deu no blog de Robert lobato: Professor Fl\u00e1vio Braga acertou em cheio sobre a decis\u00e3o TSE - Fl\u00e1vio Braga","isPartOf":{"@id":"https:\/\/www.blogsoestado.com\/flaviobraga\/#website"},"datePublished":"2010-10-01T21:47:50+00:00","author":{"@id":"https:\/\/www.blogsoestado.com\/flaviobraga\/#\/schema\/person\/6c6c778331775c757a82d15206bd8733"},"breadcrumb":{"@id":"https:\/\/www.blogsoestado.com\/flaviobraga\/deu-no-blog-de-robert-lobato-professor-flavio-braga-acertou-em-cheio-sobre-a-decisao-tse\/#breadcrumb"},"inLanguage":"pt-BR","potentialAction":[{"@type":"ReadAction","target":["https:\/\/www.blogsoestado.com\/flaviobraga\/deu-no-blog-de-robert-lobato-professor-flavio-braga-acertou-em-cheio-sobre-a-decisao-tse\/"]}]},{"@type":"BreadcrumbList","@id":"https:\/\/www.blogsoestado.com\/flaviobraga\/deu-no-blog-de-robert-lobato-professor-flavio-braga-acertou-em-cheio-sobre-a-decisao-tse\/#breadcrumb","itemListElement":[{"@type":"ListItem","position":1,"name":"In\u00edcio","item":"https:\/\/www.blogsoestado.com\/flaviobraga\/"},{"@type":"ListItem","position":2,"name":"Deu no blog de Robert lobato: Professor Fl\u00e1vio Braga acertou em cheio sobre a decis\u00e3o TSE"}]},{"@type":"WebSite","@id":"https:\/\/www.blogsoestado.com\/flaviobraga\/#website","url":"https:\/\/www.blogsoestado.com\/flaviobraga\/","name":"Fl\u00e1vio Braga","description":"","potentialAction":[{"@type":"SearchAction","target":{"@type":"EntryPoint","urlTemplate":"https:\/\/www.blogsoestado.com\/flaviobraga\/?s={search_term_string}"},"query-input":{"@type":"PropertyValueSpecification","valueRequired":true,"valueName":"search_term_string"}}],"inLanguage":"pt-BR"},{"@type":"Person","@id":"https:\/\/www.blogsoestado.com\/flaviobraga\/#\/schema\/person\/6c6c778331775c757a82d15206bd8733","name":"Flavio Braga","image":{"@type":"ImageObject","inLanguage":"pt-BR","@id":"https:\/\/www.blogsoestado.com\/flaviobraga\/#\/schema\/person\/image\/","url":"https:\/\/secure.gravatar.com\/avatar\/ab173937dad8d78195c87778be8a0285d069ede375ce0ae24aac1cf8e58ccb2c?s=96&d=mm&r=g","contentUrl":"https:\/\/secure.gravatar.com\/avatar\/ab173937dad8d78195c87778be8a0285d069ede375ce0ae24aac1cf8e58ccb2c?s=96&d=mm&r=g","caption":"Flavio Braga"},"url":"https:\/\/www.blogsoestado.com\/flaviobraga\/author\/flaviobraga\/"}]}},"jetpack_featured_media_url":"","_links":{"self":[{"href":"https:\/\/www.blogsoestado.com\/flaviobraga\/wp-json\/wp\/v2\/posts\/810","targetHints":{"allow":["GET"]}}],"collection":[{"href":"https:\/\/www.blogsoestado.com\/flaviobraga\/wp-json\/wp\/v2\/posts"}],"about":[{"href":"https:\/\/www.blogsoestado.com\/flaviobraga\/wp-json\/wp\/v2\/types\/post"}],"author":[{"embeddable":true,"href":"https:\/\/www.blogsoestado.com\/flaviobraga\/wp-json\/wp\/v2\/users\/8"}],"replies":[{"embeddable":true,"href":"https:\/\/www.blogsoestado.com\/flaviobraga\/wp-json\/wp\/v2\/comments?post=810"}],"version-history":[{"count":0,"href":"https:\/\/www.blogsoestado.com\/flaviobraga\/wp-json\/wp\/v2\/posts\/810\/revisions"}],"wp:attachment":[{"href":"https:\/\/www.blogsoestado.com\/flaviobraga\/wp-json\/wp\/v2\/media?parent=810"}],"wp:term":[{"taxonomy":"category","embeddable":true,"href":"https:\/\/www.blogsoestado.com\/flaviobraga\/wp-json\/wp\/v2\/categories?post=810"},{"taxonomy":"post_tag","embeddable":true,"href":"https:\/\/www.blogsoestado.com\/flaviobraga\/wp-json\/wp\/v2\/tags?post=810"}],"curies":[{"name":"wp","href":"https:\/\/api.w.org\/{rel}","templated":true}]}}