{"id":823,"date":"2010-10-07T15:22:11","date_gmt":"2010-10-07T18:22:11","guid":{"rendered":"https:\/\/www.blogsoestado.com\/flaviobraga\/?p=823"},"modified":"2010-10-07T15:22:11","modified_gmt":"2010-10-07T18:22:11","slug":"o-aborto-e-as-contradicoes-de-dilma","status":"publish","type":"post","link":"https:\/\/www.blogsoestado.com\/flaviobraga\/o-aborto-e-as-contradicoes-de-dilma\/","title":{"rendered":"O aborto e as contradi\u00e7\u00f5es de Dilma"},"content":{"rendered":"<p><strong>Por Roseann Kennedy<\/strong><\/p>\n<p>At\u00e9 a palavra aborto foi retirada das \u00faltimas declara\u00e7\u00f5es da presidenci\u00e1vel petista Dilma Roussef. Para tentar afast\u00e1-la da pol\u00eamica com o eleitorado religioso, a candidata foi orientada a apenas refor\u00e7ar em seus discursos que \u00e9 pela defesa e valoriza\u00e7\u00e3o da vida.<\/p>\n<p>Nada de dizer que aborto \u00e9 quest\u00e3o de sa\u00fade p\u00fablica ou que a legisla\u00e7\u00e3o atual deve ser mantida, como j\u00e1 falou na semana passada. O termo aborto deve ser eliminado.<\/p>\n<p>Na Secretaria Nacional de Mulheres do PT, tamb\u00e9m foi decretado o sil\u00eancio sobre o tema. A secret\u00e1ria Laisy Moriere informou, por meio da assessoria, que n\u00e3o vai falar sobre o assunto.<\/p>\n<p>Na verdade, se falar, ela corre o risco de deixar a campanha de sua candidata Dilma ainda mais enrolada em contradi\u00e7\u00f5es. Porque as resolu\u00e7\u00f5es do PT deixam claro seu posicionamento favor\u00e1vel \u00e0 pr\u00e1tica do aborto.<\/p>\n<p>A resolu\u00e7\u00e3o do terceiro Congresso do PT diz que o partido vai trabalhar pela \u201cdefesa da autodetermina\u00e7\u00e3o das mulheres, da descriminaliza\u00e7\u00e3o do aborto e regulamenta\u00e7\u00e3o do atendimento a todos os casos no servi\u00e7o p\u00fablico evitando assim a gravidez n\u00e3o desejada e a morte de centenas de mulheres, na sua maioria pobres e negras, em decorr\u00eancia do aborto clandestino e da falta de responsabilidade do Estado no atendimento adequado \u00e0s mulheres que assim optarem.\u201d<\/p>\n<p>Ent\u00e3o, a secret\u00e1ria calou.<\/p>\n<p>Mas tamb\u00e9m n\u00e3o \u00e9 a primeira vez que o tema obriga integrantes da legenda a ficarem mudos. S\u00f3 que tudo depende do interesse do momento.<\/p>\n<p>No ano passado, por exemplo, o diret\u00f3rio nacional do PT suspendeu os direitos partid\u00e1rios dos deputados federais Luiz Bassuma (BA) e Henrique Afonso (AC). Naquele momento, eles enfrentaram processo no conselho de \u00e9tica da legenda, porque fizeram campanha contra o aborto, contrariando o que determinava a resolu\u00e7\u00e3o do partido.<\/p>\n<p>Bassuma, indignado, trocou de legenda. Foi para o PV. Hoje eu conversei com ele. Olha o que ele acha dessas contradi\u00e7\u00f5es no PT: \u201cTodo dia \u00e9 uma contradi\u00e7\u00e3o. Dilma era assim como o PT a favor da legaliza\u00e7\u00e3o do aborto. Cada vez que fala do assunto, ela fala de um jeito diferente. Ela tinha de falar a verdade para o povo brasileiro. Que ela \u00e9 a favor da legaliza\u00e7\u00e3o assim como o PT \u00e9. Mentir nesse momento, tentar enganar o povo para ganhar uma elei\u00e7\u00e3o, isso \u00e9 muito feio\u201d.<\/p>\n<p>A verdade \u00e9 que antes de ser candidata, no entanto, Dilma defendia abertamente a descriminaliza\u00e7\u00e3o do aborto. Fez inclusive declara\u00e7\u00f5es p\u00fablicas, em sabatina do jornal Folha de S\u00e3o Paulo em 2007 e em entrevista em 2009 \u00e0 revista Marie Claire.<\/p>\n<p>Outro epis\u00f3dio de sil\u00eancio foi no programa de governo da petista. Na primeira vers\u00e3o protocolada no TSE, o assunto j\u00e1 era tratado de forma velada, disfar\u00e7ada.<br \/>\n\u00a0<br \/>\nO documento registrado no dia cinco de julho passado, dizia que \u201co Estado brasileiro reafirmar\u00e1 o direito das mulheres de tomarem suas pr\u00f3prias decis\u00f5es em assuntos que afetam seu corpo e sua sa\u00fade\u201d.<\/p>\n<p>Mas, na seq\u00fc\u00eancia, prevendo a pol\u00eamica, o programa foi substitu\u00eddo, e at\u00e9 essa express\u00e3o foi retirada. Agora, na p\u00e1gina do PT, o presidente do partido, Jos\u00e9 Eduardo Dutra, diz que a quest\u00e3o de aborto nunca esteve no programa de governo da Dilma.<\/p>\n","protected":false},"excerpt":{"rendered":"<p>Por Roseann Kennedy At\u00e9 a palavra aborto foi retirada das \u00faltimas declara\u00e7\u00f5es da presidenci\u00e1vel petista Dilma Roussef. Para tentar afast\u00e1-la [&hellip;]<\/p>\n","protected":false},"author":8,"featured_media":0,"comment_status":"open","ping_status":"open","sticky":false,"template":"","format":"standard","meta":{"site-sidebar-layout":"default","site-content-layout":"","ast-site-content-layout":"default","site-content-style":"default","site-sidebar-style":"default","ast-global-header-display":"","ast-banner-title-visibility":"","ast-main-header-display":"","ast-hfb-above-header-display":"","ast-hfb-below-header-display":"","ast-hfb-mobile-header-display":"","site-post-title":"","ast-breadcrumbs-content":"","ast-featured-img":"","footer-sml-layout":"","ast-disable-related-posts":"","theme-transparent-header-meta":"","adv-header-id-meta":"","stick-header-meta":"","header-above-stick-meta":"","header-main-stick-meta":"","header-below-stick-meta":"","astra-migrate-meta-layouts":"default","ast-page-background-enabled":"default","ast-page-background-meta":{"desktop":{"background-color":"var(--ast-global-color-5)","background-image":"","background-repeat":"repeat","background-position":"center center","background-size":"auto","background-attachment":"scroll","background-type":"","background-media":"","overlay-type":"","overlay-color":"","overlay-opacity":"","overlay-gradient":""},"tablet":{"background-color":"","background-image":"","background-repeat":"repeat","background-position":"center center","background-size":"auto","background-attachment":"scroll","background-type":"","background-media":"","overlay-type":"","overlay-color":"","overlay-opacity":"","overlay-gradient":""},"mobile":{"background-color":"","background-image":"","background-repeat":"repeat","background-position":"center center","background-size":"auto","background-attachment":"scroll","background-type":"","background-media":"","overlay-type":"","overlay-color":"","overlay-opacity":"","overlay-gradient":""}},"ast-content-background-meta":{"desktop":{"background-color":"var(--ast-global-color-4)","background-image":"","background-repeat":"repeat","background-position":"center center","background-size":"auto","background-attachment":"scroll","background-type":"","background-media":"","overlay-type":"","overlay-color":"","overlay-opacity":"","overlay-gradient":""},"tablet":{"background-color":"var(--ast-global-color-4)","background-image":"","background-repeat":"repeat","background-position":"center center","background-size":"auto","background-attachment":"scroll","background-type":"","background-media":"","overlay-type":"","overlay-color":"","overlay-opacity":"","overlay-gradient":""},"mobile":{"background-color":"var(--ast-global-color-4)","background-image":"","background-repeat":"repeat","background-position":"center center","background-size":"auto","background-attachment":"scroll","background-type":"","background-media":"","overlay-type":"","overlay-color":"","overlay-opacity":"","overlay-gradient":""}},"footnotes":""},"categories":[1],"tags":[],"class_list":["post-823","post","type-post","status-publish","format-standard","hentry","category-sem-categoria"],"yoast_head":"<!-- This site is optimized with the Yoast SEO plugin v26.6 - https:\/\/yoast.com\/wordpress\/plugins\/seo\/ -->\n<title>O aborto e as contradi\u00e7\u00f5es de Dilma - Fl\u00e1vio Braga<\/title>\n<meta name=\"robots\" content=\"index, follow, max-snippet:-1, max-image-preview:large, max-video-preview:-1\" \/>\n<link rel=\"canonical\" href=\"https:\/\/www.blogsoestado.com\/flaviobraga\/o-aborto-e-as-contradicoes-de-dilma\/\" \/>\n<meta property=\"og:locale\" content=\"pt_BR\" \/>\n<meta property=\"og:type\" content=\"article\" \/>\n<meta property=\"og:title\" content=\"O aborto e as contradi\u00e7\u00f5es de Dilma - Fl\u00e1vio Braga\" \/>\n<meta property=\"og:description\" content=\"Por Roseann Kennedy At\u00e9 a palavra aborto foi retirada das \u00faltimas declara\u00e7\u00f5es da presidenci\u00e1vel petista Dilma Roussef. Para tentar afast\u00e1-la [&hellip;]\" \/>\n<meta property=\"og:url\" content=\"https:\/\/www.blogsoestado.com\/flaviobraga\/o-aborto-e-as-contradicoes-de-dilma\/\" \/>\n<meta property=\"og:site_name\" content=\"Fl\u00e1vio Braga\" \/>\n<meta property=\"article:published_time\" content=\"2010-10-07T18:22:11+00:00\" \/>\n<meta name=\"author\" content=\"Flavio Braga\" \/>\n<meta name=\"twitter:card\" content=\"summary_large_image\" \/>\n<meta name=\"twitter:label1\" content=\"Escrito por\" \/>\n\t<meta name=\"twitter:data1\" content=\"Flavio Braga\" \/>\n\t<meta name=\"twitter:label2\" content=\"Est. tempo de leitura\" \/>\n\t<meta name=\"twitter:data2\" content=\"3 minutos\" \/>\n<script type=\"application\/ld+json\" class=\"yoast-schema-graph\">{\"@context\":\"https:\/\/schema.org\",\"@graph\":[{\"@type\":\"WebPage\",\"@id\":\"https:\/\/www.blogsoestado.com\/flaviobraga\/o-aborto-e-as-contradicoes-de-dilma\/\",\"url\":\"https:\/\/www.blogsoestado.com\/flaviobraga\/o-aborto-e-as-contradicoes-de-dilma\/\",\"name\":\"O aborto e as contradi\u00e7\u00f5es de Dilma - Fl\u00e1vio Braga\",\"isPartOf\":{\"@id\":\"https:\/\/www.blogsoestado.com\/flaviobraga\/#website\"},\"datePublished\":\"2010-10-07T18:22:11+00:00\",\"author\":{\"@id\":\"https:\/\/www.blogsoestado.com\/flaviobraga\/#\/schema\/person\/6c6c778331775c757a82d15206bd8733\"},\"breadcrumb\":{\"@id\":\"https:\/\/www.blogsoestado.com\/flaviobraga\/o-aborto-e-as-contradicoes-de-dilma\/#breadcrumb\"},\"inLanguage\":\"pt-BR\",\"potentialAction\":[{\"@type\":\"ReadAction\",\"target\":[\"https:\/\/www.blogsoestado.com\/flaviobraga\/o-aborto-e-as-contradicoes-de-dilma\/\"]}]},{\"@type\":\"BreadcrumbList\",\"@id\":\"https:\/\/www.blogsoestado.com\/flaviobraga\/o-aborto-e-as-contradicoes-de-dilma\/#breadcrumb\",\"itemListElement\":[{\"@type\":\"ListItem\",\"position\":1,\"name\":\"In\u00edcio\",\"item\":\"https:\/\/www.blogsoestado.com\/flaviobraga\/\"},{\"@type\":\"ListItem\",\"position\":2,\"name\":\"O aborto e as contradi\u00e7\u00f5es de Dilma\"}]},{\"@type\":\"WebSite\",\"@id\":\"https:\/\/www.blogsoestado.com\/flaviobraga\/#website\",\"url\":\"https:\/\/www.blogsoestado.com\/flaviobraga\/\",\"name\":\"Fl\u00e1vio Braga\",\"description\":\"\",\"potentialAction\":[{\"@type\":\"SearchAction\",\"target\":{\"@type\":\"EntryPoint\",\"urlTemplate\":\"https:\/\/www.blogsoestado.com\/flaviobraga\/?s={search_term_string}\"},\"query-input\":{\"@type\":\"PropertyValueSpecification\",\"valueRequired\":true,\"valueName\":\"search_term_string\"}}],\"inLanguage\":\"pt-BR\"},{\"@type\":\"Person\",\"@id\":\"https:\/\/www.blogsoestado.com\/flaviobraga\/#\/schema\/person\/6c6c778331775c757a82d15206bd8733\",\"name\":\"Flavio Braga\",\"image\":{\"@type\":\"ImageObject\",\"inLanguage\":\"pt-BR\",\"@id\":\"https:\/\/www.blogsoestado.com\/flaviobraga\/#\/schema\/person\/image\/\",\"url\":\"https:\/\/secure.gravatar.com\/avatar\/ab173937dad8d78195c87778be8a0285d069ede375ce0ae24aac1cf8e58ccb2c?s=96&d=mm&r=g\",\"contentUrl\":\"https:\/\/secure.gravatar.com\/avatar\/ab173937dad8d78195c87778be8a0285d069ede375ce0ae24aac1cf8e58ccb2c?s=96&d=mm&r=g\",\"caption\":\"Flavio Braga\"},\"url\":\"https:\/\/www.blogsoestado.com\/flaviobraga\/author\/flaviobraga\/\"}]}<\/script>\n<!-- \/ Yoast SEO plugin. -->","yoast_head_json":{"title":"O aborto e as contradi\u00e7\u00f5es de Dilma - Fl\u00e1vio Braga","robots":{"index":"index","follow":"follow","max-snippet":"max-snippet:-1","max-image-preview":"max-image-preview:large","max-video-preview":"max-video-preview:-1"},"canonical":"https:\/\/www.blogsoestado.com\/flaviobraga\/o-aborto-e-as-contradicoes-de-dilma\/","og_locale":"pt_BR","og_type":"article","og_title":"O aborto e as contradi\u00e7\u00f5es de Dilma - Fl\u00e1vio Braga","og_description":"Por Roseann Kennedy At\u00e9 a palavra aborto foi retirada das \u00faltimas declara\u00e7\u00f5es da presidenci\u00e1vel petista Dilma Roussef. Para tentar afast\u00e1-la [&hellip;]","og_url":"https:\/\/www.blogsoestado.com\/flaviobraga\/o-aborto-e-as-contradicoes-de-dilma\/","og_site_name":"Fl\u00e1vio Braga","article_published_time":"2010-10-07T18:22:11+00:00","author":"Flavio Braga","twitter_card":"summary_large_image","twitter_misc":{"Escrito por":"Flavio Braga","Est. tempo de leitura":"3 minutos"},"schema":{"@context":"https:\/\/schema.org","@graph":[{"@type":"WebPage","@id":"https:\/\/www.blogsoestado.com\/flaviobraga\/o-aborto-e-as-contradicoes-de-dilma\/","url":"https:\/\/www.blogsoestado.com\/flaviobraga\/o-aborto-e-as-contradicoes-de-dilma\/","name":"O aborto e as contradi\u00e7\u00f5es de Dilma - Fl\u00e1vio Braga","isPartOf":{"@id":"https:\/\/www.blogsoestado.com\/flaviobraga\/#website"},"datePublished":"2010-10-07T18:22:11+00:00","author":{"@id":"https:\/\/www.blogsoestado.com\/flaviobraga\/#\/schema\/person\/6c6c778331775c757a82d15206bd8733"},"breadcrumb":{"@id":"https:\/\/www.blogsoestado.com\/flaviobraga\/o-aborto-e-as-contradicoes-de-dilma\/#breadcrumb"},"inLanguage":"pt-BR","potentialAction":[{"@type":"ReadAction","target":["https:\/\/www.blogsoestado.com\/flaviobraga\/o-aborto-e-as-contradicoes-de-dilma\/"]}]},{"@type":"BreadcrumbList","@id":"https:\/\/www.blogsoestado.com\/flaviobraga\/o-aborto-e-as-contradicoes-de-dilma\/#breadcrumb","itemListElement":[{"@type":"ListItem","position":1,"name":"In\u00edcio","item":"https:\/\/www.blogsoestado.com\/flaviobraga\/"},{"@type":"ListItem","position":2,"name":"O aborto e as contradi\u00e7\u00f5es de Dilma"}]},{"@type":"WebSite","@id":"https:\/\/www.blogsoestado.com\/flaviobraga\/#website","url":"https:\/\/www.blogsoestado.com\/flaviobraga\/","name":"Fl\u00e1vio Braga","description":"","potentialAction":[{"@type":"SearchAction","target":{"@type":"EntryPoint","urlTemplate":"https:\/\/www.blogsoestado.com\/flaviobraga\/?s={search_term_string}"},"query-input":{"@type":"PropertyValueSpecification","valueRequired":true,"valueName":"search_term_string"}}],"inLanguage":"pt-BR"},{"@type":"Person","@id":"https:\/\/www.blogsoestado.com\/flaviobraga\/#\/schema\/person\/6c6c778331775c757a82d15206bd8733","name":"Flavio Braga","image":{"@type":"ImageObject","inLanguage":"pt-BR","@id":"https:\/\/www.blogsoestado.com\/flaviobraga\/#\/schema\/person\/image\/","url":"https:\/\/secure.gravatar.com\/avatar\/ab173937dad8d78195c87778be8a0285d069ede375ce0ae24aac1cf8e58ccb2c?s=96&d=mm&r=g","contentUrl":"https:\/\/secure.gravatar.com\/avatar\/ab173937dad8d78195c87778be8a0285d069ede375ce0ae24aac1cf8e58ccb2c?s=96&d=mm&r=g","caption":"Flavio Braga"},"url":"https:\/\/www.blogsoestado.com\/flaviobraga\/author\/flaviobraga\/"}]}},"jetpack_featured_media_url":"","_links":{"self":[{"href":"https:\/\/www.blogsoestado.com\/flaviobraga\/wp-json\/wp\/v2\/posts\/823","targetHints":{"allow":["GET"]}}],"collection":[{"href":"https:\/\/www.blogsoestado.com\/flaviobraga\/wp-json\/wp\/v2\/posts"}],"about":[{"href":"https:\/\/www.blogsoestado.com\/flaviobraga\/wp-json\/wp\/v2\/types\/post"}],"author":[{"embeddable":true,"href":"https:\/\/www.blogsoestado.com\/flaviobraga\/wp-json\/wp\/v2\/users\/8"}],"replies":[{"embeddable":true,"href":"https:\/\/www.blogsoestado.com\/flaviobraga\/wp-json\/wp\/v2\/comments?post=823"}],"version-history":[{"count":0,"href":"https:\/\/www.blogsoestado.com\/flaviobraga\/wp-json\/wp\/v2\/posts\/823\/revisions"}],"wp:attachment":[{"href":"https:\/\/www.blogsoestado.com\/flaviobraga\/wp-json\/wp\/v2\/media?parent=823"}],"wp:term":[{"taxonomy":"category","embeddable":true,"href":"https:\/\/www.blogsoestado.com\/flaviobraga\/wp-json\/wp\/v2\/categories?post=823"},{"taxonomy":"post_tag","embeddable":true,"href":"https:\/\/www.blogsoestado.com\/flaviobraga\/wp-json\/wp\/v2\/tags?post=823"}],"curies":[{"name":"wp","href":"https:\/\/api.w.org\/{rel}","templated":true}]}}