{"id":827,"date":"2010-10-13T16:46:37","date_gmt":"2010-10-13T19:46:37","guid":{"rendered":"https:\/\/www.blogsoestado.com\/flaviobraga\/?p=827"},"modified":"2010-10-13T16:46:37","modified_gmt":"2010-10-13T19:46:37","slug":"quitacao-eleitoral-e-contas-de-campanha","status":"publish","type":"post","link":"https:\/\/www.blogsoestado.com\/flaviobraga\/quitacao-eleitoral-e-contas-de-campanha\/","title":{"rendered":"Quita\u00e7\u00e3o eleitoral e contas de campanha"},"content":{"rendered":"<p><a href=\"https:\/\/www.blogsoestado.com\/flaviobraga\/files\/2010\/10\/Presta\u00e7\u00e3o-de-contas-Calculadora.jpg\"><img decoding=\"async\" class=\"aligncenter size-full wp-image-828\" src=\"https:\/\/www.blogsoestado.com\/flaviobraga\/files\/2010\/10\/Presta\u00e7\u00e3o-de-contas-Calculadora.jpg\" alt=\"\" width=\"264\" height=\"167\" \/><\/a><\/p>\n<p>Um retrocesso lastim\u00e1vel embutido na minirreforma eleitoral de 2009 (Lei n\u00ba 12.034) estabeleceu que a desaprova\u00e7\u00e3o das contas de campanha n\u00e3o representar\u00e1 mais nenhum obst\u00e1culo para o candidato obter a certid\u00e3o de quita\u00e7\u00e3o eleitoral. Agora essa penalidade s\u00f3 ser\u00e1 aplicada para quem n\u00e3o apresentar a competente presta\u00e7\u00e3o de contas. Inequivocamente, essa inova\u00e7\u00e3o normativa representou uma viagem de volta ao passado.<\/p>\n<p>Com efeito, a regra inserida no artigo 11, \u00a7 7\u00ba da Lei Geral das Elei\u00e7\u00f5es introduziu o conceito legal de quita\u00e7\u00e3o eleitoral para determinar que a certid\u00e3o respectiva abranger\u00e1 exclusivamente a plenitude do gozo dos direitos pol\u00edticos, o regular exerc\u00edcio do voto, o atendimento a convoca\u00e7\u00f5es da Justi\u00e7a Eleitoral, a inexist\u00eancia de multas eleitorais e a apresenta\u00e7\u00e3o de contas da campanha eleitoral.<\/p>\n<p>At\u00e9 a elei\u00e7\u00e3o de 2008, a decis\u00e3o que desaprovasse as contas de campanha importaria no impedimento \u00e0 obten\u00e7\u00e3o da certid\u00e3o de quita\u00e7\u00e3o eleitoral durante o curso do mandato ao qual o candidato havia concorrido (4 ou 8 anos).<\/p>\n<p>Essa regra fora fixada em resolu\u00e7\u00e3o do TSE para que a\u00a0 Justi\u00e7a Eleitoral pudesse exercer um controle maior sobre a arrecada\u00e7\u00e3o, os gastos de recursos e a presta\u00e7\u00e3o de contas eleitorais, tendo em vista o que informa o princ\u00edpio da moralidade eleitoral.<\/p>\n<p>Nesse diapas\u00e3o, na sess\u00e3o plen\u00e1ria de 03\/08\/10, a maioria dos ministros do TSE entendeu, pelo placar de 4X3, que n\u00e3o basta a mera apresenta\u00e7\u00e3o das contas de campanha para que o candidato obtenha a certid\u00e3o de quita\u00e7\u00e3o eleitoral e possa concorrer em elei\u00e7\u00f5es futuras, sendo inafast\u00e1vel que haja a correspondente aprova\u00e7\u00e3o das referidas contas.<\/p>\n<p>Nessa ocasi\u00e3o, o Ministro Hamilton Carvalhido, membro efetivo do TSE, estava ausente e fora substitu\u00eddo pela Ministra Nancy Andrighi, membro suplente, a qual votou pela exig\u00eancia da aprova\u00e7\u00e3o das contas de campanha.<\/p>\n<p>Todavia, na sess\u00e3o plen\u00e1ria de 28\/09\/10, com o retorno do Ministro Carvalhido, o escore se inverteu no sentido de que a simples apresenta\u00e7\u00e3o da presta\u00e7\u00e3o de contas \u00e9 suficiente para a obten\u00e7\u00e3o da certid\u00e3o, mesmo que ocorra a desaprova\u00e7\u00e3o pela Justi\u00e7a Eleitoral.<\/p>\n<p>Como conseq\u00fc\u00eancia pr\u00e1tica dessa mudan\u00e7a de posicionamento, o TSE dever\u00e1 deferir uma expressiva\u00a0quantidade de pedidos de registro de candidatura que haviam sido negados pelos Tribunais Regionais Eleitorais.<\/p>\n","protected":false},"excerpt":{"rendered":"<p>Um retrocesso lastim\u00e1vel embutido na minirreforma eleitoral de 2009 (Lei n\u00ba 12.034) estabeleceu que a desaprova\u00e7\u00e3o das contas de campanha [&hellip;]<\/p>\n","protected":false},"author":8,"featured_media":0,"comment_status":"open","ping_status":"open","sticky":false,"template":"","format":"standard","meta":{"site-sidebar-layout":"default","site-content-layout":"","ast-site-content-layout":"default","site-content-style":"default","site-sidebar-style":"default","ast-global-header-display":"","ast-banner-title-visibility":"","ast-main-header-display":"","ast-hfb-above-header-display":"","ast-hfb-below-header-display":"","ast-hfb-mobile-header-display":"","site-post-title":"","ast-breadcrumbs-content":"","ast-featured-img":"","footer-sml-layout":"","ast-disable-related-posts":"","theme-transparent-header-meta":"","adv-header-id-meta":"","stick-header-meta":"","header-above-stick-meta":"","header-main-stick-meta":"","header-below-stick-meta":"","astra-migrate-meta-layouts":"default","ast-page-background-enabled":"default","ast-page-background-meta":{"desktop":{"background-color":"var(--ast-global-color-5)","background-image":"","background-repeat":"repeat","background-position":"center center","background-size":"auto","background-attachment":"scroll","background-type":"","background-media":"","overlay-type":"","overlay-color":"","overlay-opacity":"","overlay-gradient":""},"tablet":{"background-color":"","background-image":"","background-repeat":"repeat","background-position":"center center","background-size":"auto","background-attachment":"scroll","background-type":"","background-media":"","overlay-type":"","overlay-color":"","overlay-opacity":"","overlay-gradient":""},"mobile":{"background-color":"","background-image":"","background-repeat":"repeat","background-position":"center center","background-size":"auto","background-attachment":"scroll","background-type":"","background-media":"","overlay-type":"","overlay-color":"","overlay-opacity":"","overlay-gradient":""}},"ast-content-background-meta":{"desktop":{"background-color":"var(--ast-global-color-4)","background-image":"","background-repeat":"repeat","background-position":"center center","background-size":"auto","background-attachment":"scroll","background-type":"","background-media":"","overlay-type":"","overlay-color":"","overlay-opacity":"","overlay-gradient":""},"tablet":{"background-color":"var(--ast-global-color-4)","background-image":"","background-repeat":"repeat","background-position":"center center","background-size":"auto","background-attachment":"scroll","background-type":"","background-media":"","overlay-type":"","overlay-color":"","overlay-opacity":"","overlay-gradient":""},"mobile":{"background-color":"var(--ast-global-color-4)","background-image":"","background-repeat":"repeat","background-position":"center center","background-size":"auto","background-attachment":"scroll","background-type":"","background-media":"","overlay-type":"","overlay-color":"","overlay-opacity":"","overlay-gradient":""}},"footnotes":""},"categories":[1],"tags":[],"class_list":["post-827","post","type-post","status-publish","format-standard","hentry","category-sem-categoria"],"yoast_head":"<!-- This site is optimized with the Yoast SEO plugin v26.6 - https:\/\/yoast.com\/wordpress\/plugins\/seo\/ -->\n<title>Quita\u00e7\u00e3o eleitoral e contas de campanha - Fl\u00e1vio Braga<\/title>\n<meta name=\"robots\" content=\"index, follow, max-snippet:-1, max-image-preview:large, max-video-preview:-1\" \/>\n<link rel=\"canonical\" href=\"https:\/\/www.blogsoestado.com\/flaviobraga\/quitacao-eleitoral-e-contas-de-campanha\/\" \/>\n<meta property=\"og:locale\" content=\"pt_BR\" \/>\n<meta property=\"og:type\" content=\"article\" \/>\n<meta property=\"og:title\" content=\"Quita\u00e7\u00e3o eleitoral e contas de campanha - Fl\u00e1vio Braga\" \/>\n<meta property=\"og:description\" content=\"Um retrocesso lastim\u00e1vel embutido na minirreforma eleitoral de 2009 (Lei n\u00ba 12.034) estabeleceu que a desaprova\u00e7\u00e3o das contas de campanha [&hellip;]\" \/>\n<meta property=\"og:url\" content=\"https:\/\/www.blogsoestado.com\/flaviobraga\/quitacao-eleitoral-e-contas-de-campanha\/\" \/>\n<meta property=\"og:site_name\" content=\"Fl\u00e1vio Braga\" \/>\n<meta property=\"article:published_time\" content=\"2010-10-13T19:46:37+00:00\" \/>\n<meta name=\"author\" content=\"Flavio Braga\" \/>\n<meta name=\"twitter:card\" content=\"summary_large_image\" \/>\n<meta name=\"twitter:label1\" content=\"Escrito por\" \/>\n\t<meta name=\"twitter:data1\" content=\"Flavio Braga\" \/>\n\t<meta name=\"twitter:label2\" content=\"Est. tempo de leitura\" \/>\n\t<meta name=\"twitter:data2\" content=\"2 minutos\" \/>\n<script type=\"application\/ld+json\" class=\"yoast-schema-graph\">{\"@context\":\"https:\/\/schema.org\",\"@graph\":[{\"@type\":\"WebPage\",\"@id\":\"https:\/\/www.blogsoestado.com\/flaviobraga\/quitacao-eleitoral-e-contas-de-campanha\/\",\"url\":\"https:\/\/www.blogsoestado.com\/flaviobraga\/quitacao-eleitoral-e-contas-de-campanha\/\",\"name\":\"Quita\u00e7\u00e3o eleitoral e contas de campanha - Fl\u00e1vio Braga\",\"isPartOf\":{\"@id\":\"https:\/\/www.blogsoestado.com\/flaviobraga\/#website\"},\"datePublished\":\"2010-10-13T19:46:37+00:00\",\"author\":{\"@id\":\"https:\/\/www.blogsoestado.com\/flaviobraga\/#\/schema\/person\/6c6c778331775c757a82d15206bd8733\"},\"breadcrumb\":{\"@id\":\"https:\/\/www.blogsoestado.com\/flaviobraga\/quitacao-eleitoral-e-contas-de-campanha\/#breadcrumb\"},\"inLanguage\":\"pt-BR\",\"potentialAction\":[{\"@type\":\"ReadAction\",\"target\":[\"https:\/\/www.blogsoestado.com\/flaviobraga\/quitacao-eleitoral-e-contas-de-campanha\/\"]}]},{\"@type\":\"BreadcrumbList\",\"@id\":\"https:\/\/www.blogsoestado.com\/flaviobraga\/quitacao-eleitoral-e-contas-de-campanha\/#breadcrumb\",\"itemListElement\":[{\"@type\":\"ListItem\",\"position\":1,\"name\":\"In\u00edcio\",\"item\":\"https:\/\/www.blogsoestado.com\/flaviobraga\/\"},{\"@type\":\"ListItem\",\"position\":2,\"name\":\"Quita\u00e7\u00e3o eleitoral e contas de campanha\"}]},{\"@type\":\"WebSite\",\"@id\":\"https:\/\/www.blogsoestado.com\/flaviobraga\/#website\",\"url\":\"https:\/\/www.blogsoestado.com\/flaviobraga\/\",\"name\":\"Fl\u00e1vio Braga\",\"description\":\"\",\"potentialAction\":[{\"@type\":\"SearchAction\",\"target\":{\"@type\":\"EntryPoint\",\"urlTemplate\":\"https:\/\/www.blogsoestado.com\/flaviobraga\/?s={search_term_string}\"},\"query-input\":{\"@type\":\"PropertyValueSpecification\",\"valueRequired\":true,\"valueName\":\"search_term_string\"}}],\"inLanguage\":\"pt-BR\"},{\"@type\":\"Person\",\"@id\":\"https:\/\/www.blogsoestado.com\/flaviobraga\/#\/schema\/person\/6c6c778331775c757a82d15206bd8733\",\"name\":\"Flavio Braga\",\"image\":{\"@type\":\"ImageObject\",\"inLanguage\":\"pt-BR\",\"@id\":\"https:\/\/www.blogsoestado.com\/flaviobraga\/#\/schema\/person\/image\/\",\"url\":\"https:\/\/secure.gravatar.com\/avatar\/ab173937dad8d78195c87778be8a0285d069ede375ce0ae24aac1cf8e58ccb2c?s=96&d=mm&r=g\",\"contentUrl\":\"https:\/\/secure.gravatar.com\/avatar\/ab173937dad8d78195c87778be8a0285d069ede375ce0ae24aac1cf8e58ccb2c?s=96&d=mm&r=g\",\"caption\":\"Flavio Braga\"},\"url\":\"https:\/\/www.blogsoestado.com\/flaviobraga\/author\/flaviobraga\/\"}]}<\/script>\n<!-- \/ Yoast SEO plugin. -->","yoast_head_json":{"title":"Quita\u00e7\u00e3o eleitoral e contas de campanha - Fl\u00e1vio Braga","robots":{"index":"index","follow":"follow","max-snippet":"max-snippet:-1","max-image-preview":"max-image-preview:large","max-video-preview":"max-video-preview:-1"},"canonical":"https:\/\/www.blogsoestado.com\/flaviobraga\/quitacao-eleitoral-e-contas-de-campanha\/","og_locale":"pt_BR","og_type":"article","og_title":"Quita\u00e7\u00e3o eleitoral e contas de campanha - Fl\u00e1vio Braga","og_description":"Um retrocesso lastim\u00e1vel embutido na minirreforma eleitoral de 2009 (Lei n\u00ba 12.034) estabeleceu que a desaprova\u00e7\u00e3o das contas de campanha [&hellip;]","og_url":"https:\/\/www.blogsoestado.com\/flaviobraga\/quitacao-eleitoral-e-contas-de-campanha\/","og_site_name":"Fl\u00e1vio Braga","article_published_time":"2010-10-13T19:46:37+00:00","author":"Flavio Braga","twitter_card":"summary_large_image","twitter_misc":{"Escrito por":"Flavio Braga","Est. tempo de leitura":"2 minutos"},"schema":{"@context":"https:\/\/schema.org","@graph":[{"@type":"WebPage","@id":"https:\/\/www.blogsoestado.com\/flaviobraga\/quitacao-eleitoral-e-contas-de-campanha\/","url":"https:\/\/www.blogsoestado.com\/flaviobraga\/quitacao-eleitoral-e-contas-de-campanha\/","name":"Quita\u00e7\u00e3o eleitoral e contas de campanha - Fl\u00e1vio Braga","isPartOf":{"@id":"https:\/\/www.blogsoestado.com\/flaviobraga\/#website"},"datePublished":"2010-10-13T19:46:37+00:00","author":{"@id":"https:\/\/www.blogsoestado.com\/flaviobraga\/#\/schema\/person\/6c6c778331775c757a82d15206bd8733"},"breadcrumb":{"@id":"https:\/\/www.blogsoestado.com\/flaviobraga\/quitacao-eleitoral-e-contas-de-campanha\/#breadcrumb"},"inLanguage":"pt-BR","potentialAction":[{"@type":"ReadAction","target":["https:\/\/www.blogsoestado.com\/flaviobraga\/quitacao-eleitoral-e-contas-de-campanha\/"]}]},{"@type":"BreadcrumbList","@id":"https:\/\/www.blogsoestado.com\/flaviobraga\/quitacao-eleitoral-e-contas-de-campanha\/#breadcrumb","itemListElement":[{"@type":"ListItem","position":1,"name":"In\u00edcio","item":"https:\/\/www.blogsoestado.com\/flaviobraga\/"},{"@type":"ListItem","position":2,"name":"Quita\u00e7\u00e3o eleitoral e contas de campanha"}]},{"@type":"WebSite","@id":"https:\/\/www.blogsoestado.com\/flaviobraga\/#website","url":"https:\/\/www.blogsoestado.com\/flaviobraga\/","name":"Fl\u00e1vio Braga","description":"","potentialAction":[{"@type":"SearchAction","target":{"@type":"EntryPoint","urlTemplate":"https:\/\/www.blogsoestado.com\/flaviobraga\/?s={search_term_string}"},"query-input":{"@type":"PropertyValueSpecification","valueRequired":true,"valueName":"search_term_string"}}],"inLanguage":"pt-BR"},{"@type":"Person","@id":"https:\/\/www.blogsoestado.com\/flaviobraga\/#\/schema\/person\/6c6c778331775c757a82d15206bd8733","name":"Flavio Braga","image":{"@type":"ImageObject","inLanguage":"pt-BR","@id":"https:\/\/www.blogsoestado.com\/flaviobraga\/#\/schema\/person\/image\/","url":"https:\/\/secure.gravatar.com\/avatar\/ab173937dad8d78195c87778be8a0285d069ede375ce0ae24aac1cf8e58ccb2c?s=96&d=mm&r=g","contentUrl":"https:\/\/secure.gravatar.com\/avatar\/ab173937dad8d78195c87778be8a0285d069ede375ce0ae24aac1cf8e58ccb2c?s=96&d=mm&r=g","caption":"Flavio Braga"},"url":"https:\/\/www.blogsoestado.com\/flaviobraga\/author\/flaviobraga\/"}]}},"jetpack_featured_media_url":"","_links":{"self":[{"href":"https:\/\/www.blogsoestado.com\/flaviobraga\/wp-json\/wp\/v2\/posts\/827","targetHints":{"allow":["GET"]}}],"collection":[{"href":"https:\/\/www.blogsoestado.com\/flaviobraga\/wp-json\/wp\/v2\/posts"}],"about":[{"href":"https:\/\/www.blogsoestado.com\/flaviobraga\/wp-json\/wp\/v2\/types\/post"}],"author":[{"embeddable":true,"href":"https:\/\/www.blogsoestado.com\/flaviobraga\/wp-json\/wp\/v2\/users\/8"}],"replies":[{"embeddable":true,"href":"https:\/\/www.blogsoestado.com\/flaviobraga\/wp-json\/wp\/v2\/comments?post=827"}],"version-history":[{"count":0,"href":"https:\/\/www.blogsoestado.com\/flaviobraga\/wp-json\/wp\/v2\/posts\/827\/revisions"}],"wp:attachment":[{"href":"https:\/\/www.blogsoestado.com\/flaviobraga\/wp-json\/wp\/v2\/media?parent=827"}],"wp:term":[{"taxonomy":"category","embeddable":true,"href":"https:\/\/www.blogsoestado.com\/flaviobraga\/wp-json\/wp\/v2\/categories?post=827"},{"taxonomy":"post_tag","embeddable":true,"href":"https:\/\/www.blogsoestado.com\/flaviobraga\/wp-json\/wp\/v2\/tags?post=827"}],"curies":[{"name":"wp","href":"https:\/\/api.w.org\/{rel}","templated":true}]}}