{"id":834,"date":"2010-10-14T17:03:23","date_gmt":"2010-10-14T20:03:23","guid":{"rendered":"https:\/\/www.blogsoestado.com\/flaviobraga\/?p=834"},"modified":"2010-10-14T17:03:23","modified_gmt":"2010-10-14T20:03:23","slug":"ministra-defere-registro-de-candidato-que-teve-contas-rejeitadas-por-orgao-incompetente","status":"publish","type":"post","link":"https:\/\/www.blogsoestado.com\/flaviobraga\/ministra-defere-registro-de-candidato-que-teve-contas-rejeitadas-por-orgao-incompetente\/","title":{"rendered":"Ministra defere registro de candidato que teve contas rejeitadas por \u00f3rg\u00e3o incompetente"},"content":{"rendered":"<p>A ministra do Tribunal Superior Eleitoral (TSE) C\u00e1rmen L\u00facia deferiu o registro do candidato a deputado estadual no Cear\u00e1 Ded\u00e9 Teixeira. Ele foi considerado ineleg\u00edvel pelo Tribunal Regional Eleitoral (TRE) do Cear\u00e1 por ter suas contas, do tempo em que foi prefeito de Icapu\u00ed, rejeitadas pelo Tribunal de Contas dos Munic\u00edpios.<\/p>\n<p>Segundo a jurisprud\u00eancia do TSE, o \u00f3rg\u00e3o n\u00e3o \u00e9 competente para julgar as contas dos chefes do Poder Executivo.<\/p>\n<p>De acordo com o TRE\/CE, Ded\u00e9 Teixeira estaria ineleg\u00edvel como incurso no artigo 1\u00ba, inciso I, al\u00ednea \u201cg\u201d da Lei Complementar\u00a0 64\/90.<\/p>\n<p>O dispositivo trata da inelegibilidade em virtude da rejei\u00e7\u00e3o de contas por decis\u00e3o irrecorr\u00edvel do \u00f3rg\u00e3o competente. A al\u00ednea prev\u00ea, em sua parte final, que n\u00e3o se excluem dessa inelegibilidade os \u201cmandat\u00e1rios que houverem agido nessa condi\u00e7\u00e3o\u201d.<\/p>\n<p>No recurso ao TSE, Francisco afirma que n\u00e3o houve decis\u00e3o irrecorr\u00edvel da C\u00e2mara Municipal de Icapu\u00ed sobre as suas contas. Al\u00e9m disso, lembra que obteve liminar judicial suspendendo as decis\u00f5es do Tribunal de Contas o que, no seu entender, afastaria a inelegibilidade prevista na citada al\u00ednea \u201cg\u201d.<\/p>\n<p><strong>Compet\u00eancia<\/strong><strong><\/p>\n<p><\/strong>Em sua decis\u00e3o, a ministra C\u00e1rmen L\u00facia explica que a orienta\u00e7\u00e3o do TSE \u00e9 no sentido de que o \u00f3rg\u00e3o competente para julgar as contas de prefeito \u00e9 a C\u00e2mara Municipal, e que a disposi\u00e7\u00e3o da parte final da al\u00ednea \u201cg\u201d n\u00e3o se aplica aos prefeitos.<\/p>\n<p>Segundo ela, de acordo com o artigo 31 da Constitui\u00e7\u00e3o Federal, na an\u00e1lise das contas de chefes do Poder Executivo, cabe ao Tribunal de Contas apenas a emiss\u00e3o de parecer pr\u00e9vio, \u201co que se aplica, inclusive, a eventuais atos de ordena\u00e7\u00e3o de despesas\u201d.<\/p>\n","protected":false},"excerpt":{"rendered":"<p>A ministra do Tribunal Superior Eleitoral (TSE) C\u00e1rmen L\u00facia deferiu o registro do candidato a deputado estadual no Cear\u00e1 Ded\u00e9 [&hellip;]<\/p>\n","protected":false},"author":8,"featured_media":0,"comment_status":"open","ping_status":"open","sticky":false,"template":"","format":"standard","meta":{"site-sidebar-layout":"default","site-content-layout":"","ast-site-content-layout":"default","site-content-style":"default","site-sidebar-style":"default","ast-global-header-display":"","ast-banner-title-visibility":"","ast-main-header-display":"","ast-hfb-above-header-display":"","ast-hfb-below-header-display":"","ast-hfb-mobile-header-display":"","site-post-title":"","ast-breadcrumbs-content":"","ast-featured-img":"","footer-sml-layout":"","ast-disable-related-posts":"","theme-transparent-header-meta":"","adv-header-id-meta":"","stick-header-meta":"","header-above-stick-meta":"","header-main-stick-meta":"","header-below-stick-meta":"","astra-migrate-meta-layouts":"default","ast-page-background-enabled":"default","ast-page-background-meta":{"desktop":{"background-color":"var(--ast-global-color-5)","background-image":"","background-repeat":"repeat","background-position":"center center","background-size":"auto","background-attachment":"scroll","background-type":"","background-media":"","overlay-type":"","overlay-color":"","overlay-opacity":"","overlay-gradient":""},"tablet":{"background-color":"","background-image":"","background-repeat":"repeat","background-position":"center center","background-size":"auto","background-attachment":"scroll","background-type":"","background-media":"","overlay-type":"","overlay-color":"","overlay-opacity":"","overlay-gradient":""},"mobile":{"background-color":"","background-image":"","background-repeat":"repeat","background-position":"center center","background-size":"auto","background-attachment":"scroll","background-type":"","background-media":"","overlay-type":"","overlay-color":"","overlay-opacity":"","overlay-gradient":""}},"ast-content-background-meta":{"desktop":{"background-color":"var(--ast-global-color-4)","background-image":"","background-repeat":"repeat","background-position":"center center","background-size":"auto","background-attachment":"scroll","background-type":"","background-media":"","overlay-type":"","overlay-color":"","overlay-opacity":"","overlay-gradient":""},"tablet":{"background-color":"var(--ast-global-color-4)","background-image":"","background-repeat":"repeat","background-position":"center center","background-size":"auto","background-attachment":"scroll","background-type":"","background-media":"","overlay-type":"","overlay-color":"","overlay-opacity":"","overlay-gradient":""},"mobile":{"background-color":"var(--ast-global-color-4)","background-image":"","background-repeat":"repeat","background-position":"center center","background-size":"auto","background-attachment":"scroll","background-type":"","background-media":"","overlay-type":"","overlay-color":"","overlay-opacity":"","overlay-gradient":""}},"footnotes":""},"categories":[1],"tags":[],"class_list":["post-834","post","type-post","status-publish","format-standard","hentry","category-sem-categoria"],"yoast_head":"<!-- This site is optimized with the Yoast SEO plugin v26.6 - https:\/\/yoast.com\/wordpress\/plugins\/seo\/ -->\n<title>Ministra defere registro de candidato que teve contas rejeitadas por \u00f3rg\u00e3o incompetente - Fl\u00e1vio Braga<\/title>\n<meta name=\"robots\" content=\"index, follow, max-snippet:-1, max-image-preview:large, max-video-preview:-1\" \/>\n<link rel=\"canonical\" href=\"https:\/\/www.blogsoestado.com\/flaviobraga\/ministra-defere-registro-de-candidato-que-teve-contas-rejeitadas-por-orgao-incompetente\/\" \/>\n<meta property=\"og:locale\" content=\"pt_BR\" \/>\n<meta property=\"og:type\" content=\"article\" \/>\n<meta property=\"og:title\" content=\"Ministra defere registro de candidato que teve contas rejeitadas por \u00f3rg\u00e3o incompetente - Fl\u00e1vio Braga\" \/>\n<meta property=\"og:description\" content=\"A ministra do Tribunal Superior Eleitoral (TSE) C\u00e1rmen L\u00facia deferiu o registro do candidato a deputado estadual no Cear\u00e1 Ded\u00e9 [&hellip;]\" \/>\n<meta property=\"og:url\" content=\"https:\/\/www.blogsoestado.com\/flaviobraga\/ministra-defere-registro-de-candidato-que-teve-contas-rejeitadas-por-orgao-incompetente\/\" \/>\n<meta property=\"og:site_name\" content=\"Fl\u00e1vio Braga\" \/>\n<meta property=\"article:published_time\" content=\"2010-10-14T20:03:23+00:00\" \/>\n<meta name=\"author\" content=\"Flavio Braga\" \/>\n<meta name=\"twitter:card\" content=\"summary_large_image\" \/>\n<meta name=\"twitter:label1\" content=\"Escrito por\" \/>\n\t<meta name=\"twitter:data1\" content=\"Flavio Braga\" \/>\n\t<meta name=\"twitter:label2\" content=\"Est. tempo de leitura\" \/>\n\t<meta name=\"twitter:data2\" content=\"2 minutos\" \/>\n<script type=\"application\/ld+json\" class=\"yoast-schema-graph\">{\"@context\":\"https:\/\/schema.org\",\"@graph\":[{\"@type\":\"WebPage\",\"@id\":\"https:\/\/www.blogsoestado.com\/flaviobraga\/ministra-defere-registro-de-candidato-que-teve-contas-rejeitadas-por-orgao-incompetente\/\",\"url\":\"https:\/\/www.blogsoestado.com\/flaviobraga\/ministra-defere-registro-de-candidato-que-teve-contas-rejeitadas-por-orgao-incompetente\/\",\"name\":\"Ministra defere registro de candidato que teve contas rejeitadas por \u00f3rg\u00e3o incompetente - Fl\u00e1vio Braga\",\"isPartOf\":{\"@id\":\"https:\/\/www.blogsoestado.com\/flaviobraga\/#website\"},\"datePublished\":\"2010-10-14T20:03:23+00:00\",\"author\":{\"@id\":\"https:\/\/www.blogsoestado.com\/flaviobraga\/#\/schema\/person\/6c6c778331775c757a82d15206bd8733\"},\"breadcrumb\":{\"@id\":\"https:\/\/www.blogsoestado.com\/flaviobraga\/ministra-defere-registro-de-candidato-que-teve-contas-rejeitadas-por-orgao-incompetente\/#breadcrumb\"},\"inLanguage\":\"pt-BR\",\"potentialAction\":[{\"@type\":\"ReadAction\",\"target\":[\"https:\/\/www.blogsoestado.com\/flaviobraga\/ministra-defere-registro-de-candidato-que-teve-contas-rejeitadas-por-orgao-incompetente\/\"]}]},{\"@type\":\"BreadcrumbList\",\"@id\":\"https:\/\/www.blogsoestado.com\/flaviobraga\/ministra-defere-registro-de-candidato-que-teve-contas-rejeitadas-por-orgao-incompetente\/#breadcrumb\",\"itemListElement\":[{\"@type\":\"ListItem\",\"position\":1,\"name\":\"In\u00edcio\",\"item\":\"https:\/\/www.blogsoestado.com\/flaviobraga\/\"},{\"@type\":\"ListItem\",\"position\":2,\"name\":\"Ministra defere registro de candidato que teve contas rejeitadas por \u00f3rg\u00e3o incompetente\"}]},{\"@type\":\"WebSite\",\"@id\":\"https:\/\/www.blogsoestado.com\/flaviobraga\/#website\",\"url\":\"https:\/\/www.blogsoestado.com\/flaviobraga\/\",\"name\":\"Fl\u00e1vio Braga\",\"description\":\"\",\"potentialAction\":[{\"@type\":\"SearchAction\",\"target\":{\"@type\":\"EntryPoint\",\"urlTemplate\":\"https:\/\/www.blogsoestado.com\/flaviobraga\/?s={search_term_string}\"},\"query-input\":{\"@type\":\"PropertyValueSpecification\",\"valueRequired\":true,\"valueName\":\"search_term_string\"}}],\"inLanguage\":\"pt-BR\"},{\"@type\":\"Person\",\"@id\":\"https:\/\/www.blogsoestado.com\/flaviobraga\/#\/schema\/person\/6c6c778331775c757a82d15206bd8733\",\"name\":\"Flavio Braga\",\"image\":{\"@type\":\"ImageObject\",\"inLanguage\":\"pt-BR\",\"@id\":\"https:\/\/www.blogsoestado.com\/flaviobraga\/#\/schema\/person\/image\/\",\"url\":\"https:\/\/secure.gravatar.com\/avatar\/ab173937dad8d78195c87778be8a0285d069ede375ce0ae24aac1cf8e58ccb2c?s=96&d=mm&r=g\",\"contentUrl\":\"https:\/\/secure.gravatar.com\/avatar\/ab173937dad8d78195c87778be8a0285d069ede375ce0ae24aac1cf8e58ccb2c?s=96&d=mm&r=g\",\"caption\":\"Flavio Braga\"},\"url\":\"https:\/\/www.blogsoestado.com\/flaviobraga\/author\/flaviobraga\/\"}]}<\/script>\n<!-- \/ Yoast SEO plugin. -->","yoast_head_json":{"title":"Ministra defere registro de candidato que teve contas rejeitadas por \u00f3rg\u00e3o incompetente - Fl\u00e1vio Braga","robots":{"index":"index","follow":"follow","max-snippet":"max-snippet:-1","max-image-preview":"max-image-preview:large","max-video-preview":"max-video-preview:-1"},"canonical":"https:\/\/www.blogsoestado.com\/flaviobraga\/ministra-defere-registro-de-candidato-que-teve-contas-rejeitadas-por-orgao-incompetente\/","og_locale":"pt_BR","og_type":"article","og_title":"Ministra defere registro de candidato que teve contas rejeitadas por \u00f3rg\u00e3o incompetente - Fl\u00e1vio Braga","og_description":"A ministra do Tribunal Superior Eleitoral (TSE) C\u00e1rmen L\u00facia deferiu o registro do candidato a deputado estadual no Cear\u00e1 Ded\u00e9 [&hellip;]","og_url":"https:\/\/www.blogsoestado.com\/flaviobraga\/ministra-defere-registro-de-candidato-que-teve-contas-rejeitadas-por-orgao-incompetente\/","og_site_name":"Fl\u00e1vio Braga","article_published_time":"2010-10-14T20:03:23+00:00","author":"Flavio Braga","twitter_card":"summary_large_image","twitter_misc":{"Escrito por":"Flavio Braga","Est. tempo de leitura":"2 minutos"},"schema":{"@context":"https:\/\/schema.org","@graph":[{"@type":"WebPage","@id":"https:\/\/www.blogsoestado.com\/flaviobraga\/ministra-defere-registro-de-candidato-que-teve-contas-rejeitadas-por-orgao-incompetente\/","url":"https:\/\/www.blogsoestado.com\/flaviobraga\/ministra-defere-registro-de-candidato-que-teve-contas-rejeitadas-por-orgao-incompetente\/","name":"Ministra defere registro de candidato que teve contas rejeitadas por \u00f3rg\u00e3o incompetente - Fl\u00e1vio Braga","isPartOf":{"@id":"https:\/\/www.blogsoestado.com\/flaviobraga\/#website"},"datePublished":"2010-10-14T20:03:23+00:00","author":{"@id":"https:\/\/www.blogsoestado.com\/flaviobraga\/#\/schema\/person\/6c6c778331775c757a82d15206bd8733"},"breadcrumb":{"@id":"https:\/\/www.blogsoestado.com\/flaviobraga\/ministra-defere-registro-de-candidato-que-teve-contas-rejeitadas-por-orgao-incompetente\/#breadcrumb"},"inLanguage":"pt-BR","potentialAction":[{"@type":"ReadAction","target":["https:\/\/www.blogsoestado.com\/flaviobraga\/ministra-defere-registro-de-candidato-que-teve-contas-rejeitadas-por-orgao-incompetente\/"]}]},{"@type":"BreadcrumbList","@id":"https:\/\/www.blogsoestado.com\/flaviobraga\/ministra-defere-registro-de-candidato-que-teve-contas-rejeitadas-por-orgao-incompetente\/#breadcrumb","itemListElement":[{"@type":"ListItem","position":1,"name":"In\u00edcio","item":"https:\/\/www.blogsoestado.com\/flaviobraga\/"},{"@type":"ListItem","position":2,"name":"Ministra defere registro de candidato que teve contas rejeitadas por \u00f3rg\u00e3o incompetente"}]},{"@type":"WebSite","@id":"https:\/\/www.blogsoestado.com\/flaviobraga\/#website","url":"https:\/\/www.blogsoestado.com\/flaviobraga\/","name":"Fl\u00e1vio Braga","description":"","potentialAction":[{"@type":"SearchAction","target":{"@type":"EntryPoint","urlTemplate":"https:\/\/www.blogsoestado.com\/flaviobraga\/?s={search_term_string}"},"query-input":{"@type":"PropertyValueSpecification","valueRequired":true,"valueName":"search_term_string"}}],"inLanguage":"pt-BR"},{"@type":"Person","@id":"https:\/\/www.blogsoestado.com\/flaviobraga\/#\/schema\/person\/6c6c778331775c757a82d15206bd8733","name":"Flavio Braga","image":{"@type":"ImageObject","inLanguage":"pt-BR","@id":"https:\/\/www.blogsoestado.com\/flaviobraga\/#\/schema\/person\/image\/","url":"https:\/\/secure.gravatar.com\/avatar\/ab173937dad8d78195c87778be8a0285d069ede375ce0ae24aac1cf8e58ccb2c?s=96&d=mm&r=g","contentUrl":"https:\/\/secure.gravatar.com\/avatar\/ab173937dad8d78195c87778be8a0285d069ede375ce0ae24aac1cf8e58ccb2c?s=96&d=mm&r=g","caption":"Flavio Braga"},"url":"https:\/\/www.blogsoestado.com\/flaviobraga\/author\/flaviobraga\/"}]}},"jetpack_featured_media_url":"","_links":{"self":[{"href":"https:\/\/www.blogsoestado.com\/flaviobraga\/wp-json\/wp\/v2\/posts\/834","targetHints":{"allow":["GET"]}}],"collection":[{"href":"https:\/\/www.blogsoestado.com\/flaviobraga\/wp-json\/wp\/v2\/posts"}],"about":[{"href":"https:\/\/www.blogsoestado.com\/flaviobraga\/wp-json\/wp\/v2\/types\/post"}],"author":[{"embeddable":true,"href":"https:\/\/www.blogsoestado.com\/flaviobraga\/wp-json\/wp\/v2\/users\/8"}],"replies":[{"embeddable":true,"href":"https:\/\/www.blogsoestado.com\/flaviobraga\/wp-json\/wp\/v2\/comments?post=834"}],"version-history":[{"count":0,"href":"https:\/\/www.blogsoestado.com\/flaviobraga\/wp-json\/wp\/v2\/posts\/834\/revisions"}],"wp:attachment":[{"href":"https:\/\/www.blogsoestado.com\/flaviobraga\/wp-json\/wp\/v2\/media?parent=834"}],"wp:term":[{"taxonomy":"category","embeddable":true,"href":"https:\/\/www.blogsoestado.com\/flaviobraga\/wp-json\/wp\/v2\/categories?post=834"},{"taxonomy":"post_tag","embeddable":true,"href":"https:\/\/www.blogsoestado.com\/flaviobraga\/wp-json\/wp\/v2\/tags?post=834"}],"curies":[{"name":"wp","href":"https:\/\/api.w.org\/{rel}","templated":true}]}}