{"id":836,"date":"2010-10-15T16:04:31","date_gmt":"2010-10-15T19:04:31","guid":{"rendered":"https:\/\/www.blogsoestado.com\/flaviobraga\/?p=836"},"modified":"2010-10-15T16:04:31","modified_gmt":"2010-10-15T19:04:31","slug":"ministro-defere-registro-de-candidato-que-ja-cumpriu-prazo-de-inelegibilidade","status":"publish","type":"post","link":"https:\/\/www.blogsoestado.com\/flaviobraga\/ministro-defere-registro-de-candidato-que-ja-cumpriu-prazo-de-inelegibilidade\/","title":{"rendered":"Ministro defere registro de candidato que j\u00e1 cumpriu prazo de inelegibilidade"},"content":{"rendered":"<p>O ministro Marcelo Ribeiro, do Tribunal Superior Eleitoral (TSE), deferiu o registro de candidatura de Luiz Carlos Moreira ao cargo de deputado estadual pelo Esp\u00edrito Santo. O ministro deu provimento a recurso apresentado pelo candidato e anulou os efeitos da decis\u00e3o do Tribunal Regional Eleitoral do estado, que havia indeferido o registro do candidato por considerar que ele era ineleg\u00edvel com base na Lei da Ficha Limpa.<\/p>\n<p>O TRE\/ES entendeu que Carlos Moreira estava ineleg\u00edvel por oito anos, de acordo com a al\u00ednea &#8220;d&#8221; , inciso I, do artigo 1\u00ba da Lei Complementar 64\/90 (Lei das Inelegibilidades), por ter tido o mandato cassado em 2004 por decis\u00e3o do pr\u00f3prio TRE. A Corte Regional o condenou em processo de abuso de poder pol\u00edtico e econ\u00f4mico.<\/p>\n<p>No entanto, o ministro Marcelo Ribeiro afirma em sua decis\u00e3o que, segundo recente julgamento do plen\u00e1rio do TSE, para que vigore a inelegibilidade prevista na al\u00ednea &#8220;d&#8221;, do inciso I, do artigo 1\u00ba da LC 64\/90 a condena\u00e7\u00e3o por abuso deve ser reconhecida pela Justi\u00e7a Eleitoral por meio da representa\u00e7\u00e3o de que trata o artigo 22 da Lei das Inelegibilidades.<\/p>\n<p>Ou seja, no caso, a inelegibilidade n\u00e3o pode ser reconhecida pela via do recurso contra expedi\u00e7\u00e3o de diploma (RCED) ou de a\u00e7\u00e3o de impugna\u00e7\u00e3o a mandato eletivo (AIME), que \u00e9 justamente a hip\u00f3tese dos autos.<\/p>\n<p>Al\u00e9m disso, o ministro-relator ressalta que Carlos Moreira informou que, ap\u00f3s a cassa\u00e7\u00e3o de seu mandato parlamentar em 25 de agosto de 2004, cumpriu a pena prevista de inelegibilidade por tr\u00eas anos a ele atribu\u00edda. Em seguida, foi eleito em 2006 para o cargo de deputado estadual, que atualmente exerce.<\/p>\n<p>Lembra o ministro Marcelo Ribeiro que o plen\u00e1rio do TSE, em outro julgamento recente, decidiu que o prazo de inelegibilidade de oito anos, previsto na al\u00ednea &#8220;d&#8221; do item do artigo 1\u00ba da Lei 64\/90, com a nova reda\u00e7\u00e3o dada pela Lei da Ficha Limpa, n\u00e3o retroage para alcan\u00e7ar aqueles que, condenados pela pr\u00e1tica de abuso, tenham cumprido integralmente a inelegibilidade fixada por decis\u00e3o judicial, antes da entrada em vigor da Lei 135\/2010.<\/p>\n<p>&#8220;Na esp\u00e9cie, o ora recorrente, quando da entrada em vigor da LC n\u00ba 135\/2010, j\u00e1 havia cumprido, h\u00e1 cinco anos, a san\u00e7\u00e3o de inelegibilidade que lhe fora cominada na a\u00e7\u00e3o de impugna\u00e7\u00e3o ao mandato eletivo em exame&#8221;, salienta o ministro.<\/p>\n<p>Desse modo, segundo o ministro n\u00e3o h\u00e1 como se aplicar ao caso o previsto na al\u00ednea &#8220;d&#8221; para aumentar &#8220;o prazo de inelegibilidade que foi imposto ao pr\u00e9-candidato por ocasi\u00e3o do julgamento da AIME, de tr\u00eas para oito anos, sob pena de incid\u00eancia retroativa de san\u00e7\u00e3o mais gravosa que a cominada anteriormente, e j\u00e1 cumprida pelo recorrente&#8221;.<\/p>\n","protected":false},"excerpt":{"rendered":"<p>O ministro Marcelo Ribeiro, do Tribunal Superior Eleitoral (TSE), deferiu o registro de candidatura de Luiz Carlos Moreira ao cargo [&hellip;]<\/p>\n","protected":false},"author":8,"featured_media":0,"comment_status":"open","ping_status":"open","sticky":false,"template":"","format":"standard","meta":{"site-sidebar-layout":"default","site-content-layout":"","ast-site-content-layout":"default","site-content-style":"default","site-sidebar-style":"default","ast-global-header-display":"","ast-banner-title-visibility":"","ast-main-header-display":"","ast-hfb-above-header-display":"","ast-hfb-below-header-display":"","ast-hfb-mobile-header-display":"","site-post-title":"","ast-breadcrumbs-content":"","ast-featured-img":"","footer-sml-layout":"","ast-disable-related-posts":"","theme-transparent-header-meta":"","adv-header-id-meta":"","stick-header-meta":"","header-above-stick-meta":"","header-main-stick-meta":"","header-below-stick-meta":"","astra-migrate-meta-layouts":"default","ast-page-background-enabled":"default","ast-page-background-meta":{"desktop":{"background-color":"var(--ast-global-color-5)","background-image":"","background-repeat":"repeat","background-position":"center center","background-size":"auto","background-attachment":"scroll","background-type":"","background-media":"","overlay-type":"","overlay-color":"","overlay-opacity":"","overlay-gradient":""},"tablet":{"background-color":"","background-image":"","background-repeat":"repeat","background-position":"center center","background-size":"auto","background-attachment":"scroll","background-type":"","background-media":"","overlay-type":"","overlay-color":"","overlay-opacity":"","overlay-gradient":""},"mobile":{"background-color":"","background-image":"","background-repeat":"repeat","background-position":"center center","background-size":"auto","background-attachment":"scroll","background-type":"","background-media":"","overlay-type":"","overlay-color":"","overlay-opacity":"","overlay-gradient":""}},"ast-content-background-meta":{"desktop":{"background-color":"var(--ast-global-color-4)","background-image":"","background-repeat":"repeat","background-position":"center center","background-size":"auto","background-attachment":"scroll","background-type":"","background-media":"","overlay-type":"","overlay-color":"","overlay-opacity":"","overlay-gradient":""},"tablet":{"background-color":"var(--ast-global-color-4)","background-image":"","background-repeat":"repeat","background-position":"center center","background-size":"auto","background-attachment":"scroll","background-type":"","background-media":"","overlay-type":"","overlay-color":"","overlay-opacity":"","overlay-gradient":""},"mobile":{"background-color":"var(--ast-global-color-4)","background-image":"","background-repeat":"repeat","background-position":"center center","background-size":"auto","background-attachment":"scroll","background-type":"","background-media":"","overlay-type":"","overlay-color":"","overlay-opacity":"","overlay-gradient":""}},"footnotes":""},"categories":[1],"tags":[],"class_list":["post-836","post","type-post","status-publish","format-standard","hentry","category-sem-categoria"],"yoast_head":"<!-- This site is optimized with the Yoast SEO plugin v26.6 - https:\/\/yoast.com\/wordpress\/plugins\/seo\/ -->\n<title>Ministro defere registro de candidato que j\u00e1 cumpriu prazo de inelegibilidade - Fl\u00e1vio Braga<\/title>\n<meta name=\"robots\" content=\"index, follow, max-snippet:-1, max-image-preview:large, max-video-preview:-1\" \/>\n<link rel=\"canonical\" href=\"https:\/\/www.blogsoestado.com\/flaviobraga\/ministro-defere-registro-de-candidato-que-ja-cumpriu-prazo-de-inelegibilidade\/\" \/>\n<meta property=\"og:locale\" content=\"pt_BR\" \/>\n<meta property=\"og:type\" content=\"article\" \/>\n<meta property=\"og:title\" content=\"Ministro defere registro de candidato que j\u00e1 cumpriu prazo de inelegibilidade - Fl\u00e1vio Braga\" \/>\n<meta property=\"og:description\" content=\"O ministro Marcelo Ribeiro, do Tribunal Superior Eleitoral (TSE), deferiu o registro de candidatura de Luiz Carlos Moreira ao cargo [&hellip;]\" \/>\n<meta property=\"og:url\" content=\"https:\/\/www.blogsoestado.com\/flaviobraga\/ministro-defere-registro-de-candidato-que-ja-cumpriu-prazo-de-inelegibilidade\/\" \/>\n<meta property=\"og:site_name\" content=\"Fl\u00e1vio Braga\" \/>\n<meta property=\"article:published_time\" content=\"2010-10-15T19:04:31+00:00\" \/>\n<meta name=\"author\" content=\"Flavio Braga\" \/>\n<meta name=\"twitter:card\" content=\"summary_large_image\" \/>\n<meta name=\"twitter:label1\" content=\"Escrito por\" \/>\n\t<meta name=\"twitter:data1\" content=\"Flavio Braga\" \/>\n\t<meta name=\"twitter:label2\" content=\"Est. tempo de leitura\" \/>\n\t<meta name=\"twitter:data2\" content=\"2 minutos\" \/>\n<script type=\"application\/ld+json\" class=\"yoast-schema-graph\">{\"@context\":\"https:\/\/schema.org\",\"@graph\":[{\"@type\":\"WebPage\",\"@id\":\"https:\/\/www.blogsoestado.com\/flaviobraga\/ministro-defere-registro-de-candidato-que-ja-cumpriu-prazo-de-inelegibilidade\/\",\"url\":\"https:\/\/www.blogsoestado.com\/flaviobraga\/ministro-defere-registro-de-candidato-que-ja-cumpriu-prazo-de-inelegibilidade\/\",\"name\":\"Ministro defere registro de candidato que j\u00e1 cumpriu prazo de inelegibilidade - Fl\u00e1vio Braga\",\"isPartOf\":{\"@id\":\"https:\/\/www.blogsoestado.com\/flaviobraga\/#website\"},\"datePublished\":\"2010-10-15T19:04:31+00:00\",\"author\":{\"@id\":\"https:\/\/www.blogsoestado.com\/flaviobraga\/#\/schema\/person\/6c6c778331775c757a82d15206bd8733\"},\"breadcrumb\":{\"@id\":\"https:\/\/www.blogsoestado.com\/flaviobraga\/ministro-defere-registro-de-candidato-que-ja-cumpriu-prazo-de-inelegibilidade\/#breadcrumb\"},\"inLanguage\":\"pt-BR\",\"potentialAction\":[{\"@type\":\"ReadAction\",\"target\":[\"https:\/\/www.blogsoestado.com\/flaviobraga\/ministro-defere-registro-de-candidato-que-ja-cumpriu-prazo-de-inelegibilidade\/\"]}]},{\"@type\":\"BreadcrumbList\",\"@id\":\"https:\/\/www.blogsoestado.com\/flaviobraga\/ministro-defere-registro-de-candidato-que-ja-cumpriu-prazo-de-inelegibilidade\/#breadcrumb\",\"itemListElement\":[{\"@type\":\"ListItem\",\"position\":1,\"name\":\"In\u00edcio\",\"item\":\"https:\/\/www.blogsoestado.com\/flaviobraga\/\"},{\"@type\":\"ListItem\",\"position\":2,\"name\":\"Ministro defere registro de candidato que j\u00e1 cumpriu prazo de inelegibilidade\"}]},{\"@type\":\"WebSite\",\"@id\":\"https:\/\/www.blogsoestado.com\/flaviobraga\/#website\",\"url\":\"https:\/\/www.blogsoestado.com\/flaviobraga\/\",\"name\":\"Fl\u00e1vio Braga\",\"description\":\"\",\"potentialAction\":[{\"@type\":\"SearchAction\",\"target\":{\"@type\":\"EntryPoint\",\"urlTemplate\":\"https:\/\/www.blogsoestado.com\/flaviobraga\/?s={search_term_string}\"},\"query-input\":{\"@type\":\"PropertyValueSpecification\",\"valueRequired\":true,\"valueName\":\"search_term_string\"}}],\"inLanguage\":\"pt-BR\"},{\"@type\":\"Person\",\"@id\":\"https:\/\/www.blogsoestado.com\/flaviobraga\/#\/schema\/person\/6c6c778331775c757a82d15206bd8733\",\"name\":\"Flavio Braga\",\"image\":{\"@type\":\"ImageObject\",\"inLanguage\":\"pt-BR\",\"@id\":\"https:\/\/www.blogsoestado.com\/flaviobraga\/#\/schema\/person\/image\/\",\"url\":\"https:\/\/secure.gravatar.com\/avatar\/ab173937dad8d78195c87778be8a0285d069ede375ce0ae24aac1cf8e58ccb2c?s=96&d=mm&r=g\",\"contentUrl\":\"https:\/\/secure.gravatar.com\/avatar\/ab173937dad8d78195c87778be8a0285d069ede375ce0ae24aac1cf8e58ccb2c?s=96&d=mm&r=g\",\"caption\":\"Flavio Braga\"},\"url\":\"https:\/\/www.blogsoestado.com\/flaviobraga\/author\/flaviobraga\/\"}]}<\/script>\n<!-- \/ Yoast SEO plugin. -->","yoast_head_json":{"title":"Ministro defere registro de candidato que j\u00e1 cumpriu prazo de inelegibilidade - Fl\u00e1vio Braga","robots":{"index":"index","follow":"follow","max-snippet":"max-snippet:-1","max-image-preview":"max-image-preview:large","max-video-preview":"max-video-preview:-1"},"canonical":"https:\/\/www.blogsoestado.com\/flaviobraga\/ministro-defere-registro-de-candidato-que-ja-cumpriu-prazo-de-inelegibilidade\/","og_locale":"pt_BR","og_type":"article","og_title":"Ministro defere registro de candidato que j\u00e1 cumpriu prazo de inelegibilidade - Fl\u00e1vio Braga","og_description":"O ministro Marcelo Ribeiro, do Tribunal Superior Eleitoral (TSE), deferiu o registro de candidatura de Luiz Carlos Moreira ao cargo [&hellip;]","og_url":"https:\/\/www.blogsoestado.com\/flaviobraga\/ministro-defere-registro-de-candidato-que-ja-cumpriu-prazo-de-inelegibilidade\/","og_site_name":"Fl\u00e1vio Braga","article_published_time":"2010-10-15T19:04:31+00:00","author":"Flavio Braga","twitter_card":"summary_large_image","twitter_misc":{"Escrito por":"Flavio Braga","Est. tempo de leitura":"2 minutos"},"schema":{"@context":"https:\/\/schema.org","@graph":[{"@type":"WebPage","@id":"https:\/\/www.blogsoestado.com\/flaviobraga\/ministro-defere-registro-de-candidato-que-ja-cumpriu-prazo-de-inelegibilidade\/","url":"https:\/\/www.blogsoestado.com\/flaviobraga\/ministro-defere-registro-de-candidato-que-ja-cumpriu-prazo-de-inelegibilidade\/","name":"Ministro defere registro de candidato que j\u00e1 cumpriu prazo de inelegibilidade - Fl\u00e1vio Braga","isPartOf":{"@id":"https:\/\/www.blogsoestado.com\/flaviobraga\/#website"},"datePublished":"2010-10-15T19:04:31+00:00","author":{"@id":"https:\/\/www.blogsoestado.com\/flaviobraga\/#\/schema\/person\/6c6c778331775c757a82d15206bd8733"},"breadcrumb":{"@id":"https:\/\/www.blogsoestado.com\/flaviobraga\/ministro-defere-registro-de-candidato-que-ja-cumpriu-prazo-de-inelegibilidade\/#breadcrumb"},"inLanguage":"pt-BR","potentialAction":[{"@type":"ReadAction","target":["https:\/\/www.blogsoestado.com\/flaviobraga\/ministro-defere-registro-de-candidato-que-ja-cumpriu-prazo-de-inelegibilidade\/"]}]},{"@type":"BreadcrumbList","@id":"https:\/\/www.blogsoestado.com\/flaviobraga\/ministro-defere-registro-de-candidato-que-ja-cumpriu-prazo-de-inelegibilidade\/#breadcrumb","itemListElement":[{"@type":"ListItem","position":1,"name":"In\u00edcio","item":"https:\/\/www.blogsoestado.com\/flaviobraga\/"},{"@type":"ListItem","position":2,"name":"Ministro defere registro de candidato que j\u00e1 cumpriu prazo de inelegibilidade"}]},{"@type":"WebSite","@id":"https:\/\/www.blogsoestado.com\/flaviobraga\/#website","url":"https:\/\/www.blogsoestado.com\/flaviobraga\/","name":"Fl\u00e1vio Braga","description":"","potentialAction":[{"@type":"SearchAction","target":{"@type":"EntryPoint","urlTemplate":"https:\/\/www.blogsoestado.com\/flaviobraga\/?s={search_term_string}"},"query-input":{"@type":"PropertyValueSpecification","valueRequired":true,"valueName":"search_term_string"}}],"inLanguage":"pt-BR"},{"@type":"Person","@id":"https:\/\/www.blogsoestado.com\/flaviobraga\/#\/schema\/person\/6c6c778331775c757a82d15206bd8733","name":"Flavio Braga","image":{"@type":"ImageObject","inLanguage":"pt-BR","@id":"https:\/\/www.blogsoestado.com\/flaviobraga\/#\/schema\/person\/image\/","url":"https:\/\/secure.gravatar.com\/avatar\/ab173937dad8d78195c87778be8a0285d069ede375ce0ae24aac1cf8e58ccb2c?s=96&d=mm&r=g","contentUrl":"https:\/\/secure.gravatar.com\/avatar\/ab173937dad8d78195c87778be8a0285d069ede375ce0ae24aac1cf8e58ccb2c?s=96&d=mm&r=g","caption":"Flavio Braga"},"url":"https:\/\/www.blogsoestado.com\/flaviobraga\/author\/flaviobraga\/"}]}},"jetpack_featured_media_url":"","_links":{"self":[{"href":"https:\/\/www.blogsoestado.com\/flaviobraga\/wp-json\/wp\/v2\/posts\/836","targetHints":{"allow":["GET"]}}],"collection":[{"href":"https:\/\/www.blogsoestado.com\/flaviobraga\/wp-json\/wp\/v2\/posts"}],"about":[{"href":"https:\/\/www.blogsoestado.com\/flaviobraga\/wp-json\/wp\/v2\/types\/post"}],"author":[{"embeddable":true,"href":"https:\/\/www.blogsoestado.com\/flaviobraga\/wp-json\/wp\/v2\/users\/8"}],"replies":[{"embeddable":true,"href":"https:\/\/www.blogsoestado.com\/flaviobraga\/wp-json\/wp\/v2\/comments?post=836"}],"version-history":[{"count":0,"href":"https:\/\/www.blogsoestado.com\/flaviobraga\/wp-json\/wp\/v2\/posts\/836\/revisions"}],"wp:attachment":[{"href":"https:\/\/www.blogsoestado.com\/flaviobraga\/wp-json\/wp\/v2\/media?parent=836"}],"wp:term":[{"taxonomy":"category","embeddable":true,"href":"https:\/\/www.blogsoestado.com\/flaviobraga\/wp-json\/wp\/v2\/categories?post=836"},{"taxonomy":"post_tag","embeddable":true,"href":"https:\/\/www.blogsoestado.com\/flaviobraga\/wp-json\/wp\/v2\/tags?post=836"}],"curies":[{"name":"wp","href":"https:\/\/api.w.org\/{rel}","templated":true}]}}