{"id":842,"date":"2010-10-18T14:41:04","date_gmt":"2010-10-18T16:41:04","guid":{"rendered":"https:\/\/www.blogsoestado.com\/flaviobraga\/?p=842"},"modified":"2010-10-18T14:41:04","modified_gmt":"2010-10-18T16:41:04","slug":"domicilio-eleitoral-e-domicilio-civil","status":"publish","type":"post","link":"https:\/\/www.blogsoestado.com\/flaviobraga\/domicilio-eleitoral-e-domicilio-civil\/","title":{"rendered":"Domic\u00edlio eleitoral e domic\u00edlio civil"},"content":{"rendered":"<p><a href=\"https:\/\/www.blogsoestado.com\/flaviobraga\/files\/2010\/10\/TE1.jpg\"><img decoding=\"async\" class=\"aligncenter size-full wp-image-843\" src=\"https:\/\/www.blogsoestado.com\/flaviobraga\/files\/2010\/10\/TE1.jpg\" alt=\"\" width=\"161\" height=\"173\" \/><\/a><\/p>\n<p>Domic\u00edlio eleitoral \u00e9 a express\u00e3o legal para definir o local em que um cidad\u00e3o deve votar nas elei\u00e7\u00f5es. \u00c9 o lugar de resid\u00eancia ou moradia do requerente \u00e0 inscri\u00e7\u00e3o eleitoral. Quando o alistando tiver mais de uma, ser\u00e1 considerado domic\u00edlio eleitoral qualquer delas, nos termos do artigo 42 do C\u00f3digo Eleitoral.<\/p>\n<p>\u00a0A jurisprud\u00eancia do Tribunal Superior Eleitoral j\u00e1 sedimentou o entendimento de que o conceito de domic\u00edlio eleitoral n\u00e3o se confunde, necessariamente, com o de domic\u00edlio civil.<\/p>\n<p>\u00a0O domic\u00edlio eleitoral ou pol\u00edtico-eleitoral \u00e9 mais flex\u00edvel e el\u00e1stico, identificando-se com o lugar onde o interessado possui v\u00ednculos pol\u00edticos, familiares, sociais, patrimoniais, afetivos ou comunit\u00e1rios, consoante restou assentado nos ac\u00f3rd\u00e3os do TSE n\u00bas. 16.397\/00 e 18.124\/00.<\/p>\n<p>\u00a0Dessa forma, basta a demonstra\u00e7\u00e3o da exist\u00eancia de qualquer desses liames para legitimar o pedido de alistamento ou de transfer\u00eancia de domic\u00edlio eleitoral para qualquer munic\u00edpio do territ\u00f3rio brasileiro.<\/p>\n<p>\u00a0Nesse sentido, \u00e9 firme o entendimento da Corte Superior Eleitoral no sentido de n\u00e3o mais se exigir a resid\u00eancia do interessado no munic\u00edpio onde pretenda disputar mandato eletivo. Nesse contexto, a circunst\u00e2ncia f\u00e1tica de o eleitor residir em determinado munic\u00edpio n\u00e3o constitui obst\u00e1culo a que se candidate em outra localidade, onde \u00e9 inscrito como eleitor e com a qual mant\u00e9m aqueles v\u00ednculos.<\/p>\n<p>\u00a0\u00c0 guisa de ilustra\u00e7\u00e3o, transcrevemos trecho do voto do Ministro Diniz de Andrada, Relator do Recurso Especial Eleitoral n\u00ba 13.777\/96, o qual enfrentou com maestria a mat\u00e9ria versada neste artigo:\u00a0 \u201cCom efeito, desde que \u00e9 entendimento assente neste Egr\u00e9gio TSE de que o conceito de resid\u00eancia para fins de fixa\u00e7\u00e3o ou transfer\u00eancia de domic\u00edlio eleitoral \u00e9 abrangente, para compreender as ponder\u00e1veis vincula\u00e7\u00f5es de natureza econ\u00f4mica, pol\u00edtica ou comunit\u00e1ria do eleitor com um determinado territ\u00f3rio, decorre que o eleitor pode optar pela fixa\u00e7\u00e3o do domic\u00edlio em qualquer local onde possua resid\u00eancia ou tais vincula\u00e7\u00f5es ponder\u00e1veis\u201d.<\/p>\n<p>\u00a0Consagrando essa orienta\u00e7\u00e3o, o TSE editou a Resolu\u00e7\u00e3o n\u00ba 21.538\/2003, que disp\u00f5e sobre alistamento e servi\u00e7os eleitorais mediante processamento eletr\u00f4nico de dados, a qual estabelece em seu artigo 65 que a comprova\u00e7\u00e3o de domic\u00edlio poder\u00e1 ser feita mediante um ou mais documentos dos quais se infira ser o eleitor residente ou ter v\u00ednculo profissional, patrimonial ou comunit\u00e1rio no munic\u00edpio a abonar a resid\u00eancia exigida.<\/p>\n","protected":false},"excerpt":{"rendered":"<p>Domic\u00edlio eleitoral \u00e9 a express\u00e3o legal para definir o local em que um cidad\u00e3o deve votar nas elei\u00e7\u00f5es. \u00c9 o [&hellip;]<\/p>\n","protected":false},"author":8,"featured_media":0,"comment_status":"open","ping_status":"open","sticky":false,"template":"","format":"standard","meta":{"site-sidebar-layout":"default","site-content-layout":"","ast-site-content-layout":"default","site-content-style":"default","site-sidebar-style":"default","ast-global-header-display":"","ast-banner-title-visibility":"","ast-main-header-display":"","ast-hfb-above-header-display":"","ast-hfb-below-header-display":"","ast-hfb-mobile-header-display":"","site-post-title":"","ast-breadcrumbs-content":"","ast-featured-img":"","footer-sml-layout":"","ast-disable-related-posts":"","theme-transparent-header-meta":"","adv-header-id-meta":"","stick-header-meta":"","header-above-stick-meta":"","header-main-stick-meta":"","header-below-stick-meta":"","astra-migrate-meta-layouts":"default","ast-page-background-enabled":"default","ast-page-background-meta":{"desktop":{"background-color":"var(--ast-global-color-5)","background-image":"","background-repeat":"repeat","background-position":"center center","background-size":"auto","background-attachment":"scroll","background-type":"","background-media":"","overlay-type":"","overlay-color":"","overlay-opacity":"","overlay-gradient":""},"tablet":{"background-color":"","background-image":"","background-repeat":"repeat","background-position":"center center","background-size":"auto","background-attachment":"scroll","background-type":"","background-media":"","overlay-type":"","overlay-color":"","overlay-opacity":"","overlay-gradient":""},"mobile":{"background-color":"","background-image":"","background-repeat":"repeat","background-position":"center center","background-size":"auto","background-attachment":"scroll","background-type":"","background-media":"","overlay-type":"","overlay-color":"","overlay-opacity":"","overlay-gradient":""}},"ast-content-background-meta":{"desktop":{"background-color":"var(--ast-global-color-4)","background-image":"","background-repeat":"repeat","background-position":"center center","background-size":"auto","background-attachment":"scroll","background-type":"","background-media":"","overlay-type":"","overlay-color":"","overlay-opacity":"","overlay-gradient":""},"tablet":{"background-color":"var(--ast-global-color-4)","background-image":"","background-repeat":"repeat","background-position":"center center","background-size":"auto","background-attachment":"scroll","background-type":"","background-media":"","overlay-type":"","overlay-color":"","overlay-opacity":"","overlay-gradient":""},"mobile":{"background-color":"var(--ast-global-color-4)","background-image":"","background-repeat":"repeat","background-position":"center center","background-size":"auto","background-attachment":"scroll","background-type":"","background-media":"","overlay-type":"","overlay-color":"","overlay-opacity":"","overlay-gradient":""}},"footnotes":""},"categories":[1],"tags":[],"class_list":["post-842","post","type-post","status-publish","format-standard","hentry","category-sem-categoria"],"yoast_head":"<!-- This site is optimized with the Yoast SEO plugin v26.6 - https:\/\/yoast.com\/wordpress\/plugins\/seo\/ -->\n<title>Domic\u00edlio eleitoral e domic\u00edlio civil - Fl\u00e1vio Braga<\/title>\n<meta name=\"robots\" content=\"index, follow, max-snippet:-1, max-image-preview:large, max-video-preview:-1\" \/>\n<link rel=\"canonical\" href=\"https:\/\/www.blogsoestado.com\/flaviobraga\/domicilio-eleitoral-e-domicilio-civil\/\" \/>\n<meta property=\"og:locale\" content=\"pt_BR\" \/>\n<meta property=\"og:type\" content=\"article\" \/>\n<meta property=\"og:title\" content=\"Domic\u00edlio eleitoral e domic\u00edlio civil - Fl\u00e1vio Braga\" \/>\n<meta property=\"og:description\" content=\"Domic\u00edlio eleitoral \u00e9 a express\u00e3o legal para definir o local em que um cidad\u00e3o deve votar nas elei\u00e7\u00f5es. \u00c9 o [&hellip;]\" \/>\n<meta property=\"og:url\" content=\"https:\/\/www.blogsoestado.com\/flaviobraga\/domicilio-eleitoral-e-domicilio-civil\/\" \/>\n<meta property=\"og:site_name\" content=\"Fl\u00e1vio Braga\" \/>\n<meta property=\"article:published_time\" content=\"2010-10-18T16:41:04+00:00\" \/>\n<meta property=\"og:image\" content=\"https:\/\/www.blogsoestado.com\/flaviobraga\/files\/2010\/10\/TE1.jpg\" \/>\n<meta name=\"author\" content=\"Flavio Braga\" \/>\n<meta name=\"twitter:card\" content=\"summary_large_image\" \/>\n<meta name=\"twitter:label1\" content=\"Escrito por\" \/>\n\t<meta name=\"twitter:data1\" content=\"Flavio Braga\" \/>\n\t<meta name=\"twitter:label2\" content=\"Est. tempo de leitura\" \/>\n\t<meta name=\"twitter:data2\" content=\"2 minutos\" \/>\n<script type=\"application\/ld+json\" class=\"yoast-schema-graph\">{\"@context\":\"https:\/\/schema.org\",\"@graph\":[{\"@type\":\"WebPage\",\"@id\":\"https:\/\/www.blogsoestado.com\/flaviobraga\/domicilio-eleitoral-e-domicilio-civil\/\",\"url\":\"https:\/\/www.blogsoestado.com\/flaviobraga\/domicilio-eleitoral-e-domicilio-civil\/\",\"name\":\"Domic\u00edlio eleitoral e domic\u00edlio civil - Fl\u00e1vio Braga\",\"isPartOf\":{\"@id\":\"https:\/\/www.blogsoestado.com\/flaviobraga\/#website\"},\"primaryImageOfPage\":{\"@id\":\"https:\/\/www.blogsoestado.com\/flaviobraga\/domicilio-eleitoral-e-domicilio-civil\/#primaryimage\"},\"image\":{\"@id\":\"https:\/\/www.blogsoestado.com\/flaviobraga\/domicilio-eleitoral-e-domicilio-civil\/#primaryimage\"},\"thumbnailUrl\":\"https:\/\/www.blogsoestado.com\/flaviobraga\/files\/2010\/10\/TE1.jpg\",\"datePublished\":\"2010-10-18T16:41:04+00:00\",\"author\":{\"@id\":\"https:\/\/www.blogsoestado.com\/flaviobraga\/#\/schema\/person\/6c6c778331775c757a82d15206bd8733\"},\"breadcrumb\":{\"@id\":\"https:\/\/www.blogsoestado.com\/flaviobraga\/domicilio-eleitoral-e-domicilio-civil\/#breadcrumb\"},\"inLanguage\":\"pt-BR\",\"potentialAction\":[{\"@type\":\"ReadAction\",\"target\":[\"https:\/\/www.blogsoestado.com\/flaviobraga\/domicilio-eleitoral-e-domicilio-civil\/\"]}]},{\"@type\":\"ImageObject\",\"inLanguage\":\"pt-BR\",\"@id\":\"https:\/\/www.blogsoestado.com\/flaviobraga\/domicilio-eleitoral-e-domicilio-civil\/#primaryimage\",\"url\":\"https:\/\/www.blogsoestado.com\/flaviobraga\/files\/2010\/10\/TE1.jpg\",\"contentUrl\":\"https:\/\/www.blogsoestado.com\/flaviobraga\/files\/2010\/10\/TE1.jpg\"},{\"@type\":\"BreadcrumbList\",\"@id\":\"https:\/\/www.blogsoestado.com\/flaviobraga\/domicilio-eleitoral-e-domicilio-civil\/#breadcrumb\",\"itemListElement\":[{\"@type\":\"ListItem\",\"position\":1,\"name\":\"In\u00edcio\",\"item\":\"https:\/\/www.blogsoestado.com\/flaviobraga\/\"},{\"@type\":\"ListItem\",\"position\":2,\"name\":\"Domic\u00edlio eleitoral e domic\u00edlio civil\"}]},{\"@type\":\"WebSite\",\"@id\":\"https:\/\/www.blogsoestado.com\/flaviobraga\/#website\",\"url\":\"https:\/\/www.blogsoestado.com\/flaviobraga\/\",\"name\":\"Fl\u00e1vio Braga\",\"description\":\"\",\"potentialAction\":[{\"@type\":\"SearchAction\",\"target\":{\"@type\":\"EntryPoint\",\"urlTemplate\":\"https:\/\/www.blogsoestado.com\/flaviobraga\/?s={search_term_string}\"},\"query-input\":{\"@type\":\"PropertyValueSpecification\",\"valueRequired\":true,\"valueName\":\"search_term_string\"}}],\"inLanguage\":\"pt-BR\"},{\"@type\":\"Person\",\"@id\":\"https:\/\/www.blogsoestado.com\/flaviobraga\/#\/schema\/person\/6c6c778331775c757a82d15206bd8733\",\"name\":\"Flavio Braga\",\"image\":{\"@type\":\"ImageObject\",\"inLanguage\":\"pt-BR\",\"@id\":\"https:\/\/www.blogsoestado.com\/flaviobraga\/#\/schema\/person\/image\/\",\"url\":\"https:\/\/secure.gravatar.com\/avatar\/ab173937dad8d78195c87778be8a0285d069ede375ce0ae24aac1cf8e58ccb2c?s=96&d=mm&r=g\",\"contentUrl\":\"https:\/\/secure.gravatar.com\/avatar\/ab173937dad8d78195c87778be8a0285d069ede375ce0ae24aac1cf8e58ccb2c?s=96&d=mm&r=g\",\"caption\":\"Flavio Braga\"},\"url\":\"https:\/\/www.blogsoestado.com\/flaviobraga\/author\/flaviobraga\/\"}]}<\/script>\n<!-- \/ Yoast SEO plugin. -->","yoast_head_json":{"title":"Domic\u00edlio eleitoral e domic\u00edlio civil - Fl\u00e1vio Braga","robots":{"index":"index","follow":"follow","max-snippet":"max-snippet:-1","max-image-preview":"max-image-preview:large","max-video-preview":"max-video-preview:-1"},"canonical":"https:\/\/www.blogsoestado.com\/flaviobraga\/domicilio-eleitoral-e-domicilio-civil\/","og_locale":"pt_BR","og_type":"article","og_title":"Domic\u00edlio eleitoral e domic\u00edlio civil - Fl\u00e1vio Braga","og_description":"Domic\u00edlio eleitoral \u00e9 a express\u00e3o legal para definir o local em que um cidad\u00e3o deve votar nas elei\u00e7\u00f5es. \u00c9 o [&hellip;]","og_url":"https:\/\/www.blogsoestado.com\/flaviobraga\/domicilio-eleitoral-e-domicilio-civil\/","og_site_name":"Fl\u00e1vio Braga","article_published_time":"2010-10-18T16:41:04+00:00","og_image":[{"url":"https:\/\/www.blogsoestado.com\/flaviobraga\/files\/2010\/10\/TE1.jpg","type":"","width":"","height":""}],"author":"Flavio Braga","twitter_card":"summary_large_image","twitter_misc":{"Escrito por":"Flavio Braga","Est. tempo de leitura":"2 minutos"},"schema":{"@context":"https:\/\/schema.org","@graph":[{"@type":"WebPage","@id":"https:\/\/www.blogsoestado.com\/flaviobraga\/domicilio-eleitoral-e-domicilio-civil\/","url":"https:\/\/www.blogsoestado.com\/flaviobraga\/domicilio-eleitoral-e-domicilio-civil\/","name":"Domic\u00edlio eleitoral e domic\u00edlio civil - Fl\u00e1vio Braga","isPartOf":{"@id":"https:\/\/www.blogsoestado.com\/flaviobraga\/#website"},"primaryImageOfPage":{"@id":"https:\/\/www.blogsoestado.com\/flaviobraga\/domicilio-eleitoral-e-domicilio-civil\/#primaryimage"},"image":{"@id":"https:\/\/www.blogsoestado.com\/flaviobraga\/domicilio-eleitoral-e-domicilio-civil\/#primaryimage"},"thumbnailUrl":"https:\/\/www.blogsoestado.com\/flaviobraga\/files\/2010\/10\/TE1.jpg","datePublished":"2010-10-18T16:41:04+00:00","author":{"@id":"https:\/\/www.blogsoestado.com\/flaviobraga\/#\/schema\/person\/6c6c778331775c757a82d15206bd8733"},"breadcrumb":{"@id":"https:\/\/www.blogsoestado.com\/flaviobraga\/domicilio-eleitoral-e-domicilio-civil\/#breadcrumb"},"inLanguage":"pt-BR","potentialAction":[{"@type":"ReadAction","target":["https:\/\/www.blogsoestado.com\/flaviobraga\/domicilio-eleitoral-e-domicilio-civil\/"]}]},{"@type":"ImageObject","inLanguage":"pt-BR","@id":"https:\/\/www.blogsoestado.com\/flaviobraga\/domicilio-eleitoral-e-domicilio-civil\/#primaryimage","url":"https:\/\/www.blogsoestado.com\/flaviobraga\/files\/2010\/10\/TE1.jpg","contentUrl":"https:\/\/www.blogsoestado.com\/flaviobraga\/files\/2010\/10\/TE1.jpg"},{"@type":"BreadcrumbList","@id":"https:\/\/www.blogsoestado.com\/flaviobraga\/domicilio-eleitoral-e-domicilio-civil\/#breadcrumb","itemListElement":[{"@type":"ListItem","position":1,"name":"In\u00edcio","item":"https:\/\/www.blogsoestado.com\/flaviobraga\/"},{"@type":"ListItem","position":2,"name":"Domic\u00edlio eleitoral e domic\u00edlio civil"}]},{"@type":"WebSite","@id":"https:\/\/www.blogsoestado.com\/flaviobraga\/#website","url":"https:\/\/www.blogsoestado.com\/flaviobraga\/","name":"Fl\u00e1vio Braga","description":"","potentialAction":[{"@type":"SearchAction","target":{"@type":"EntryPoint","urlTemplate":"https:\/\/www.blogsoestado.com\/flaviobraga\/?s={search_term_string}"},"query-input":{"@type":"PropertyValueSpecification","valueRequired":true,"valueName":"search_term_string"}}],"inLanguage":"pt-BR"},{"@type":"Person","@id":"https:\/\/www.blogsoestado.com\/flaviobraga\/#\/schema\/person\/6c6c778331775c757a82d15206bd8733","name":"Flavio Braga","image":{"@type":"ImageObject","inLanguage":"pt-BR","@id":"https:\/\/www.blogsoestado.com\/flaviobraga\/#\/schema\/person\/image\/","url":"https:\/\/secure.gravatar.com\/avatar\/ab173937dad8d78195c87778be8a0285d069ede375ce0ae24aac1cf8e58ccb2c?s=96&d=mm&r=g","contentUrl":"https:\/\/secure.gravatar.com\/avatar\/ab173937dad8d78195c87778be8a0285d069ede375ce0ae24aac1cf8e58ccb2c?s=96&d=mm&r=g","caption":"Flavio Braga"},"url":"https:\/\/www.blogsoestado.com\/flaviobraga\/author\/flaviobraga\/"}]}},"jetpack_featured_media_url":"","_links":{"self":[{"href":"https:\/\/www.blogsoestado.com\/flaviobraga\/wp-json\/wp\/v2\/posts\/842","targetHints":{"allow":["GET"]}}],"collection":[{"href":"https:\/\/www.blogsoestado.com\/flaviobraga\/wp-json\/wp\/v2\/posts"}],"about":[{"href":"https:\/\/www.blogsoestado.com\/flaviobraga\/wp-json\/wp\/v2\/types\/post"}],"author":[{"embeddable":true,"href":"https:\/\/www.blogsoestado.com\/flaviobraga\/wp-json\/wp\/v2\/users\/8"}],"replies":[{"embeddable":true,"href":"https:\/\/www.blogsoestado.com\/flaviobraga\/wp-json\/wp\/v2\/comments?post=842"}],"version-history":[{"count":0,"href":"https:\/\/www.blogsoestado.com\/flaviobraga\/wp-json\/wp\/v2\/posts\/842\/revisions"}],"wp:attachment":[{"href":"https:\/\/www.blogsoestado.com\/flaviobraga\/wp-json\/wp\/v2\/media?parent=842"}],"wp:term":[{"taxonomy":"category","embeddable":true,"href":"https:\/\/www.blogsoestado.com\/flaviobraga\/wp-json\/wp\/v2\/categories?post=842"},{"taxonomy":"post_tag","embeddable":true,"href":"https:\/\/www.blogsoestado.com\/flaviobraga\/wp-json\/wp\/v2\/tags?post=842"}],"curies":[{"name":"wp","href":"https:\/\/api.w.org\/{rel}","templated":true}]}}