{"id":888,"date":"2010-11-05T20:59:17","date_gmt":"2010-11-05T22:59:17","guid":{"rendered":"https:\/\/www.blogsoestado.com\/flaviobraga\/?p=888"},"modified":"2010-11-05T20:59:17","modified_gmt":"2010-11-05T22:59:17","slug":"candidato-que-apresentou-contas-de-campanha-fora-do-prazo-tem-registro-indeferido","status":"publish","type":"post","link":"https:\/\/www.blogsoestado.com\/flaviobraga\/candidato-que-apresentou-contas-de-campanha-fora-do-prazo-tem-registro-indeferido\/","title":{"rendered":"Candidato que apresentou contas de campanha fora do prazo tem registro indeferido"},"content":{"rendered":"<p>O Tribunal Superior Eleitoral (TSE) negou na \u00faltima quarta-feira (3) o pedido de registro de candidatura de Maur\u00edcio Bezerra para o cargo de deputado estadual. O pol\u00edtico chegou a disputar as elei\u00e7\u00f5es deste ano pelo PTC e obteve 8.756 votos.<\/p>\n<p>A decis\u00e3o foi un\u00e2nime e seguiu entendimento do ministro Marcelo Ribeiro que, no dia 1\u00ba de setembro, arquivou (negou seguimento) o recurso em que Bezerra contestava decis\u00e3o do Tribunal Regional Eleitoral do Cear\u00e1 (TRE-CE), primeira Corte a negar o registro de candidatura do pol\u00edtico.<\/p>\n<p>O ministro Marcelo Ribeiro manteve somente em parte o entendimento do TRE-CE, mas, na pr\u00e1tica, Bezerra ficou sem o registro. O ministro afirmou que o pol\u00edtico teve as contas de campanha relativas ao pleito 2008 julgadas como n\u00e3o prestadas, decis\u00e3o que j\u00e1 transitou em julgado.<\/p>\n<p>\u201cEsta Corte j\u00e1 decidiu que, caso se trate de candidatos, o conceito de quita\u00e7\u00e3o eleitoral abrange a regular presta\u00e7\u00e3o de contas de campanha, acarretando a sua aus\u00eancia ou apresenta\u00e7\u00e3o fora do prazo, o n\u00e3o cumprimento do requisito de quita\u00e7\u00e3o eleitoral\u201d, disse.<\/p>\n<p>O ministro explicou que o Tribunal Regional do estado intimou os candidatos que n\u00e3o haviam prestado contas. \u201cO Tribunal, ent\u00e3o, fez um ac\u00f3rd\u00e3o (decis\u00e3o colegiada) dizendo que julgou n\u00e3o prestadas as contas do candidato. Depois do tr\u00e2nsito em julgado dessa decis\u00e3o, ele (candidato) foi l\u00e1\u00a0e apresentou as contas\u201d, disse.<\/p>\n<p>Essas contas n\u00e3o foram aceitas por terem sido apresentadas fora do prazo correto. O ministro chegou a informar que as contas n\u00e3o foram prestadas em cima da hora, \u201cpara a elei\u00e7\u00e3o, para o registro\u201d, mas reafirmou que elas foram apresentadas depois do prazo fixado pelo Tribunal Regional.<\/p>\n","protected":false},"excerpt":{"rendered":"<p>O Tribunal Superior Eleitoral (TSE) negou na \u00faltima quarta-feira (3) o pedido de registro de candidatura de Maur\u00edcio Bezerra para [&hellip;]<\/p>\n","protected":false},"author":8,"featured_media":0,"comment_status":"open","ping_status":"open","sticky":false,"template":"","format":"standard","meta":{"site-sidebar-layout":"default","site-content-layout":"","ast-site-content-layout":"default","site-content-style":"default","site-sidebar-style":"default","ast-global-header-display":"","ast-banner-title-visibility":"","ast-main-header-display":"","ast-hfb-above-header-display":"","ast-hfb-below-header-display":"","ast-hfb-mobile-header-display":"","site-post-title":"","ast-breadcrumbs-content":"","ast-featured-img":"","footer-sml-layout":"","ast-disable-related-posts":"","theme-transparent-header-meta":"","adv-header-id-meta":"","stick-header-meta":"","header-above-stick-meta":"","header-main-stick-meta":"","header-below-stick-meta":"","astra-migrate-meta-layouts":"default","ast-page-background-enabled":"default","ast-page-background-meta":{"desktop":{"background-color":"var(--ast-global-color-5)","background-image":"","background-repeat":"repeat","background-position":"center center","background-size":"auto","background-attachment":"scroll","background-type":"","background-media":"","overlay-type":"","overlay-color":"","overlay-opacity":"","overlay-gradient":""},"tablet":{"background-color":"","background-image":"","background-repeat":"repeat","background-position":"center center","background-size":"auto","background-attachment":"scroll","background-type":"","background-media":"","overlay-type":"","overlay-color":"","overlay-opacity":"","overlay-gradient":""},"mobile":{"background-color":"","background-image":"","background-repeat":"repeat","background-position":"center center","background-size":"auto","background-attachment":"scroll","background-type":"","background-media":"","overlay-type":"","overlay-color":"","overlay-opacity":"","overlay-gradient":""}},"ast-content-background-meta":{"desktop":{"background-color":"var(--ast-global-color-4)","background-image":"","background-repeat":"repeat","background-position":"center center","background-size":"auto","background-attachment":"scroll","background-type":"","background-media":"","overlay-type":"","overlay-color":"","overlay-opacity":"","overlay-gradient":""},"tablet":{"background-color":"var(--ast-global-color-4)","background-image":"","background-repeat":"repeat","background-position":"center center","background-size":"auto","background-attachment":"scroll","background-type":"","background-media":"","overlay-type":"","overlay-color":"","overlay-opacity":"","overlay-gradient":""},"mobile":{"background-color":"var(--ast-global-color-4)","background-image":"","background-repeat":"repeat","background-position":"center center","background-size":"auto","background-attachment":"scroll","background-type":"","background-media":"","overlay-type":"","overlay-color":"","overlay-opacity":"","overlay-gradient":""}},"footnotes":""},"categories":[1],"tags":[],"class_list":["post-888","post","type-post","status-publish","format-standard","hentry","category-sem-categoria"],"yoast_head":"<!-- This site is optimized with the Yoast SEO plugin v26.6 - https:\/\/yoast.com\/wordpress\/plugins\/seo\/ -->\n<title>Candidato que apresentou contas de campanha fora do prazo tem registro indeferido - Fl\u00e1vio Braga<\/title>\n<meta name=\"robots\" content=\"index, follow, max-snippet:-1, max-image-preview:large, max-video-preview:-1\" \/>\n<link rel=\"canonical\" href=\"https:\/\/www.blogsoestado.com\/flaviobraga\/candidato-que-apresentou-contas-de-campanha-fora-do-prazo-tem-registro-indeferido\/\" \/>\n<meta property=\"og:locale\" content=\"pt_BR\" \/>\n<meta property=\"og:type\" content=\"article\" \/>\n<meta property=\"og:title\" content=\"Candidato que apresentou contas de campanha fora do prazo tem registro indeferido - Fl\u00e1vio Braga\" \/>\n<meta property=\"og:description\" content=\"O Tribunal Superior Eleitoral (TSE) negou na \u00faltima quarta-feira (3) o pedido de registro de candidatura de Maur\u00edcio Bezerra para [&hellip;]\" \/>\n<meta property=\"og:url\" content=\"https:\/\/www.blogsoestado.com\/flaviobraga\/candidato-que-apresentou-contas-de-campanha-fora-do-prazo-tem-registro-indeferido\/\" \/>\n<meta property=\"og:site_name\" content=\"Fl\u00e1vio Braga\" \/>\n<meta property=\"article:published_time\" content=\"2010-11-05T22:59:17+00:00\" \/>\n<meta name=\"author\" content=\"Flavio Braga\" \/>\n<meta name=\"twitter:card\" content=\"summary_large_image\" \/>\n<meta name=\"twitter:label1\" content=\"Escrito por\" \/>\n\t<meta name=\"twitter:data1\" content=\"Flavio Braga\" \/>\n\t<meta name=\"twitter:label2\" content=\"Est. tempo de leitura\" \/>\n\t<meta name=\"twitter:data2\" content=\"1 minuto\" \/>\n<script type=\"application\/ld+json\" class=\"yoast-schema-graph\">{\"@context\":\"https:\/\/schema.org\",\"@graph\":[{\"@type\":\"WebPage\",\"@id\":\"https:\/\/www.blogsoestado.com\/flaviobraga\/candidato-que-apresentou-contas-de-campanha-fora-do-prazo-tem-registro-indeferido\/\",\"url\":\"https:\/\/www.blogsoestado.com\/flaviobraga\/candidato-que-apresentou-contas-de-campanha-fora-do-prazo-tem-registro-indeferido\/\",\"name\":\"Candidato que apresentou contas de campanha fora do prazo tem registro indeferido - Fl\u00e1vio Braga\",\"isPartOf\":{\"@id\":\"https:\/\/www.blogsoestado.com\/flaviobraga\/#website\"},\"datePublished\":\"2010-11-05T22:59:17+00:00\",\"author\":{\"@id\":\"https:\/\/www.blogsoestado.com\/flaviobraga\/#\/schema\/person\/6c6c778331775c757a82d15206bd8733\"},\"breadcrumb\":{\"@id\":\"https:\/\/www.blogsoestado.com\/flaviobraga\/candidato-que-apresentou-contas-de-campanha-fora-do-prazo-tem-registro-indeferido\/#breadcrumb\"},\"inLanguage\":\"pt-BR\",\"potentialAction\":[{\"@type\":\"ReadAction\",\"target\":[\"https:\/\/www.blogsoestado.com\/flaviobraga\/candidato-que-apresentou-contas-de-campanha-fora-do-prazo-tem-registro-indeferido\/\"]}]},{\"@type\":\"BreadcrumbList\",\"@id\":\"https:\/\/www.blogsoestado.com\/flaviobraga\/candidato-que-apresentou-contas-de-campanha-fora-do-prazo-tem-registro-indeferido\/#breadcrumb\",\"itemListElement\":[{\"@type\":\"ListItem\",\"position\":1,\"name\":\"In\u00edcio\",\"item\":\"https:\/\/www.blogsoestado.com\/flaviobraga\/\"},{\"@type\":\"ListItem\",\"position\":2,\"name\":\"Candidato que apresentou contas de campanha fora do prazo tem registro indeferido\"}]},{\"@type\":\"WebSite\",\"@id\":\"https:\/\/www.blogsoestado.com\/flaviobraga\/#website\",\"url\":\"https:\/\/www.blogsoestado.com\/flaviobraga\/\",\"name\":\"Fl\u00e1vio Braga\",\"description\":\"\",\"potentialAction\":[{\"@type\":\"SearchAction\",\"target\":{\"@type\":\"EntryPoint\",\"urlTemplate\":\"https:\/\/www.blogsoestado.com\/flaviobraga\/?s={search_term_string}\"},\"query-input\":{\"@type\":\"PropertyValueSpecification\",\"valueRequired\":true,\"valueName\":\"search_term_string\"}}],\"inLanguage\":\"pt-BR\"},{\"@type\":\"Person\",\"@id\":\"https:\/\/www.blogsoestado.com\/flaviobraga\/#\/schema\/person\/6c6c778331775c757a82d15206bd8733\",\"name\":\"Flavio Braga\",\"image\":{\"@type\":\"ImageObject\",\"inLanguage\":\"pt-BR\",\"@id\":\"https:\/\/www.blogsoestado.com\/flaviobraga\/#\/schema\/person\/image\/\",\"url\":\"https:\/\/secure.gravatar.com\/avatar\/ab173937dad8d78195c87778be8a0285d069ede375ce0ae24aac1cf8e58ccb2c?s=96&d=mm&r=g\",\"contentUrl\":\"https:\/\/secure.gravatar.com\/avatar\/ab173937dad8d78195c87778be8a0285d069ede375ce0ae24aac1cf8e58ccb2c?s=96&d=mm&r=g\",\"caption\":\"Flavio Braga\"},\"url\":\"https:\/\/www.blogsoestado.com\/flaviobraga\/author\/flaviobraga\/\"}]}<\/script>\n<!-- \/ Yoast SEO plugin. -->","yoast_head_json":{"title":"Candidato que apresentou contas de campanha fora do prazo tem registro indeferido - Fl\u00e1vio Braga","robots":{"index":"index","follow":"follow","max-snippet":"max-snippet:-1","max-image-preview":"max-image-preview:large","max-video-preview":"max-video-preview:-1"},"canonical":"https:\/\/www.blogsoestado.com\/flaviobraga\/candidato-que-apresentou-contas-de-campanha-fora-do-prazo-tem-registro-indeferido\/","og_locale":"pt_BR","og_type":"article","og_title":"Candidato que apresentou contas de campanha fora do prazo tem registro indeferido - Fl\u00e1vio Braga","og_description":"O Tribunal Superior Eleitoral (TSE) negou na \u00faltima quarta-feira (3) o pedido de registro de candidatura de Maur\u00edcio Bezerra para [&hellip;]","og_url":"https:\/\/www.blogsoestado.com\/flaviobraga\/candidato-que-apresentou-contas-de-campanha-fora-do-prazo-tem-registro-indeferido\/","og_site_name":"Fl\u00e1vio Braga","article_published_time":"2010-11-05T22:59:17+00:00","author":"Flavio Braga","twitter_card":"summary_large_image","twitter_misc":{"Escrito por":"Flavio Braga","Est. tempo de leitura":"1 minuto"},"schema":{"@context":"https:\/\/schema.org","@graph":[{"@type":"WebPage","@id":"https:\/\/www.blogsoestado.com\/flaviobraga\/candidato-que-apresentou-contas-de-campanha-fora-do-prazo-tem-registro-indeferido\/","url":"https:\/\/www.blogsoestado.com\/flaviobraga\/candidato-que-apresentou-contas-de-campanha-fora-do-prazo-tem-registro-indeferido\/","name":"Candidato que apresentou contas de campanha fora do prazo tem registro indeferido - Fl\u00e1vio Braga","isPartOf":{"@id":"https:\/\/www.blogsoestado.com\/flaviobraga\/#website"},"datePublished":"2010-11-05T22:59:17+00:00","author":{"@id":"https:\/\/www.blogsoestado.com\/flaviobraga\/#\/schema\/person\/6c6c778331775c757a82d15206bd8733"},"breadcrumb":{"@id":"https:\/\/www.blogsoestado.com\/flaviobraga\/candidato-que-apresentou-contas-de-campanha-fora-do-prazo-tem-registro-indeferido\/#breadcrumb"},"inLanguage":"pt-BR","potentialAction":[{"@type":"ReadAction","target":["https:\/\/www.blogsoestado.com\/flaviobraga\/candidato-que-apresentou-contas-de-campanha-fora-do-prazo-tem-registro-indeferido\/"]}]},{"@type":"BreadcrumbList","@id":"https:\/\/www.blogsoestado.com\/flaviobraga\/candidato-que-apresentou-contas-de-campanha-fora-do-prazo-tem-registro-indeferido\/#breadcrumb","itemListElement":[{"@type":"ListItem","position":1,"name":"In\u00edcio","item":"https:\/\/www.blogsoestado.com\/flaviobraga\/"},{"@type":"ListItem","position":2,"name":"Candidato que apresentou contas de campanha fora do prazo tem registro indeferido"}]},{"@type":"WebSite","@id":"https:\/\/www.blogsoestado.com\/flaviobraga\/#website","url":"https:\/\/www.blogsoestado.com\/flaviobraga\/","name":"Fl\u00e1vio Braga","description":"","potentialAction":[{"@type":"SearchAction","target":{"@type":"EntryPoint","urlTemplate":"https:\/\/www.blogsoestado.com\/flaviobraga\/?s={search_term_string}"},"query-input":{"@type":"PropertyValueSpecification","valueRequired":true,"valueName":"search_term_string"}}],"inLanguage":"pt-BR"},{"@type":"Person","@id":"https:\/\/www.blogsoestado.com\/flaviobraga\/#\/schema\/person\/6c6c778331775c757a82d15206bd8733","name":"Flavio Braga","image":{"@type":"ImageObject","inLanguage":"pt-BR","@id":"https:\/\/www.blogsoestado.com\/flaviobraga\/#\/schema\/person\/image\/","url":"https:\/\/secure.gravatar.com\/avatar\/ab173937dad8d78195c87778be8a0285d069ede375ce0ae24aac1cf8e58ccb2c?s=96&d=mm&r=g","contentUrl":"https:\/\/secure.gravatar.com\/avatar\/ab173937dad8d78195c87778be8a0285d069ede375ce0ae24aac1cf8e58ccb2c?s=96&d=mm&r=g","caption":"Flavio Braga"},"url":"https:\/\/www.blogsoestado.com\/flaviobraga\/author\/flaviobraga\/"}]}},"jetpack_featured_media_url":"","_links":{"self":[{"href":"https:\/\/www.blogsoestado.com\/flaviobraga\/wp-json\/wp\/v2\/posts\/888","targetHints":{"allow":["GET"]}}],"collection":[{"href":"https:\/\/www.blogsoestado.com\/flaviobraga\/wp-json\/wp\/v2\/posts"}],"about":[{"href":"https:\/\/www.blogsoestado.com\/flaviobraga\/wp-json\/wp\/v2\/types\/post"}],"author":[{"embeddable":true,"href":"https:\/\/www.blogsoestado.com\/flaviobraga\/wp-json\/wp\/v2\/users\/8"}],"replies":[{"embeddable":true,"href":"https:\/\/www.blogsoestado.com\/flaviobraga\/wp-json\/wp\/v2\/comments?post=888"}],"version-history":[{"count":0,"href":"https:\/\/www.blogsoestado.com\/flaviobraga\/wp-json\/wp\/v2\/posts\/888\/revisions"}],"wp:attachment":[{"href":"https:\/\/www.blogsoestado.com\/flaviobraga\/wp-json\/wp\/v2\/media?parent=888"}],"wp:term":[{"taxonomy":"category","embeddable":true,"href":"https:\/\/www.blogsoestado.com\/flaviobraga\/wp-json\/wp\/v2\/categories?post=888"},{"taxonomy":"post_tag","embeddable":true,"href":"https:\/\/www.blogsoestado.com\/flaviobraga\/wp-json\/wp\/v2\/tags?post=888"}],"curies":[{"name":"wp","href":"https:\/\/api.w.org\/{rel}","templated":true}]}}