{"id":889,"date":"2010-11-09T17:55:00","date_gmt":"2010-11-09T19:55:00","guid":{"rendered":"https:\/\/www.blogsoestado.com\/flaviobraga\/?p=889"},"modified":"2010-11-09T17:55:00","modified_gmt":"2010-11-09T19:55:00","slug":"ministro-arnaldo-versiani-e-reconduzido-ao-cargo-de-juiz-titular-do-tse","status":"publish","type":"post","link":"https:\/\/www.blogsoestado.com\/flaviobraga\/ministro-arnaldo-versiani-e-reconduzido-ao-cargo-de-juiz-titular-do-tse\/","title":{"rendered":"Ministro Arnaldo Versiani \u00e9 reconduzido ao cargo de juiz titular do TSE"},"content":{"rendered":"<p><a href=\"https:\/\/www.blogsoestado.com\/flaviobraga\/files\/2010\/11\/Versianni.jpg\"><img fetchpriority=\"high\" decoding=\"async\" class=\"alignleft size-full wp-image-890\" src=\"https:\/\/www.blogsoestado.com\/flaviobraga\/files\/2010\/11\/Versianni.jpg\" alt=\"\" width=\"224\" height=\"320\" \/><\/a>\u00a0O presidente da Rep\u00fablica, Luiz In\u00e1cio Lula da Silva, reconduziu o ministro Arnaldo Versiani (foto) \u00e0 vaga de ministro efetivo do Tribunal Superior Eleitoral (TSE). O nome de Versiani comp\u00f4s a lista tr\u00edplice elaborada pelo Plen\u00e1rio do Supremo Tribunal Federal (STF) e encaminhada, posteriormente, \u00e0 Presid\u00eancia da Rep\u00fablica.<\/p>\n<p>Arnaldo Versiani concorreu \u00e0 recondu\u00e7\u00e3o ao cargo ap\u00f3s ter cumprido dois anos como ministro efetivo. A Constitui\u00e7\u00e3o Federal permite a perman\u00eancia por dois bi\u00eanios, caso o presidente da Rep\u00fablica decida pela recondu\u00e7\u00e3o.<\/p>\n<p>O ministro foi o relator das resolu\u00e7\u00f5es que disciplinaram as Elei\u00e7\u00f5es 2010 e chegou \u00e0 Corte em maio de 2006, quando tomou posse na vaga de ministro substituto.<\/p>\n<p>Arnaldo Versiani \u00e9 de Belo Horizonte (MG) e tem 47 anos. Formou-se em Direito e em Ci\u00eancias Econ\u00f4micas pela Universidade de Bras\u00edlia (UnB) e, a partir de 1985, atuou nos ju\u00edzos e tribunais do Distrito Federal e nos tribunais superiores<\/p>\n","protected":false},"excerpt":{"rendered":"<p>\u00a0O presidente da Rep\u00fablica, Luiz In\u00e1cio Lula da Silva, reconduziu o ministro Arnaldo Versiani (foto) \u00e0 vaga de ministro efetivo [&hellip;]<\/p>\n","protected":false},"author":8,"featured_media":0,"comment_status":"open","ping_status":"open","sticky":false,"template":"","format":"standard","meta":{"site-sidebar-layout":"default","site-content-layout":"","ast-site-content-layout":"default","site-content-style":"default","site-sidebar-style":"default","ast-global-header-display":"","ast-banner-title-visibility":"","ast-main-header-display":"","ast-hfb-above-header-display":"","ast-hfb-below-header-display":"","ast-hfb-mobile-header-display":"","site-post-title":"","ast-breadcrumbs-content":"","ast-featured-img":"","footer-sml-layout":"","ast-disable-related-posts":"","theme-transparent-header-meta":"","adv-header-id-meta":"","stick-header-meta":"","header-above-stick-meta":"","header-main-stick-meta":"","header-below-stick-meta":"","astra-migrate-meta-layouts":"default","ast-page-background-enabled":"default","ast-page-background-meta":{"desktop":{"background-color":"var(--ast-global-color-5)","background-image":"","background-repeat":"repeat","background-position":"center center","background-size":"auto","background-attachment":"scroll","background-type":"","background-media":"","overlay-type":"","overlay-color":"","overlay-opacity":"","overlay-gradient":""},"tablet":{"background-color":"","background-image":"","background-repeat":"repeat","background-position":"center center","background-size":"auto","background-attachment":"scroll","background-type":"","background-media":"","overlay-type":"","overlay-color":"","overlay-opacity":"","overlay-gradient":""},"mobile":{"background-color":"","background-image":"","background-repeat":"repeat","background-position":"center center","background-size":"auto","background-attachment":"scroll","background-type":"","background-media":"","overlay-type":"","overlay-color":"","overlay-opacity":"","overlay-gradient":""}},"ast-content-background-meta":{"desktop":{"background-color":"var(--ast-global-color-4)","background-image":"","background-repeat":"repeat","background-position":"center center","background-size":"auto","background-attachment":"scroll","background-type":"","background-media":"","overlay-type":"","overlay-color":"","overlay-opacity":"","overlay-gradient":""},"tablet":{"background-color":"var(--ast-global-color-4)","background-image":"","background-repeat":"repeat","background-position":"center center","background-size":"auto","background-attachment":"scroll","background-type":"","background-media":"","overlay-type":"","overlay-color":"","overlay-opacity":"","overlay-gradient":""},"mobile":{"background-color":"var(--ast-global-color-4)","background-image":"","background-repeat":"repeat","background-position":"center center","background-size":"auto","background-attachment":"scroll","background-type":"","background-media":"","overlay-type":"","overlay-color":"","overlay-opacity":"","overlay-gradient":""}},"footnotes":""},"categories":[1],"tags":[],"class_list":["post-889","post","type-post","status-publish","format-standard","hentry","category-sem-categoria"],"yoast_head":"<!-- This site is optimized with the Yoast SEO plugin v26.6 - https:\/\/yoast.com\/wordpress\/plugins\/seo\/ -->\n<title>Ministro Arnaldo Versiani \u00e9 reconduzido ao cargo de juiz titular do TSE - Fl\u00e1vio Braga<\/title>\n<meta name=\"robots\" content=\"index, follow, max-snippet:-1, max-image-preview:large, max-video-preview:-1\" \/>\n<link rel=\"canonical\" href=\"https:\/\/www.blogsoestado.com\/flaviobraga\/ministro-arnaldo-versiani-e-reconduzido-ao-cargo-de-juiz-titular-do-tse\/\" \/>\n<meta property=\"og:locale\" content=\"pt_BR\" \/>\n<meta property=\"og:type\" content=\"article\" \/>\n<meta property=\"og:title\" content=\"Ministro Arnaldo Versiani \u00e9 reconduzido ao cargo de juiz titular do TSE - Fl\u00e1vio Braga\" \/>\n<meta property=\"og:description\" content=\"\u00a0O presidente da Rep\u00fablica, Luiz In\u00e1cio Lula da Silva, reconduziu o ministro Arnaldo Versiani (foto) \u00e0 vaga de ministro efetivo [&hellip;]\" \/>\n<meta property=\"og:url\" content=\"https:\/\/www.blogsoestado.com\/flaviobraga\/ministro-arnaldo-versiani-e-reconduzido-ao-cargo-de-juiz-titular-do-tse\/\" \/>\n<meta property=\"og:site_name\" content=\"Fl\u00e1vio Braga\" \/>\n<meta property=\"article:published_time\" content=\"2010-11-09T19:55:00+00:00\" \/>\n<meta property=\"og:image\" content=\"https:\/\/www.blogsoestado.com\/flaviobraga\/files\/2010\/11\/Versianni.jpg\" \/>\n<meta name=\"author\" content=\"Flavio Braga\" \/>\n<meta name=\"twitter:card\" content=\"summary_large_image\" \/>\n<meta name=\"twitter:label1\" content=\"Escrito por\" \/>\n\t<meta name=\"twitter:data1\" content=\"Flavio Braga\" \/>\n\t<meta name=\"twitter:label2\" content=\"Est. tempo de leitura\" \/>\n\t<meta name=\"twitter:data2\" content=\"1 minuto\" \/>\n<script type=\"application\/ld+json\" class=\"yoast-schema-graph\">{\"@context\":\"https:\/\/schema.org\",\"@graph\":[{\"@type\":\"WebPage\",\"@id\":\"https:\/\/www.blogsoestado.com\/flaviobraga\/ministro-arnaldo-versiani-e-reconduzido-ao-cargo-de-juiz-titular-do-tse\/\",\"url\":\"https:\/\/www.blogsoestado.com\/flaviobraga\/ministro-arnaldo-versiani-e-reconduzido-ao-cargo-de-juiz-titular-do-tse\/\",\"name\":\"Ministro Arnaldo Versiani \u00e9 reconduzido ao cargo de juiz titular do TSE - Fl\u00e1vio Braga\",\"isPartOf\":{\"@id\":\"https:\/\/www.blogsoestado.com\/flaviobraga\/#website\"},\"primaryImageOfPage\":{\"@id\":\"https:\/\/www.blogsoestado.com\/flaviobraga\/ministro-arnaldo-versiani-e-reconduzido-ao-cargo-de-juiz-titular-do-tse\/#primaryimage\"},\"image\":{\"@id\":\"https:\/\/www.blogsoestado.com\/flaviobraga\/ministro-arnaldo-versiani-e-reconduzido-ao-cargo-de-juiz-titular-do-tse\/#primaryimage\"},\"thumbnailUrl\":\"https:\/\/www.blogsoestado.com\/flaviobraga\/files\/2010\/11\/Versianni.jpg\",\"datePublished\":\"2010-11-09T19:55:00+00:00\",\"author\":{\"@id\":\"https:\/\/www.blogsoestado.com\/flaviobraga\/#\/schema\/person\/6c6c778331775c757a82d15206bd8733\"},\"breadcrumb\":{\"@id\":\"https:\/\/www.blogsoestado.com\/flaviobraga\/ministro-arnaldo-versiani-e-reconduzido-ao-cargo-de-juiz-titular-do-tse\/#breadcrumb\"},\"inLanguage\":\"pt-BR\",\"potentialAction\":[{\"@type\":\"ReadAction\",\"target\":[\"https:\/\/www.blogsoestado.com\/flaviobraga\/ministro-arnaldo-versiani-e-reconduzido-ao-cargo-de-juiz-titular-do-tse\/\"]}]},{\"@type\":\"ImageObject\",\"inLanguage\":\"pt-BR\",\"@id\":\"https:\/\/www.blogsoestado.com\/flaviobraga\/ministro-arnaldo-versiani-e-reconduzido-ao-cargo-de-juiz-titular-do-tse\/#primaryimage\",\"url\":\"https:\/\/www.blogsoestado.com\/flaviobraga\/files\/2010\/11\/Versianni.jpg\",\"contentUrl\":\"https:\/\/www.blogsoestado.com\/flaviobraga\/files\/2010\/11\/Versianni.jpg\"},{\"@type\":\"BreadcrumbList\",\"@id\":\"https:\/\/www.blogsoestado.com\/flaviobraga\/ministro-arnaldo-versiani-e-reconduzido-ao-cargo-de-juiz-titular-do-tse\/#breadcrumb\",\"itemListElement\":[{\"@type\":\"ListItem\",\"position\":1,\"name\":\"In\u00edcio\",\"item\":\"https:\/\/www.blogsoestado.com\/flaviobraga\/\"},{\"@type\":\"ListItem\",\"position\":2,\"name\":\"Ministro Arnaldo Versiani \u00e9 reconduzido ao cargo de juiz titular do TSE\"}]},{\"@type\":\"WebSite\",\"@id\":\"https:\/\/www.blogsoestado.com\/flaviobraga\/#website\",\"url\":\"https:\/\/www.blogsoestado.com\/flaviobraga\/\",\"name\":\"Fl\u00e1vio Braga\",\"description\":\"\",\"potentialAction\":[{\"@type\":\"SearchAction\",\"target\":{\"@type\":\"EntryPoint\",\"urlTemplate\":\"https:\/\/www.blogsoestado.com\/flaviobraga\/?s={search_term_string}\"},\"query-input\":{\"@type\":\"PropertyValueSpecification\",\"valueRequired\":true,\"valueName\":\"search_term_string\"}}],\"inLanguage\":\"pt-BR\"},{\"@type\":\"Person\",\"@id\":\"https:\/\/www.blogsoestado.com\/flaviobraga\/#\/schema\/person\/6c6c778331775c757a82d15206bd8733\",\"name\":\"Flavio Braga\",\"image\":{\"@type\":\"ImageObject\",\"inLanguage\":\"pt-BR\",\"@id\":\"https:\/\/www.blogsoestado.com\/flaviobraga\/#\/schema\/person\/image\/\",\"url\":\"https:\/\/secure.gravatar.com\/avatar\/ab173937dad8d78195c87778be8a0285d069ede375ce0ae24aac1cf8e58ccb2c?s=96&d=mm&r=g\",\"contentUrl\":\"https:\/\/secure.gravatar.com\/avatar\/ab173937dad8d78195c87778be8a0285d069ede375ce0ae24aac1cf8e58ccb2c?s=96&d=mm&r=g\",\"caption\":\"Flavio Braga\"},\"url\":\"https:\/\/www.blogsoestado.com\/flaviobraga\/author\/flaviobraga\/\"}]}<\/script>\n<!-- \/ Yoast SEO plugin. -->","yoast_head_json":{"title":"Ministro Arnaldo Versiani \u00e9 reconduzido ao cargo de juiz titular do TSE - Fl\u00e1vio Braga","robots":{"index":"index","follow":"follow","max-snippet":"max-snippet:-1","max-image-preview":"max-image-preview:large","max-video-preview":"max-video-preview:-1"},"canonical":"https:\/\/www.blogsoestado.com\/flaviobraga\/ministro-arnaldo-versiani-e-reconduzido-ao-cargo-de-juiz-titular-do-tse\/","og_locale":"pt_BR","og_type":"article","og_title":"Ministro Arnaldo Versiani \u00e9 reconduzido ao cargo de juiz titular do TSE - Fl\u00e1vio Braga","og_description":"\u00a0O presidente da Rep\u00fablica, Luiz In\u00e1cio Lula da Silva, reconduziu o ministro Arnaldo Versiani (foto) \u00e0 vaga de ministro efetivo [&hellip;]","og_url":"https:\/\/www.blogsoestado.com\/flaviobraga\/ministro-arnaldo-versiani-e-reconduzido-ao-cargo-de-juiz-titular-do-tse\/","og_site_name":"Fl\u00e1vio Braga","article_published_time":"2010-11-09T19:55:00+00:00","og_image":[{"url":"https:\/\/www.blogsoestado.com\/flaviobraga\/files\/2010\/11\/Versianni.jpg","type":"","width":"","height":""}],"author":"Flavio Braga","twitter_card":"summary_large_image","twitter_misc":{"Escrito por":"Flavio Braga","Est. tempo de leitura":"1 minuto"},"schema":{"@context":"https:\/\/schema.org","@graph":[{"@type":"WebPage","@id":"https:\/\/www.blogsoestado.com\/flaviobraga\/ministro-arnaldo-versiani-e-reconduzido-ao-cargo-de-juiz-titular-do-tse\/","url":"https:\/\/www.blogsoestado.com\/flaviobraga\/ministro-arnaldo-versiani-e-reconduzido-ao-cargo-de-juiz-titular-do-tse\/","name":"Ministro Arnaldo Versiani \u00e9 reconduzido ao cargo de juiz titular do TSE - Fl\u00e1vio Braga","isPartOf":{"@id":"https:\/\/www.blogsoestado.com\/flaviobraga\/#website"},"primaryImageOfPage":{"@id":"https:\/\/www.blogsoestado.com\/flaviobraga\/ministro-arnaldo-versiani-e-reconduzido-ao-cargo-de-juiz-titular-do-tse\/#primaryimage"},"image":{"@id":"https:\/\/www.blogsoestado.com\/flaviobraga\/ministro-arnaldo-versiani-e-reconduzido-ao-cargo-de-juiz-titular-do-tse\/#primaryimage"},"thumbnailUrl":"https:\/\/www.blogsoestado.com\/flaviobraga\/files\/2010\/11\/Versianni.jpg","datePublished":"2010-11-09T19:55:00+00:00","author":{"@id":"https:\/\/www.blogsoestado.com\/flaviobraga\/#\/schema\/person\/6c6c778331775c757a82d15206bd8733"},"breadcrumb":{"@id":"https:\/\/www.blogsoestado.com\/flaviobraga\/ministro-arnaldo-versiani-e-reconduzido-ao-cargo-de-juiz-titular-do-tse\/#breadcrumb"},"inLanguage":"pt-BR","potentialAction":[{"@type":"ReadAction","target":["https:\/\/www.blogsoestado.com\/flaviobraga\/ministro-arnaldo-versiani-e-reconduzido-ao-cargo-de-juiz-titular-do-tse\/"]}]},{"@type":"ImageObject","inLanguage":"pt-BR","@id":"https:\/\/www.blogsoestado.com\/flaviobraga\/ministro-arnaldo-versiani-e-reconduzido-ao-cargo-de-juiz-titular-do-tse\/#primaryimage","url":"https:\/\/www.blogsoestado.com\/flaviobraga\/files\/2010\/11\/Versianni.jpg","contentUrl":"https:\/\/www.blogsoestado.com\/flaviobraga\/files\/2010\/11\/Versianni.jpg"},{"@type":"BreadcrumbList","@id":"https:\/\/www.blogsoestado.com\/flaviobraga\/ministro-arnaldo-versiani-e-reconduzido-ao-cargo-de-juiz-titular-do-tse\/#breadcrumb","itemListElement":[{"@type":"ListItem","position":1,"name":"In\u00edcio","item":"https:\/\/www.blogsoestado.com\/flaviobraga\/"},{"@type":"ListItem","position":2,"name":"Ministro Arnaldo Versiani \u00e9 reconduzido ao cargo de juiz titular do TSE"}]},{"@type":"WebSite","@id":"https:\/\/www.blogsoestado.com\/flaviobraga\/#website","url":"https:\/\/www.blogsoestado.com\/flaviobraga\/","name":"Fl\u00e1vio Braga","description":"","potentialAction":[{"@type":"SearchAction","target":{"@type":"EntryPoint","urlTemplate":"https:\/\/www.blogsoestado.com\/flaviobraga\/?s={search_term_string}"},"query-input":{"@type":"PropertyValueSpecification","valueRequired":true,"valueName":"search_term_string"}}],"inLanguage":"pt-BR"},{"@type":"Person","@id":"https:\/\/www.blogsoestado.com\/flaviobraga\/#\/schema\/person\/6c6c778331775c757a82d15206bd8733","name":"Flavio Braga","image":{"@type":"ImageObject","inLanguage":"pt-BR","@id":"https:\/\/www.blogsoestado.com\/flaviobraga\/#\/schema\/person\/image\/","url":"https:\/\/secure.gravatar.com\/avatar\/ab173937dad8d78195c87778be8a0285d069ede375ce0ae24aac1cf8e58ccb2c?s=96&d=mm&r=g","contentUrl":"https:\/\/secure.gravatar.com\/avatar\/ab173937dad8d78195c87778be8a0285d069ede375ce0ae24aac1cf8e58ccb2c?s=96&d=mm&r=g","caption":"Flavio Braga"},"url":"https:\/\/www.blogsoestado.com\/flaviobraga\/author\/flaviobraga\/"}]}},"jetpack_featured_media_url":"","_links":{"self":[{"href":"https:\/\/www.blogsoestado.com\/flaviobraga\/wp-json\/wp\/v2\/posts\/889","targetHints":{"allow":["GET"]}}],"collection":[{"href":"https:\/\/www.blogsoestado.com\/flaviobraga\/wp-json\/wp\/v2\/posts"}],"about":[{"href":"https:\/\/www.blogsoestado.com\/flaviobraga\/wp-json\/wp\/v2\/types\/post"}],"author":[{"embeddable":true,"href":"https:\/\/www.blogsoestado.com\/flaviobraga\/wp-json\/wp\/v2\/users\/8"}],"replies":[{"embeddable":true,"href":"https:\/\/www.blogsoestado.com\/flaviobraga\/wp-json\/wp\/v2\/comments?post=889"}],"version-history":[{"count":0,"href":"https:\/\/www.blogsoestado.com\/flaviobraga\/wp-json\/wp\/v2\/posts\/889\/revisions"}],"wp:attachment":[{"href":"https:\/\/www.blogsoestado.com\/flaviobraga\/wp-json\/wp\/v2\/media?parent=889"}],"wp:term":[{"taxonomy":"category","embeddable":true,"href":"https:\/\/www.blogsoestado.com\/flaviobraga\/wp-json\/wp\/v2\/categories?post=889"},{"taxonomy":"post_tag","embeddable":true,"href":"https:\/\/www.blogsoestado.com\/flaviobraga\/wp-json\/wp\/v2\/tags?post=889"}],"curies":[{"name":"wp","href":"https:\/\/api.w.org\/{rel}","templated":true}]}}