{"id":900,"date":"2010-11-16T16:53:43","date_gmt":"2010-11-16T18:53:43","guid":{"rendered":"https:\/\/www.blogsoestado.com\/flaviobraga\/?p=900"},"modified":"2010-11-16T16:53:43","modified_gmt":"2010-11-16T18:53:43","slug":"nao-compete-ao-cnj-revisar-atos-jurisdicionais-diz-ministro-celso-de-mello-integra-do-voto","status":"publish","type":"post","link":"https:\/\/www.blogsoestado.com\/flaviobraga\/nao-compete-ao-cnj-revisar-atos-jurisdicionais-diz-ministro-celso-de-mello-integra-do-voto\/","title":{"rendered":"N\u00e3o compete ao CNJ revisar atos jurisdicionais, diz ministro Celso de Mello (\u00edntegra do voto)"},"content":{"rendered":"<p>Leia a \u00edntegra do voto do ministro Celso de Mello apresentado na sess\u00e3o plen\u00e1ria do Supremo Tribunal Federal, do dia 14 de outubro, no julgamento dos Mandados de Seguran\u00e7a (MS) 28598 e 28611. Na ocasi\u00e3o, o Plen\u00e1rio manteve as liminares do ministro Celso de Mello que suspenderam duas decis\u00f5es do corregedor do Conselho Nacional de Justi\u00e7a (CNJ) que &#8220;tornou sem efeito&#8221; ac\u00f3rd\u00e3os do TJ-MA.<\/p>\n<p>Essas decis\u00f5es concederam mandados de seguran\u00e7a\u00a0a titulares de cart\u00f3rios do 2\u00ba Of\u00edcio Extrajudicial, respectivamente de Barra do Corda e de Balsas, ambos no estado do Maranh\u00e3o.<\/p>\n<p>Com a decis\u00e3o, os ministros entenderam que o CNJ n\u00e3o tem poderes para exercer a fiscaliza\u00e7\u00e3o de atos de conte\u00fado jurisdicional, e que sua compet\u00eancia restringe-se aos \u00e2mbitos administrativo, financeiro e disciplinar, relativamente ao Poder Judici\u00e1rio e seus servi\u00e7os auxiliares, conforme disp\u00f5e a Emenda Constitucional (EC) n\u00ba 45\/2004. Essa emenda introduziu no texto da Constitui\u00e7\u00e3o Federal (CF) o artigo 103-B, par\u00e1grafo 4\u00ba, que define a compet\u00eancia do Conselho.<\/p>\n<p>&#8211; <a href=\"http:\/\/www.stf.jus.br\/arquivo\/cms\/noticiaNoticiaStf\/anexo\/MS28598.pdf\">\u00cdntegra do relat\u00f3rio e voto<\/a><\/p>\n<p>&#8211; <a href=\"http:\/\/www.stf.jus.br\/arquivo\/cms\/noticiaNoticiaStf\/anexo\/MS28598ementa.pdf\">Ementa<\/a><\/p>\n","protected":false},"excerpt":{"rendered":"<p>Leia a \u00edntegra do voto do ministro Celso de Mello apresentado na sess\u00e3o plen\u00e1ria do Supremo Tribunal Federal, do dia [&hellip;]<\/p>\n","protected":false},"author":8,"featured_media":0,"comment_status":"open","ping_status":"open","sticky":false,"template":"","format":"standard","meta":{"site-sidebar-layout":"default","site-content-layout":"","ast-site-content-layout":"default","site-content-style":"default","site-sidebar-style":"default","ast-global-header-display":"","ast-banner-title-visibility":"","ast-main-header-display":"","ast-hfb-above-header-display":"","ast-hfb-below-header-display":"","ast-hfb-mobile-header-display":"","site-post-title":"","ast-breadcrumbs-content":"","ast-featured-img":"","footer-sml-layout":"","ast-disable-related-posts":"","theme-transparent-header-meta":"","adv-header-id-meta":"","stick-header-meta":"","header-above-stick-meta":"","header-main-stick-meta":"","header-below-stick-meta":"","astra-migrate-meta-layouts":"default","ast-page-background-enabled":"default","ast-page-background-meta":{"desktop":{"background-color":"var(--ast-global-color-5)","background-image":"","background-repeat":"repeat","background-position":"center center","background-size":"auto","background-attachment":"scroll","background-type":"","background-media":"","overlay-type":"","overlay-color":"","overlay-opacity":"","overlay-gradient":""},"tablet":{"background-color":"","background-image":"","background-repeat":"repeat","background-position":"center center","background-size":"auto","background-attachment":"scroll","background-type":"","background-media":"","overlay-type":"","overlay-color":"","overlay-opacity":"","overlay-gradient":""},"mobile":{"background-color":"","background-image":"","background-repeat":"repeat","background-position":"center center","background-size":"auto","background-attachment":"scroll","background-type":"","background-media":"","overlay-type":"","overlay-color":"","overlay-opacity":"","overlay-gradient":""}},"ast-content-background-meta":{"desktop":{"background-color":"var(--ast-global-color-4)","background-image":"","background-repeat":"repeat","background-position":"center center","background-size":"auto","background-attachment":"scroll","background-type":"","background-media":"","overlay-type":"","overlay-color":"","overlay-opacity":"","overlay-gradient":""},"tablet":{"background-color":"var(--ast-global-color-4)","background-image":"","background-repeat":"repeat","background-position":"center center","background-size":"auto","background-attachment":"scroll","background-type":"","background-media":"","overlay-type":"","overlay-color":"","overlay-opacity":"","overlay-gradient":""},"mobile":{"background-color":"var(--ast-global-color-4)","background-image":"","background-repeat":"repeat","background-position":"center center","background-size":"auto","background-attachment":"scroll","background-type":"","background-media":"","overlay-type":"","overlay-color":"","overlay-opacity":"","overlay-gradient":""}},"footnotes":""},"categories":[1],"tags":[],"class_list":["post-900","post","type-post","status-publish","format-standard","hentry","category-sem-categoria"],"yoast_head":"<!-- This site is optimized with the Yoast SEO plugin v26.6 - https:\/\/yoast.com\/wordpress\/plugins\/seo\/ -->\n<title>N\u00e3o compete ao CNJ revisar atos jurisdicionais, diz ministro Celso de Mello (\u00edntegra do voto) - Fl\u00e1vio Braga<\/title>\n<meta name=\"robots\" content=\"index, follow, max-snippet:-1, max-image-preview:large, max-video-preview:-1\" \/>\n<link rel=\"canonical\" href=\"https:\/\/www.blogsoestado.com\/flaviobraga\/nao-compete-ao-cnj-revisar-atos-jurisdicionais-diz-ministro-celso-de-mello-integra-do-voto\/\" \/>\n<meta property=\"og:locale\" content=\"pt_BR\" \/>\n<meta property=\"og:type\" content=\"article\" \/>\n<meta property=\"og:title\" content=\"N\u00e3o compete ao CNJ revisar atos jurisdicionais, diz ministro Celso de Mello (\u00edntegra do voto) - Fl\u00e1vio Braga\" \/>\n<meta property=\"og:description\" content=\"Leia a \u00edntegra do voto do ministro Celso de Mello apresentado na sess\u00e3o plen\u00e1ria do Supremo Tribunal Federal, do dia [&hellip;]\" \/>\n<meta property=\"og:url\" content=\"https:\/\/www.blogsoestado.com\/flaviobraga\/nao-compete-ao-cnj-revisar-atos-jurisdicionais-diz-ministro-celso-de-mello-integra-do-voto\/\" \/>\n<meta property=\"og:site_name\" content=\"Fl\u00e1vio Braga\" \/>\n<meta property=\"article:published_time\" content=\"2010-11-16T18:53:43+00:00\" \/>\n<meta name=\"author\" content=\"Flavio Braga\" \/>\n<meta name=\"twitter:card\" content=\"summary_large_image\" \/>\n<meta name=\"twitter:label1\" content=\"Escrito por\" \/>\n\t<meta name=\"twitter:data1\" content=\"Flavio Braga\" \/>\n\t<meta name=\"twitter:label2\" content=\"Est. tempo de leitura\" \/>\n\t<meta name=\"twitter:data2\" content=\"1 minuto\" \/>\n<script type=\"application\/ld+json\" class=\"yoast-schema-graph\">{\"@context\":\"https:\/\/schema.org\",\"@graph\":[{\"@type\":\"WebPage\",\"@id\":\"https:\/\/www.blogsoestado.com\/flaviobraga\/nao-compete-ao-cnj-revisar-atos-jurisdicionais-diz-ministro-celso-de-mello-integra-do-voto\/\",\"url\":\"https:\/\/www.blogsoestado.com\/flaviobraga\/nao-compete-ao-cnj-revisar-atos-jurisdicionais-diz-ministro-celso-de-mello-integra-do-voto\/\",\"name\":\"N\u00e3o compete ao CNJ revisar atos jurisdicionais, diz ministro Celso de Mello (\u00edntegra do voto) - Fl\u00e1vio Braga\",\"isPartOf\":{\"@id\":\"https:\/\/www.blogsoestado.com\/flaviobraga\/#website\"},\"datePublished\":\"2010-11-16T18:53:43+00:00\",\"author\":{\"@id\":\"https:\/\/www.blogsoestado.com\/flaviobraga\/#\/schema\/person\/6c6c778331775c757a82d15206bd8733\"},\"breadcrumb\":{\"@id\":\"https:\/\/www.blogsoestado.com\/flaviobraga\/nao-compete-ao-cnj-revisar-atos-jurisdicionais-diz-ministro-celso-de-mello-integra-do-voto\/#breadcrumb\"},\"inLanguage\":\"pt-BR\",\"potentialAction\":[{\"@type\":\"ReadAction\",\"target\":[\"https:\/\/www.blogsoestado.com\/flaviobraga\/nao-compete-ao-cnj-revisar-atos-jurisdicionais-diz-ministro-celso-de-mello-integra-do-voto\/\"]}]},{\"@type\":\"BreadcrumbList\",\"@id\":\"https:\/\/www.blogsoestado.com\/flaviobraga\/nao-compete-ao-cnj-revisar-atos-jurisdicionais-diz-ministro-celso-de-mello-integra-do-voto\/#breadcrumb\",\"itemListElement\":[{\"@type\":\"ListItem\",\"position\":1,\"name\":\"In\u00edcio\",\"item\":\"https:\/\/www.blogsoestado.com\/flaviobraga\/\"},{\"@type\":\"ListItem\",\"position\":2,\"name\":\"N\u00e3o compete ao CNJ revisar atos jurisdicionais, diz ministro Celso de Mello (\u00edntegra do voto)\"}]},{\"@type\":\"WebSite\",\"@id\":\"https:\/\/www.blogsoestado.com\/flaviobraga\/#website\",\"url\":\"https:\/\/www.blogsoestado.com\/flaviobraga\/\",\"name\":\"Fl\u00e1vio Braga\",\"description\":\"\",\"potentialAction\":[{\"@type\":\"SearchAction\",\"target\":{\"@type\":\"EntryPoint\",\"urlTemplate\":\"https:\/\/www.blogsoestado.com\/flaviobraga\/?s={search_term_string}\"},\"query-input\":{\"@type\":\"PropertyValueSpecification\",\"valueRequired\":true,\"valueName\":\"search_term_string\"}}],\"inLanguage\":\"pt-BR\"},{\"@type\":\"Person\",\"@id\":\"https:\/\/www.blogsoestado.com\/flaviobraga\/#\/schema\/person\/6c6c778331775c757a82d15206bd8733\",\"name\":\"Flavio Braga\",\"image\":{\"@type\":\"ImageObject\",\"inLanguage\":\"pt-BR\",\"@id\":\"https:\/\/www.blogsoestado.com\/flaviobraga\/#\/schema\/person\/image\/\",\"url\":\"https:\/\/secure.gravatar.com\/avatar\/ab173937dad8d78195c87778be8a0285d069ede375ce0ae24aac1cf8e58ccb2c?s=96&d=mm&r=g\",\"contentUrl\":\"https:\/\/secure.gravatar.com\/avatar\/ab173937dad8d78195c87778be8a0285d069ede375ce0ae24aac1cf8e58ccb2c?s=96&d=mm&r=g\",\"caption\":\"Flavio Braga\"},\"url\":\"https:\/\/www.blogsoestado.com\/flaviobraga\/author\/flaviobraga\/\"}]}<\/script>\n<!-- \/ Yoast SEO plugin. -->","yoast_head_json":{"title":"N\u00e3o compete ao CNJ revisar atos jurisdicionais, diz ministro Celso de Mello (\u00edntegra do voto) - Fl\u00e1vio Braga","robots":{"index":"index","follow":"follow","max-snippet":"max-snippet:-1","max-image-preview":"max-image-preview:large","max-video-preview":"max-video-preview:-1"},"canonical":"https:\/\/www.blogsoestado.com\/flaviobraga\/nao-compete-ao-cnj-revisar-atos-jurisdicionais-diz-ministro-celso-de-mello-integra-do-voto\/","og_locale":"pt_BR","og_type":"article","og_title":"N\u00e3o compete ao CNJ revisar atos jurisdicionais, diz ministro Celso de Mello (\u00edntegra do voto) - Fl\u00e1vio Braga","og_description":"Leia a \u00edntegra do voto do ministro Celso de Mello apresentado na sess\u00e3o plen\u00e1ria do Supremo Tribunal Federal, do dia [&hellip;]","og_url":"https:\/\/www.blogsoestado.com\/flaviobraga\/nao-compete-ao-cnj-revisar-atos-jurisdicionais-diz-ministro-celso-de-mello-integra-do-voto\/","og_site_name":"Fl\u00e1vio Braga","article_published_time":"2010-11-16T18:53:43+00:00","author":"Flavio Braga","twitter_card":"summary_large_image","twitter_misc":{"Escrito por":"Flavio Braga","Est. tempo de leitura":"1 minuto"},"schema":{"@context":"https:\/\/schema.org","@graph":[{"@type":"WebPage","@id":"https:\/\/www.blogsoestado.com\/flaviobraga\/nao-compete-ao-cnj-revisar-atos-jurisdicionais-diz-ministro-celso-de-mello-integra-do-voto\/","url":"https:\/\/www.blogsoestado.com\/flaviobraga\/nao-compete-ao-cnj-revisar-atos-jurisdicionais-diz-ministro-celso-de-mello-integra-do-voto\/","name":"N\u00e3o compete ao CNJ revisar atos jurisdicionais, diz ministro Celso de Mello (\u00edntegra do voto) - Fl\u00e1vio Braga","isPartOf":{"@id":"https:\/\/www.blogsoestado.com\/flaviobraga\/#website"},"datePublished":"2010-11-16T18:53:43+00:00","author":{"@id":"https:\/\/www.blogsoestado.com\/flaviobraga\/#\/schema\/person\/6c6c778331775c757a82d15206bd8733"},"breadcrumb":{"@id":"https:\/\/www.blogsoestado.com\/flaviobraga\/nao-compete-ao-cnj-revisar-atos-jurisdicionais-diz-ministro-celso-de-mello-integra-do-voto\/#breadcrumb"},"inLanguage":"pt-BR","potentialAction":[{"@type":"ReadAction","target":["https:\/\/www.blogsoestado.com\/flaviobraga\/nao-compete-ao-cnj-revisar-atos-jurisdicionais-diz-ministro-celso-de-mello-integra-do-voto\/"]}]},{"@type":"BreadcrumbList","@id":"https:\/\/www.blogsoestado.com\/flaviobraga\/nao-compete-ao-cnj-revisar-atos-jurisdicionais-diz-ministro-celso-de-mello-integra-do-voto\/#breadcrumb","itemListElement":[{"@type":"ListItem","position":1,"name":"In\u00edcio","item":"https:\/\/www.blogsoestado.com\/flaviobraga\/"},{"@type":"ListItem","position":2,"name":"N\u00e3o compete ao CNJ revisar atos jurisdicionais, diz ministro Celso de Mello (\u00edntegra do voto)"}]},{"@type":"WebSite","@id":"https:\/\/www.blogsoestado.com\/flaviobraga\/#website","url":"https:\/\/www.blogsoestado.com\/flaviobraga\/","name":"Fl\u00e1vio Braga","description":"","potentialAction":[{"@type":"SearchAction","target":{"@type":"EntryPoint","urlTemplate":"https:\/\/www.blogsoestado.com\/flaviobraga\/?s={search_term_string}"},"query-input":{"@type":"PropertyValueSpecification","valueRequired":true,"valueName":"search_term_string"}}],"inLanguage":"pt-BR"},{"@type":"Person","@id":"https:\/\/www.blogsoestado.com\/flaviobraga\/#\/schema\/person\/6c6c778331775c757a82d15206bd8733","name":"Flavio Braga","image":{"@type":"ImageObject","inLanguage":"pt-BR","@id":"https:\/\/www.blogsoestado.com\/flaviobraga\/#\/schema\/person\/image\/","url":"https:\/\/secure.gravatar.com\/avatar\/ab173937dad8d78195c87778be8a0285d069ede375ce0ae24aac1cf8e58ccb2c?s=96&d=mm&r=g","contentUrl":"https:\/\/secure.gravatar.com\/avatar\/ab173937dad8d78195c87778be8a0285d069ede375ce0ae24aac1cf8e58ccb2c?s=96&d=mm&r=g","caption":"Flavio Braga"},"url":"https:\/\/www.blogsoestado.com\/flaviobraga\/author\/flaviobraga\/"}]}},"jetpack_featured_media_url":"","_links":{"self":[{"href":"https:\/\/www.blogsoestado.com\/flaviobraga\/wp-json\/wp\/v2\/posts\/900","targetHints":{"allow":["GET"]}}],"collection":[{"href":"https:\/\/www.blogsoestado.com\/flaviobraga\/wp-json\/wp\/v2\/posts"}],"about":[{"href":"https:\/\/www.blogsoestado.com\/flaviobraga\/wp-json\/wp\/v2\/types\/post"}],"author":[{"embeddable":true,"href":"https:\/\/www.blogsoestado.com\/flaviobraga\/wp-json\/wp\/v2\/users\/8"}],"replies":[{"embeddable":true,"href":"https:\/\/www.blogsoestado.com\/flaviobraga\/wp-json\/wp\/v2\/comments?post=900"}],"version-history":[{"count":0,"href":"https:\/\/www.blogsoestado.com\/flaviobraga\/wp-json\/wp\/v2\/posts\/900\/revisions"}],"wp:attachment":[{"href":"https:\/\/www.blogsoestado.com\/flaviobraga\/wp-json\/wp\/v2\/media?parent=900"}],"wp:term":[{"taxonomy":"category","embeddable":true,"href":"https:\/\/www.blogsoestado.com\/flaviobraga\/wp-json\/wp\/v2\/categories?post=900"},{"taxonomy":"post_tag","embeddable":true,"href":"https:\/\/www.blogsoestado.com\/flaviobraga\/wp-json\/wp\/v2\/tags?post=900"}],"curies":[{"name":"wp","href":"https:\/\/api.w.org\/{rel}","templated":true}]}}