{"id":902,"date":"2010-11-16T20:33:27","date_gmt":"2010-11-16T22:33:27","guid":{"rendered":"https:\/\/www.blogsoestado.com\/flaviobraga\/?p=902"},"modified":"2010-11-16T20:33:27","modified_gmt":"2010-11-16T22:33:27","slug":"tendencia-de-avanco-da-mulher-na-politica","status":"publish","type":"post","link":"https:\/\/www.blogsoestado.com\/flaviobraga\/tendencia-de-avanco-da-mulher-na-politica\/","title":{"rendered":"Tend\u00eancia de avan\u00e7o da mulher na pol\u00edtica"},"content":{"rendered":"<p><strong>Ant\u00f4nio Augusto de Queiroz*<\/strong><\/p>\n<p>A representa\u00e7\u00e3o da mulher na pol\u00edtica e no exerc\u00edcio de cargos p\u00fablicos est\u00e1 longe de refletir sua import\u00e2ncia na sociedade. Entretanto, dois fatos recentes certamente contribuir\u00e3o para o crescimento da presen\u00e7a feminina na vida p\u00fablica \u2013 pol\u00edtica e eleitoral. Primeiro, foram as tr\u00eas mudan\u00e7as recentes na legisla\u00e7\u00e3o eleitoral e, mais recentemente, a elei\u00e7\u00e3o de Dilma Rousseff como primeira mulher a ocupar o mais alto cargo da Rep\u00fablica.<\/p>\n<p>As tr\u00eas mudan\u00e7as na legisla\u00e7\u00e3o eleitoral t\u00eam por objetivo ampliar a presen\u00e7a feminina nas disputas pol\u00edticas e eleitorais. A primeira consiste na obrigatoriedade das cotas, ou seja, que nenhum dos sexos tenha menos de 30% de candidatos aos cargos eletivos. A segunda assegura que pelo menos 5% das receitas partid\u00e1rias sejam destinadas \u00e0 divulga\u00e7\u00e3o das causas, programas e interesses das mulheres. A terceira determina que pelo menos 10% do hor\u00e1rio eleitoral dos partidos ser\u00e3o utilizados para difundir a participa\u00e7\u00e3o pol\u00edtica feminina.<\/p>\n<p>A elei\u00e7\u00e3o de Dilma Rousseff para o cargo de presidente da Rep\u00fablica, acompanhada do compromisso de que um ter\u00e7o do Minist\u00e9rio ser\u00e1 composto por mulheres, algo como uma dezena de ministras, seguramente ir\u00e1 impulsionar, tanto culturalmente quanto materialmente, a participa\u00e7\u00e3o da mulher na pol\u00edtica. A pr\u00f3pria presen\u00e7a de duas mulheres na disputa da elei\u00e7\u00e3o presidencial j\u00e1 foi um indicativo importante da tend\u00eancia que se vislumbra para um futuro breve.<\/p>\n<p>A decis\u00e3o pol\u00edtica da presidente de reservar pouco mais de dez dos 37 cargos com status de ministro de Estado para mulheres, se cumprida integralmente, abrir\u00e1 novos espa\u00e7os de poder e decis\u00e3o na esfera p\u00fablica. Para que se tenha dimens\u00e3o dessa decis\u00e3o, basta dizer que desde a funda\u00e7\u00e3o da Rep\u00fablica apenas 17 mulheres ocuparam cargos de ministras de Estado.<\/p>\n<p>O desempenho eleitoral das mulheres na elei\u00e7\u00e3o para a C\u00e2mara e Senado, que mantiveram suas representa\u00e7\u00f5es nessas duas Casas do Congresso, com respectivamente 45 e 13, ficou aqu\u00e9m das expectativas. Mas o fato de duas mulheres terem brilhado na disputa presidencial, al\u00e9m de ter levantado a autoestima feminina, \u00e9 um indicativo importante na perspectiva de promover a igualdade de g\u00eanero e estabelecer novos par\u00e2metros para mulheres e homens na sociedade do s\u00e9culo XXI.<\/p>\n<p>A tend\u00eancia, portanto, ser\u00e1 de crescimento da presen\u00e7a das mulheres em postos antes ocupados majoritariamente por homens. E a amplia\u00e7\u00e3o da presen\u00e7a da mulher, tanto em postos de mando na iniciativa privada, quanto nos poderes Legislativo, Executivo e Judici\u00e1rio se dar\u00e1 a curto e m\u00e9dio prazos.\u00a0 No setor privado e no Judici\u00e1rio, por m\u00e9rito, via concurso p\u00fablico, e no Legislativo e Executivo pela disputa eleitoral e pol\u00edtica. Viva a mulher brasileira.<\/p>\n<p><em>*Jornalista, analista pol\u00edtico, diretor de Documenta\u00e7\u00e3o do Diap e autor dos livros \u201cPor dentro do Governo \u2013 como funciona a m\u00e1quina p\u00fablica e \u201cPor dentro do processo decis\u00f3rio \u2013 como se fazem as leis\u201d<\/em><\/p>\n","protected":false},"excerpt":{"rendered":"<p>Ant\u00f4nio Augusto de Queiroz* A representa\u00e7\u00e3o da mulher na pol\u00edtica e no exerc\u00edcio de cargos p\u00fablicos est\u00e1 longe de refletir [&hellip;]<\/p>\n","protected":false},"author":8,"featured_media":0,"comment_status":"open","ping_status":"open","sticky":false,"template":"","format":"standard","meta":{"site-sidebar-layout":"default","site-content-layout":"","ast-site-content-layout":"default","site-content-style":"default","site-sidebar-style":"default","ast-global-header-display":"","ast-banner-title-visibility":"","ast-main-header-display":"","ast-hfb-above-header-display":"","ast-hfb-below-header-display":"","ast-hfb-mobile-header-display":"","site-post-title":"","ast-breadcrumbs-content":"","ast-featured-img":"","footer-sml-layout":"","ast-disable-related-posts":"","theme-transparent-header-meta":"","adv-header-id-meta":"","stick-header-meta":"","header-above-stick-meta":"","header-main-stick-meta":"","header-below-stick-meta":"","astra-migrate-meta-layouts":"default","ast-page-background-enabled":"default","ast-page-background-meta":{"desktop":{"background-color":"var(--ast-global-color-5)","background-image":"","background-repeat":"repeat","background-position":"center center","background-size":"auto","background-attachment":"scroll","background-type":"","background-media":"","overlay-type":"","overlay-color":"","overlay-opacity":"","overlay-gradient":""},"tablet":{"background-color":"","background-image":"","background-repeat":"repeat","background-position":"center center","background-size":"auto","background-attachment":"scroll","background-type":"","background-media":"","overlay-type":"","overlay-color":"","overlay-opacity":"","overlay-gradient":""},"mobile":{"background-color":"","background-image":"","background-repeat":"repeat","background-position":"center center","background-size":"auto","background-attachment":"scroll","background-type":"","background-media":"","overlay-type":"","overlay-color":"","overlay-opacity":"","overlay-gradient":""}},"ast-content-background-meta":{"desktop":{"background-color":"var(--ast-global-color-4)","background-image":"","background-repeat":"repeat","background-position":"center center","background-size":"auto","background-attachment":"scroll","background-type":"","background-media":"","overlay-type":"","overlay-color":"","overlay-opacity":"","overlay-gradient":""},"tablet":{"background-color":"var(--ast-global-color-4)","background-image":"","background-repeat":"repeat","background-position":"center center","background-size":"auto","background-attachment":"scroll","background-type":"","background-media":"","overlay-type":"","overlay-color":"","overlay-opacity":"","overlay-gradient":""},"mobile":{"background-color":"var(--ast-global-color-4)","background-image":"","background-repeat":"repeat","background-position":"center center","background-size":"auto","background-attachment":"scroll","background-type":"","background-media":"","overlay-type":"","overlay-color":"","overlay-opacity":"","overlay-gradient":""}},"footnotes":""},"categories":[1],"tags":[],"class_list":["post-902","post","type-post","status-publish","format-standard","hentry","category-sem-categoria"],"yoast_head":"<!-- This site is optimized with the Yoast SEO plugin v26.6 - https:\/\/yoast.com\/wordpress\/plugins\/seo\/ -->\n<title>Tend\u00eancia de avan\u00e7o da mulher na pol\u00edtica - Fl\u00e1vio Braga<\/title>\n<meta name=\"robots\" content=\"index, follow, max-snippet:-1, max-image-preview:large, max-video-preview:-1\" \/>\n<link rel=\"canonical\" href=\"https:\/\/www.blogsoestado.com\/flaviobraga\/tendencia-de-avanco-da-mulher-na-politica\/\" \/>\n<meta property=\"og:locale\" content=\"pt_BR\" \/>\n<meta property=\"og:type\" content=\"article\" \/>\n<meta property=\"og:title\" content=\"Tend\u00eancia de avan\u00e7o da mulher na pol\u00edtica - Fl\u00e1vio Braga\" \/>\n<meta property=\"og:description\" content=\"Ant\u00f4nio Augusto de Queiroz* A representa\u00e7\u00e3o da mulher na pol\u00edtica e no exerc\u00edcio de cargos p\u00fablicos est\u00e1 longe de refletir [&hellip;]\" \/>\n<meta property=\"og:url\" content=\"https:\/\/www.blogsoestado.com\/flaviobraga\/tendencia-de-avanco-da-mulher-na-politica\/\" \/>\n<meta property=\"og:site_name\" content=\"Fl\u00e1vio Braga\" \/>\n<meta property=\"article:published_time\" content=\"2010-11-16T22:33:27+00:00\" \/>\n<meta name=\"author\" content=\"Flavio Braga\" \/>\n<meta name=\"twitter:card\" content=\"summary_large_image\" \/>\n<meta name=\"twitter:label1\" content=\"Escrito por\" \/>\n\t<meta name=\"twitter:data1\" content=\"Flavio Braga\" \/>\n\t<meta name=\"twitter:label2\" content=\"Est. tempo de leitura\" \/>\n\t<meta name=\"twitter:data2\" content=\"3 minutos\" \/>\n<script type=\"application\/ld+json\" class=\"yoast-schema-graph\">{\"@context\":\"https:\/\/schema.org\",\"@graph\":[{\"@type\":\"WebPage\",\"@id\":\"https:\/\/www.blogsoestado.com\/flaviobraga\/tendencia-de-avanco-da-mulher-na-politica\/\",\"url\":\"https:\/\/www.blogsoestado.com\/flaviobraga\/tendencia-de-avanco-da-mulher-na-politica\/\",\"name\":\"Tend\u00eancia de avan\u00e7o da mulher na pol\u00edtica - Fl\u00e1vio Braga\",\"isPartOf\":{\"@id\":\"https:\/\/www.blogsoestado.com\/flaviobraga\/#website\"},\"datePublished\":\"2010-11-16T22:33:27+00:00\",\"author\":{\"@id\":\"https:\/\/www.blogsoestado.com\/flaviobraga\/#\/schema\/person\/6c6c778331775c757a82d15206bd8733\"},\"breadcrumb\":{\"@id\":\"https:\/\/www.blogsoestado.com\/flaviobraga\/tendencia-de-avanco-da-mulher-na-politica\/#breadcrumb\"},\"inLanguage\":\"pt-BR\",\"potentialAction\":[{\"@type\":\"ReadAction\",\"target\":[\"https:\/\/www.blogsoestado.com\/flaviobraga\/tendencia-de-avanco-da-mulher-na-politica\/\"]}]},{\"@type\":\"BreadcrumbList\",\"@id\":\"https:\/\/www.blogsoestado.com\/flaviobraga\/tendencia-de-avanco-da-mulher-na-politica\/#breadcrumb\",\"itemListElement\":[{\"@type\":\"ListItem\",\"position\":1,\"name\":\"In\u00edcio\",\"item\":\"https:\/\/www.blogsoestado.com\/flaviobraga\/\"},{\"@type\":\"ListItem\",\"position\":2,\"name\":\"Tend\u00eancia de avan\u00e7o da mulher na pol\u00edtica\"}]},{\"@type\":\"WebSite\",\"@id\":\"https:\/\/www.blogsoestado.com\/flaviobraga\/#website\",\"url\":\"https:\/\/www.blogsoestado.com\/flaviobraga\/\",\"name\":\"Fl\u00e1vio Braga\",\"description\":\"\",\"potentialAction\":[{\"@type\":\"SearchAction\",\"target\":{\"@type\":\"EntryPoint\",\"urlTemplate\":\"https:\/\/www.blogsoestado.com\/flaviobraga\/?s={search_term_string}\"},\"query-input\":{\"@type\":\"PropertyValueSpecification\",\"valueRequired\":true,\"valueName\":\"search_term_string\"}}],\"inLanguage\":\"pt-BR\"},{\"@type\":\"Person\",\"@id\":\"https:\/\/www.blogsoestado.com\/flaviobraga\/#\/schema\/person\/6c6c778331775c757a82d15206bd8733\",\"name\":\"Flavio Braga\",\"image\":{\"@type\":\"ImageObject\",\"inLanguage\":\"pt-BR\",\"@id\":\"https:\/\/www.blogsoestado.com\/flaviobraga\/#\/schema\/person\/image\/\",\"url\":\"https:\/\/secure.gravatar.com\/avatar\/ab173937dad8d78195c87778be8a0285d069ede375ce0ae24aac1cf8e58ccb2c?s=96&d=mm&r=g\",\"contentUrl\":\"https:\/\/secure.gravatar.com\/avatar\/ab173937dad8d78195c87778be8a0285d069ede375ce0ae24aac1cf8e58ccb2c?s=96&d=mm&r=g\",\"caption\":\"Flavio Braga\"},\"url\":\"https:\/\/www.blogsoestado.com\/flaviobraga\/author\/flaviobraga\/\"}]}<\/script>\n<!-- \/ Yoast SEO plugin. -->","yoast_head_json":{"title":"Tend\u00eancia de avan\u00e7o da mulher na pol\u00edtica - Fl\u00e1vio Braga","robots":{"index":"index","follow":"follow","max-snippet":"max-snippet:-1","max-image-preview":"max-image-preview:large","max-video-preview":"max-video-preview:-1"},"canonical":"https:\/\/www.blogsoestado.com\/flaviobraga\/tendencia-de-avanco-da-mulher-na-politica\/","og_locale":"pt_BR","og_type":"article","og_title":"Tend\u00eancia de avan\u00e7o da mulher na pol\u00edtica - Fl\u00e1vio Braga","og_description":"Ant\u00f4nio Augusto de Queiroz* A representa\u00e7\u00e3o da mulher na pol\u00edtica e no exerc\u00edcio de cargos p\u00fablicos est\u00e1 longe de refletir [&hellip;]","og_url":"https:\/\/www.blogsoestado.com\/flaviobraga\/tendencia-de-avanco-da-mulher-na-politica\/","og_site_name":"Fl\u00e1vio Braga","article_published_time":"2010-11-16T22:33:27+00:00","author":"Flavio Braga","twitter_card":"summary_large_image","twitter_misc":{"Escrito por":"Flavio Braga","Est. tempo de leitura":"3 minutos"},"schema":{"@context":"https:\/\/schema.org","@graph":[{"@type":"WebPage","@id":"https:\/\/www.blogsoestado.com\/flaviobraga\/tendencia-de-avanco-da-mulher-na-politica\/","url":"https:\/\/www.blogsoestado.com\/flaviobraga\/tendencia-de-avanco-da-mulher-na-politica\/","name":"Tend\u00eancia de avan\u00e7o da mulher na pol\u00edtica - Fl\u00e1vio Braga","isPartOf":{"@id":"https:\/\/www.blogsoestado.com\/flaviobraga\/#website"},"datePublished":"2010-11-16T22:33:27+00:00","author":{"@id":"https:\/\/www.blogsoestado.com\/flaviobraga\/#\/schema\/person\/6c6c778331775c757a82d15206bd8733"},"breadcrumb":{"@id":"https:\/\/www.blogsoestado.com\/flaviobraga\/tendencia-de-avanco-da-mulher-na-politica\/#breadcrumb"},"inLanguage":"pt-BR","potentialAction":[{"@type":"ReadAction","target":["https:\/\/www.blogsoestado.com\/flaviobraga\/tendencia-de-avanco-da-mulher-na-politica\/"]}]},{"@type":"BreadcrumbList","@id":"https:\/\/www.blogsoestado.com\/flaviobraga\/tendencia-de-avanco-da-mulher-na-politica\/#breadcrumb","itemListElement":[{"@type":"ListItem","position":1,"name":"In\u00edcio","item":"https:\/\/www.blogsoestado.com\/flaviobraga\/"},{"@type":"ListItem","position":2,"name":"Tend\u00eancia de avan\u00e7o da mulher na pol\u00edtica"}]},{"@type":"WebSite","@id":"https:\/\/www.blogsoestado.com\/flaviobraga\/#website","url":"https:\/\/www.blogsoestado.com\/flaviobraga\/","name":"Fl\u00e1vio Braga","description":"","potentialAction":[{"@type":"SearchAction","target":{"@type":"EntryPoint","urlTemplate":"https:\/\/www.blogsoestado.com\/flaviobraga\/?s={search_term_string}"},"query-input":{"@type":"PropertyValueSpecification","valueRequired":true,"valueName":"search_term_string"}}],"inLanguage":"pt-BR"},{"@type":"Person","@id":"https:\/\/www.blogsoestado.com\/flaviobraga\/#\/schema\/person\/6c6c778331775c757a82d15206bd8733","name":"Flavio Braga","image":{"@type":"ImageObject","inLanguage":"pt-BR","@id":"https:\/\/www.blogsoestado.com\/flaviobraga\/#\/schema\/person\/image\/","url":"https:\/\/secure.gravatar.com\/avatar\/ab173937dad8d78195c87778be8a0285d069ede375ce0ae24aac1cf8e58ccb2c?s=96&d=mm&r=g","contentUrl":"https:\/\/secure.gravatar.com\/avatar\/ab173937dad8d78195c87778be8a0285d069ede375ce0ae24aac1cf8e58ccb2c?s=96&d=mm&r=g","caption":"Flavio Braga"},"url":"https:\/\/www.blogsoestado.com\/flaviobraga\/author\/flaviobraga\/"}]}},"jetpack_featured_media_url":"","_links":{"self":[{"href":"https:\/\/www.blogsoestado.com\/flaviobraga\/wp-json\/wp\/v2\/posts\/902","targetHints":{"allow":["GET"]}}],"collection":[{"href":"https:\/\/www.blogsoestado.com\/flaviobraga\/wp-json\/wp\/v2\/posts"}],"about":[{"href":"https:\/\/www.blogsoestado.com\/flaviobraga\/wp-json\/wp\/v2\/types\/post"}],"author":[{"embeddable":true,"href":"https:\/\/www.blogsoestado.com\/flaviobraga\/wp-json\/wp\/v2\/users\/8"}],"replies":[{"embeddable":true,"href":"https:\/\/www.blogsoestado.com\/flaviobraga\/wp-json\/wp\/v2\/comments?post=902"}],"version-history":[{"count":0,"href":"https:\/\/www.blogsoestado.com\/flaviobraga\/wp-json\/wp\/v2\/posts\/902\/revisions"}],"wp:attachment":[{"href":"https:\/\/www.blogsoestado.com\/flaviobraga\/wp-json\/wp\/v2\/media?parent=902"}],"wp:term":[{"taxonomy":"category","embeddable":true,"href":"https:\/\/www.blogsoestado.com\/flaviobraga\/wp-json\/wp\/v2\/categories?post=902"},{"taxonomy":"post_tag","embeddable":true,"href":"https:\/\/www.blogsoestado.com\/flaviobraga\/wp-json\/wp\/v2\/tags?post=902"}],"curies":[{"name":"wp","href":"https:\/\/api.w.org\/{rel}","templated":true}]}}