{"id":910,"date":"2010-11-19T17:11:45","date_gmt":"2010-11-19T19:11:45","guid":{"rendered":"https:\/\/www.blogsoestado.com\/flaviobraga\/?p=910"},"modified":"2010-11-19T17:11:45","modified_gmt":"2010-11-19T19:11:45","slug":"tse-admite-analisar-recurso-de-garotinho-contra-decisao-que-o-declarou-inelegivel","status":"publish","type":"post","link":"https:\/\/www.blogsoestado.com\/flaviobraga\/tse-admite-analisar-recurso-de-garotinho-contra-decisao-que-o-declarou-inelegivel\/","title":{"rendered":"TSE admite analisar recurso de Garotinho contra decis\u00e3o que o declarou ineleg\u00edvel"},"content":{"rendered":"<p>Por decis\u00e3o do ministro Marcelo Ribeiro (foto), o Tribunal Superior Eleitoral (TSE) vai analisar o recurso interposto por Anthony Garotinho contra a decis\u00e3o do Tribunal Regional Eleitoral (TRE) do Rio de Janeiro que o declarou ineleg\u00edvel para as elei\u00e7\u00f5es de 2010.<\/p>\n<p>O candidato a deputado federal pelo Rio foi condenado por abuso do poder econ\u00f4mico e uso indevido dos meios de comunica\u00e7\u00e3o social no pleito de 2008, quando sua esposa foi eleita prefeita de Campos dos Goytacazes.<\/p>\n<p>Depois que o TRE negou a subida do recurso para o TSE, a defesa de Garotinho ajuizou Agravo de Instrumento, pedindo que a pr\u00f3pria Corte Superior analisasse a admissibilidade do recurso especial. Ao admitir o recurso, o ministro Marcelo Ribeiro sustentou que \u201ctendo sido informados os fundamentos da decis\u00e3o agravada, e estando os autos suficientemente instru\u00eddos para a aprecia\u00e7\u00e3o da controv\u00e9rsia, entendo que o presente agravo merece ser provido, para melhor exame do recurso especial\u201d.<\/p>\n<p><strong>Inelegibilidade<\/strong><strong><\/p>\n<p><\/strong>A decis\u00e3o do TRE, tomada em maio de 2010, portanto antes da edi\u00e7\u00e3o da chamada Lei da Ficha Limpa, tornou Garotinho ineleg\u00edvel por tr\u00eas anos a contar da data do pleito, com base na Lei das Inelegibilidades (Lei Complementar 64\/90).<\/p>\n<p>O TRE entendeu que Garotinho teria praticado abuso do poder econ\u00f4mico e o uso indevido dos meios de comunica\u00e7\u00e3o, em decorr\u00eancia de entrevista que ele, como radialista, fez com sua esposa Rosinha Garotinho, em junho de 2008, quando ela anunciou sua inten\u00e7\u00e3o de disputar as elei\u00e7\u00f5es para a prefeitura de Campos dos Goytacazes (RJ).<\/p>\n","protected":false},"excerpt":{"rendered":"<p>Por decis\u00e3o do ministro Marcelo Ribeiro (foto), o Tribunal Superior Eleitoral (TSE) vai analisar o recurso interposto por Anthony Garotinho [&hellip;]<\/p>\n","protected":false},"author":8,"featured_media":0,"comment_status":"open","ping_status":"open","sticky":false,"template":"","format":"standard","meta":{"site-sidebar-layout":"default","site-content-layout":"","ast-site-content-layout":"default","site-content-style":"default","site-sidebar-style":"default","ast-global-header-display":"","ast-banner-title-visibility":"","ast-main-header-display":"","ast-hfb-above-header-display":"","ast-hfb-below-header-display":"","ast-hfb-mobile-header-display":"","site-post-title":"","ast-breadcrumbs-content":"","ast-featured-img":"","footer-sml-layout":"","ast-disable-related-posts":"","theme-transparent-header-meta":"","adv-header-id-meta":"","stick-header-meta":"","header-above-stick-meta":"","header-main-stick-meta":"","header-below-stick-meta":"","astra-migrate-meta-layouts":"default","ast-page-background-enabled":"default","ast-page-background-meta":{"desktop":{"background-color":"var(--ast-global-color-5)","background-image":"","background-repeat":"repeat","background-position":"center center","background-size":"auto","background-attachment":"scroll","background-type":"","background-media":"","overlay-type":"","overlay-color":"","overlay-opacity":"","overlay-gradient":""},"tablet":{"background-color":"","background-image":"","background-repeat":"repeat","background-position":"center center","background-size":"auto","background-attachment":"scroll","background-type":"","background-media":"","overlay-type":"","overlay-color":"","overlay-opacity":"","overlay-gradient":""},"mobile":{"background-color":"","background-image":"","background-repeat":"repeat","background-position":"center center","background-size":"auto","background-attachment":"scroll","background-type":"","background-media":"","overlay-type":"","overlay-color":"","overlay-opacity":"","overlay-gradient":""}},"ast-content-background-meta":{"desktop":{"background-color":"var(--ast-global-color-4)","background-image":"","background-repeat":"repeat","background-position":"center center","background-size":"auto","background-attachment":"scroll","background-type":"","background-media":"","overlay-type":"","overlay-color":"","overlay-opacity":"","overlay-gradient":""},"tablet":{"background-color":"var(--ast-global-color-4)","background-image":"","background-repeat":"repeat","background-position":"center center","background-size":"auto","background-attachment":"scroll","background-type":"","background-media":"","overlay-type":"","overlay-color":"","overlay-opacity":"","overlay-gradient":""},"mobile":{"background-color":"var(--ast-global-color-4)","background-image":"","background-repeat":"repeat","background-position":"center center","background-size":"auto","background-attachment":"scroll","background-type":"","background-media":"","overlay-type":"","overlay-color":"","overlay-opacity":"","overlay-gradient":""}},"footnotes":""},"categories":[1],"tags":[],"class_list":["post-910","post","type-post","status-publish","format-standard","hentry","category-sem-categoria"],"yoast_head":"<!-- This site is optimized with the Yoast SEO plugin v26.6 - https:\/\/yoast.com\/wordpress\/plugins\/seo\/ -->\n<title>TSE admite analisar recurso de Garotinho contra decis\u00e3o que o declarou ineleg\u00edvel - Fl\u00e1vio Braga<\/title>\n<meta name=\"robots\" content=\"index, follow, max-snippet:-1, max-image-preview:large, max-video-preview:-1\" \/>\n<link rel=\"canonical\" href=\"https:\/\/www.blogsoestado.com\/flaviobraga\/tse-admite-analisar-recurso-de-garotinho-contra-decisao-que-o-declarou-inelegivel\/\" \/>\n<meta property=\"og:locale\" content=\"pt_BR\" \/>\n<meta property=\"og:type\" content=\"article\" \/>\n<meta property=\"og:title\" content=\"TSE admite analisar recurso de Garotinho contra decis\u00e3o que o declarou ineleg\u00edvel - Fl\u00e1vio Braga\" \/>\n<meta property=\"og:description\" content=\"Por decis\u00e3o do ministro Marcelo Ribeiro (foto), o Tribunal Superior Eleitoral (TSE) vai analisar o recurso interposto por Anthony Garotinho [&hellip;]\" \/>\n<meta property=\"og:url\" content=\"https:\/\/www.blogsoestado.com\/flaviobraga\/tse-admite-analisar-recurso-de-garotinho-contra-decisao-que-o-declarou-inelegivel\/\" \/>\n<meta property=\"og:site_name\" content=\"Fl\u00e1vio Braga\" \/>\n<meta property=\"article:published_time\" content=\"2010-11-19T19:11:45+00:00\" \/>\n<meta name=\"author\" content=\"Flavio Braga\" \/>\n<meta name=\"twitter:card\" content=\"summary_large_image\" \/>\n<meta name=\"twitter:label1\" content=\"Escrito por\" \/>\n\t<meta name=\"twitter:data1\" content=\"Flavio Braga\" \/>\n\t<meta name=\"twitter:label2\" content=\"Est. tempo de leitura\" \/>\n\t<meta name=\"twitter:data2\" content=\"1 minuto\" \/>\n<script type=\"application\/ld+json\" class=\"yoast-schema-graph\">{\"@context\":\"https:\/\/schema.org\",\"@graph\":[{\"@type\":\"WebPage\",\"@id\":\"https:\/\/www.blogsoestado.com\/flaviobraga\/tse-admite-analisar-recurso-de-garotinho-contra-decisao-que-o-declarou-inelegivel\/\",\"url\":\"https:\/\/www.blogsoestado.com\/flaviobraga\/tse-admite-analisar-recurso-de-garotinho-contra-decisao-que-o-declarou-inelegivel\/\",\"name\":\"TSE admite analisar recurso de Garotinho contra decis\u00e3o que o declarou ineleg\u00edvel - Fl\u00e1vio Braga\",\"isPartOf\":{\"@id\":\"https:\/\/www.blogsoestado.com\/flaviobraga\/#website\"},\"datePublished\":\"2010-11-19T19:11:45+00:00\",\"author\":{\"@id\":\"https:\/\/www.blogsoestado.com\/flaviobraga\/#\/schema\/person\/6c6c778331775c757a82d15206bd8733\"},\"breadcrumb\":{\"@id\":\"https:\/\/www.blogsoestado.com\/flaviobraga\/tse-admite-analisar-recurso-de-garotinho-contra-decisao-que-o-declarou-inelegivel\/#breadcrumb\"},\"inLanguage\":\"pt-BR\",\"potentialAction\":[{\"@type\":\"ReadAction\",\"target\":[\"https:\/\/www.blogsoestado.com\/flaviobraga\/tse-admite-analisar-recurso-de-garotinho-contra-decisao-que-o-declarou-inelegivel\/\"]}]},{\"@type\":\"BreadcrumbList\",\"@id\":\"https:\/\/www.blogsoestado.com\/flaviobraga\/tse-admite-analisar-recurso-de-garotinho-contra-decisao-que-o-declarou-inelegivel\/#breadcrumb\",\"itemListElement\":[{\"@type\":\"ListItem\",\"position\":1,\"name\":\"In\u00edcio\",\"item\":\"https:\/\/www.blogsoestado.com\/flaviobraga\/\"},{\"@type\":\"ListItem\",\"position\":2,\"name\":\"TSE admite analisar recurso de Garotinho contra decis\u00e3o que o declarou ineleg\u00edvel\"}]},{\"@type\":\"WebSite\",\"@id\":\"https:\/\/www.blogsoestado.com\/flaviobraga\/#website\",\"url\":\"https:\/\/www.blogsoestado.com\/flaviobraga\/\",\"name\":\"Fl\u00e1vio Braga\",\"description\":\"\",\"potentialAction\":[{\"@type\":\"SearchAction\",\"target\":{\"@type\":\"EntryPoint\",\"urlTemplate\":\"https:\/\/www.blogsoestado.com\/flaviobraga\/?s={search_term_string}\"},\"query-input\":{\"@type\":\"PropertyValueSpecification\",\"valueRequired\":true,\"valueName\":\"search_term_string\"}}],\"inLanguage\":\"pt-BR\"},{\"@type\":\"Person\",\"@id\":\"https:\/\/www.blogsoestado.com\/flaviobraga\/#\/schema\/person\/6c6c778331775c757a82d15206bd8733\",\"name\":\"Flavio Braga\",\"image\":{\"@type\":\"ImageObject\",\"inLanguage\":\"pt-BR\",\"@id\":\"https:\/\/www.blogsoestado.com\/flaviobraga\/#\/schema\/person\/image\/\",\"url\":\"https:\/\/secure.gravatar.com\/avatar\/ab173937dad8d78195c87778be8a0285d069ede375ce0ae24aac1cf8e58ccb2c?s=96&d=mm&r=g\",\"contentUrl\":\"https:\/\/secure.gravatar.com\/avatar\/ab173937dad8d78195c87778be8a0285d069ede375ce0ae24aac1cf8e58ccb2c?s=96&d=mm&r=g\",\"caption\":\"Flavio Braga\"},\"url\":\"https:\/\/www.blogsoestado.com\/flaviobraga\/author\/flaviobraga\/\"}]}<\/script>\n<!-- \/ Yoast SEO plugin. -->","yoast_head_json":{"title":"TSE admite analisar recurso de Garotinho contra decis\u00e3o que o declarou ineleg\u00edvel - Fl\u00e1vio Braga","robots":{"index":"index","follow":"follow","max-snippet":"max-snippet:-1","max-image-preview":"max-image-preview:large","max-video-preview":"max-video-preview:-1"},"canonical":"https:\/\/www.blogsoestado.com\/flaviobraga\/tse-admite-analisar-recurso-de-garotinho-contra-decisao-que-o-declarou-inelegivel\/","og_locale":"pt_BR","og_type":"article","og_title":"TSE admite analisar recurso de Garotinho contra decis\u00e3o que o declarou ineleg\u00edvel - Fl\u00e1vio Braga","og_description":"Por decis\u00e3o do ministro Marcelo Ribeiro (foto), o Tribunal Superior Eleitoral (TSE) vai analisar o recurso interposto por Anthony Garotinho [&hellip;]","og_url":"https:\/\/www.blogsoestado.com\/flaviobraga\/tse-admite-analisar-recurso-de-garotinho-contra-decisao-que-o-declarou-inelegivel\/","og_site_name":"Fl\u00e1vio Braga","article_published_time":"2010-11-19T19:11:45+00:00","author":"Flavio Braga","twitter_card":"summary_large_image","twitter_misc":{"Escrito por":"Flavio Braga","Est. tempo de leitura":"1 minuto"},"schema":{"@context":"https:\/\/schema.org","@graph":[{"@type":"WebPage","@id":"https:\/\/www.blogsoestado.com\/flaviobraga\/tse-admite-analisar-recurso-de-garotinho-contra-decisao-que-o-declarou-inelegivel\/","url":"https:\/\/www.blogsoestado.com\/flaviobraga\/tse-admite-analisar-recurso-de-garotinho-contra-decisao-que-o-declarou-inelegivel\/","name":"TSE admite analisar recurso de Garotinho contra decis\u00e3o que o declarou ineleg\u00edvel - Fl\u00e1vio Braga","isPartOf":{"@id":"https:\/\/www.blogsoestado.com\/flaviobraga\/#website"},"datePublished":"2010-11-19T19:11:45+00:00","author":{"@id":"https:\/\/www.blogsoestado.com\/flaviobraga\/#\/schema\/person\/6c6c778331775c757a82d15206bd8733"},"breadcrumb":{"@id":"https:\/\/www.blogsoestado.com\/flaviobraga\/tse-admite-analisar-recurso-de-garotinho-contra-decisao-que-o-declarou-inelegivel\/#breadcrumb"},"inLanguage":"pt-BR","potentialAction":[{"@type":"ReadAction","target":["https:\/\/www.blogsoestado.com\/flaviobraga\/tse-admite-analisar-recurso-de-garotinho-contra-decisao-que-o-declarou-inelegivel\/"]}]},{"@type":"BreadcrumbList","@id":"https:\/\/www.blogsoestado.com\/flaviobraga\/tse-admite-analisar-recurso-de-garotinho-contra-decisao-que-o-declarou-inelegivel\/#breadcrumb","itemListElement":[{"@type":"ListItem","position":1,"name":"In\u00edcio","item":"https:\/\/www.blogsoestado.com\/flaviobraga\/"},{"@type":"ListItem","position":2,"name":"TSE admite analisar recurso de Garotinho contra decis\u00e3o que o declarou ineleg\u00edvel"}]},{"@type":"WebSite","@id":"https:\/\/www.blogsoestado.com\/flaviobraga\/#website","url":"https:\/\/www.blogsoestado.com\/flaviobraga\/","name":"Fl\u00e1vio Braga","description":"","potentialAction":[{"@type":"SearchAction","target":{"@type":"EntryPoint","urlTemplate":"https:\/\/www.blogsoestado.com\/flaviobraga\/?s={search_term_string}"},"query-input":{"@type":"PropertyValueSpecification","valueRequired":true,"valueName":"search_term_string"}}],"inLanguage":"pt-BR"},{"@type":"Person","@id":"https:\/\/www.blogsoestado.com\/flaviobraga\/#\/schema\/person\/6c6c778331775c757a82d15206bd8733","name":"Flavio Braga","image":{"@type":"ImageObject","inLanguage":"pt-BR","@id":"https:\/\/www.blogsoestado.com\/flaviobraga\/#\/schema\/person\/image\/","url":"https:\/\/secure.gravatar.com\/avatar\/ab173937dad8d78195c87778be8a0285d069ede375ce0ae24aac1cf8e58ccb2c?s=96&d=mm&r=g","contentUrl":"https:\/\/secure.gravatar.com\/avatar\/ab173937dad8d78195c87778be8a0285d069ede375ce0ae24aac1cf8e58ccb2c?s=96&d=mm&r=g","caption":"Flavio Braga"},"url":"https:\/\/www.blogsoestado.com\/flaviobraga\/author\/flaviobraga\/"}]}},"jetpack_featured_media_url":"","_links":{"self":[{"href":"https:\/\/www.blogsoestado.com\/flaviobraga\/wp-json\/wp\/v2\/posts\/910","targetHints":{"allow":["GET"]}}],"collection":[{"href":"https:\/\/www.blogsoestado.com\/flaviobraga\/wp-json\/wp\/v2\/posts"}],"about":[{"href":"https:\/\/www.blogsoestado.com\/flaviobraga\/wp-json\/wp\/v2\/types\/post"}],"author":[{"embeddable":true,"href":"https:\/\/www.blogsoestado.com\/flaviobraga\/wp-json\/wp\/v2\/users\/8"}],"replies":[{"embeddable":true,"href":"https:\/\/www.blogsoestado.com\/flaviobraga\/wp-json\/wp\/v2\/comments?post=910"}],"version-history":[{"count":0,"href":"https:\/\/www.blogsoestado.com\/flaviobraga\/wp-json\/wp\/v2\/posts\/910\/revisions"}],"wp:attachment":[{"href":"https:\/\/www.blogsoestado.com\/flaviobraga\/wp-json\/wp\/v2\/media?parent=910"}],"wp:term":[{"taxonomy":"category","embeddable":true,"href":"https:\/\/www.blogsoestado.com\/flaviobraga\/wp-json\/wp\/v2\/categories?post=910"},{"taxonomy":"post_tag","embeddable":true,"href":"https:\/\/www.blogsoestado.com\/flaviobraga\/wp-json\/wp\/v2\/tags?post=910"}],"curies":[{"name":"wp","href":"https:\/\/api.w.org\/{rel}","templated":true}]}}