{"id":922,"date":"2010-12-01T19:32:52","date_gmt":"2010-12-01T21:32:52","guid":{"rendered":"https:\/\/www.blogsoestado.com\/flaviobraga\/?p=922"},"modified":"2010-12-01T19:32:52","modified_gmt":"2010-12-01T21:32:52","slug":"oab-comemora-reducao-drastica-na-abertura-de-cursos-de-direito","status":"publish","type":"post","link":"https:\/\/www.blogsoestado.com\/flaviobraga\/oab-comemora-reducao-drastica-na-abertura-de-cursos-de-direito\/","title":{"rendered":"OAB comemora redu\u00e7\u00e3o dr\u00e1stica na abertura de cursos de Direito"},"content":{"rendered":"<p>O presidente nacional da Ordem dos Advogados do Brasil (OAB), Ophir Cavalcante, destacou importantes estat\u00edsticas que comprovam que, al\u00e9m da significativa redu\u00e7\u00e3o na cria\u00e7\u00e3o de cursos de Direito no pa\u00eds, at\u00e9 mesmo os pedidos de abertura de novos cursos e de amplia\u00e7\u00e3o no n\u00famero de vagas sofreram uma forte redu\u00e7\u00e3o.<\/p>\n<p>Segundo a secret\u00e1ria de Educa\u00e7\u00e3o Superior do Minist\u00e9rio da Educa\u00e7\u00e3o, Maria Paula Dallari Bucci, este ano foram remetidos ao MEC somente quatro pedidos de abertura de cursos de Direito, sendo que no ano passado foram 11, em 2008 foram 16, em 2007 foram 26 e em 2005 &#8211; ano recorde de pedidos &#8211; foram formalizadas 78 solicita\u00e7\u00f5es de abertura de cursos.<\/p>\n<p>Os dados, transmitidos a Ophir pela secret\u00e1ria de Educa\u00e7\u00e3o Superior, foram alvo de comemora\u00e7\u00e3o pelo presidente da entidade m\u00e1xima da advocacia.<\/p>\n<p>Para Ophir Cavalcante, a partir da ado\u00e7\u00e3o de crit\u00e9rios r\u00edgidos por parte do MEC quando da an\u00e1lise de abertura de cursos e tamb\u00e9m em raz\u00e3o da participa\u00e7\u00e3o da OAB nesse processo, come\u00e7a-se a enxergar um novo horizonte para a forma\u00e7\u00e3o dos bachar\u00e9is em Direito.<\/p>\n<p>&#8220;\u00c9 uma verdadeira mudan\u00e7a de cultura, at\u00e9 por parte dos mantenedores e propriet\u00e1rios de cursos, que perceberam que n\u00e3o adianta propor a abertura de cursos se estes n\u00e3o tiverem a qualidade m\u00ednima exigida. Ganham os operadores do direito e tamb\u00e9m a sociedade&#8221;.<\/p>\n","protected":false},"excerpt":{"rendered":"<p>O presidente nacional da Ordem dos Advogados do Brasil (OAB), Ophir Cavalcante, destacou importantes estat\u00edsticas que comprovam que, al\u00e9m da [&hellip;]<\/p>\n","protected":false},"author":8,"featured_media":0,"comment_status":"open","ping_status":"open","sticky":false,"template":"","format":"standard","meta":{"site-sidebar-layout":"default","site-content-layout":"","ast-site-content-layout":"default","site-content-style":"default","site-sidebar-style":"default","ast-global-header-display":"","ast-banner-title-visibility":"","ast-main-header-display":"","ast-hfb-above-header-display":"","ast-hfb-below-header-display":"","ast-hfb-mobile-header-display":"","site-post-title":"","ast-breadcrumbs-content":"","ast-featured-img":"","footer-sml-layout":"","ast-disable-related-posts":"","theme-transparent-header-meta":"","adv-header-id-meta":"","stick-header-meta":"","header-above-stick-meta":"","header-main-stick-meta":"","header-below-stick-meta":"","astra-migrate-meta-layouts":"default","ast-page-background-enabled":"default","ast-page-background-meta":{"desktop":{"background-color":"var(--ast-global-color-5)","background-image":"","background-repeat":"repeat","background-position":"center center","background-size":"auto","background-attachment":"scroll","background-type":"","background-media":"","overlay-type":"","overlay-color":"","overlay-opacity":"","overlay-gradient":""},"tablet":{"background-color":"","background-image":"","background-repeat":"repeat","background-position":"center center","background-size":"auto","background-attachment":"scroll","background-type":"","background-media":"","overlay-type":"","overlay-color":"","overlay-opacity":"","overlay-gradient":""},"mobile":{"background-color":"","background-image":"","background-repeat":"repeat","background-position":"center center","background-size":"auto","background-attachment":"scroll","background-type":"","background-media":"","overlay-type":"","overlay-color":"","overlay-opacity":"","overlay-gradient":""}},"ast-content-background-meta":{"desktop":{"background-color":"var(--ast-global-color-4)","background-image":"","background-repeat":"repeat","background-position":"center center","background-size":"auto","background-attachment":"scroll","background-type":"","background-media":"","overlay-type":"","overlay-color":"","overlay-opacity":"","overlay-gradient":""},"tablet":{"background-color":"var(--ast-global-color-4)","background-image":"","background-repeat":"repeat","background-position":"center center","background-size":"auto","background-attachment":"scroll","background-type":"","background-media":"","overlay-type":"","overlay-color":"","overlay-opacity":"","overlay-gradient":""},"mobile":{"background-color":"var(--ast-global-color-4)","background-image":"","background-repeat":"repeat","background-position":"center center","background-size":"auto","background-attachment":"scroll","background-type":"","background-media":"","overlay-type":"","overlay-color":"","overlay-opacity":"","overlay-gradient":""}},"footnotes":""},"categories":[1],"tags":[],"class_list":["post-922","post","type-post","status-publish","format-standard","hentry","category-sem-categoria"],"yoast_head":"<!-- This site is optimized with the Yoast SEO plugin v26.6 - https:\/\/yoast.com\/wordpress\/plugins\/seo\/ -->\n<title>OAB comemora redu\u00e7\u00e3o dr\u00e1stica na abertura de cursos de Direito - Fl\u00e1vio Braga<\/title>\n<meta name=\"robots\" content=\"index, follow, max-snippet:-1, max-image-preview:large, max-video-preview:-1\" \/>\n<link rel=\"canonical\" href=\"https:\/\/www.blogsoestado.com\/flaviobraga\/oab-comemora-reducao-drastica-na-abertura-de-cursos-de-direito\/\" \/>\n<meta property=\"og:locale\" content=\"pt_BR\" \/>\n<meta property=\"og:type\" content=\"article\" \/>\n<meta property=\"og:title\" content=\"OAB comemora redu\u00e7\u00e3o dr\u00e1stica na abertura de cursos de Direito - Fl\u00e1vio Braga\" \/>\n<meta property=\"og:description\" content=\"O presidente nacional da Ordem dos Advogados do Brasil (OAB), Ophir Cavalcante, destacou importantes estat\u00edsticas que comprovam que, al\u00e9m da [&hellip;]\" \/>\n<meta property=\"og:url\" content=\"https:\/\/www.blogsoestado.com\/flaviobraga\/oab-comemora-reducao-drastica-na-abertura-de-cursos-de-direito\/\" \/>\n<meta property=\"og:site_name\" content=\"Fl\u00e1vio Braga\" \/>\n<meta property=\"article:published_time\" content=\"2010-12-01T21:32:52+00:00\" \/>\n<meta name=\"author\" content=\"Flavio Braga\" \/>\n<meta name=\"twitter:card\" content=\"summary_large_image\" \/>\n<meta name=\"twitter:label1\" content=\"Escrito por\" \/>\n\t<meta name=\"twitter:data1\" content=\"Flavio Braga\" \/>\n\t<meta name=\"twitter:label2\" content=\"Est. tempo de leitura\" \/>\n\t<meta name=\"twitter:data2\" content=\"1 minuto\" \/>\n<script type=\"application\/ld+json\" class=\"yoast-schema-graph\">{\"@context\":\"https:\/\/schema.org\",\"@graph\":[{\"@type\":\"WebPage\",\"@id\":\"https:\/\/www.blogsoestado.com\/flaviobraga\/oab-comemora-reducao-drastica-na-abertura-de-cursos-de-direito\/\",\"url\":\"https:\/\/www.blogsoestado.com\/flaviobraga\/oab-comemora-reducao-drastica-na-abertura-de-cursos-de-direito\/\",\"name\":\"OAB comemora redu\u00e7\u00e3o dr\u00e1stica na abertura de cursos de Direito - Fl\u00e1vio Braga\",\"isPartOf\":{\"@id\":\"https:\/\/www.blogsoestado.com\/flaviobraga\/#website\"},\"datePublished\":\"2010-12-01T21:32:52+00:00\",\"author\":{\"@id\":\"https:\/\/www.blogsoestado.com\/flaviobraga\/#\/schema\/person\/6c6c778331775c757a82d15206bd8733\"},\"breadcrumb\":{\"@id\":\"https:\/\/www.blogsoestado.com\/flaviobraga\/oab-comemora-reducao-drastica-na-abertura-de-cursos-de-direito\/#breadcrumb\"},\"inLanguage\":\"pt-BR\",\"potentialAction\":[{\"@type\":\"ReadAction\",\"target\":[\"https:\/\/www.blogsoestado.com\/flaviobraga\/oab-comemora-reducao-drastica-na-abertura-de-cursos-de-direito\/\"]}]},{\"@type\":\"BreadcrumbList\",\"@id\":\"https:\/\/www.blogsoestado.com\/flaviobraga\/oab-comemora-reducao-drastica-na-abertura-de-cursos-de-direito\/#breadcrumb\",\"itemListElement\":[{\"@type\":\"ListItem\",\"position\":1,\"name\":\"In\u00edcio\",\"item\":\"https:\/\/www.blogsoestado.com\/flaviobraga\/\"},{\"@type\":\"ListItem\",\"position\":2,\"name\":\"OAB comemora redu\u00e7\u00e3o dr\u00e1stica na abertura de cursos de Direito\"}]},{\"@type\":\"WebSite\",\"@id\":\"https:\/\/www.blogsoestado.com\/flaviobraga\/#website\",\"url\":\"https:\/\/www.blogsoestado.com\/flaviobraga\/\",\"name\":\"Fl\u00e1vio Braga\",\"description\":\"\",\"potentialAction\":[{\"@type\":\"SearchAction\",\"target\":{\"@type\":\"EntryPoint\",\"urlTemplate\":\"https:\/\/www.blogsoestado.com\/flaviobraga\/?s={search_term_string}\"},\"query-input\":{\"@type\":\"PropertyValueSpecification\",\"valueRequired\":true,\"valueName\":\"search_term_string\"}}],\"inLanguage\":\"pt-BR\"},{\"@type\":\"Person\",\"@id\":\"https:\/\/www.blogsoestado.com\/flaviobraga\/#\/schema\/person\/6c6c778331775c757a82d15206bd8733\",\"name\":\"Flavio Braga\",\"image\":{\"@type\":\"ImageObject\",\"inLanguage\":\"pt-BR\",\"@id\":\"https:\/\/www.blogsoestado.com\/flaviobraga\/#\/schema\/person\/image\/\",\"url\":\"https:\/\/secure.gravatar.com\/avatar\/ab173937dad8d78195c87778be8a0285d069ede375ce0ae24aac1cf8e58ccb2c?s=96&d=mm&r=g\",\"contentUrl\":\"https:\/\/secure.gravatar.com\/avatar\/ab173937dad8d78195c87778be8a0285d069ede375ce0ae24aac1cf8e58ccb2c?s=96&d=mm&r=g\",\"caption\":\"Flavio Braga\"},\"url\":\"https:\/\/www.blogsoestado.com\/flaviobraga\/author\/flaviobraga\/\"}]}<\/script>\n<!-- \/ Yoast SEO plugin. -->","yoast_head_json":{"title":"OAB comemora redu\u00e7\u00e3o dr\u00e1stica na abertura de cursos de Direito - Fl\u00e1vio Braga","robots":{"index":"index","follow":"follow","max-snippet":"max-snippet:-1","max-image-preview":"max-image-preview:large","max-video-preview":"max-video-preview:-1"},"canonical":"https:\/\/www.blogsoestado.com\/flaviobraga\/oab-comemora-reducao-drastica-na-abertura-de-cursos-de-direito\/","og_locale":"pt_BR","og_type":"article","og_title":"OAB comemora redu\u00e7\u00e3o dr\u00e1stica na abertura de cursos de Direito - Fl\u00e1vio Braga","og_description":"O presidente nacional da Ordem dos Advogados do Brasil (OAB), Ophir Cavalcante, destacou importantes estat\u00edsticas que comprovam que, al\u00e9m da [&hellip;]","og_url":"https:\/\/www.blogsoestado.com\/flaviobraga\/oab-comemora-reducao-drastica-na-abertura-de-cursos-de-direito\/","og_site_name":"Fl\u00e1vio Braga","article_published_time":"2010-12-01T21:32:52+00:00","author":"Flavio Braga","twitter_card":"summary_large_image","twitter_misc":{"Escrito por":"Flavio Braga","Est. tempo de leitura":"1 minuto"},"schema":{"@context":"https:\/\/schema.org","@graph":[{"@type":"WebPage","@id":"https:\/\/www.blogsoestado.com\/flaviobraga\/oab-comemora-reducao-drastica-na-abertura-de-cursos-de-direito\/","url":"https:\/\/www.blogsoestado.com\/flaviobraga\/oab-comemora-reducao-drastica-na-abertura-de-cursos-de-direito\/","name":"OAB comemora redu\u00e7\u00e3o dr\u00e1stica na abertura de cursos de Direito - Fl\u00e1vio Braga","isPartOf":{"@id":"https:\/\/www.blogsoestado.com\/flaviobraga\/#website"},"datePublished":"2010-12-01T21:32:52+00:00","author":{"@id":"https:\/\/www.blogsoestado.com\/flaviobraga\/#\/schema\/person\/6c6c778331775c757a82d15206bd8733"},"breadcrumb":{"@id":"https:\/\/www.blogsoestado.com\/flaviobraga\/oab-comemora-reducao-drastica-na-abertura-de-cursos-de-direito\/#breadcrumb"},"inLanguage":"pt-BR","potentialAction":[{"@type":"ReadAction","target":["https:\/\/www.blogsoestado.com\/flaviobraga\/oab-comemora-reducao-drastica-na-abertura-de-cursos-de-direito\/"]}]},{"@type":"BreadcrumbList","@id":"https:\/\/www.blogsoestado.com\/flaviobraga\/oab-comemora-reducao-drastica-na-abertura-de-cursos-de-direito\/#breadcrumb","itemListElement":[{"@type":"ListItem","position":1,"name":"In\u00edcio","item":"https:\/\/www.blogsoestado.com\/flaviobraga\/"},{"@type":"ListItem","position":2,"name":"OAB comemora redu\u00e7\u00e3o dr\u00e1stica na abertura de cursos de Direito"}]},{"@type":"WebSite","@id":"https:\/\/www.blogsoestado.com\/flaviobraga\/#website","url":"https:\/\/www.blogsoestado.com\/flaviobraga\/","name":"Fl\u00e1vio Braga","description":"","potentialAction":[{"@type":"SearchAction","target":{"@type":"EntryPoint","urlTemplate":"https:\/\/www.blogsoestado.com\/flaviobraga\/?s={search_term_string}"},"query-input":{"@type":"PropertyValueSpecification","valueRequired":true,"valueName":"search_term_string"}}],"inLanguage":"pt-BR"},{"@type":"Person","@id":"https:\/\/www.blogsoestado.com\/flaviobraga\/#\/schema\/person\/6c6c778331775c757a82d15206bd8733","name":"Flavio Braga","image":{"@type":"ImageObject","inLanguage":"pt-BR","@id":"https:\/\/www.blogsoestado.com\/flaviobraga\/#\/schema\/person\/image\/","url":"https:\/\/secure.gravatar.com\/avatar\/ab173937dad8d78195c87778be8a0285d069ede375ce0ae24aac1cf8e58ccb2c?s=96&d=mm&r=g","contentUrl":"https:\/\/secure.gravatar.com\/avatar\/ab173937dad8d78195c87778be8a0285d069ede375ce0ae24aac1cf8e58ccb2c?s=96&d=mm&r=g","caption":"Flavio Braga"},"url":"https:\/\/www.blogsoestado.com\/flaviobraga\/author\/flaviobraga\/"}]}},"jetpack_featured_media_url":"","_links":{"self":[{"href":"https:\/\/www.blogsoestado.com\/flaviobraga\/wp-json\/wp\/v2\/posts\/922","targetHints":{"allow":["GET"]}}],"collection":[{"href":"https:\/\/www.blogsoestado.com\/flaviobraga\/wp-json\/wp\/v2\/posts"}],"about":[{"href":"https:\/\/www.blogsoestado.com\/flaviobraga\/wp-json\/wp\/v2\/types\/post"}],"author":[{"embeddable":true,"href":"https:\/\/www.blogsoestado.com\/flaviobraga\/wp-json\/wp\/v2\/users\/8"}],"replies":[{"embeddable":true,"href":"https:\/\/www.blogsoestado.com\/flaviobraga\/wp-json\/wp\/v2\/comments?post=922"}],"version-history":[{"count":0,"href":"https:\/\/www.blogsoestado.com\/flaviobraga\/wp-json\/wp\/v2\/posts\/922\/revisions"}],"wp:attachment":[{"href":"https:\/\/www.blogsoestado.com\/flaviobraga\/wp-json\/wp\/v2\/media?parent=922"}],"wp:term":[{"taxonomy":"category","embeddable":true,"href":"https:\/\/www.blogsoestado.com\/flaviobraga\/wp-json\/wp\/v2\/categories?post=922"},{"taxonomy":"post_tag","embeddable":true,"href":"https:\/\/www.blogsoestado.com\/flaviobraga\/wp-json\/wp\/v2\/tags?post=922"}],"curies":[{"name":"wp","href":"https:\/\/api.w.org\/{rel}","templated":true}]}}