{"id":930,"date":"2010-12-03T17:39:18","date_gmt":"2010-12-03T19:39:18","guid":{"rendered":"https:\/\/www.blogsoestado.com\/flaviobraga\/?p=930"},"modified":"2010-12-03T17:39:18","modified_gmt":"2010-12-03T19:39:18","slug":"que-justica-e-esta","status":"publish","type":"post","link":"https:\/\/www.blogsoestado.com\/flaviobraga\/que-justica-e-esta\/","title":{"rendered":"Que justi\u00e7a \u00e9 esta?!"},"content":{"rendered":"<p><strong>Por Agassiz Almeida*<\/strong><\/p>\n<p>Em 28 de outubro passado, encaminhei mensagem a Vossa Excel\u00eancia, extensiva aos ministros desta alta Corte de Justi\u00e7a. Nenhuma resposta recebi, apenas ouvi ecos de raivosos rumores nos corredores e gabinetes deste tribunal. Essa majest\u00e1tica postura n\u00e3o me surpreendeu. Quem, postado l\u00e1 no Olimpo dessa corte eleitoral, iria ouvir desalinhavadas palavras de simples mortais?\u00a0 Um certo espet\u00e1culo de hipocrisia e de indiferen\u00e7a \u00e0 decis\u00e3o das urnas me transvasa a alma.<\/p>\n<p>\u00c9 sufocante e atordoante.<\/p>\n<p>Em nome de uma norma jur\u00eddica alcunhada de ficha limpa, arma-se todo um anfiteatro onde mediocridades agressivas d\u00e3o as m\u00e3os a grupos e grupilhos para produzirem excrescentes atos de agress\u00e3o \u00e0 justi\u00e7a e \u00e0 soberania popular.<\/p>\n<p>Sob um oportunismo m\u00edope, derrotados glorificam-se de vitoriosos e assim enxovalham e agridem os sentimentos e a vontade do povo.\u00a0 A na\u00e7\u00e3o assiste, atordoada desde alguns meses, a uma intermin\u00e1vel marcha da insensatez. O TSE, cumprindo o calend\u00e1rio eleitoral, convoca milh\u00f5es de eleitores \u00e0s urnas. Eleitos os vitoriosos, legitimados pelo sufr\u00e1gio popular, certos semideuses empunham contra eles a espada de D\u00e2mocles, e assim a soberana vontade do povo queda-se esfarrapada.<\/p>\n<p>Que justi\u00e7a \u00e9 esta?! Um indignado gritou: &#8220;Oh, ra\u00e7a de resistentes, lavra com tua for\u00e7a a alma espezinhada dos povos&#8221;.<\/p>\n<p>Ju\u00edzes, v\u00f3s tendes a autoridade da raz\u00e3o e da Justi\u00e7a, aplicai-as. Se a lei n\u00e3o se ajustar a estes postulados, sr. ministro, que morra a lei.<br \/>\n\u00a0<br \/>\nO que diremos \u00e0 hist\u00f3ria do amanh\u00e3 e \u00e0s futuras gera\u00e7\u00f5es? Que em face de desencontradas decis\u00f5es, sob o p\u00e1lio de um moralismo a l\u00e1\u00a0 Cat\u00e3o, centenas de vitoriosos pelo sufr\u00e1gio universal foram derrotados nos concili\u00e1bulos da justi\u00e7a eleitoral e os vencidos nas urnas, ungidos como eleitos?<\/p>\n<p>Em cada momento da hist\u00f3ria, cabe \u00e0s institui\u00e7\u00f5es da justi\u00e7a definir onde encontrar os verdadeiros postulados do Direito. Quanto \u00e9 devastador se pretender reinar sobre a vontade das consci\u00eancias livres, subvertendo a decis\u00e3o das urnas.<\/p>\n<p>Que cen\u00e1rio de inomin\u00e1vel incongru\u00eancia!<\/p>\n<p>Oh! apressados julgadores, aprendeis a ci\u00eancia de ouvir a grande li\u00e7\u00e3o, que vem desde a Revolu\u00e7\u00e3o Francesa, de que cabe \u00e0 soberania do povo o destino de suas\u00a0 escolhas.<\/p>\n<p>Nesta hora, senhores ministros, v\u00f3s deveis conduzir dois fachos: a evid\u00eancia, luz do esp\u00edrito, e a raz\u00e3o, luz da justi\u00e7a. As decis\u00f5es do povo precisam ser respeitadas e n\u00e3o ultrajadas. Quando julgais a soberania popular expressa na vontade de milh\u00f5es de votos, que a\u00e7\u00f5es ides praticar em favor de quem, contra quem, e para afinal servir a quem?<\/p>\n<p>Onde podeis encontrar a maior sangria da soberana vontade popular nas \u00faltimas elei\u00e7\u00f5es? No Amap\u00e1, no Maranh\u00e3o, na Para\u00edba e por todo o pa\u00eds. S\u00e3o centenas de consagrados pelas urnas, contra os quais se lan\u00e7am condena\u00e7\u00f5es ad infinitum.<\/p>\n<p>Isso tem a cara do execr\u00e1vel.<\/p>\n<p>Urge um basta, sr. ministro, a esta sarabanda em que a na\u00e7\u00e3o aturdida testemunha a vontade das urnas ser malbaratada.<\/p>\n<p>Quo vadis, Domine! Que justi\u00e7a \u00e9 esta cujo espet\u00e1culo nos leva a essa observa\u00e7\u00e3o? Cabe ao magistrado antes de se curvar \u00e0 lei adequ\u00e1-la aos caminhos da verdade.<\/p>\n<p>Depois da cassa\u00e7\u00e3o do senador Jo\u00e3o Capiberibe e de sua esposa Janete, arrancados do Congresso Nacional por trama urdida nos por\u00f5es da oligarquia sarneysista e nos corredores e gabinetes do Senado Federal, como podemos olhar a justi\u00e7a quando se desvendou que tudo foi forjado atrav\u00e9s da paga delituosa a falsas testemunhas? Que enorme farsa!\u00a0<br \/>\nAs veias do Amap\u00e1 e do pa\u00eds est\u00e3o a sangrar.<\/p>\n<p>Aos dias 17, 18 e 19 de novembro, reportagem do jornal \u201cFolha de S\u00e3o Paulo\u201d estarrece a na\u00e7\u00e3o. L\u00e1 est\u00e1 estampado com as tintas do abomin\u00e1vel o plano macabro da cassa\u00e7\u00e3o do senador Capiberibe. E o mais grave: este quadro torna-se cretinamente kafkiano. Nas \u00faltimas elei\u00e7\u00f5es de 3 de outubro, esse condenado sem crime \u00e9 consagrado nas urnas pelo eleitorado do Amap\u00e1, elegendo-se\u00a0 senador.<br \/>\n\u00a0<br \/>\nO que se assiste estarrecido? O TSE, em nome dessa lei da ficha limpa, desconhece e afronta a decis\u00e3o do povo n\u00e3o legitimando a segunda vit\u00f3ria desse valoroso homem p\u00fablico, cuja hist\u00f3ria engrandece a na\u00e7\u00e3o.<br \/>\n\u00a0<br \/>\nAt\u00e9 onde alcan\u00e7a a insensatez? Certas decis\u00f5es dessa superior corte eleitoral est\u00e3o a assumir a dimens\u00e3o de um caso Alfred Dreyfus, oficial do ex\u00e9rcito franc\u00eas, supliciado ao degredo na ilha do Diabo, Guiana Francesa. Que infame julgamento de devastadora injusti\u00e7a!<\/p>\n<p>De \u00c9mile Zola, grande escritor franc\u00eas, partiu o grito de indigna\u00e7\u00e3o contra aquela abomin\u00e1vel condena\u00e7\u00e3o gestada pela mancomuna\u00e7\u00e3o entre ju\u00edzes venais e grupos pol\u00edtico-militares. O que se produziu? Aberra\u00e7\u00e3o hist\u00f3rica que estremeceu o mundo.<\/p>\n<p>Encerremos esta mensagem, senhor ministro. A na\u00e7\u00e3o espera que a soberania popular conquistada com o sangue e a liberdade de muitos\u00a0 democratas que lutaram contra a ditadura militar n\u00e3o seja\u00a0 arrastada ao afogamento como os carneiros de\u00a0 Pan\u00fargio.<\/p>\n<p>Sauda\u00e7\u00f5es democr\u00e1ticas,<\/p>\n<p>Agassiz Almeida.<\/p>\n<p>*Deputado federal constituinte de 1988, escritor do grupo Editorial Record, autor de \u201cA Rep\u00fablica das elites\u201d e \u201cA Ditadura dos generais\u201d, Promotor de Justi\u00e7a aposentado, professor da UFPB. Participou de congressos mundiais em defesa dos Direitos Humanos e de aut\u00eanticas democracias<\/p>\n","protected":false},"excerpt":{"rendered":"<p>Por Agassiz Almeida* Em 28 de outubro passado, encaminhei mensagem a Vossa Excel\u00eancia, extensiva aos ministros desta alta Corte de [&hellip;]<\/p>\n","protected":false},"author":8,"featured_media":0,"comment_status":"open","ping_status":"open","sticky":false,"template":"","format":"standard","meta":{"site-sidebar-layout":"default","site-content-layout":"","ast-site-content-layout":"default","site-content-style":"default","site-sidebar-style":"default","ast-global-header-display":"","ast-banner-title-visibility":"","ast-main-header-display":"","ast-hfb-above-header-display":"","ast-hfb-below-header-display":"","ast-hfb-mobile-header-display":"","site-post-title":"","ast-breadcrumbs-content":"","ast-featured-img":"","footer-sml-layout":"","ast-disable-related-posts":"","theme-transparent-header-meta":"","adv-header-id-meta":"","stick-header-meta":"","header-above-stick-meta":"","header-main-stick-meta":"","header-below-stick-meta":"","astra-migrate-meta-layouts":"default","ast-page-background-enabled":"default","ast-page-background-meta":{"desktop":{"background-color":"var(--ast-global-color-5)","background-image":"","background-repeat":"repeat","background-position":"center center","background-size":"auto","background-attachment":"scroll","background-type":"","background-media":"","overlay-type":"","overlay-color":"","overlay-opacity":"","overlay-gradient":""},"tablet":{"background-color":"","background-image":"","background-repeat":"repeat","background-position":"center center","background-size":"auto","background-attachment":"scroll","background-type":"","background-media":"","overlay-type":"","overlay-color":"","overlay-opacity":"","overlay-gradient":""},"mobile":{"background-color":"","background-image":"","background-repeat":"repeat","background-position":"center center","background-size":"auto","background-attachment":"scroll","background-type":"","background-media":"","overlay-type":"","overlay-color":"","overlay-opacity":"","overlay-gradient":""}},"ast-content-background-meta":{"desktop":{"background-color":"var(--ast-global-color-4)","background-image":"","background-repeat":"repeat","background-position":"center center","background-size":"auto","background-attachment":"scroll","background-type":"","background-media":"","overlay-type":"","overlay-color":"","overlay-opacity":"","overlay-gradient":""},"tablet":{"background-color":"var(--ast-global-color-4)","background-image":"","background-repeat":"repeat","background-position":"center center","background-size":"auto","background-attachment":"scroll","background-type":"","background-media":"","overlay-type":"","overlay-color":"","overlay-opacity":"","overlay-gradient":""},"mobile":{"background-color":"var(--ast-global-color-4)","background-image":"","background-repeat":"repeat","background-position":"center center","background-size":"auto","background-attachment":"scroll","background-type":"","background-media":"","overlay-type":"","overlay-color":"","overlay-opacity":"","overlay-gradient":""}},"footnotes":""},"categories":[1],"tags":[],"class_list":["post-930","post","type-post","status-publish","format-standard","hentry","category-sem-categoria"],"yoast_head":"<!-- This site is optimized with the Yoast SEO plugin v26.6 - https:\/\/yoast.com\/wordpress\/plugins\/seo\/ -->\n<title>Que justi\u00e7a \u00e9 esta?! - Fl\u00e1vio Braga<\/title>\n<meta name=\"robots\" content=\"index, follow, max-snippet:-1, max-image-preview:large, max-video-preview:-1\" \/>\n<link rel=\"canonical\" href=\"https:\/\/www.blogsoestado.com\/flaviobraga\/que-justica-e-esta\/\" \/>\n<meta property=\"og:locale\" content=\"pt_BR\" \/>\n<meta property=\"og:type\" content=\"article\" \/>\n<meta property=\"og:title\" content=\"Que justi\u00e7a \u00e9 esta?! - Fl\u00e1vio Braga\" \/>\n<meta property=\"og:description\" content=\"Por Agassiz Almeida* Em 28 de outubro passado, encaminhei mensagem a Vossa Excel\u00eancia, extensiva aos ministros desta alta Corte de [&hellip;]\" \/>\n<meta property=\"og:url\" content=\"https:\/\/www.blogsoestado.com\/flaviobraga\/que-justica-e-esta\/\" \/>\n<meta property=\"og:site_name\" content=\"Fl\u00e1vio Braga\" \/>\n<meta property=\"article:published_time\" content=\"2010-12-03T19:39:18+00:00\" \/>\n<meta name=\"author\" content=\"Flavio Braga\" \/>\n<meta name=\"twitter:card\" content=\"summary_large_image\" \/>\n<meta name=\"twitter:label1\" content=\"Escrito por\" \/>\n\t<meta name=\"twitter:data1\" content=\"Flavio Braga\" \/>\n\t<meta name=\"twitter:label2\" content=\"Est. tempo de leitura\" \/>\n\t<meta name=\"twitter:data2\" content=\"5 minutos\" \/>\n<script type=\"application\/ld+json\" class=\"yoast-schema-graph\">{\"@context\":\"https:\/\/schema.org\",\"@graph\":[{\"@type\":\"WebPage\",\"@id\":\"https:\/\/www.blogsoestado.com\/flaviobraga\/que-justica-e-esta\/\",\"url\":\"https:\/\/www.blogsoestado.com\/flaviobraga\/que-justica-e-esta\/\",\"name\":\"Que justi\u00e7a \u00e9 esta?! - Fl\u00e1vio Braga\",\"isPartOf\":{\"@id\":\"https:\/\/www.blogsoestado.com\/flaviobraga\/#website\"},\"datePublished\":\"2010-12-03T19:39:18+00:00\",\"author\":{\"@id\":\"https:\/\/www.blogsoestado.com\/flaviobraga\/#\/schema\/person\/6c6c778331775c757a82d15206bd8733\"},\"breadcrumb\":{\"@id\":\"https:\/\/www.blogsoestado.com\/flaviobraga\/que-justica-e-esta\/#breadcrumb\"},\"inLanguage\":\"pt-BR\",\"potentialAction\":[{\"@type\":\"ReadAction\",\"target\":[\"https:\/\/www.blogsoestado.com\/flaviobraga\/que-justica-e-esta\/\"]}]},{\"@type\":\"BreadcrumbList\",\"@id\":\"https:\/\/www.blogsoestado.com\/flaviobraga\/que-justica-e-esta\/#breadcrumb\",\"itemListElement\":[{\"@type\":\"ListItem\",\"position\":1,\"name\":\"In\u00edcio\",\"item\":\"https:\/\/www.blogsoestado.com\/flaviobraga\/\"},{\"@type\":\"ListItem\",\"position\":2,\"name\":\"Que justi\u00e7a \u00e9 esta?!\"}]},{\"@type\":\"WebSite\",\"@id\":\"https:\/\/www.blogsoestado.com\/flaviobraga\/#website\",\"url\":\"https:\/\/www.blogsoestado.com\/flaviobraga\/\",\"name\":\"Fl\u00e1vio Braga\",\"description\":\"\",\"potentialAction\":[{\"@type\":\"SearchAction\",\"target\":{\"@type\":\"EntryPoint\",\"urlTemplate\":\"https:\/\/www.blogsoestado.com\/flaviobraga\/?s={search_term_string}\"},\"query-input\":{\"@type\":\"PropertyValueSpecification\",\"valueRequired\":true,\"valueName\":\"search_term_string\"}}],\"inLanguage\":\"pt-BR\"},{\"@type\":\"Person\",\"@id\":\"https:\/\/www.blogsoestado.com\/flaviobraga\/#\/schema\/person\/6c6c778331775c757a82d15206bd8733\",\"name\":\"Flavio Braga\",\"image\":{\"@type\":\"ImageObject\",\"inLanguage\":\"pt-BR\",\"@id\":\"https:\/\/www.blogsoestado.com\/flaviobraga\/#\/schema\/person\/image\/\",\"url\":\"https:\/\/secure.gravatar.com\/avatar\/ab173937dad8d78195c87778be8a0285d069ede375ce0ae24aac1cf8e58ccb2c?s=96&d=mm&r=g\",\"contentUrl\":\"https:\/\/secure.gravatar.com\/avatar\/ab173937dad8d78195c87778be8a0285d069ede375ce0ae24aac1cf8e58ccb2c?s=96&d=mm&r=g\",\"caption\":\"Flavio Braga\"},\"url\":\"https:\/\/www.blogsoestado.com\/flaviobraga\/author\/flaviobraga\/\"}]}<\/script>\n<!-- \/ Yoast SEO plugin. -->","yoast_head_json":{"title":"Que justi\u00e7a \u00e9 esta?! - Fl\u00e1vio Braga","robots":{"index":"index","follow":"follow","max-snippet":"max-snippet:-1","max-image-preview":"max-image-preview:large","max-video-preview":"max-video-preview:-1"},"canonical":"https:\/\/www.blogsoestado.com\/flaviobraga\/que-justica-e-esta\/","og_locale":"pt_BR","og_type":"article","og_title":"Que justi\u00e7a \u00e9 esta?! - Fl\u00e1vio Braga","og_description":"Por Agassiz Almeida* Em 28 de outubro passado, encaminhei mensagem a Vossa Excel\u00eancia, extensiva aos ministros desta alta Corte de [&hellip;]","og_url":"https:\/\/www.blogsoestado.com\/flaviobraga\/que-justica-e-esta\/","og_site_name":"Fl\u00e1vio Braga","article_published_time":"2010-12-03T19:39:18+00:00","author":"Flavio Braga","twitter_card":"summary_large_image","twitter_misc":{"Escrito por":"Flavio Braga","Est. tempo de leitura":"5 minutos"},"schema":{"@context":"https:\/\/schema.org","@graph":[{"@type":"WebPage","@id":"https:\/\/www.blogsoestado.com\/flaviobraga\/que-justica-e-esta\/","url":"https:\/\/www.blogsoestado.com\/flaviobraga\/que-justica-e-esta\/","name":"Que justi\u00e7a \u00e9 esta?! - Fl\u00e1vio Braga","isPartOf":{"@id":"https:\/\/www.blogsoestado.com\/flaviobraga\/#website"},"datePublished":"2010-12-03T19:39:18+00:00","author":{"@id":"https:\/\/www.blogsoestado.com\/flaviobraga\/#\/schema\/person\/6c6c778331775c757a82d15206bd8733"},"breadcrumb":{"@id":"https:\/\/www.blogsoestado.com\/flaviobraga\/que-justica-e-esta\/#breadcrumb"},"inLanguage":"pt-BR","potentialAction":[{"@type":"ReadAction","target":["https:\/\/www.blogsoestado.com\/flaviobraga\/que-justica-e-esta\/"]}]},{"@type":"BreadcrumbList","@id":"https:\/\/www.blogsoestado.com\/flaviobraga\/que-justica-e-esta\/#breadcrumb","itemListElement":[{"@type":"ListItem","position":1,"name":"In\u00edcio","item":"https:\/\/www.blogsoestado.com\/flaviobraga\/"},{"@type":"ListItem","position":2,"name":"Que justi\u00e7a \u00e9 esta?!"}]},{"@type":"WebSite","@id":"https:\/\/www.blogsoestado.com\/flaviobraga\/#website","url":"https:\/\/www.blogsoestado.com\/flaviobraga\/","name":"Fl\u00e1vio Braga","description":"","potentialAction":[{"@type":"SearchAction","target":{"@type":"EntryPoint","urlTemplate":"https:\/\/www.blogsoestado.com\/flaviobraga\/?s={search_term_string}"},"query-input":{"@type":"PropertyValueSpecification","valueRequired":true,"valueName":"search_term_string"}}],"inLanguage":"pt-BR"},{"@type":"Person","@id":"https:\/\/www.blogsoestado.com\/flaviobraga\/#\/schema\/person\/6c6c778331775c757a82d15206bd8733","name":"Flavio Braga","image":{"@type":"ImageObject","inLanguage":"pt-BR","@id":"https:\/\/www.blogsoestado.com\/flaviobraga\/#\/schema\/person\/image\/","url":"https:\/\/secure.gravatar.com\/avatar\/ab173937dad8d78195c87778be8a0285d069ede375ce0ae24aac1cf8e58ccb2c?s=96&d=mm&r=g","contentUrl":"https:\/\/secure.gravatar.com\/avatar\/ab173937dad8d78195c87778be8a0285d069ede375ce0ae24aac1cf8e58ccb2c?s=96&d=mm&r=g","caption":"Flavio Braga"},"url":"https:\/\/www.blogsoestado.com\/flaviobraga\/author\/flaviobraga\/"}]}},"jetpack_featured_media_url":"","_links":{"self":[{"href":"https:\/\/www.blogsoestado.com\/flaviobraga\/wp-json\/wp\/v2\/posts\/930","targetHints":{"allow":["GET"]}}],"collection":[{"href":"https:\/\/www.blogsoestado.com\/flaviobraga\/wp-json\/wp\/v2\/posts"}],"about":[{"href":"https:\/\/www.blogsoestado.com\/flaviobraga\/wp-json\/wp\/v2\/types\/post"}],"author":[{"embeddable":true,"href":"https:\/\/www.blogsoestado.com\/flaviobraga\/wp-json\/wp\/v2\/users\/8"}],"replies":[{"embeddable":true,"href":"https:\/\/www.blogsoestado.com\/flaviobraga\/wp-json\/wp\/v2\/comments?post=930"}],"version-history":[{"count":0,"href":"https:\/\/www.blogsoestado.com\/flaviobraga\/wp-json\/wp\/v2\/posts\/930\/revisions"}],"wp:attachment":[{"href":"https:\/\/www.blogsoestado.com\/flaviobraga\/wp-json\/wp\/v2\/media?parent=930"}],"wp:term":[{"taxonomy":"category","embeddable":true,"href":"https:\/\/www.blogsoestado.com\/flaviobraga\/wp-json\/wp\/v2\/categories?post=930"},{"taxonomy":"post_tag","embeddable":true,"href":"https:\/\/www.blogsoestado.com\/flaviobraga\/wp-json\/wp\/v2\/tags?post=930"}],"curies":[{"name":"wp","href":"https:\/\/api.w.org\/{rel}","templated":true}]}}