{"id":938,"date":"2010-12-07T18:53:24","date_gmt":"2010-12-07T20:53:24","guid":{"rendered":"https:\/\/www.blogsoestado.com\/flaviobraga\/?p=938"},"modified":"2010-12-07T18:53:24","modified_gmt":"2010-12-07T20:53:24","slug":"ministra-determina-proclamacao-de-novo-resultado-para-deputado-federal-e-senador-no-amapa","status":"publish","type":"post","link":"https:\/\/www.blogsoestado.com\/flaviobraga\/ministra-determina-proclamacao-de-novo-resultado-para-deputado-federal-e-senador-no-amapa\/","title":{"rendered":"Ministra determina proclama\u00e7\u00e3o de novo resultado para deputado federal e senador no Amap\u00e1"},"content":{"rendered":"<p>A ministra C\u00e1rmen L\u00facia, do Tribunal Superior Eleitoral (TSE), determinou ao Tribunal Regional Eleitoral do Amap\u00e1 (TRE-AP) que proclame, imediatamente, novo resultado das elei\u00e7\u00f5es para deputado federal e senador no estado, excluindo os nomes dos candidatos Janete Maria e Jo\u00e3o Capiberibe.\u00a0 Ambos tiveram o registro de candidatura indeferido e ainda recorrem das decis\u00f5es.<\/p>\n<p>Janete Capiberibe, que concorreu a deputada federal, foi declarada ineleg\u00edvel pelo Plen\u00e1rio do TSE em 29 de setembro deste ano e o recurso contra o indeferimento de seu registro ainda ser\u00e1 julgado pelo Supremo Tribunal Federal.<\/p>\n<p>Um dia ap\u00f3s, em 30 de setembro, o registro de Jo\u00e3o Capiberibe foi\u00a0 indeferido pela ministra C\u00e1rmen Lucia, tamb\u00e9m por inelegibilidade . O candidato ao Senado recorreu ao Plen\u00e1rio do TSE, que ainda analisar\u00e1 o processo.<\/p>\n<p>O TRE-AP declarou Janete e Jo\u00e3o Capiberibe eleitos por concluir n\u00e3o haver\u00a0 decis\u00e3o transitada em julgado que os declarasse ineleg\u00edveis para o pleito deste ano.<\/p>\n<p><strong>Decis\u00e3o<\/strong><strong><\/p>\n<p><\/strong>Em sua decis\u00e3o, a ministra C\u00e1rmen L\u00facia destaca que o ordenamento jur\u00eddico p\u00e1trio prev\u00ea como eleitos apenas os candidatos que, tendo concorrido nas elei\u00e7\u00f5es, obtiveram n\u00famero suficiente de votos v\u00e1lidos e\u00a0 que\u00a0 \u201cn\u00e3o \u00e9 esta, por \u00f3bvio, a condi\u00e7\u00e3o daqueles que tiveram os registros de candidatura indeferidos, ainda que a decis\u00e3o n\u00e3o tenha transitado em julgado\u201d como na situa\u00e7\u00e3o de Janete e Jo\u00e3o Capiberibe.<\/p>\n<p>A ministra C\u00e1rmen Lucia reitera jurisprud\u00eancia do TSE no sentido de que s\u00e3o nulos os votos conferidos a candidato que teve seu registro de candidatura indeferido antes da realiza\u00e7\u00e3o da elei\u00e7\u00e3o, assim permanecendo at\u00e9 o tr\u00e2nsito em julgado do pedido de registro.<\/p>\n<p>Para a ministra, a\u00a0 proclama\u00e7\u00e3o da elei\u00e7\u00e3o de Janete e Jo\u00e3o Capiberibe em desacordo com a legisla\u00e7\u00e3o de reg\u00eancia e com decis\u00f5es do TSE\u00a0 importar\u00e1 em reconhecer votos \u201csabiamente nulos, o que n\u00e3o \u00e9 leg\u00edtimo nem razo\u00e1vel\u201d.<\/p>\n<p>Dessa forma, a ministra deferiu duas medidas cautelares, ajuizadas pelo Minist\u00e9rio P\u00fablico e pelo senador e candidato \u00e0 reelei\u00e7\u00e3o Gilvan Borges, nas quais determinou a proclama\u00e7\u00e3o de novo resultado dos pleitos.<\/p>\n","protected":false},"excerpt":{"rendered":"<p>A ministra C\u00e1rmen L\u00facia, do Tribunal Superior Eleitoral (TSE), determinou ao Tribunal Regional Eleitoral do Amap\u00e1 (TRE-AP) que proclame, imediatamente, [&hellip;]<\/p>\n","protected":false},"author":8,"featured_media":0,"comment_status":"open","ping_status":"open","sticky":false,"template":"","format":"standard","meta":{"site-sidebar-layout":"default","site-content-layout":"","ast-site-content-layout":"default","site-content-style":"default","site-sidebar-style":"default","ast-global-header-display":"","ast-banner-title-visibility":"","ast-main-header-display":"","ast-hfb-above-header-display":"","ast-hfb-below-header-display":"","ast-hfb-mobile-header-display":"","site-post-title":"","ast-breadcrumbs-content":"","ast-featured-img":"","footer-sml-layout":"","ast-disable-related-posts":"","theme-transparent-header-meta":"","adv-header-id-meta":"","stick-header-meta":"","header-above-stick-meta":"","header-main-stick-meta":"","header-below-stick-meta":"","astra-migrate-meta-layouts":"default","ast-page-background-enabled":"default","ast-page-background-meta":{"desktop":{"background-color":"var(--ast-global-color-5)","background-image":"","background-repeat":"repeat","background-position":"center center","background-size":"auto","background-attachment":"scroll","background-type":"","background-media":"","overlay-type":"","overlay-color":"","overlay-opacity":"","overlay-gradient":""},"tablet":{"background-color":"","background-image":"","background-repeat":"repeat","background-position":"center center","background-size":"auto","background-attachment":"scroll","background-type":"","background-media":"","overlay-type":"","overlay-color":"","overlay-opacity":"","overlay-gradient":""},"mobile":{"background-color":"","background-image":"","background-repeat":"repeat","background-position":"center center","background-size":"auto","background-attachment":"scroll","background-type":"","background-media":"","overlay-type":"","overlay-color":"","overlay-opacity":"","overlay-gradient":""}},"ast-content-background-meta":{"desktop":{"background-color":"var(--ast-global-color-4)","background-image":"","background-repeat":"repeat","background-position":"center center","background-size":"auto","background-attachment":"scroll","background-type":"","background-media":"","overlay-type":"","overlay-color":"","overlay-opacity":"","overlay-gradient":""},"tablet":{"background-color":"var(--ast-global-color-4)","background-image":"","background-repeat":"repeat","background-position":"center center","background-size":"auto","background-attachment":"scroll","background-type":"","background-media":"","overlay-type":"","overlay-color":"","overlay-opacity":"","overlay-gradient":""},"mobile":{"background-color":"var(--ast-global-color-4)","background-image":"","background-repeat":"repeat","background-position":"center center","background-size":"auto","background-attachment":"scroll","background-type":"","background-media":"","overlay-type":"","overlay-color":"","overlay-opacity":"","overlay-gradient":""}},"footnotes":""},"categories":[1],"tags":[],"class_list":["post-938","post","type-post","status-publish","format-standard","hentry","category-sem-categoria"],"yoast_head":"<!-- This site is optimized with the Yoast SEO plugin v26.6 - https:\/\/yoast.com\/wordpress\/plugins\/seo\/ -->\n<title>Ministra determina proclama\u00e7\u00e3o de novo resultado para deputado federal e senador no Amap\u00e1 - Fl\u00e1vio Braga<\/title>\n<meta name=\"robots\" content=\"index, follow, max-snippet:-1, max-image-preview:large, max-video-preview:-1\" \/>\n<link rel=\"canonical\" href=\"https:\/\/www.blogsoestado.com\/flaviobraga\/ministra-determina-proclamacao-de-novo-resultado-para-deputado-federal-e-senador-no-amapa\/\" \/>\n<meta property=\"og:locale\" content=\"pt_BR\" \/>\n<meta property=\"og:type\" content=\"article\" \/>\n<meta property=\"og:title\" content=\"Ministra determina proclama\u00e7\u00e3o de novo resultado para deputado federal e senador no Amap\u00e1 - Fl\u00e1vio Braga\" \/>\n<meta property=\"og:description\" content=\"A ministra C\u00e1rmen L\u00facia, do Tribunal Superior Eleitoral (TSE), determinou ao Tribunal Regional Eleitoral do Amap\u00e1 (TRE-AP) que proclame, imediatamente, [&hellip;]\" \/>\n<meta property=\"og:url\" content=\"https:\/\/www.blogsoestado.com\/flaviobraga\/ministra-determina-proclamacao-de-novo-resultado-para-deputado-federal-e-senador-no-amapa\/\" \/>\n<meta property=\"og:site_name\" content=\"Fl\u00e1vio Braga\" \/>\n<meta property=\"article:published_time\" content=\"2010-12-07T20:53:24+00:00\" \/>\n<meta name=\"author\" content=\"Flavio Braga\" \/>\n<meta name=\"twitter:card\" content=\"summary_large_image\" \/>\n<meta name=\"twitter:label1\" content=\"Escrito por\" \/>\n\t<meta name=\"twitter:data1\" content=\"Flavio Braga\" \/>\n\t<meta name=\"twitter:label2\" content=\"Est. tempo de leitura\" \/>\n\t<meta name=\"twitter:data2\" content=\"2 minutos\" \/>\n<script type=\"application\/ld+json\" class=\"yoast-schema-graph\">{\"@context\":\"https:\/\/schema.org\",\"@graph\":[{\"@type\":\"WebPage\",\"@id\":\"https:\/\/www.blogsoestado.com\/flaviobraga\/ministra-determina-proclamacao-de-novo-resultado-para-deputado-federal-e-senador-no-amapa\/\",\"url\":\"https:\/\/www.blogsoestado.com\/flaviobraga\/ministra-determina-proclamacao-de-novo-resultado-para-deputado-federal-e-senador-no-amapa\/\",\"name\":\"Ministra determina proclama\u00e7\u00e3o de novo resultado para deputado federal e senador no Amap\u00e1 - Fl\u00e1vio Braga\",\"isPartOf\":{\"@id\":\"https:\/\/www.blogsoestado.com\/flaviobraga\/#website\"},\"datePublished\":\"2010-12-07T20:53:24+00:00\",\"author\":{\"@id\":\"https:\/\/www.blogsoestado.com\/flaviobraga\/#\/schema\/person\/6c6c778331775c757a82d15206bd8733\"},\"breadcrumb\":{\"@id\":\"https:\/\/www.blogsoestado.com\/flaviobraga\/ministra-determina-proclamacao-de-novo-resultado-para-deputado-federal-e-senador-no-amapa\/#breadcrumb\"},\"inLanguage\":\"pt-BR\",\"potentialAction\":[{\"@type\":\"ReadAction\",\"target\":[\"https:\/\/www.blogsoestado.com\/flaviobraga\/ministra-determina-proclamacao-de-novo-resultado-para-deputado-federal-e-senador-no-amapa\/\"]}]},{\"@type\":\"BreadcrumbList\",\"@id\":\"https:\/\/www.blogsoestado.com\/flaviobraga\/ministra-determina-proclamacao-de-novo-resultado-para-deputado-federal-e-senador-no-amapa\/#breadcrumb\",\"itemListElement\":[{\"@type\":\"ListItem\",\"position\":1,\"name\":\"In\u00edcio\",\"item\":\"https:\/\/www.blogsoestado.com\/flaviobraga\/\"},{\"@type\":\"ListItem\",\"position\":2,\"name\":\"Ministra determina proclama\u00e7\u00e3o de novo resultado para deputado federal e senador no Amap\u00e1\"}]},{\"@type\":\"WebSite\",\"@id\":\"https:\/\/www.blogsoestado.com\/flaviobraga\/#website\",\"url\":\"https:\/\/www.blogsoestado.com\/flaviobraga\/\",\"name\":\"Fl\u00e1vio Braga\",\"description\":\"\",\"potentialAction\":[{\"@type\":\"SearchAction\",\"target\":{\"@type\":\"EntryPoint\",\"urlTemplate\":\"https:\/\/www.blogsoestado.com\/flaviobraga\/?s={search_term_string}\"},\"query-input\":{\"@type\":\"PropertyValueSpecification\",\"valueRequired\":true,\"valueName\":\"search_term_string\"}}],\"inLanguage\":\"pt-BR\"},{\"@type\":\"Person\",\"@id\":\"https:\/\/www.blogsoestado.com\/flaviobraga\/#\/schema\/person\/6c6c778331775c757a82d15206bd8733\",\"name\":\"Flavio Braga\",\"image\":{\"@type\":\"ImageObject\",\"inLanguage\":\"pt-BR\",\"@id\":\"https:\/\/www.blogsoestado.com\/flaviobraga\/#\/schema\/person\/image\/\",\"url\":\"https:\/\/secure.gravatar.com\/avatar\/ab173937dad8d78195c87778be8a0285d069ede375ce0ae24aac1cf8e58ccb2c?s=96&d=mm&r=g\",\"contentUrl\":\"https:\/\/secure.gravatar.com\/avatar\/ab173937dad8d78195c87778be8a0285d069ede375ce0ae24aac1cf8e58ccb2c?s=96&d=mm&r=g\",\"caption\":\"Flavio Braga\"},\"url\":\"https:\/\/www.blogsoestado.com\/flaviobraga\/author\/flaviobraga\/\"}]}<\/script>\n<!-- \/ Yoast SEO plugin. -->","yoast_head_json":{"title":"Ministra determina proclama\u00e7\u00e3o de novo resultado para deputado federal e senador no Amap\u00e1 - Fl\u00e1vio Braga","robots":{"index":"index","follow":"follow","max-snippet":"max-snippet:-1","max-image-preview":"max-image-preview:large","max-video-preview":"max-video-preview:-1"},"canonical":"https:\/\/www.blogsoestado.com\/flaviobraga\/ministra-determina-proclamacao-de-novo-resultado-para-deputado-federal-e-senador-no-amapa\/","og_locale":"pt_BR","og_type":"article","og_title":"Ministra determina proclama\u00e7\u00e3o de novo resultado para deputado federal e senador no Amap\u00e1 - Fl\u00e1vio Braga","og_description":"A ministra C\u00e1rmen L\u00facia, do Tribunal Superior Eleitoral (TSE), determinou ao Tribunal Regional Eleitoral do Amap\u00e1 (TRE-AP) que proclame, imediatamente, [&hellip;]","og_url":"https:\/\/www.blogsoestado.com\/flaviobraga\/ministra-determina-proclamacao-de-novo-resultado-para-deputado-federal-e-senador-no-amapa\/","og_site_name":"Fl\u00e1vio Braga","article_published_time":"2010-12-07T20:53:24+00:00","author":"Flavio Braga","twitter_card":"summary_large_image","twitter_misc":{"Escrito por":"Flavio Braga","Est. tempo de leitura":"2 minutos"},"schema":{"@context":"https:\/\/schema.org","@graph":[{"@type":"WebPage","@id":"https:\/\/www.blogsoestado.com\/flaviobraga\/ministra-determina-proclamacao-de-novo-resultado-para-deputado-federal-e-senador-no-amapa\/","url":"https:\/\/www.blogsoestado.com\/flaviobraga\/ministra-determina-proclamacao-de-novo-resultado-para-deputado-federal-e-senador-no-amapa\/","name":"Ministra determina proclama\u00e7\u00e3o de novo resultado para deputado federal e senador no Amap\u00e1 - Fl\u00e1vio Braga","isPartOf":{"@id":"https:\/\/www.blogsoestado.com\/flaviobraga\/#website"},"datePublished":"2010-12-07T20:53:24+00:00","author":{"@id":"https:\/\/www.blogsoestado.com\/flaviobraga\/#\/schema\/person\/6c6c778331775c757a82d15206bd8733"},"breadcrumb":{"@id":"https:\/\/www.blogsoestado.com\/flaviobraga\/ministra-determina-proclamacao-de-novo-resultado-para-deputado-federal-e-senador-no-amapa\/#breadcrumb"},"inLanguage":"pt-BR","potentialAction":[{"@type":"ReadAction","target":["https:\/\/www.blogsoestado.com\/flaviobraga\/ministra-determina-proclamacao-de-novo-resultado-para-deputado-federal-e-senador-no-amapa\/"]}]},{"@type":"BreadcrumbList","@id":"https:\/\/www.blogsoestado.com\/flaviobraga\/ministra-determina-proclamacao-de-novo-resultado-para-deputado-federal-e-senador-no-amapa\/#breadcrumb","itemListElement":[{"@type":"ListItem","position":1,"name":"In\u00edcio","item":"https:\/\/www.blogsoestado.com\/flaviobraga\/"},{"@type":"ListItem","position":2,"name":"Ministra determina proclama\u00e7\u00e3o de novo resultado para deputado federal e senador no Amap\u00e1"}]},{"@type":"WebSite","@id":"https:\/\/www.blogsoestado.com\/flaviobraga\/#website","url":"https:\/\/www.blogsoestado.com\/flaviobraga\/","name":"Fl\u00e1vio Braga","description":"","potentialAction":[{"@type":"SearchAction","target":{"@type":"EntryPoint","urlTemplate":"https:\/\/www.blogsoestado.com\/flaviobraga\/?s={search_term_string}"},"query-input":{"@type":"PropertyValueSpecification","valueRequired":true,"valueName":"search_term_string"}}],"inLanguage":"pt-BR"},{"@type":"Person","@id":"https:\/\/www.blogsoestado.com\/flaviobraga\/#\/schema\/person\/6c6c778331775c757a82d15206bd8733","name":"Flavio Braga","image":{"@type":"ImageObject","inLanguage":"pt-BR","@id":"https:\/\/www.blogsoestado.com\/flaviobraga\/#\/schema\/person\/image\/","url":"https:\/\/secure.gravatar.com\/avatar\/ab173937dad8d78195c87778be8a0285d069ede375ce0ae24aac1cf8e58ccb2c?s=96&d=mm&r=g","contentUrl":"https:\/\/secure.gravatar.com\/avatar\/ab173937dad8d78195c87778be8a0285d069ede375ce0ae24aac1cf8e58ccb2c?s=96&d=mm&r=g","caption":"Flavio Braga"},"url":"https:\/\/www.blogsoestado.com\/flaviobraga\/author\/flaviobraga\/"}]}},"jetpack_featured_media_url":"","_links":{"self":[{"href":"https:\/\/www.blogsoestado.com\/flaviobraga\/wp-json\/wp\/v2\/posts\/938","targetHints":{"allow":["GET"]}}],"collection":[{"href":"https:\/\/www.blogsoestado.com\/flaviobraga\/wp-json\/wp\/v2\/posts"}],"about":[{"href":"https:\/\/www.blogsoestado.com\/flaviobraga\/wp-json\/wp\/v2\/types\/post"}],"author":[{"embeddable":true,"href":"https:\/\/www.blogsoestado.com\/flaviobraga\/wp-json\/wp\/v2\/users\/8"}],"replies":[{"embeddable":true,"href":"https:\/\/www.blogsoestado.com\/flaviobraga\/wp-json\/wp\/v2\/comments?post=938"}],"version-history":[{"count":0,"href":"https:\/\/www.blogsoestado.com\/flaviobraga\/wp-json\/wp\/v2\/posts\/938\/revisions"}],"wp:attachment":[{"href":"https:\/\/www.blogsoestado.com\/flaviobraga\/wp-json\/wp\/v2\/media?parent=938"}],"wp:term":[{"taxonomy":"category","embeddable":true,"href":"https:\/\/www.blogsoestado.com\/flaviobraga\/wp-json\/wp\/v2\/categories?post=938"},{"taxonomy":"post_tag","embeddable":true,"href":"https:\/\/www.blogsoestado.com\/flaviobraga\/wp-json\/wp\/v2\/tags?post=938"}],"curies":[{"name":"wp","href":"https:\/\/api.w.org\/{rel}","templated":true}]}}