{"id":940,"date":"2010-12-07T18:58:06","date_gmt":"2010-12-07T20:58:06","guid":{"rendered":"https:\/\/www.blogsoestado.com\/flaviobraga\/?p=940"},"modified":"2010-12-07T18:58:06","modified_gmt":"2010-12-07T20:58:06","slug":"o-velho-problema-das-emendas-ao-orcamento","status":"publish","type":"post","link":"https:\/\/www.blogsoestado.com\/flaviobraga\/o-velho-problema-das-emendas-ao-orcamento\/","title":{"rendered":"O velho problema das emendas ao or\u00e7amento"},"content":{"rendered":"<p><strong>Por Roseann Kennedy*<\/strong><\/p>\n<p>Estamos novamente acompanhando den\u00fancias do mau uso das verbas do Or\u00e7amento Geral da Uni\u00e3o. Suspeitas que desta vez envolvem o nome do atual relator do OGU, o senador Gim Argello (PTB-DF).O Minist\u00e9rio P\u00fablico j\u00e1 pediu que o Tribunal de Contas investigue o caso. O senador \u00e9 suspeito de repassar quase R$ 1,5 milh\u00e3o a institutos fantasmas. Gim teria feito lobby para beneficiar empresas inexistentes e desviar dinheiro para contas de laranjas.<\/p>\n<p>O m\u00ednimo que o senador teria de fazer agora \u00e9 se afastar da relatoria da comiss\u00e3o, como sugeriu o PPS. Mas ele j\u00e1 avisou que n\u00e3o vai deixar a fun\u00e7\u00e3o, disse que cancelaria suas emendas para eventos e patroc\u00ednios culturais e pediu para ser investigado.<\/p>\n<p>Gim Argello transfere a responsabildade para os \u00f3rg\u00e3os de fiscaliza\u00e7\u00e3o. Diz que compete aos minist\u00e9rios que liberaram os recursos aprovar a execu\u00e7\u00e3o, bem como fiscalizar e acompanhar o cumprimento dos contratos.<br \/>\n\u00a0<br \/>\nEngra\u00e7ado \u00e9 que a comiss\u00e3o \u00e9 de Or\u00e7amento, Fiscaliza\u00e7\u00e3o e Controle. Pelo menos no nome. Mais curioso ainda \u00e9 que se houver algum pedido no Conselho de \u00c9tica para ele ser investigado no Congresso, a solicita\u00e7\u00e3o ir\u00e1 parar nas m\u00e3os do pr\u00f3prio senador. Porque ele \u00e9 o vice-presidente do Conselho.<\/p>\n<p>Independentemente do resultado das investiga\u00e7\u00f5es, as suspeitas apontam para um problema que se consolida como uma das principais mazelas do Congresso Nacional: a manuten\u00e7\u00e3o das chamadas emendas parlamentares. Porque foi provado, mais de uma vez, que essa distribui\u00e7\u00e3o de recursos \u00e9 foco f\u00e1cil de fraudes e de negociatas pol\u00edticas.<\/p>\n<p>A emenda \u00e9 aquela verba que o deputado ou senador tem direito a destinar para um projeto em sua cidade, como quadras de esportes, compra de ambul\u00e2ncias, realiza\u00e7\u00e3o de eventos culturais. Citei essas tr\u00eas possibilidades porque j\u00e1 foram usadas para desvio de verbas constatadas em investiga\u00e7\u00f5es da Controladoria Geral da Uni\u00e3o e do Tribunal de Contas da Uni\u00e3o. Como foram os casos do esc\u00e2ndalo das sanguessugas e de shows n\u00e3o realizados pa\u00eds afora.<\/p>\n<p>A verifica\u00e7\u00e3o das datas de libera\u00e7\u00e3o dessa verba para um ou outro parlamentar tamb\u00e9m exp\u00f5e, coincidentemente, em v\u00e1rias situa\u00e7\u00f5es que ocorreram \u00e0s v\u00e9speras de vota\u00e7\u00f5es importantes. E &#8211; mais coincidentemente ainda &#8211; beneficiando deputados, senadores ou partidos que votaram como queria o Governo.<\/p>\n<p>N\u00e3o bastasse tudo isso, acho que tamb\u00e9m fere o princ\u00edpio constitucional de que o dinheiro p\u00fablico n\u00e3o \u00e9 personalizado. A verba \u00e9 da Uni\u00e3o mas, quando transferida por meio de uma emenda de um parlamentar, ganha uma impress\u00e3o digital e chega \u00e0 cidade, aos olhos do eleitor, como se fosse o dinheiro dele.<\/p>\n<p><em>*Comentarista pol\u00edtica da CBN, Roseann Kennedy escreve esta coluna exclusiva para o Congresso em Foco<\/em><\/p>\n","protected":false},"excerpt":{"rendered":"<p>Por Roseann Kennedy* Estamos novamente acompanhando den\u00fancias do mau uso das verbas do Or\u00e7amento Geral da Uni\u00e3o. Suspeitas que desta [&hellip;]<\/p>\n","protected":false},"author":8,"featured_media":0,"comment_status":"open","ping_status":"open","sticky":false,"template":"","format":"standard","meta":{"site-sidebar-layout":"default","site-content-layout":"","ast-site-content-layout":"default","site-content-style":"default","site-sidebar-style":"default","ast-global-header-display":"","ast-banner-title-visibility":"","ast-main-header-display":"","ast-hfb-above-header-display":"","ast-hfb-below-header-display":"","ast-hfb-mobile-header-display":"","site-post-title":"","ast-breadcrumbs-content":"","ast-featured-img":"","footer-sml-layout":"","ast-disable-related-posts":"","theme-transparent-header-meta":"","adv-header-id-meta":"","stick-header-meta":"","header-above-stick-meta":"","header-main-stick-meta":"","header-below-stick-meta":"","astra-migrate-meta-layouts":"default","ast-page-background-enabled":"default","ast-page-background-meta":{"desktop":{"background-color":"var(--ast-global-color-5)","background-image":"","background-repeat":"repeat","background-position":"center center","background-size":"auto","background-attachment":"scroll","background-type":"","background-media":"","overlay-type":"","overlay-color":"","overlay-opacity":"","overlay-gradient":""},"tablet":{"background-color":"","background-image":"","background-repeat":"repeat","background-position":"center center","background-size":"auto","background-attachment":"scroll","background-type":"","background-media":"","overlay-type":"","overlay-color":"","overlay-opacity":"","overlay-gradient":""},"mobile":{"background-color":"","background-image":"","background-repeat":"repeat","background-position":"center center","background-size":"auto","background-attachment":"scroll","background-type":"","background-media":"","overlay-type":"","overlay-color":"","overlay-opacity":"","overlay-gradient":""}},"ast-content-background-meta":{"desktop":{"background-color":"var(--ast-global-color-4)","background-image":"","background-repeat":"repeat","background-position":"center center","background-size":"auto","background-attachment":"scroll","background-type":"","background-media":"","overlay-type":"","overlay-color":"","overlay-opacity":"","overlay-gradient":""},"tablet":{"background-color":"var(--ast-global-color-4)","background-image":"","background-repeat":"repeat","background-position":"center center","background-size":"auto","background-attachment":"scroll","background-type":"","background-media":"","overlay-type":"","overlay-color":"","overlay-opacity":"","overlay-gradient":""},"mobile":{"background-color":"var(--ast-global-color-4)","background-image":"","background-repeat":"repeat","background-position":"center center","background-size":"auto","background-attachment":"scroll","background-type":"","background-media":"","overlay-type":"","overlay-color":"","overlay-opacity":"","overlay-gradient":""}},"footnotes":""},"categories":[1],"tags":[],"class_list":["post-940","post","type-post","status-publish","format-standard","hentry","category-sem-categoria"],"yoast_head":"<!-- This site is optimized with the Yoast SEO plugin v26.6 - https:\/\/yoast.com\/wordpress\/plugins\/seo\/ -->\n<title>O velho problema das emendas ao or\u00e7amento - Fl\u00e1vio Braga<\/title>\n<meta name=\"robots\" content=\"index, follow, max-snippet:-1, max-image-preview:large, max-video-preview:-1\" \/>\n<link rel=\"canonical\" href=\"https:\/\/www.blogsoestado.com\/flaviobraga\/o-velho-problema-das-emendas-ao-orcamento\/\" \/>\n<meta property=\"og:locale\" content=\"pt_BR\" \/>\n<meta property=\"og:type\" content=\"article\" \/>\n<meta property=\"og:title\" content=\"O velho problema das emendas ao or\u00e7amento - Fl\u00e1vio Braga\" \/>\n<meta property=\"og:description\" content=\"Por Roseann Kennedy* Estamos novamente acompanhando den\u00fancias do mau uso das verbas do Or\u00e7amento Geral da Uni\u00e3o. Suspeitas que desta [&hellip;]\" \/>\n<meta property=\"og:url\" content=\"https:\/\/www.blogsoestado.com\/flaviobraga\/o-velho-problema-das-emendas-ao-orcamento\/\" \/>\n<meta property=\"og:site_name\" content=\"Fl\u00e1vio Braga\" \/>\n<meta property=\"article:published_time\" content=\"2010-12-07T20:58:06+00:00\" \/>\n<meta name=\"author\" content=\"Flavio Braga\" \/>\n<meta name=\"twitter:card\" content=\"summary_large_image\" \/>\n<meta name=\"twitter:label1\" content=\"Escrito por\" \/>\n\t<meta name=\"twitter:data1\" content=\"Flavio Braga\" \/>\n\t<meta name=\"twitter:label2\" content=\"Est. tempo de leitura\" \/>\n\t<meta name=\"twitter:data2\" content=\"2 minutos\" \/>\n<script type=\"application\/ld+json\" class=\"yoast-schema-graph\">{\"@context\":\"https:\/\/schema.org\",\"@graph\":[{\"@type\":\"WebPage\",\"@id\":\"https:\/\/www.blogsoestado.com\/flaviobraga\/o-velho-problema-das-emendas-ao-orcamento\/\",\"url\":\"https:\/\/www.blogsoestado.com\/flaviobraga\/o-velho-problema-das-emendas-ao-orcamento\/\",\"name\":\"O velho problema das emendas ao or\u00e7amento - Fl\u00e1vio Braga\",\"isPartOf\":{\"@id\":\"https:\/\/www.blogsoestado.com\/flaviobraga\/#website\"},\"datePublished\":\"2010-12-07T20:58:06+00:00\",\"author\":{\"@id\":\"https:\/\/www.blogsoestado.com\/flaviobraga\/#\/schema\/person\/6c6c778331775c757a82d15206bd8733\"},\"breadcrumb\":{\"@id\":\"https:\/\/www.blogsoestado.com\/flaviobraga\/o-velho-problema-das-emendas-ao-orcamento\/#breadcrumb\"},\"inLanguage\":\"pt-BR\",\"potentialAction\":[{\"@type\":\"ReadAction\",\"target\":[\"https:\/\/www.blogsoestado.com\/flaviobraga\/o-velho-problema-das-emendas-ao-orcamento\/\"]}]},{\"@type\":\"BreadcrumbList\",\"@id\":\"https:\/\/www.blogsoestado.com\/flaviobraga\/o-velho-problema-das-emendas-ao-orcamento\/#breadcrumb\",\"itemListElement\":[{\"@type\":\"ListItem\",\"position\":1,\"name\":\"In\u00edcio\",\"item\":\"https:\/\/www.blogsoestado.com\/flaviobraga\/\"},{\"@type\":\"ListItem\",\"position\":2,\"name\":\"O velho problema das emendas ao or\u00e7amento\"}]},{\"@type\":\"WebSite\",\"@id\":\"https:\/\/www.blogsoestado.com\/flaviobraga\/#website\",\"url\":\"https:\/\/www.blogsoestado.com\/flaviobraga\/\",\"name\":\"Fl\u00e1vio Braga\",\"description\":\"\",\"potentialAction\":[{\"@type\":\"SearchAction\",\"target\":{\"@type\":\"EntryPoint\",\"urlTemplate\":\"https:\/\/www.blogsoestado.com\/flaviobraga\/?s={search_term_string}\"},\"query-input\":{\"@type\":\"PropertyValueSpecification\",\"valueRequired\":true,\"valueName\":\"search_term_string\"}}],\"inLanguage\":\"pt-BR\"},{\"@type\":\"Person\",\"@id\":\"https:\/\/www.blogsoestado.com\/flaviobraga\/#\/schema\/person\/6c6c778331775c757a82d15206bd8733\",\"name\":\"Flavio Braga\",\"image\":{\"@type\":\"ImageObject\",\"inLanguage\":\"pt-BR\",\"@id\":\"https:\/\/www.blogsoestado.com\/flaviobraga\/#\/schema\/person\/image\/\",\"url\":\"https:\/\/secure.gravatar.com\/avatar\/ab173937dad8d78195c87778be8a0285d069ede375ce0ae24aac1cf8e58ccb2c?s=96&d=mm&r=g\",\"contentUrl\":\"https:\/\/secure.gravatar.com\/avatar\/ab173937dad8d78195c87778be8a0285d069ede375ce0ae24aac1cf8e58ccb2c?s=96&d=mm&r=g\",\"caption\":\"Flavio Braga\"},\"url\":\"https:\/\/www.blogsoestado.com\/flaviobraga\/author\/flaviobraga\/\"}]}<\/script>\n<!-- \/ Yoast SEO plugin. -->","yoast_head_json":{"title":"O velho problema das emendas ao or\u00e7amento - Fl\u00e1vio Braga","robots":{"index":"index","follow":"follow","max-snippet":"max-snippet:-1","max-image-preview":"max-image-preview:large","max-video-preview":"max-video-preview:-1"},"canonical":"https:\/\/www.blogsoestado.com\/flaviobraga\/o-velho-problema-das-emendas-ao-orcamento\/","og_locale":"pt_BR","og_type":"article","og_title":"O velho problema das emendas ao or\u00e7amento - Fl\u00e1vio Braga","og_description":"Por Roseann Kennedy* Estamos novamente acompanhando den\u00fancias do mau uso das verbas do Or\u00e7amento Geral da Uni\u00e3o. Suspeitas que desta [&hellip;]","og_url":"https:\/\/www.blogsoestado.com\/flaviobraga\/o-velho-problema-das-emendas-ao-orcamento\/","og_site_name":"Fl\u00e1vio Braga","article_published_time":"2010-12-07T20:58:06+00:00","author":"Flavio Braga","twitter_card":"summary_large_image","twitter_misc":{"Escrito por":"Flavio Braga","Est. tempo de leitura":"2 minutos"},"schema":{"@context":"https:\/\/schema.org","@graph":[{"@type":"WebPage","@id":"https:\/\/www.blogsoestado.com\/flaviobraga\/o-velho-problema-das-emendas-ao-orcamento\/","url":"https:\/\/www.blogsoestado.com\/flaviobraga\/o-velho-problema-das-emendas-ao-orcamento\/","name":"O velho problema das emendas ao or\u00e7amento - Fl\u00e1vio Braga","isPartOf":{"@id":"https:\/\/www.blogsoestado.com\/flaviobraga\/#website"},"datePublished":"2010-12-07T20:58:06+00:00","author":{"@id":"https:\/\/www.blogsoestado.com\/flaviobraga\/#\/schema\/person\/6c6c778331775c757a82d15206bd8733"},"breadcrumb":{"@id":"https:\/\/www.blogsoestado.com\/flaviobraga\/o-velho-problema-das-emendas-ao-orcamento\/#breadcrumb"},"inLanguage":"pt-BR","potentialAction":[{"@type":"ReadAction","target":["https:\/\/www.blogsoestado.com\/flaviobraga\/o-velho-problema-das-emendas-ao-orcamento\/"]}]},{"@type":"BreadcrumbList","@id":"https:\/\/www.blogsoestado.com\/flaviobraga\/o-velho-problema-das-emendas-ao-orcamento\/#breadcrumb","itemListElement":[{"@type":"ListItem","position":1,"name":"In\u00edcio","item":"https:\/\/www.blogsoestado.com\/flaviobraga\/"},{"@type":"ListItem","position":2,"name":"O velho problema das emendas ao or\u00e7amento"}]},{"@type":"WebSite","@id":"https:\/\/www.blogsoestado.com\/flaviobraga\/#website","url":"https:\/\/www.blogsoestado.com\/flaviobraga\/","name":"Fl\u00e1vio Braga","description":"","potentialAction":[{"@type":"SearchAction","target":{"@type":"EntryPoint","urlTemplate":"https:\/\/www.blogsoestado.com\/flaviobraga\/?s={search_term_string}"},"query-input":{"@type":"PropertyValueSpecification","valueRequired":true,"valueName":"search_term_string"}}],"inLanguage":"pt-BR"},{"@type":"Person","@id":"https:\/\/www.blogsoestado.com\/flaviobraga\/#\/schema\/person\/6c6c778331775c757a82d15206bd8733","name":"Flavio Braga","image":{"@type":"ImageObject","inLanguage":"pt-BR","@id":"https:\/\/www.blogsoestado.com\/flaviobraga\/#\/schema\/person\/image\/","url":"https:\/\/secure.gravatar.com\/avatar\/ab173937dad8d78195c87778be8a0285d069ede375ce0ae24aac1cf8e58ccb2c?s=96&d=mm&r=g","contentUrl":"https:\/\/secure.gravatar.com\/avatar\/ab173937dad8d78195c87778be8a0285d069ede375ce0ae24aac1cf8e58ccb2c?s=96&d=mm&r=g","caption":"Flavio Braga"},"url":"https:\/\/www.blogsoestado.com\/flaviobraga\/author\/flaviobraga\/"}]}},"jetpack_featured_media_url":"","_links":{"self":[{"href":"https:\/\/www.blogsoestado.com\/flaviobraga\/wp-json\/wp\/v2\/posts\/940","targetHints":{"allow":["GET"]}}],"collection":[{"href":"https:\/\/www.blogsoestado.com\/flaviobraga\/wp-json\/wp\/v2\/posts"}],"about":[{"href":"https:\/\/www.blogsoestado.com\/flaviobraga\/wp-json\/wp\/v2\/types\/post"}],"author":[{"embeddable":true,"href":"https:\/\/www.blogsoestado.com\/flaviobraga\/wp-json\/wp\/v2\/users\/8"}],"replies":[{"embeddable":true,"href":"https:\/\/www.blogsoestado.com\/flaviobraga\/wp-json\/wp\/v2\/comments?post=940"}],"version-history":[{"count":0,"href":"https:\/\/www.blogsoestado.com\/flaviobraga\/wp-json\/wp\/v2\/posts\/940\/revisions"}],"wp:attachment":[{"href":"https:\/\/www.blogsoestado.com\/flaviobraga\/wp-json\/wp\/v2\/media?parent=940"}],"wp:term":[{"taxonomy":"category","embeddable":true,"href":"https:\/\/www.blogsoestado.com\/flaviobraga\/wp-json\/wp\/v2\/categories?post=940"},{"taxonomy":"post_tag","embeddable":true,"href":"https:\/\/www.blogsoestado.com\/flaviobraga\/wp-json\/wp\/v2\/tags?post=940"}],"curies":[{"name":"wp","href":"https:\/\/api.w.org\/{rel}","templated":true}]}}