{"id":943,"date":"2010-12-07T19:11:33","date_gmt":"2010-12-07T21:11:33","guid":{"rendered":"https:\/\/www.blogsoestado.com\/flaviobraga\/?p=943"},"modified":"2010-12-07T19:11:33","modified_gmt":"2010-12-07T21:11:33","slug":"a-fase-da-diplomacao","status":"publish","type":"post","link":"https:\/\/www.blogsoestado.com\/flaviobraga\/a-fase-da-diplomacao\/","title":{"rendered":"A fase da diploma\u00e7\u00e3o"},"content":{"rendered":"<p><a href=\"https:\/\/www.blogsoestado.com\/flaviobraga\/files\/2010\/12\/Diploma1.jpg\"><img decoding=\"async\" class=\"aligncenter size-full wp-image-945\" src=\"https:\/\/www.blogsoestado.com\/flaviobraga\/files\/2010\/12\/Diploma1.jpg\" alt=\"\" width=\"223\" height=\"167\" \/><\/a><\/p>\n<p>A diploma\u00e7\u00e3o \u00e9 a \u00faltima fase do macroprocesso eleitoral. \u00c9 a formalidade por meio da qual a Justi\u00e7a Eleitoral atesta a validade da elei\u00e7\u00e3o e habilita os eleitos e suplentes ao exerc\u00edcio do mandato eletivo. \u00c9 ato de compet\u00eancia privativa dos \u00f3rg\u00e3os colegiados da Justi\u00e7a Eleitoral (TSE, TRE e Junta Eleitoral). A diploma\u00e7\u00e3o \u00e9 realizada nos tr\u00eas graus da jurisdi\u00e7\u00e3o eleitoral, de acordo com a elei\u00e7\u00e3o que foi conclu\u00edda (presidencial, federal, estadual ou municipal).<\/p>\n<p>\u00a0Segundo o sistema eleitoral proporcional, s\u00e3o considerados suplentes dos candidatos eleitos todos os demais candidatos da mesma legenda ou coliga\u00e7\u00e3o que n\u00e3o forem eleitos, na ordem decrescente de vota\u00e7\u00e3o. N\u00e3o poder\u00e1 ser diplomado nas elei\u00e7\u00f5es majorit\u00e1rias ou proporcionais o candidato que estiver com o seu registro indeferido, ainda que <em>sub judice<\/em>. Cada senador \u00e9 eleito com dois suplentes.<\/p>\n<p>\u00a0O diploma \u00e9 o documento formal expedido pela Justi\u00e7a Eleitoral que reconhece e certifica que determinado candidato foi eleito para o cargo ao qual concorreu, ou adquiriu a condi\u00e7\u00e3o de suplente. Em seu corpo dever\u00e1 constar o nome do diplomado, a indica\u00e7\u00e3o da legenda sob a qual concorreu, o total de votos obtidos, o cargo para o qual foi eleito ou a sua classifica\u00e7\u00e3o como suplente.<\/p>\n<p>\u00a0O diploma tem validade por tempo determinado, ou seja, a sua subst\u00e2ncia jur\u00eddica coincidir\u00e1 com a dura\u00e7\u00e3o do mandato eletivo obtido pelo diplomado. Ap\u00f3s esse lapso temporal, o seu valor ser\u00e1 meramente hist\u00f3rico.<\/p>\n<p>\u00a0Em rela\u00e7\u00e3o \u00e0 elei\u00e7\u00e3o proporcional, comumente s\u00e3o diplomados o titular do mandato e mais tr\u00eas ou quatro suplentes. Todavia, quem n\u00e3o recebeu o diploma na sess\u00e3o solene de diploma\u00e7\u00e3o pode vir a obt\u00ea-lo posteriormente, a fim de assumir vaga superveniente.<\/p>\n<p>\u00a0Ap\u00f3s a cerim\u00f4nia de diploma\u00e7\u00e3o come\u00e7a a fluir o prazo de tr\u00eas dias para a interposi\u00e7\u00e3o do Recurso Contra a Expedi\u00e7\u00e3o de Diploma\u00e7\u00e3o (RCED) e o prazo de quinze dias para a propositura da A\u00e7\u00e3o de Impugna\u00e7\u00e3o do Mandato Eletivo (AIME).<\/p>\n<p>\u00a0A expedi\u00e7\u00e3o dos diplomas poder\u00e1 ser fiscalizada pelos partidos pol\u00edticos, candidatos e Minist\u00e9rio P\u00fablico Eleitoral. A sess\u00e3o de diploma\u00e7\u00e3o \u00e9 p\u00fablica, sendo que a sua convoca\u00e7\u00e3o deve ser feita com anteced\u00eancia. O diplomando n\u00e3o \u00e9 obrigado a comparecer pessoalmente \u00e0 solenidade de diploma\u00e7\u00e3o. A sua aus\u00eancia n\u00e3o lhe acarreta nenhuma penalidade ou preju\u00edzo, visto que o diploma pode ser recebido mediante procura\u00e7\u00e3o.<\/p>\n","protected":false},"excerpt":{"rendered":"<p>A diploma\u00e7\u00e3o \u00e9 a \u00faltima fase do macroprocesso eleitoral. \u00c9 a formalidade por meio da qual a Justi\u00e7a Eleitoral atesta [&hellip;]<\/p>\n","protected":false},"author":8,"featured_media":0,"comment_status":"open","ping_status":"open","sticky":false,"template":"","format":"standard","meta":{"site-sidebar-layout":"default","site-content-layout":"","ast-site-content-layout":"default","site-content-style":"default","site-sidebar-style":"default","ast-global-header-display":"","ast-banner-title-visibility":"","ast-main-header-display":"","ast-hfb-above-header-display":"","ast-hfb-below-header-display":"","ast-hfb-mobile-header-display":"","site-post-title":"","ast-breadcrumbs-content":"","ast-featured-img":"","footer-sml-layout":"","ast-disable-related-posts":"","theme-transparent-header-meta":"","adv-header-id-meta":"","stick-header-meta":"","header-above-stick-meta":"","header-main-stick-meta":"","header-below-stick-meta":"","astra-migrate-meta-layouts":"default","ast-page-background-enabled":"default","ast-page-background-meta":{"desktop":{"background-color":"var(--ast-global-color-5)","background-image":"","background-repeat":"repeat","background-position":"center center","background-size":"auto","background-attachment":"scroll","background-type":"","background-media":"","overlay-type":"","overlay-color":"","overlay-opacity":"","overlay-gradient":""},"tablet":{"background-color":"","background-image":"","background-repeat":"repeat","background-position":"center center","background-size":"auto","background-attachment":"scroll","background-type":"","background-media":"","overlay-type":"","overlay-color":"","overlay-opacity":"","overlay-gradient":""},"mobile":{"background-color":"","background-image":"","background-repeat":"repeat","background-position":"center center","background-size":"auto","background-attachment":"scroll","background-type":"","background-media":"","overlay-type":"","overlay-color":"","overlay-opacity":"","overlay-gradient":""}},"ast-content-background-meta":{"desktop":{"background-color":"var(--ast-global-color-4)","background-image":"","background-repeat":"repeat","background-position":"center center","background-size":"auto","background-attachment":"scroll","background-type":"","background-media":"","overlay-type":"","overlay-color":"","overlay-opacity":"","overlay-gradient":""},"tablet":{"background-color":"var(--ast-global-color-4)","background-image":"","background-repeat":"repeat","background-position":"center center","background-size":"auto","background-attachment":"scroll","background-type":"","background-media":"","overlay-type":"","overlay-color":"","overlay-opacity":"","overlay-gradient":""},"mobile":{"background-color":"var(--ast-global-color-4)","background-image":"","background-repeat":"repeat","background-position":"center center","background-size":"auto","background-attachment":"scroll","background-type":"","background-media":"","overlay-type":"","overlay-color":"","overlay-opacity":"","overlay-gradient":""}},"footnotes":""},"categories":[1],"tags":[],"class_list":["post-943","post","type-post","status-publish","format-standard","hentry","category-sem-categoria"],"yoast_head":"<!-- This site is optimized with the Yoast SEO plugin v26.6 - https:\/\/yoast.com\/wordpress\/plugins\/seo\/ -->\n<title>A fase da diploma\u00e7\u00e3o - Fl\u00e1vio Braga<\/title>\n<meta name=\"robots\" content=\"index, follow, max-snippet:-1, max-image-preview:large, max-video-preview:-1\" \/>\n<link rel=\"canonical\" href=\"https:\/\/www.blogsoestado.com\/flaviobraga\/a-fase-da-diplomacao\/\" \/>\n<meta property=\"og:locale\" content=\"pt_BR\" \/>\n<meta property=\"og:type\" content=\"article\" \/>\n<meta property=\"og:title\" content=\"A fase da diploma\u00e7\u00e3o - Fl\u00e1vio Braga\" \/>\n<meta property=\"og:description\" content=\"A diploma\u00e7\u00e3o \u00e9 a \u00faltima fase do macroprocesso eleitoral. \u00c9 a formalidade por meio da qual a Justi\u00e7a Eleitoral atesta [&hellip;]\" \/>\n<meta property=\"og:url\" content=\"https:\/\/www.blogsoestado.com\/flaviobraga\/a-fase-da-diplomacao\/\" \/>\n<meta property=\"og:site_name\" content=\"Fl\u00e1vio Braga\" \/>\n<meta property=\"article:published_time\" content=\"2010-12-07T21:11:33+00:00\" \/>\n<meta property=\"og:image\" content=\"https:\/\/www.blogsoestado.com\/flaviobraga\/files\/2010\/12\/Diploma1.jpg\" \/>\n<meta name=\"author\" content=\"Flavio Braga\" \/>\n<meta name=\"twitter:card\" content=\"summary_large_image\" \/>\n<meta name=\"twitter:label1\" content=\"Escrito por\" \/>\n\t<meta name=\"twitter:data1\" content=\"Flavio Braga\" \/>\n\t<meta name=\"twitter:label2\" content=\"Est. tempo de leitura\" \/>\n\t<meta name=\"twitter:data2\" content=\"2 minutos\" \/>\n<script type=\"application\/ld+json\" class=\"yoast-schema-graph\">{\"@context\":\"https:\/\/schema.org\",\"@graph\":[{\"@type\":\"WebPage\",\"@id\":\"https:\/\/www.blogsoestado.com\/flaviobraga\/a-fase-da-diplomacao\/\",\"url\":\"https:\/\/www.blogsoestado.com\/flaviobraga\/a-fase-da-diplomacao\/\",\"name\":\"A fase da diploma\u00e7\u00e3o - Fl\u00e1vio Braga\",\"isPartOf\":{\"@id\":\"https:\/\/www.blogsoestado.com\/flaviobraga\/#website\"},\"primaryImageOfPage\":{\"@id\":\"https:\/\/www.blogsoestado.com\/flaviobraga\/a-fase-da-diplomacao\/#primaryimage\"},\"image\":{\"@id\":\"https:\/\/www.blogsoestado.com\/flaviobraga\/a-fase-da-diplomacao\/#primaryimage\"},\"thumbnailUrl\":\"https:\/\/www.blogsoestado.com\/flaviobraga\/files\/2010\/12\/Diploma1.jpg\",\"datePublished\":\"2010-12-07T21:11:33+00:00\",\"author\":{\"@id\":\"https:\/\/www.blogsoestado.com\/flaviobraga\/#\/schema\/person\/6c6c778331775c757a82d15206bd8733\"},\"breadcrumb\":{\"@id\":\"https:\/\/www.blogsoestado.com\/flaviobraga\/a-fase-da-diplomacao\/#breadcrumb\"},\"inLanguage\":\"pt-BR\",\"potentialAction\":[{\"@type\":\"ReadAction\",\"target\":[\"https:\/\/www.blogsoestado.com\/flaviobraga\/a-fase-da-diplomacao\/\"]}]},{\"@type\":\"ImageObject\",\"inLanguage\":\"pt-BR\",\"@id\":\"https:\/\/www.blogsoestado.com\/flaviobraga\/a-fase-da-diplomacao\/#primaryimage\",\"url\":\"https:\/\/www.blogsoestado.com\/flaviobraga\/files\/2010\/12\/Diploma1.jpg\",\"contentUrl\":\"https:\/\/www.blogsoestado.com\/flaviobraga\/files\/2010\/12\/Diploma1.jpg\"},{\"@type\":\"BreadcrumbList\",\"@id\":\"https:\/\/www.blogsoestado.com\/flaviobraga\/a-fase-da-diplomacao\/#breadcrumb\",\"itemListElement\":[{\"@type\":\"ListItem\",\"position\":1,\"name\":\"In\u00edcio\",\"item\":\"https:\/\/www.blogsoestado.com\/flaviobraga\/\"},{\"@type\":\"ListItem\",\"position\":2,\"name\":\"A fase da diploma\u00e7\u00e3o\"}]},{\"@type\":\"WebSite\",\"@id\":\"https:\/\/www.blogsoestado.com\/flaviobraga\/#website\",\"url\":\"https:\/\/www.blogsoestado.com\/flaviobraga\/\",\"name\":\"Fl\u00e1vio Braga\",\"description\":\"\",\"potentialAction\":[{\"@type\":\"SearchAction\",\"target\":{\"@type\":\"EntryPoint\",\"urlTemplate\":\"https:\/\/www.blogsoestado.com\/flaviobraga\/?s={search_term_string}\"},\"query-input\":{\"@type\":\"PropertyValueSpecification\",\"valueRequired\":true,\"valueName\":\"search_term_string\"}}],\"inLanguage\":\"pt-BR\"},{\"@type\":\"Person\",\"@id\":\"https:\/\/www.blogsoestado.com\/flaviobraga\/#\/schema\/person\/6c6c778331775c757a82d15206bd8733\",\"name\":\"Flavio Braga\",\"image\":{\"@type\":\"ImageObject\",\"inLanguage\":\"pt-BR\",\"@id\":\"https:\/\/www.blogsoestado.com\/flaviobraga\/#\/schema\/person\/image\/\",\"url\":\"https:\/\/secure.gravatar.com\/avatar\/ab173937dad8d78195c87778be8a0285d069ede375ce0ae24aac1cf8e58ccb2c?s=96&d=mm&r=g\",\"contentUrl\":\"https:\/\/secure.gravatar.com\/avatar\/ab173937dad8d78195c87778be8a0285d069ede375ce0ae24aac1cf8e58ccb2c?s=96&d=mm&r=g\",\"caption\":\"Flavio Braga\"},\"url\":\"https:\/\/www.blogsoestado.com\/flaviobraga\/author\/flaviobraga\/\"}]}<\/script>\n<!-- \/ Yoast SEO plugin. -->","yoast_head_json":{"title":"A fase da diploma\u00e7\u00e3o - Fl\u00e1vio Braga","robots":{"index":"index","follow":"follow","max-snippet":"max-snippet:-1","max-image-preview":"max-image-preview:large","max-video-preview":"max-video-preview:-1"},"canonical":"https:\/\/www.blogsoestado.com\/flaviobraga\/a-fase-da-diplomacao\/","og_locale":"pt_BR","og_type":"article","og_title":"A fase da diploma\u00e7\u00e3o - Fl\u00e1vio Braga","og_description":"A diploma\u00e7\u00e3o \u00e9 a \u00faltima fase do macroprocesso eleitoral. \u00c9 a formalidade por meio da qual a Justi\u00e7a Eleitoral atesta [&hellip;]","og_url":"https:\/\/www.blogsoestado.com\/flaviobraga\/a-fase-da-diplomacao\/","og_site_name":"Fl\u00e1vio Braga","article_published_time":"2010-12-07T21:11:33+00:00","og_image":[{"url":"https:\/\/www.blogsoestado.com\/flaviobraga\/files\/2010\/12\/Diploma1.jpg","type":"","width":"","height":""}],"author":"Flavio Braga","twitter_card":"summary_large_image","twitter_misc":{"Escrito por":"Flavio Braga","Est. tempo de leitura":"2 minutos"},"schema":{"@context":"https:\/\/schema.org","@graph":[{"@type":"WebPage","@id":"https:\/\/www.blogsoestado.com\/flaviobraga\/a-fase-da-diplomacao\/","url":"https:\/\/www.blogsoestado.com\/flaviobraga\/a-fase-da-diplomacao\/","name":"A fase da diploma\u00e7\u00e3o - Fl\u00e1vio Braga","isPartOf":{"@id":"https:\/\/www.blogsoestado.com\/flaviobraga\/#website"},"primaryImageOfPage":{"@id":"https:\/\/www.blogsoestado.com\/flaviobraga\/a-fase-da-diplomacao\/#primaryimage"},"image":{"@id":"https:\/\/www.blogsoestado.com\/flaviobraga\/a-fase-da-diplomacao\/#primaryimage"},"thumbnailUrl":"https:\/\/www.blogsoestado.com\/flaviobraga\/files\/2010\/12\/Diploma1.jpg","datePublished":"2010-12-07T21:11:33+00:00","author":{"@id":"https:\/\/www.blogsoestado.com\/flaviobraga\/#\/schema\/person\/6c6c778331775c757a82d15206bd8733"},"breadcrumb":{"@id":"https:\/\/www.blogsoestado.com\/flaviobraga\/a-fase-da-diplomacao\/#breadcrumb"},"inLanguage":"pt-BR","potentialAction":[{"@type":"ReadAction","target":["https:\/\/www.blogsoestado.com\/flaviobraga\/a-fase-da-diplomacao\/"]}]},{"@type":"ImageObject","inLanguage":"pt-BR","@id":"https:\/\/www.blogsoestado.com\/flaviobraga\/a-fase-da-diplomacao\/#primaryimage","url":"https:\/\/www.blogsoestado.com\/flaviobraga\/files\/2010\/12\/Diploma1.jpg","contentUrl":"https:\/\/www.blogsoestado.com\/flaviobraga\/files\/2010\/12\/Diploma1.jpg"},{"@type":"BreadcrumbList","@id":"https:\/\/www.blogsoestado.com\/flaviobraga\/a-fase-da-diplomacao\/#breadcrumb","itemListElement":[{"@type":"ListItem","position":1,"name":"In\u00edcio","item":"https:\/\/www.blogsoestado.com\/flaviobraga\/"},{"@type":"ListItem","position":2,"name":"A fase da diploma\u00e7\u00e3o"}]},{"@type":"WebSite","@id":"https:\/\/www.blogsoestado.com\/flaviobraga\/#website","url":"https:\/\/www.blogsoestado.com\/flaviobraga\/","name":"Fl\u00e1vio Braga","description":"","potentialAction":[{"@type":"SearchAction","target":{"@type":"EntryPoint","urlTemplate":"https:\/\/www.blogsoestado.com\/flaviobraga\/?s={search_term_string}"},"query-input":{"@type":"PropertyValueSpecification","valueRequired":true,"valueName":"search_term_string"}}],"inLanguage":"pt-BR"},{"@type":"Person","@id":"https:\/\/www.blogsoestado.com\/flaviobraga\/#\/schema\/person\/6c6c778331775c757a82d15206bd8733","name":"Flavio Braga","image":{"@type":"ImageObject","inLanguage":"pt-BR","@id":"https:\/\/www.blogsoestado.com\/flaviobraga\/#\/schema\/person\/image\/","url":"https:\/\/secure.gravatar.com\/avatar\/ab173937dad8d78195c87778be8a0285d069ede375ce0ae24aac1cf8e58ccb2c?s=96&d=mm&r=g","contentUrl":"https:\/\/secure.gravatar.com\/avatar\/ab173937dad8d78195c87778be8a0285d069ede375ce0ae24aac1cf8e58ccb2c?s=96&d=mm&r=g","caption":"Flavio Braga"},"url":"https:\/\/www.blogsoestado.com\/flaviobraga\/author\/flaviobraga\/"}]}},"jetpack_featured_media_url":"","_links":{"self":[{"href":"https:\/\/www.blogsoestado.com\/flaviobraga\/wp-json\/wp\/v2\/posts\/943","targetHints":{"allow":["GET"]}}],"collection":[{"href":"https:\/\/www.blogsoestado.com\/flaviobraga\/wp-json\/wp\/v2\/posts"}],"about":[{"href":"https:\/\/www.blogsoestado.com\/flaviobraga\/wp-json\/wp\/v2\/types\/post"}],"author":[{"embeddable":true,"href":"https:\/\/www.blogsoestado.com\/flaviobraga\/wp-json\/wp\/v2\/users\/8"}],"replies":[{"embeddable":true,"href":"https:\/\/www.blogsoestado.com\/flaviobraga\/wp-json\/wp\/v2\/comments?post=943"}],"version-history":[{"count":0,"href":"https:\/\/www.blogsoestado.com\/flaviobraga\/wp-json\/wp\/v2\/posts\/943\/revisions"}],"wp:attachment":[{"href":"https:\/\/www.blogsoestado.com\/flaviobraga\/wp-json\/wp\/v2\/media?parent=943"}],"wp:term":[{"taxonomy":"category","embeddable":true,"href":"https:\/\/www.blogsoestado.com\/flaviobraga\/wp-json\/wp\/v2\/categories?post=943"},{"taxonomy":"post_tag","embeddable":true,"href":"https:\/\/www.blogsoestado.com\/flaviobraga\/wp-json\/wp\/v2\/tags?post=943"}],"curies":[{"name":"wp","href":"https:\/\/api.w.org\/{rel}","templated":true}]}}