{"id":951,"date":"2010-12-10T10:00:45","date_gmt":"2010-12-10T12:00:45","guid":{"rendered":"https:\/\/www.blogsoestado.com\/flaviobraga\/?p=951"},"modified":"2010-12-10T10:00:45","modified_gmt":"2010-12-10T12:00:45","slug":"oab-elogia-pec-que-dispensa-autorizacao-legislativa-para-processar-governadores","status":"publish","type":"post","link":"https:\/\/www.blogsoestado.com\/flaviobraga\/oab-elogia-pec-que-dispensa-autorizacao-legislativa-para-processar-governadores\/","title":{"rendered":"OAB elogia PEC que dispensa autoriza\u00e7\u00e3o legislativa para processar  governadores"},"content":{"rendered":"<p>O presidente nacional da Ordem dos Advogados do Brasil (OAB) classificou como um avan\u00e7o importante a aprova\u00e7\u00e3o, pela Comiss\u00e3o de Constitui\u00e7\u00e3o e Justi\u00e7a (CCJ) do Senado, da Proposta de Emenda \u00e0 Constitui\u00e7\u00e3o (<a href=\"http:\/\/www.senado.gov.br\/atividade\/materia\/detalhes.asp?p_cod_mate=96106\" target=\"_blank\">PEC) 6\/10<\/a>, que dispensa a autoriza\u00e7\u00e3o pr\u00e9via do Poder Legislativo para instaura\u00e7\u00e3o de processo criminal contra governadores dos Estados e do Distrito Federal.<\/p>\n<p>Ophir ressaltou que a jurisprud\u00eancia j\u00e1 vem caminhando no sentido da n\u00e3o necessidade de autoriza\u00e7\u00e3o das Assembl\u00e9ias Legislativas para o processamento de governadores.<\/p>\n<p>&#8220;\u00c9 necess\u00e1rio que o Judici\u00e1rio exer\u00e7a esse papel, pois este \u00e9 o foro mais adequado. N\u00e3o se pode permitir que arranjos pol\u00edticos impe\u00e7am a an\u00e1lise do m\u00e9rito de crimes cometidos por governadores, protegendo aqueles que n\u00e3o fazem bem para a Rep\u00fablica&#8221;, afirmou Ophir Cavalcante.<\/p>\n<p>De autoria do senador Dem\u00f3stenes Torres (DEM-GO), a PEC 6\/10 altera o artigo 28 da Constitui\u00e7\u00e3o para tornar menos complexo a abertura de processo penal contra chefes do Executivo.<\/p>\n<p>Al\u00e9m de retirar a necessidade de autoriza\u00e7\u00e3o pr\u00e9via das Assembl\u00e9ias Legislativas, a proposta determina que, na hip\u00f3tese de abertura de processo, o afastamento do governador do cargo n\u00e3o deve ser autom\u00e1tico, como ocorre atualmente. Para isso acontecer, o Superior Tribunal de Justi\u00e7a (STJ) ter\u00e1 que proferir uma decis\u00e3o espec\u00edfica.<\/p>\n","protected":false},"excerpt":{"rendered":"<p>O presidente nacional da Ordem dos Advogados do Brasil (OAB) classificou como um avan\u00e7o importante a aprova\u00e7\u00e3o, pela Comiss\u00e3o de [&hellip;]<\/p>\n","protected":false},"author":8,"featured_media":0,"comment_status":"open","ping_status":"open","sticky":false,"template":"","format":"standard","meta":{"site-sidebar-layout":"default","site-content-layout":"","ast-site-content-layout":"default","site-content-style":"default","site-sidebar-style":"default","ast-global-header-display":"","ast-banner-title-visibility":"","ast-main-header-display":"","ast-hfb-above-header-display":"","ast-hfb-below-header-display":"","ast-hfb-mobile-header-display":"","site-post-title":"","ast-breadcrumbs-content":"","ast-featured-img":"","footer-sml-layout":"","ast-disable-related-posts":"","theme-transparent-header-meta":"","adv-header-id-meta":"","stick-header-meta":"","header-above-stick-meta":"","header-main-stick-meta":"","header-below-stick-meta":"","astra-migrate-meta-layouts":"default","ast-page-background-enabled":"default","ast-page-background-meta":{"desktop":{"background-color":"var(--ast-global-color-5)","background-image":"","background-repeat":"repeat","background-position":"center center","background-size":"auto","background-attachment":"scroll","background-type":"","background-media":"","overlay-type":"","overlay-color":"","overlay-opacity":"","overlay-gradient":""},"tablet":{"background-color":"","background-image":"","background-repeat":"repeat","background-position":"center center","background-size":"auto","background-attachment":"scroll","background-type":"","background-media":"","overlay-type":"","overlay-color":"","overlay-opacity":"","overlay-gradient":""},"mobile":{"background-color":"","background-image":"","background-repeat":"repeat","background-position":"center center","background-size":"auto","background-attachment":"scroll","background-type":"","background-media":"","overlay-type":"","overlay-color":"","overlay-opacity":"","overlay-gradient":""}},"ast-content-background-meta":{"desktop":{"background-color":"var(--ast-global-color-4)","background-image":"","background-repeat":"repeat","background-position":"center center","background-size":"auto","background-attachment":"scroll","background-type":"","background-media":"","overlay-type":"","overlay-color":"","overlay-opacity":"","overlay-gradient":""},"tablet":{"background-color":"var(--ast-global-color-4)","background-image":"","background-repeat":"repeat","background-position":"center center","background-size":"auto","background-attachment":"scroll","background-type":"","background-media":"","overlay-type":"","overlay-color":"","overlay-opacity":"","overlay-gradient":""},"mobile":{"background-color":"var(--ast-global-color-4)","background-image":"","background-repeat":"repeat","background-position":"center center","background-size":"auto","background-attachment":"scroll","background-type":"","background-media":"","overlay-type":"","overlay-color":"","overlay-opacity":"","overlay-gradient":""}},"footnotes":""},"categories":[1],"tags":[],"class_list":["post-951","post","type-post","status-publish","format-standard","hentry","category-sem-categoria"],"yoast_head":"<!-- This site is optimized with the Yoast SEO plugin v26.6 - https:\/\/yoast.com\/wordpress\/plugins\/seo\/ -->\n<title>OAB elogia PEC que dispensa autoriza\u00e7\u00e3o legislativa para processar governadores - Fl\u00e1vio Braga<\/title>\n<meta name=\"robots\" content=\"index, follow, max-snippet:-1, max-image-preview:large, max-video-preview:-1\" \/>\n<link rel=\"canonical\" href=\"https:\/\/www.blogsoestado.com\/flaviobraga\/oab-elogia-pec-que-dispensa-autorizacao-legislativa-para-processar-governadores\/\" \/>\n<meta property=\"og:locale\" content=\"pt_BR\" \/>\n<meta property=\"og:type\" content=\"article\" \/>\n<meta property=\"og:title\" content=\"OAB elogia PEC que dispensa autoriza\u00e7\u00e3o legislativa para processar governadores - Fl\u00e1vio Braga\" \/>\n<meta property=\"og:description\" content=\"O presidente nacional da Ordem dos Advogados do Brasil (OAB) classificou como um avan\u00e7o importante a aprova\u00e7\u00e3o, pela Comiss\u00e3o de [&hellip;]\" \/>\n<meta property=\"og:url\" content=\"https:\/\/www.blogsoestado.com\/flaviobraga\/oab-elogia-pec-que-dispensa-autorizacao-legislativa-para-processar-governadores\/\" \/>\n<meta property=\"og:site_name\" content=\"Fl\u00e1vio Braga\" \/>\n<meta property=\"article:published_time\" content=\"2010-12-10T12:00:45+00:00\" \/>\n<meta name=\"author\" content=\"Flavio Braga\" \/>\n<meta name=\"twitter:card\" content=\"summary_large_image\" \/>\n<meta name=\"twitter:label1\" content=\"Escrito por\" \/>\n\t<meta name=\"twitter:data1\" content=\"Flavio Braga\" \/>\n\t<meta name=\"twitter:label2\" content=\"Est. tempo de leitura\" \/>\n\t<meta name=\"twitter:data2\" content=\"1 minuto\" \/>\n<script type=\"application\/ld+json\" class=\"yoast-schema-graph\">{\"@context\":\"https:\/\/schema.org\",\"@graph\":[{\"@type\":\"WebPage\",\"@id\":\"https:\/\/www.blogsoestado.com\/flaviobraga\/oab-elogia-pec-que-dispensa-autorizacao-legislativa-para-processar-governadores\/\",\"url\":\"https:\/\/www.blogsoestado.com\/flaviobraga\/oab-elogia-pec-que-dispensa-autorizacao-legislativa-para-processar-governadores\/\",\"name\":\"OAB elogia PEC que dispensa autoriza\u00e7\u00e3o legislativa para processar governadores - Fl\u00e1vio Braga\",\"isPartOf\":{\"@id\":\"https:\/\/www.blogsoestado.com\/flaviobraga\/#website\"},\"datePublished\":\"2010-12-10T12:00:45+00:00\",\"author\":{\"@id\":\"https:\/\/www.blogsoestado.com\/flaviobraga\/#\/schema\/person\/6c6c778331775c757a82d15206bd8733\"},\"breadcrumb\":{\"@id\":\"https:\/\/www.blogsoestado.com\/flaviobraga\/oab-elogia-pec-que-dispensa-autorizacao-legislativa-para-processar-governadores\/#breadcrumb\"},\"inLanguage\":\"pt-BR\",\"potentialAction\":[{\"@type\":\"ReadAction\",\"target\":[\"https:\/\/www.blogsoestado.com\/flaviobraga\/oab-elogia-pec-que-dispensa-autorizacao-legislativa-para-processar-governadores\/\"]}]},{\"@type\":\"BreadcrumbList\",\"@id\":\"https:\/\/www.blogsoestado.com\/flaviobraga\/oab-elogia-pec-que-dispensa-autorizacao-legislativa-para-processar-governadores\/#breadcrumb\",\"itemListElement\":[{\"@type\":\"ListItem\",\"position\":1,\"name\":\"In\u00edcio\",\"item\":\"https:\/\/www.blogsoestado.com\/flaviobraga\/\"},{\"@type\":\"ListItem\",\"position\":2,\"name\":\"OAB elogia PEC que dispensa autoriza\u00e7\u00e3o legislativa para processar governadores\"}]},{\"@type\":\"WebSite\",\"@id\":\"https:\/\/www.blogsoestado.com\/flaviobraga\/#website\",\"url\":\"https:\/\/www.blogsoestado.com\/flaviobraga\/\",\"name\":\"Fl\u00e1vio Braga\",\"description\":\"\",\"potentialAction\":[{\"@type\":\"SearchAction\",\"target\":{\"@type\":\"EntryPoint\",\"urlTemplate\":\"https:\/\/www.blogsoestado.com\/flaviobraga\/?s={search_term_string}\"},\"query-input\":{\"@type\":\"PropertyValueSpecification\",\"valueRequired\":true,\"valueName\":\"search_term_string\"}}],\"inLanguage\":\"pt-BR\"},{\"@type\":\"Person\",\"@id\":\"https:\/\/www.blogsoestado.com\/flaviobraga\/#\/schema\/person\/6c6c778331775c757a82d15206bd8733\",\"name\":\"Flavio Braga\",\"image\":{\"@type\":\"ImageObject\",\"inLanguage\":\"pt-BR\",\"@id\":\"https:\/\/www.blogsoestado.com\/flaviobraga\/#\/schema\/person\/image\/\",\"url\":\"https:\/\/secure.gravatar.com\/avatar\/ab173937dad8d78195c87778be8a0285d069ede375ce0ae24aac1cf8e58ccb2c?s=96&d=mm&r=g\",\"contentUrl\":\"https:\/\/secure.gravatar.com\/avatar\/ab173937dad8d78195c87778be8a0285d069ede375ce0ae24aac1cf8e58ccb2c?s=96&d=mm&r=g\",\"caption\":\"Flavio Braga\"},\"url\":\"https:\/\/www.blogsoestado.com\/flaviobraga\/author\/flaviobraga\/\"}]}<\/script>\n<!-- \/ Yoast SEO plugin. -->","yoast_head_json":{"title":"OAB elogia PEC que dispensa autoriza\u00e7\u00e3o legislativa para processar governadores - Fl\u00e1vio Braga","robots":{"index":"index","follow":"follow","max-snippet":"max-snippet:-1","max-image-preview":"max-image-preview:large","max-video-preview":"max-video-preview:-1"},"canonical":"https:\/\/www.blogsoestado.com\/flaviobraga\/oab-elogia-pec-que-dispensa-autorizacao-legislativa-para-processar-governadores\/","og_locale":"pt_BR","og_type":"article","og_title":"OAB elogia PEC que dispensa autoriza\u00e7\u00e3o legislativa para processar governadores - Fl\u00e1vio Braga","og_description":"O presidente nacional da Ordem dos Advogados do Brasil (OAB) classificou como um avan\u00e7o importante a aprova\u00e7\u00e3o, pela Comiss\u00e3o de [&hellip;]","og_url":"https:\/\/www.blogsoestado.com\/flaviobraga\/oab-elogia-pec-que-dispensa-autorizacao-legislativa-para-processar-governadores\/","og_site_name":"Fl\u00e1vio Braga","article_published_time":"2010-12-10T12:00:45+00:00","author":"Flavio Braga","twitter_card":"summary_large_image","twitter_misc":{"Escrito por":"Flavio Braga","Est. tempo de leitura":"1 minuto"},"schema":{"@context":"https:\/\/schema.org","@graph":[{"@type":"WebPage","@id":"https:\/\/www.blogsoestado.com\/flaviobraga\/oab-elogia-pec-que-dispensa-autorizacao-legislativa-para-processar-governadores\/","url":"https:\/\/www.blogsoestado.com\/flaviobraga\/oab-elogia-pec-que-dispensa-autorizacao-legislativa-para-processar-governadores\/","name":"OAB elogia PEC que dispensa autoriza\u00e7\u00e3o legislativa para processar governadores - Fl\u00e1vio Braga","isPartOf":{"@id":"https:\/\/www.blogsoestado.com\/flaviobraga\/#website"},"datePublished":"2010-12-10T12:00:45+00:00","author":{"@id":"https:\/\/www.blogsoestado.com\/flaviobraga\/#\/schema\/person\/6c6c778331775c757a82d15206bd8733"},"breadcrumb":{"@id":"https:\/\/www.blogsoestado.com\/flaviobraga\/oab-elogia-pec-que-dispensa-autorizacao-legislativa-para-processar-governadores\/#breadcrumb"},"inLanguage":"pt-BR","potentialAction":[{"@type":"ReadAction","target":["https:\/\/www.blogsoestado.com\/flaviobraga\/oab-elogia-pec-que-dispensa-autorizacao-legislativa-para-processar-governadores\/"]}]},{"@type":"BreadcrumbList","@id":"https:\/\/www.blogsoestado.com\/flaviobraga\/oab-elogia-pec-que-dispensa-autorizacao-legislativa-para-processar-governadores\/#breadcrumb","itemListElement":[{"@type":"ListItem","position":1,"name":"In\u00edcio","item":"https:\/\/www.blogsoestado.com\/flaviobraga\/"},{"@type":"ListItem","position":2,"name":"OAB elogia PEC que dispensa autoriza\u00e7\u00e3o legislativa para processar governadores"}]},{"@type":"WebSite","@id":"https:\/\/www.blogsoestado.com\/flaviobraga\/#website","url":"https:\/\/www.blogsoestado.com\/flaviobraga\/","name":"Fl\u00e1vio Braga","description":"","potentialAction":[{"@type":"SearchAction","target":{"@type":"EntryPoint","urlTemplate":"https:\/\/www.blogsoestado.com\/flaviobraga\/?s={search_term_string}"},"query-input":{"@type":"PropertyValueSpecification","valueRequired":true,"valueName":"search_term_string"}}],"inLanguage":"pt-BR"},{"@type":"Person","@id":"https:\/\/www.blogsoestado.com\/flaviobraga\/#\/schema\/person\/6c6c778331775c757a82d15206bd8733","name":"Flavio Braga","image":{"@type":"ImageObject","inLanguage":"pt-BR","@id":"https:\/\/www.blogsoestado.com\/flaviobraga\/#\/schema\/person\/image\/","url":"https:\/\/secure.gravatar.com\/avatar\/ab173937dad8d78195c87778be8a0285d069ede375ce0ae24aac1cf8e58ccb2c?s=96&d=mm&r=g","contentUrl":"https:\/\/secure.gravatar.com\/avatar\/ab173937dad8d78195c87778be8a0285d069ede375ce0ae24aac1cf8e58ccb2c?s=96&d=mm&r=g","caption":"Flavio Braga"},"url":"https:\/\/www.blogsoestado.com\/flaviobraga\/author\/flaviobraga\/"}]}},"jetpack_featured_media_url":"","_links":{"self":[{"href":"https:\/\/www.blogsoestado.com\/flaviobraga\/wp-json\/wp\/v2\/posts\/951","targetHints":{"allow":["GET"]}}],"collection":[{"href":"https:\/\/www.blogsoestado.com\/flaviobraga\/wp-json\/wp\/v2\/posts"}],"about":[{"href":"https:\/\/www.blogsoestado.com\/flaviobraga\/wp-json\/wp\/v2\/types\/post"}],"author":[{"embeddable":true,"href":"https:\/\/www.blogsoestado.com\/flaviobraga\/wp-json\/wp\/v2\/users\/8"}],"replies":[{"embeddable":true,"href":"https:\/\/www.blogsoestado.com\/flaviobraga\/wp-json\/wp\/v2\/comments?post=951"}],"version-history":[{"count":0,"href":"https:\/\/www.blogsoestado.com\/flaviobraga\/wp-json\/wp\/v2\/posts\/951\/revisions"}],"wp:attachment":[{"href":"https:\/\/www.blogsoestado.com\/flaviobraga\/wp-json\/wp\/v2\/media?parent=951"}],"wp:term":[{"taxonomy":"category","embeddable":true,"href":"https:\/\/www.blogsoestado.com\/flaviobraga\/wp-json\/wp\/v2\/categories?post=951"},{"taxonomy":"post_tag","embeddable":true,"href":"https:\/\/www.blogsoestado.com\/flaviobraga\/wp-json\/wp\/v2\/tags?post=951"}],"curies":[{"name":"wp","href":"https:\/\/api.w.org\/{rel}","templated":true}]}}