{"id":959,"date":"2010-12-10T10:47:28","date_gmt":"2010-12-10T12:47:28","guid":{"rendered":"https:\/\/www.blogsoestado.com\/flaviobraga\/?p=959"},"modified":"2010-12-10T10:47:28","modified_gmt":"2010-12-10T12:47:28","slug":"tre-do-amapa-tera-de-proclamar-novo-resultado-das-eleicoes-para-deputado-estadual","status":"publish","type":"post","link":"https:\/\/www.blogsoestado.com\/flaviobraga\/tre-do-amapa-tera-de-proclamar-novo-resultado-das-eleicoes-para-deputado-estadual\/","title":{"rendered":"TRE do Amap\u00e1 ter\u00e1 de proclamar novo resultado das elei\u00e7\u00f5es para deputado estadual"},"content":{"rendered":"<p>Por determina\u00e7\u00e3o do ministro Hamilton Carvalhido, do Tribunal Superior Eleitoral (TSE), a corte eleitoral do Amap\u00e1 (TRE-AP) ter\u00e1 de proclamar novo resultado das elei\u00e7\u00f5es para o cargo de deputado estadual, excluindo os nomes dos candidatos Ocivaldo Serique Gato e Jorge Elson Silva Souza, proclamados deputado estadual eleito e suplente.<\/p>\n<p>Com base na Lei da Ficha Limpa, o TSE indeferiu o registro de Ocivaldo e Jorge Elson em 6 de outubro deste ano. Ocivaldo est\u00e1 recorrendo contra a decis\u00e3o no pr\u00f3prio TSE. J\u00e1 o recurso de Jorge Elson est\u00e1 sob an\u00e1lise do Supremo Tribunal Federal.<\/p>\n<p>Ao recorrer ao TSE, o tamb\u00e9m candidato a deputado estadual Paulo Jos\u00e9 da Silva Ramos argumentou que o TRE-AP, ao fazer a proclama\u00e7\u00e3o \u00a0do resultado oficial da elei\u00e7\u00e3o, considerou que somente se pode negar, cancelar ou declarar nulos os votos conquistados pelos candidatos condenados com base na Lei da Ficha Limpa ap\u00f3s o tr\u00e2nsito em julgado da decis\u00e3o que indeferiu o registro.<\/p>\n<p>Para Paulo Jos\u00e9, essa decis\u00e3o n\u00e3o est\u00e1 de acordo com o artigo 173 da Resolu\u00e7\u00e3o 23.218 do TSE, o qual determina que \u201cn\u00e3o poder\u00e1 ser diplomado nas elei\u00e7\u00f5es majorit\u00e1rias ou proporcionais o candidato que estiver com o seu registro indeferido, ainda que sub judice.<\/p>\n<p><strong>Decis\u00e3o<\/strong><strong><\/p>\n<p><\/strong>Seguindo julgados anteriores do TSE, o ministro Hamilton Carvalhido concluiu que Ocivaldo e Jorge Elson n\u00e3o deveriam ter sido proclamados eleitos.<\/p>\n<p>\u201cAssiste raz\u00e3o ao impetrante quanto \u00e0 impossibilidade de se proclamar eleito e conferir supl\u00eancia a candidatos cujos registros, ao tempo da proclama\u00e7\u00e3o dos resultados, j\u00e1 haviam sido indeferidos por ac\u00f3rd\u00e3os do Tribunal Superior Eleitoral, mesmo que posteriormente ao pleito\u201d, destaca\u00a0 o ministro em sua decis\u00e3o.<\/p>\n","protected":false},"excerpt":{"rendered":"<p>Por determina\u00e7\u00e3o do ministro Hamilton Carvalhido, do Tribunal Superior Eleitoral (TSE), a corte eleitoral do Amap\u00e1 (TRE-AP) ter\u00e1 de proclamar [&hellip;]<\/p>\n","protected":false},"author":8,"featured_media":0,"comment_status":"open","ping_status":"open","sticky":false,"template":"","format":"standard","meta":{"site-sidebar-layout":"default","site-content-layout":"","ast-site-content-layout":"default","site-content-style":"default","site-sidebar-style":"default","ast-global-header-display":"","ast-banner-title-visibility":"","ast-main-header-display":"","ast-hfb-above-header-display":"","ast-hfb-below-header-display":"","ast-hfb-mobile-header-display":"","site-post-title":"","ast-breadcrumbs-content":"","ast-featured-img":"","footer-sml-layout":"","ast-disable-related-posts":"","theme-transparent-header-meta":"","adv-header-id-meta":"","stick-header-meta":"","header-above-stick-meta":"","header-main-stick-meta":"","header-below-stick-meta":"","astra-migrate-meta-layouts":"default","ast-page-background-enabled":"default","ast-page-background-meta":{"desktop":{"background-color":"var(--ast-global-color-5)","background-image":"","background-repeat":"repeat","background-position":"center center","background-size":"auto","background-attachment":"scroll","background-type":"","background-media":"","overlay-type":"","overlay-color":"","overlay-opacity":"","overlay-gradient":""},"tablet":{"background-color":"","background-image":"","background-repeat":"repeat","background-position":"center center","background-size":"auto","background-attachment":"scroll","background-type":"","background-media":"","overlay-type":"","overlay-color":"","overlay-opacity":"","overlay-gradient":""},"mobile":{"background-color":"","background-image":"","background-repeat":"repeat","background-position":"center center","background-size":"auto","background-attachment":"scroll","background-type":"","background-media":"","overlay-type":"","overlay-color":"","overlay-opacity":"","overlay-gradient":""}},"ast-content-background-meta":{"desktop":{"background-color":"var(--ast-global-color-4)","background-image":"","background-repeat":"repeat","background-position":"center center","background-size":"auto","background-attachment":"scroll","background-type":"","background-media":"","overlay-type":"","overlay-color":"","overlay-opacity":"","overlay-gradient":""},"tablet":{"background-color":"var(--ast-global-color-4)","background-image":"","background-repeat":"repeat","background-position":"center center","background-size":"auto","background-attachment":"scroll","background-type":"","background-media":"","overlay-type":"","overlay-color":"","overlay-opacity":"","overlay-gradient":""},"mobile":{"background-color":"var(--ast-global-color-4)","background-image":"","background-repeat":"repeat","background-position":"center center","background-size":"auto","background-attachment":"scroll","background-type":"","background-media":"","overlay-type":"","overlay-color":"","overlay-opacity":"","overlay-gradient":""}},"footnotes":""},"categories":[1],"tags":[],"class_list":["post-959","post","type-post","status-publish","format-standard","hentry","category-sem-categoria"],"yoast_head":"<!-- This site is optimized with the Yoast SEO plugin v26.6 - https:\/\/yoast.com\/wordpress\/plugins\/seo\/ -->\n<title>TRE do Amap\u00e1 ter\u00e1 de proclamar novo resultado das elei\u00e7\u00f5es para deputado estadual - Fl\u00e1vio Braga<\/title>\n<meta name=\"robots\" content=\"index, follow, max-snippet:-1, max-image-preview:large, max-video-preview:-1\" \/>\n<link rel=\"canonical\" href=\"https:\/\/www.blogsoestado.com\/flaviobraga\/tre-do-amapa-tera-de-proclamar-novo-resultado-das-eleicoes-para-deputado-estadual\/\" \/>\n<meta property=\"og:locale\" content=\"pt_BR\" \/>\n<meta property=\"og:type\" content=\"article\" \/>\n<meta property=\"og:title\" content=\"TRE do Amap\u00e1 ter\u00e1 de proclamar novo resultado das elei\u00e7\u00f5es para deputado estadual - Fl\u00e1vio Braga\" \/>\n<meta property=\"og:description\" content=\"Por determina\u00e7\u00e3o do ministro Hamilton Carvalhido, do Tribunal Superior Eleitoral (TSE), a corte eleitoral do Amap\u00e1 (TRE-AP) ter\u00e1 de proclamar [&hellip;]\" \/>\n<meta property=\"og:url\" content=\"https:\/\/www.blogsoestado.com\/flaviobraga\/tre-do-amapa-tera-de-proclamar-novo-resultado-das-eleicoes-para-deputado-estadual\/\" \/>\n<meta property=\"og:site_name\" content=\"Fl\u00e1vio Braga\" \/>\n<meta property=\"article:published_time\" content=\"2010-12-10T12:47:28+00:00\" \/>\n<meta name=\"author\" content=\"Flavio Braga\" \/>\n<meta name=\"twitter:card\" content=\"summary_large_image\" \/>\n<meta name=\"twitter:label1\" content=\"Escrito por\" \/>\n\t<meta name=\"twitter:data1\" content=\"Flavio Braga\" \/>\n\t<meta name=\"twitter:label2\" content=\"Est. tempo de leitura\" \/>\n\t<meta name=\"twitter:data2\" content=\"1 minuto\" \/>\n<script type=\"application\/ld+json\" class=\"yoast-schema-graph\">{\"@context\":\"https:\/\/schema.org\",\"@graph\":[{\"@type\":\"WebPage\",\"@id\":\"https:\/\/www.blogsoestado.com\/flaviobraga\/tre-do-amapa-tera-de-proclamar-novo-resultado-das-eleicoes-para-deputado-estadual\/\",\"url\":\"https:\/\/www.blogsoestado.com\/flaviobraga\/tre-do-amapa-tera-de-proclamar-novo-resultado-das-eleicoes-para-deputado-estadual\/\",\"name\":\"TRE do Amap\u00e1 ter\u00e1 de proclamar novo resultado das elei\u00e7\u00f5es para deputado estadual - Fl\u00e1vio Braga\",\"isPartOf\":{\"@id\":\"https:\/\/www.blogsoestado.com\/flaviobraga\/#website\"},\"datePublished\":\"2010-12-10T12:47:28+00:00\",\"author\":{\"@id\":\"https:\/\/www.blogsoestado.com\/flaviobraga\/#\/schema\/person\/6c6c778331775c757a82d15206bd8733\"},\"breadcrumb\":{\"@id\":\"https:\/\/www.blogsoestado.com\/flaviobraga\/tre-do-amapa-tera-de-proclamar-novo-resultado-das-eleicoes-para-deputado-estadual\/#breadcrumb\"},\"inLanguage\":\"pt-BR\",\"potentialAction\":[{\"@type\":\"ReadAction\",\"target\":[\"https:\/\/www.blogsoestado.com\/flaviobraga\/tre-do-amapa-tera-de-proclamar-novo-resultado-das-eleicoes-para-deputado-estadual\/\"]}]},{\"@type\":\"BreadcrumbList\",\"@id\":\"https:\/\/www.blogsoestado.com\/flaviobraga\/tre-do-amapa-tera-de-proclamar-novo-resultado-das-eleicoes-para-deputado-estadual\/#breadcrumb\",\"itemListElement\":[{\"@type\":\"ListItem\",\"position\":1,\"name\":\"In\u00edcio\",\"item\":\"https:\/\/www.blogsoestado.com\/flaviobraga\/\"},{\"@type\":\"ListItem\",\"position\":2,\"name\":\"TRE do Amap\u00e1 ter\u00e1 de proclamar novo resultado das elei\u00e7\u00f5es para deputado estadual\"}]},{\"@type\":\"WebSite\",\"@id\":\"https:\/\/www.blogsoestado.com\/flaviobraga\/#website\",\"url\":\"https:\/\/www.blogsoestado.com\/flaviobraga\/\",\"name\":\"Fl\u00e1vio Braga\",\"description\":\"\",\"potentialAction\":[{\"@type\":\"SearchAction\",\"target\":{\"@type\":\"EntryPoint\",\"urlTemplate\":\"https:\/\/www.blogsoestado.com\/flaviobraga\/?s={search_term_string}\"},\"query-input\":{\"@type\":\"PropertyValueSpecification\",\"valueRequired\":true,\"valueName\":\"search_term_string\"}}],\"inLanguage\":\"pt-BR\"},{\"@type\":\"Person\",\"@id\":\"https:\/\/www.blogsoestado.com\/flaviobraga\/#\/schema\/person\/6c6c778331775c757a82d15206bd8733\",\"name\":\"Flavio Braga\",\"image\":{\"@type\":\"ImageObject\",\"inLanguage\":\"pt-BR\",\"@id\":\"https:\/\/www.blogsoestado.com\/flaviobraga\/#\/schema\/person\/image\/\",\"url\":\"https:\/\/secure.gravatar.com\/avatar\/ab173937dad8d78195c87778be8a0285d069ede375ce0ae24aac1cf8e58ccb2c?s=96&d=mm&r=g\",\"contentUrl\":\"https:\/\/secure.gravatar.com\/avatar\/ab173937dad8d78195c87778be8a0285d069ede375ce0ae24aac1cf8e58ccb2c?s=96&d=mm&r=g\",\"caption\":\"Flavio Braga\"},\"url\":\"https:\/\/www.blogsoestado.com\/flaviobraga\/author\/flaviobraga\/\"}]}<\/script>\n<!-- \/ Yoast SEO plugin. -->","yoast_head_json":{"title":"TRE do Amap\u00e1 ter\u00e1 de proclamar novo resultado das elei\u00e7\u00f5es para deputado estadual - Fl\u00e1vio Braga","robots":{"index":"index","follow":"follow","max-snippet":"max-snippet:-1","max-image-preview":"max-image-preview:large","max-video-preview":"max-video-preview:-1"},"canonical":"https:\/\/www.blogsoestado.com\/flaviobraga\/tre-do-amapa-tera-de-proclamar-novo-resultado-das-eleicoes-para-deputado-estadual\/","og_locale":"pt_BR","og_type":"article","og_title":"TRE do Amap\u00e1 ter\u00e1 de proclamar novo resultado das elei\u00e7\u00f5es para deputado estadual - Fl\u00e1vio Braga","og_description":"Por determina\u00e7\u00e3o do ministro Hamilton Carvalhido, do Tribunal Superior Eleitoral (TSE), a corte eleitoral do Amap\u00e1 (TRE-AP) ter\u00e1 de proclamar [&hellip;]","og_url":"https:\/\/www.blogsoestado.com\/flaviobraga\/tre-do-amapa-tera-de-proclamar-novo-resultado-das-eleicoes-para-deputado-estadual\/","og_site_name":"Fl\u00e1vio Braga","article_published_time":"2010-12-10T12:47:28+00:00","author":"Flavio Braga","twitter_card":"summary_large_image","twitter_misc":{"Escrito por":"Flavio Braga","Est. tempo de leitura":"1 minuto"},"schema":{"@context":"https:\/\/schema.org","@graph":[{"@type":"WebPage","@id":"https:\/\/www.blogsoestado.com\/flaviobraga\/tre-do-amapa-tera-de-proclamar-novo-resultado-das-eleicoes-para-deputado-estadual\/","url":"https:\/\/www.blogsoestado.com\/flaviobraga\/tre-do-amapa-tera-de-proclamar-novo-resultado-das-eleicoes-para-deputado-estadual\/","name":"TRE do Amap\u00e1 ter\u00e1 de proclamar novo resultado das elei\u00e7\u00f5es para deputado estadual - Fl\u00e1vio Braga","isPartOf":{"@id":"https:\/\/www.blogsoestado.com\/flaviobraga\/#website"},"datePublished":"2010-12-10T12:47:28+00:00","author":{"@id":"https:\/\/www.blogsoestado.com\/flaviobraga\/#\/schema\/person\/6c6c778331775c757a82d15206bd8733"},"breadcrumb":{"@id":"https:\/\/www.blogsoestado.com\/flaviobraga\/tre-do-amapa-tera-de-proclamar-novo-resultado-das-eleicoes-para-deputado-estadual\/#breadcrumb"},"inLanguage":"pt-BR","potentialAction":[{"@type":"ReadAction","target":["https:\/\/www.blogsoestado.com\/flaviobraga\/tre-do-amapa-tera-de-proclamar-novo-resultado-das-eleicoes-para-deputado-estadual\/"]}]},{"@type":"BreadcrumbList","@id":"https:\/\/www.blogsoestado.com\/flaviobraga\/tre-do-amapa-tera-de-proclamar-novo-resultado-das-eleicoes-para-deputado-estadual\/#breadcrumb","itemListElement":[{"@type":"ListItem","position":1,"name":"In\u00edcio","item":"https:\/\/www.blogsoestado.com\/flaviobraga\/"},{"@type":"ListItem","position":2,"name":"TRE do Amap\u00e1 ter\u00e1 de proclamar novo resultado das elei\u00e7\u00f5es para deputado estadual"}]},{"@type":"WebSite","@id":"https:\/\/www.blogsoestado.com\/flaviobraga\/#website","url":"https:\/\/www.blogsoestado.com\/flaviobraga\/","name":"Fl\u00e1vio Braga","description":"","potentialAction":[{"@type":"SearchAction","target":{"@type":"EntryPoint","urlTemplate":"https:\/\/www.blogsoestado.com\/flaviobraga\/?s={search_term_string}"},"query-input":{"@type":"PropertyValueSpecification","valueRequired":true,"valueName":"search_term_string"}}],"inLanguage":"pt-BR"},{"@type":"Person","@id":"https:\/\/www.blogsoestado.com\/flaviobraga\/#\/schema\/person\/6c6c778331775c757a82d15206bd8733","name":"Flavio Braga","image":{"@type":"ImageObject","inLanguage":"pt-BR","@id":"https:\/\/www.blogsoestado.com\/flaviobraga\/#\/schema\/person\/image\/","url":"https:\/\/secure.gravatar.com\/avatar\/ab173937dad8d78195c87778be8a0285d069ede375ce0ae24aac1cf8e58ccb2c?s=96&d=mm&r=g","contentUrl":"https:\/\/secure.gravatar.com\/avatar\/ab173937dad8d78195c87778be8a0285d069ede375ce0ae24aac1cf8e58ccb2c?s=96&d=mm&r=g","caption":"Flavio Braga"},"url":"https:\/\/www.blogsoestado.com\/flaviobraga\/author\/flaviobraga\/"}]}},"jetpack_featured_media_url":"","_links":{"self":[{"href":"https:\/\/www.blogsoestado.com\/flaviobraga\/wp-json\/wp\/v2\/posts\/959","targetHints":{"allow":["GET"]}}],"collection":[{"href":"https:\/\/www.blogsoestado.com\/flaviobraga\/wp-json\/wp\/v2\/posts"}],"about":[{"href":"https:\/\/www.blogsoestado.com\/flaviobraga\/wp-json\/wp\/v2\/types\/post"}],"author":[{"embeddable":true,"href":"https:\/\/www.blogsoestado.com\/flaviobraga\/wp-json\/wp\/v2\/users\/8"}],"replies":[{"embeddable":true,"href":"https:\/\/www.blogsoestado.com\/flaviobraga\/wp-json\/wp\/v2\/comments?post=959"}],"version-history":[{"count":0,"href":"https:\/\/www.blogsoestado.com\/flaviobraga\/wp-json\/wp\/v2\/posts\/959\/revisions"}],"wp:attachment":[{"href":"https:\/\/www.blogsoestado.com\/flaviobraga\/wp-json\/wp\/v2\/media?parent=959"}],"wp:term":[{"taxonomy":"category","embeddable":true,"href":"https:\/\/www.blogsoestado.com\/flaviobraga\/wp-json\/wp\/v2\/categories?post=959"},{"taxonomy":"post_tag","embeddable":true,"href":"https:\/\/www.blogsoestado.com\/flaviobraga\/wp-json\/wp\/v2\/tags?post=959"}],"curies":[{"name":"wp","href":"https:\/\/api.w.org\/{rel}","templated":true}]}}