{"id":962,"date":"2010-12-10T11:01:48","date_gmt":"2010-12-10T13:01:48","guid":{"rendered":"https:\/\/www.blogsoestado.com\/flaviobraga\/?p=962"},"modified":"2010-12-10T11:01:48","modified_gmt":"2010-12-10T13:01:48","slug":"federalizacao-da-justica-eleitoral","status":"publish","type":"post","link":"https:\/\/www.blogsoestado.com\/flaviobraga\/federalizacao-da-justica-eleitoral\/","title":{"rendered":"Federaliza\u00e7\u00e3o da Justi\u00e7a Eleitoral"},"content":{"rendered":"<p><strong><a href=\"mailto:%20lizasebben@terra.com.br\">Por Lizete \u00a0Andreis Sebben<\/a>*<\/strong><\/p>\n<p>Na audi\u00eancia p\u00fablica realizada em Cuiab\u00e1 (MT), a Comiss\u00e3o indicada pelo Senado, respons\u00e1vel pela elabora\u00e7\u00e3o do anteprojeto do novo C\u00f3digo Eleitoral que visa alterar e sistematizar a legisla\u00e7\u00e3o eleitoral, elegeu a celeridade e a estabilidade como objetivos maiores a serem observados na reforma, atributos j\u00e1 evidenciados na Justi\u00e7a Eleitoral.<\/p>\n<p>A pesquisa de opini\u00e3o p\u00fablica \u2013 ocorrida ap\u00f3s o segundo turno das elei\u00e7\u00f5es passadas realizada pelo Instituto Sensus &#8211; revela elevado n\u00edvel de confian\u00e7a na Justi\u00e7a Eleitoral, com um percentual de 69,80% dos eleitores entrevistados. A pesquisa aponta, tamb\u00e9m, que 73,4% consideram a institui\u00e7\u00e3o eficiente. Por sua vez, sobre a qualidade dos servi\u00e7os prestados por ela, 62% avaliaram como boa e 25% como \u00f3tima.<\/p>\n<p>No recente encontro da Comiss\u00e3o de Juristas, em Bras\u00edlia, foi ressaltada a import\u00e2ncia da ampla participa\u00e7\u00e3o dos profissionais do direito e da sociedade.<\/p>\n<p>Persiste o debate sobre a composi\u00e7\u00e3o da Justi\u00e7a Eleitoral e do Minist\u00e9rio P\u00fablico Eleitoral e o exerc\u00edcio de membros da magistratura federal e do Minist\u00e9rio P\u00fablico Federal nessas institui\u00e7\u00f5es, dada a natureza federal dessa Justi\u00e7a especializada. A proposi\u00e7\u00e3o sugerida sobre o tema \u00e9 que a Justi\u00e7a Eleitoral, em primeira inst\u00e2ncia e nos Tribunais Regionais, seja composta por ju\u00edzes federais e o Minist\u00e9rio P\u00fablico Eleitoral por membro do Minist\u00e9rio P\u00fablico Federal.<\/p>\n<p>Atualmente, conforme prev\u00ea a Constitui\u00e7\u00e3o Federal, os Tribunais Regionais Eleitorais t\u00eam composi\u00e7\u00e3o h\u00edbrida, sendo dois desembargadores do Tribunal Estadual; um desembargador federal do Tribunal Regional Federal respectivo; dois magistrados estaduais de carreira e dois representantes da advocacia. Por autoriza\u00e7\u00e3o da Lei 9.504\/97 s\u00e3o designados tr\u00eas ju\u00edzes auxiliares da Justi\u00e7a Estadual.<\/p>\n<p>A Justi\u00e7a Eleitoral de primeiro grau \u00e9 exercida por juiz estadual com jurisdi\u00e7\u00e3o na respectiva Comarca. A Procuradoria Regional Eleitoral, nos Tribunais Regionais, \u00e9 exercido pelo representante do Minist\u00e9rio P\u00fablico Federal; e na Justi\u00e7a Eleitoral de primeiro grau por promotores eleitorais estaduais.<\/p>\n<p>Sem pairar d\u00favidas quanto \u00e0 compet\u00eancia constitucional da Uni\u00e3o para regrar mat\u00e9ria eleitoral, tratando-se da composi\u00e7\u00e3o da Justi\u00e7a Eleitoral face \u00e0 efici\u00eancia demonstrada por essa, que satisfaz com efici\u00eancia os anseios da sociedade e dos jurisdicionados, h\u00e1 que se questionar qual o fundamento para a proposi\u00e7\u00e3o apresentada.<\/p>\n<p>Compet\u00eancia para a administra\u00e7\u00e3o da Justi\u00e7a Eleitoral, evidentemente, ambas as Justi\u00e7as det\u00eam. O questionamento que se imp\u00f5e, de forma pontual, \u00e9 se a Justi\u00e7a Federal estaria capacitada funcionalmente para absorver os servi\u00e7os administrativos altamente especializados da Justi\u00e7a Eleitoral, que representam o maior volume de trabalho e consumo de or\u00e7amento dessa e, ainda, como se daria a necess\u00e1ria renova\u00e7\u00e3o da jurisprud\u00eancia e a imparcialidade pol\u00edtica na Justi\u00e7a Eleitoral, hoje presentes ante o car\u00e1ter misto e transit\u00f3rio dos membros que a comp\u00f5em.<\/p>\n<p>Por fim, se a Justi\u00e7a Federal teria a abrang\u00eancia que o servi\u00e7o eleitoral requer na condu\u00e7\u00e3o de processos eleitorais nacionais, estaduais e municipais em todos os recantos de nosso Pa\u00eds.<\/p>\n<p>Assim, embora o modelo presente talvez n\u00e3o seja perfeito, \u00e9 comprovado e reconhecidamente eficaz, cumprindo enaltecer o excelente conceito que j\u00e1 det\u00e9m essa seara do Judici\u00e1rio, evitando-se altera\u00e7\u00f5es estruturais que possam, qui\u00e7\u00e1, sugerir modifica\u00e7\u00f5es nesse qualificativo.<\/p>\n<p><em><strong>*Advogada e ex-Juiza do TRE\/RS<\/strong><\/em><strong><\/strong><\/p>\n","protected":false},"excerpt":{"rendered":"<p>Por Lizete \u00a0Andreis Sebben* Na audi\u00eancia p\u00fablica realizada em Cuiab\u00e1 (MT), a Comiss\u00e3o indicada pelo Senado, respons\u00e1vel pela elabora\u00e7\u00e3o do [&hellip;]<\/p>\n","protected":false},"author":8,"featured_media":0,"comment_status":"open","ping_status":"open","sticky":false,"template":"","format":"standard","meta":{"site-sidebar-layout":"default","site-content-layout":"","ast-site-content-layout":"default","site-content-style":"default","site-sidebar-style":"default","ast-global-header-display":"","ast-banner-title-visibility":"","ast-main-header-display":"","ast-hfb-above-header-display":"","ast-hfb-below-header-display":"","ast-hfb-mobile-header-display":"","site-post-title":"","ast-breadcrumbs-content":"","ast-featured-img":"","footer-sml-layout":"","ast-disable-related-posts":"","theme-transparent-header-meta":"","adv-header-id-meta":"","stick-header-meta":"","header-above-stick-meta":"","header-main-stick-meta":"","header-below-stick-meta":"","astra-migrate-meta-layouts":"default","ast-page-background-enabled":"default","ast-page-background-meta":{"desktop":{"background-color":"var(--ast-global-color-5)","background-image":"","background-repeat":"repeat","background-position":"center center","background-size":"auto","background-attachment":"scroll","background-type":"","background-media":"","overlay-type":"","overlay-color":"","overlay-opacity":"","overlay-gradient":""},"tablet":{"background-color":"","background-image":"","background-repeat":"repeat","background-position":"center center","background-size":"auto","background-attachment":"scroll","background-type":"","background-media":"","overlay-type":"","overlay-color":"","overlay-opacity":"","overlay-gradient":""},"mobile":{"background-color":"","background-image":"","background-repeat":"repeat","background-position":"center center","background-size":"auto","background-attachment":"scroll","background-type":"","background-media":"","overlay-type":"","overlay-color":"","overlay-opacity":"","overlay-gradient":""}},"ast-content-background-meta":{"desktop":{"background-color":"var(--ast-global-color-4)","background-image":"","background-repeat":"repeat","background-position":"center center","background-size":"auto","background-attachment":"scroll","background-type":"","background-media":"","overlay-type":"","overlay-color":"","overlay-opacity":"","overlay-gradient":""},"tablet":{"background-color":"var(--ast-global-color-4)","background-image":"","background-repeat":"repeat","background-position":"center center","background-size":"auto","background-attachment":"scroll","background-type":"","background-media":"","overlay-type":"","overlay-color":"","overlay-opacity":"","overlay-gradient":""},"mobile":{"background-color":"var(--ast-global-color-4)","background-image":"","background-repeat":"repeat","background-position":"center center","background-size":"auto","background-attachment":"scroll","background-type":"","background-media":"","overlay-type":"","overlay-color":"","overlay-opacity":"","overlay-gradient":""}},"footnotes":""},"categories":[1],"tags":[],"class_list":["post-962","post","type-post","status-publish","format-standard","hentry","category-sem-categoria"],"yoast_head":"<!-- This site is optimized with the Yoast SEO plugin v26.6 - https:\/\/yoast.com\/wordpress\/plugins\/seo\/ -->\n<title>Federaliza\u00e7\u00e3o da Justi\u00e7a Eleitoral - Fl\u00e1vio Braga<\/title>\n<meta name=\"robots\" content=\"index, follow, max-snippet:-1, max-image-preview:large, max-video-preview:-1\" \/>\n<link rel=\"canonical\" href=\"https:\/\/www.blogsoestado.com\/flaviobraga\/federalizacao-da-justica-eleitoral\/\" \/>\n<meta property=\"og:locale\" content=\"pt_BR\" \/>\n<meta property=\"og:type\" content=\"article\" \/>\n<meta property=\"og:title\" content=\"Federaliza\u00e7\u00e3o da Justi\u00e7a Eleitoral - Fl\u00e1vio Braga\" \/>\n<meta property=\"og:description\" content=\"Por Lizete \u00a0Andreis Sebben* Na audi\u00eancia p\u00fablica realizada em Cuiab\u00e1 (MT), a Comiss\u00e3o indicada pelo Senado, respons\u00e1vel pela elabora\u00e7\u00e3o do [&hellip;]\" \/>\n<meta property=\"og:url\" content=\"https:\/\/www.blogsoestado.com\/flaviobraga\/federalizacao-da-justica-eleitoral\/\" \/>\n<meta property=\"og:site_name\" content=\"Fl\u00e1vio Braga\" \/>\n<meta property=\"article:published_time\" content=\"2010-12-10T13:01:48+00:00\" \/>\n<meta name=\"author\" content=\"Flavio Braga\" \/>\n<meta name=\"twitter:card\" content=\"summary_large_image\" \/>\n<meta name=\"twitter:label1\" content=\"Escrito por\" \/>\n\t<meta name=\"twitter:data1\" content=\"Flavio Braga\" \/>\n\t<meta name=\"twitter:label2\" content=\"Est. tempo de leitura\" \/>\n\t<meta name=\"twitter:data2\" content=\"3 minutos\" \/>\n<script type=\"application\/ld+json\" class=\"yoast-schema-graph\">{\"@context\":\"https:\/\/schema.org\",\"@graph\":[{\"@type\":\"WebPage\",\"@id\":\"https:\/\/www.blogsoestado.com\/flaviobraga\/federalizacao-da-justica-eleitoral\/\",\"url\":\"https:\/\/www.blogsoestado.com\/flaviobraga\/federalizacao-da-justica-eleitoral\/\",\"name\":\"Federaliza\u00e7\u00e3o da Justi\u00e7a Eleitoral - Fl\u00e1vio Braga\",\"isPartOf\":{\"@id\":\"https:\/\/www.blogsoestado.com\/flaviobraga\/#website\"},\"datePublished\":\"2010-12-10T13:01:48+00:00\",\"author\":{\"@id\":\"https:\/\/www.blogsoestado.com\/flaviobraga\/#\/schema\/person\/6c6c778331775c757a82d15206bd8733\"},\"breadcrumb\":{\"@id\":\"https:\/\/www.blogsoestado.com\/flaviobraga\/federalizacao-da-justica-eleitoral\/#breadcrumb\"},\"inLanguage\":\"pt-BR\",\"potentialAction\":[{\"@type\":\"ReadAction\",\"target\":[\"https:\/\/www.blogsoestado.com\/flaviobraga\/federalizacao-da-justica-eleitoral\/\"]}]},{\"@type\":\"BreadcrumbList\",\"@id\":\"https:\/\/www.blogsoestado.com\/flaviobraga\/federalizacao-da-justica-eleitoral\/#breadcrumb\",\"itemListElement\":[{\"@type\":\"ListItem\",\"position\":1,\"name\":\"In\u00edcio\",\"item\":\"https:\/\/www.blogsoestado.com\/flaviobraga\/\"},{\"@type\":\"ListItem\",\"position\":2,\"name\":\"Federaliza\u00e7\u00e3o da Justi\u00e7a Eleitoral\"}]},{\"@type\":\"WebSite\",\"@id\":\"https:\/\/www.blogsoestado.com\/flaviobraga\/#website\",\"url\":\"https:\/\/www.blogsoestado.com\/flaviobraga\/\",\"name\":\"Fl\u00e1vio Braga\",\"description\":\"\",\"potentialAction\":[{\"@type\":\"SearchAction\",\"target\":{\"@type\":\"EntryPoint\",\"urlTemplate\":\"https:\/\/www.blogsoestado.com\/flaviobraga\/?s={search_term_string}\"},\"query-input\":{\"@type\":\"PropertyValueSpecification\",\"valueRequired\":true,\"valueName\":\"search_term_string\"}}],\"inLanguage\":\"pt-BR\"},{\"@type\":\"Person\",\"@id\":\"https:\/\/www.blogsoestado.com\/flaviobraga\/#\/schema\/person\/6c6c778331775c757a82d15206bd8733\",\"name\":\"Flavio Braga\",\"image\":{\"@type\":\"ImageObject\",\"inLanguage\":\"pt-BR\",\"@id\":\"https:\/\/www.blogsoestado.com\/flaviobraga\/#\/schema\/person\/image\/\",\"url\":\"https:\/\/secure.gravatar.com\/avatar\/ab173937dad8d78195c87778be8a0285d069ede375ce0ae24aac1cf8e58ccb2c?s=96&d=mm&r=g\",\"contentUrl\":\"https:\/\/secure.gravatar.com\/avatar\/ab173937dad8d78195c87778be8a0285d069ede375ce0ae24aac1cf8e58ccb2c?s=96&d=mm&r=g\",\"caption\":\"Flavio Braga\"},\"url\":\"https:\/\/www.blogsoestado.com\/flaviobraga\/author\/flaviobraga\/\"}]}<\/script>\n<!-- \/ Yoast SEO plugin. -->","yoast_head_json":{"title":"Federaliza\u00e7\u00e3o da Justi\u00e7a Eleitoral - Fl\u00e1vio Braga","robots":{"index":"index","follow":"follow","max-snippet":"max-snippet:-1","max-image-preview":"max-image-preview:large","max-video-preview":"max-video-preview:-1"},"canonical":"https:\/\/www.blogsoestado.com\/flaviobraga\/federalizacao-da-justica-eleitoral\/","og_locale":"pt_BR","og_type":"article","og_title":"Federaliza\u00e7\u00e3o da Justi\u00e7a Eleitoral - Fl\u00e1vio Braga","og_description":"Por Lizete \u00a0Andreis Sebben* Na audi\u00eancia p\u00fablica realizada em Cuiab\u00e1 (MT), a Comiss\u00e3o indicada pelo Senado, respons\u00e1vel pela elabora\u00e7\u00e3o do [&hellip;]","og_url":"https:\/\/www.blogsoestado.com\/flaviobraga\/federalizacao-da-justica-eleitoral\/","og_site_name":"Fl\u00e1vio Braga","article_published_time":"2010-12-10T13:01:48+00:00","author":"Flavio Braga","twitter_card":"summary_large_image","twitter_misc":{"Escrito por":"Flavio Braga","Est. tempo de leitura":"3 minutos"},"schema":{"@context":"https:\/\/schema.org","@graph":[{"@type":"WebPage","@id":"https:\/\/www.blogsoestado.com\/flaviobraga\/federalizacao-da-justica-eleitoral\/","url":"https:\/\/www.blogsoestado.com\/flaviobraga\/federalizacao-da-justica-eleitoral\/","name":"Federaliza\u00e7\u00e3o da Justi\u00e7a Eleitoral - Fl\u00e1vio Braga","isPartOf":{"@id":"https:\/\/www.blogsoestado.com\/flaviobraga\/#website"},"datePublished":"2010-12-10T13:01:48+00:00","author":{"@id":"https:\/\/www.blogsoestado.com\/flaviobraga\/#\/schema\/person\/6c6c778331775c757a82d15206bd8733"},"breadcrumb":{"@id":"https:\/\/www.blogsoestado.com\/flaviobraga\/federalizacao-da-justica-eleitoral\/#breadcrumb"},"inLanguage":"pt-BR","potentialAction":[{"@type":"ReadAction","target":["https:\/\/www.blogsoestado.com\/flaviobraga\/federalizacao-da-justica-eleitoral\/"]}]},{"@type":"BreadcrumbList","@id":"https:\/\/www.blogsoestado.com\/flaviobraga\/federalizacao-da-justica-eleitoral\/#breadcrumb","itemListElement":[{"@type":"ListItem","position":1,"name":"In\u00edcio","item":"https:\/\/www.blogsoestado.com\/flaviobraga\/"},{"@type":"ListItem","position":2,"name":"Federaliza\u00e7\u00e3o da Justi\u00e7a Eleitoral"}]},{"@type":"WebSite","@id":"https:\/\/www.blogsoestado.com\/flaviobraga\/#website","url":"https:\/\/www.blogsoestado.com\/flaviobraga\/","name":"Fl\u00e1vio Braga","description":"","potentialAction":[{"@type":"SearchAction","target":{"@type":"EntryPoint","urlTemplate":"https:\/\/www.blogsoestado.com\/flaviobraga\/?s={search_term_string}"},"query-input":{"@type":"PropertyValueSpecification","valueRequired":true,"valueName":"search_term_string"}}],"inLanguage":"pt-BR"},{"@type":"Person","@id":"https:\/\/www.blogsoestado.com\/flaviobraga\/#\/schema\/person\/6c6c778331775c757a82d15206bd8733","name":"Flavio Braga","image":{"@type":"ImageObject","inLanguage":"pt-BR","@id":"https:\/\/www.blogsoestado.com\/flaviobraga\/#\/schema\/person\/image\/","url":"https:\/\/secure.gravatar.com\/avatar\/ab173937dad8d78195c87778be8a0285d069ede375ce0ae24aac1cf8e58ccb2c?s=96&d=mm&r=g","contentUrl":"https:\/\/secure.gravatar.com\/avatar\/ab173937dad8d78195c87778be8a0285d069ede375ce0ae24aac1cf8e58ccb2c?s=96&d=mm&r=g","caption":"Flavio Braga"},"url":"https:\/\/www.blogsoestado.com\/flaviobraga\/author\/flaviobraga\/"}]}},"jetpack_featured_media_url":"","_links":{"self":[{"href":"https:\/\/www.blogsoestado.com\/flaviobraga\/wp-json\/wp\/v2\/posts\/962","targetHints":{"allow":["GET"]}}],"collection":[{"href":"https:\/\/www.blogsoestado.com\/flaviobraga\/wp-json\/wp\/v2\/posts"}],"about":[{"href":"https:\/\/www.blogsoestado.com\/flaviobraga\/wp-json\/wp\/v2\/types\/post"}],"author":[{"embeddable":true,"href":"https:\/\/www.blogsoestado.com\/flaviobraga\/wp-json\/wp\/v2\/users\/8"}],"replies":[{"embeddable":true,"href":"https:\/\/www.blogsoestado.com\/flaviobraga\/wp-json\/wp\/v2\/comments?post=962"}],"version-history":[{"count":0,"href":"https:\/\/www.blogsoestado.com\/flaviobraga\/wp-json\/wp\/v2\/posts\/962\/revisions"}],"wp:attachment":[{"href":"https:\/\/www.blogsoestado.com\/flaviobraga\/wp-json\/wp\/v2\/media?parent=962"}],"wp:term":[{"taxonomy":"category","embeddable":true,"href":"https:\/\/www.blogsoestado.com\/flaviobraga\/wp-json\/wp\/v2\/categories?post=962"},{"taxonomy":"post_tag","embeddable":true,"href":"https:\/\/www.blogsoestado.com\/flaviobraga\/wp-json\/wp\/v2\/tags?post=962"}],"curies":[{"name":"wp","href":"https:\/\/api.w.org\/{rel}","templated":true}]}}