{"id":966,"date":"2010-12-15T10:28:30","date_gmt":"2010-12-15T12:28:30","guid":{"rendered":"https:\/\/www.blogsoestado.com\/flaviobraga\/?p=966"},"modified":"2010-12-15T10:28:30","modified_gmt":"2010-12-15T12:28:30","slug":"tse-anula-condenacao-de-garotinho-e-determina-o-retorno-do-processo-a-1%c2%aa-instancia","status":"publish","type":"post","link":"https:\/\/www.blogsoestado.com\/flaviobraga\/tse-anula-condenacao-de-garotinho-e-determina-o-retorno-do-processo-a-1%c2%aa-instancia\/","title":{"rendered":"TSE anula condena\u00e7\u00e3o de Garotinho e determina o retorno do processo \u00e0 1\u00aa inst\u00e2ncia"},"content":{"rendered":"<p>Por maioria de votos, o Plen\u00e1rio do Tribunal Superior Eleitoral (TSE) decidiu devolver o recurso de Anthony Garotinho \u00e0 primeira inst\u00e2ncia da Justi\u00e7a Eleitoral em Campos dos Goytacazes (RJ) para que analise as provas apresentadas pelas partes. Com esta decis\u00e3o, a condena\u00e7\u00e3o por uso indevido dos meios de comunica\u00e7\u00e3o foi anulada.<\/p>\n<p>Isso porque o processo foi julgado pela primeira vez no Tribunal Regional Eleitoral do Rio de Janeiro (TRE-RJ) sem que houvesse manifesta\u00e7\u00e3o da primeira inst\u00e2ncia sobre as provas apresentadas, o que caracterizaria supress\u00e3o de inst\u00e2ncia.<\/p>\n<p>Garotinho foi eleito deputado federal pelo Rio de Janeiro com 694.862 votos e teve seu registro de candidatura deferido pelo TRE fluminense com a ressalva de que o deferimento do registro teria validade at\u00e9 que o TSE julgasse\u00a0este recurso contra a condena\u00e7\u00e3o por abuso de poder econ\u00f4mico e uso indevido dos meios de comunica\u00e7\u00e3o social.<\/p>\n<p><strong>O caso<\/strong><\/p>\n<p>A decis\u00e3o do TRE-RJ que declarou Garotinho ineleg\u00edvel ocorreu em maio deste em raz\u00e3o de condena\u00e7\u00e3o por abuso de poder econ\u00f4mico e uso indevido dos meios de comunica\u00e7\u00e3o social.<\/p>\n<p>A condena\u00e7\u00e3o, por sua vez, foi em decorr\u00eancia de entrevista que Garotinho, em seu programa de r\u00e1dio, fez com sua esposa Rosinha Garotinho quando ela anunciou sua inten\u00e7\u00e3o de disputar as elei\u00e7\u00f5es para a Prefeitura de Campos dos Goytacazes (RJ), em 2008.<\/p>\n<p>Para a defesa de Garotinho, a entrevista \u2013 ocorrida no dia 14 de junho de 2008 \u2013 n\u00e3o teve gravidade ou potencialidade para desequilibrar as elei\u00e7\u00f5es daquele ano e nem justifica a grav\u00edssima san\u00e7\u00e3o aplicada pelo TRE fluminense.<\/p>\n<p><strong>Devolu\u00e7\u00e3o<\/strong><strong><br \/>\n<\/strong><br \/>\nA devolu\u00e7\u00e3o do recurso \u00e0 primeira inst\u00e2ncia foi analisada numa preliminar do julgamento, sem entrar no m\u00e9rito sobre o alegado uso indevido dos meios de comunica\u00e7\u00e3o ou do abuso de poder econ\u00f4mico.<\/p>\n<p>A tese vencedora foi do ministro Marco Aur\u00e9lio, para quem o TSE \u201cn\u00e3o pode reexaminar as premissas f\u00e1ticas constantes do ac\u00f3rd\u00e3o impugnado mediante recurso especial\u201d. Em outras palavras, o julgamento n\u00e3o poderia prosseguir no TSE, pois n\u00e3o cabe a esta Corte analisar fatos e provas por meio do recurso apresentado neste tribunal.<\/p>\n<p>\u201cO que qualifica a inst\u00e2ncia como extraordin\u00e1ria \u00e9 o julgamento a partir da verdade formal em termos de fatos\u201d, destacou.<\/p>\n<p>Ao abrir a diverg\u00eancia, o ministro Marco Aur\u00e9lio declarou nulo o ac\u00f3rd\u00e3o da Corte de origem e determinou que o processo volte \u00e0 primeira inst\u00e2ncia para que, como ju\u00edzo natural, \u201cexamine a prova e decida como entender de direito\u201d. \u201cA meu ver, salta aos olhos a transgress\u00e3o ao devido processo legal\u201d, disse.<\/p>\n<p>Nesse sentido, foi acompanhado pelos ministros Aldir Passarinho Junior, Hamilton Carvalhido e Ricardo Lewandowski.<\/p>\n<p>O relator, ministro Marcelo Ribeiro, pretendia prosseguir com o julgamento para analisar o m\u00e9rito. Em seu voto, ele afirmou que n\u00e3o houve viola\u00e7\u00e3o aos artigos 132 e 515 do C\u00f3digo de Processo Civil. Para o relator, o processo j\u00e1 chegou maduro \u00e0 segunda inst\u00e2ncia e, portanto, estaria apto a ser julgado. Esse entendimento foi seguido pelos ministros Arnaldo Versiani e C\u00e1rmen L\u00facia.<\/p>\n","protected":false},"excerpt":{"rendered":"<p>Por maioria de votos, o Plen\u00e1rio do Tribunal Superior Eleitoral (TSE) decidiu devolver o recurso de Anthony Garotinho \u00e0 primeira [&hellip;]<\/p>\n","protected":false},"author":8,"featured_media":0,"comment_status":"open","ping_status":"open","sticky":false,"template":"","format":"standard","meta":{"site-sidebar-layout":"default","site-content-layout":"","ast-site-content-layout":"default","site-content-style":"default","site-sidebar-style":"default","ast-global-header-display":"","ast-banner-title-visibility":"","ast-main-header-display":"","ast-hfb-above-header-display":"","ast-hfb-below-header-display":"","ast-hfb-mobile-header-display":"","site-post-title":"","ast-breadcrumbs-content":"","ast-featured-img":"","footer-sml-layout":"","ast-disable-related-posts":"","theme-transparent-header-meta":"","adv-header-id-meta":"","stick-header-meta":"","header-above-stick-meta":"","header-main-stick-meta":"","header-below-stick-meta":"","astra-migrate-meta-layouts":"default","ast-page-background-enabled":"default","ast-page-background-meta":{"desktop":{"background-color":"var(--ast-global-color-5)","background-image":"","background-repeat":"repeat","background-position":"center center","background-size":"auto","background-attachment":"scroll","background-type":"","background-media":"","overlay-type":"","overlay-color":"","overlay-opacity":"","overlay-gradient":""},"tablet":{"background-color":"","background-image":"","background-repeat":"repeat","background-position":"center center","background-size":"auto","background-attachment":"scroll","background-type":"","background-media":"","overlay-type":"","overlay-color":"","overlay-opacity":"","overlay-gradient":""},"mobile":{"background-color":"","background-image":"","background-repeat":"repeat","background-position":"center center","background-size":"auto","background-attachment":"scroll","background-type":"","background-media":"","overlay-type":"","overlay-color":"","overlay-opacity":"","overlay-gradient":""}},"ast-content-background-meta":{"desktop":{"background-color":"var(--ast-global-color-4)","background-image":"","background-repeat":"repeat","background-position":"center center","background-size":"auto","background-attachment":"scroll","background-type":"","background-media":"","overlay-type":"","overlay-color":"","overlay-opacity":"","overlay-gradient":""},"tablet":{"background-color":"var(--ast-global-color-4)","background-image":"","background-repeat":"repeat","background-position":"center center","background-size":"auto","background-attachment":"scroll","background-type":"","background-media":"","overlay-type":"","overlay-color":"","overlay-opacity":"","overlay-gradient":""},"mobile":{"background-color":"var(--ast-global-color-4)","background-image":"","background-repeat":"repeat","background-position":"center center","background-size":"auto","background-attachment":"scroll","background-type":"","background-media":"","overlay-type":"","overlay-color":"","overlay-opacity":"","overlay-gradient":""}},"footnotes":""},"categories":[1],"tags":[],"class_list":["post-966","post","type-post","status-publish","format-standard","hentry","category-sem-categoria"],"yoast_head":"<!-- This site is optimized with the Yoast SEO plugin v26.6 - https:\/\/yoast.com\/wordpress\/plugins\/seo\/ -->\n<title>TSE anula condena\u00e7\u00e3o de Garotinho e determina o retorno do processo \u00e0 1\u00aa inst\u00e2ncia - Fl\u00e1vio Braga<\/title>\n<meta name=\"robots\" content=\"index, follow, max-snippet:-1, max-image-preview:large, max-video-preview:-1\" \/>\n<link rel=\"canonical\" href=\"https:\/\/www.blogsoestado.com\/flaviobraga\/tse-anula-condenacao-de-garotinho-e-determina-o-retorno-do-processo-a-1\u00aa-instancia\/\" \/>\n<meta property=\"og:locale\" content=\"pt_BR\" \/>\n<meta property=\"og:type\" content=\"article\" \/>\n<meta property=\"og:title\" content=\"TSE anula condena\u00e7\u00e3o de Garotinho e determina o retorno do processo \u00e0 1\u00aa inst\u00e2ncia - Fl\u00e1vio Braga\" \/>\n<meta property=\"og:description\" content=\"Por maioria de votos, o Plen\u00e1rio do Tribunal Superior Eleitoral (TSE) decidiu devolver o recurso de Anthony Garotinho \u00e0 primeira [&hellip;]\" \/>\n<meta property=\"og:url\" content=\"https:\/\/www.blogsoestado.com\/flaviobraga\/tse-anula-condenacao-de-garotinho-e-determina-o-retorno-do-processo-a-1\u00aa-instancia\/\" \/>\n<meta property=\"og:site_name\" content=\"Fl\u00e1vio Braga\" \/>\n<meta property=\"article:published_time\" content=\"2010-12-15T12:28:30+00:00\" \/>\n<meta name=\"author\" content=\"Flavio Braga\" \/>\n<meta name=\"twitter:card\" content=\"summary_large_image\" \/>\n<meta name=\"twitter:label1\" content=\"Escrito por\" \/>\n\t<meta name=\"twitter:data1\" content=\"Flavio Braga\" \/>\n\t<meta name=\"twitter:label2\" content=\"Est. tempo de leitura\" \/>\n\t<meta name=\"twitter:data2\" content=\"3 minutos\" \/>\n<script type=\"application\/ld+json\" class=\"yoast-schema-graph\">{\"@context\":\"https:\/\/schema.org\",\"@graph\":[{\"@type\":\"WebPage\",\"@id\":\"https:\/\/www.blogsoestado.com\/flaviobraga\/tse-anula-condenacao-de-garotinho-e-determina-o-retorno-do-processo-a-1%c2%aa-instancia\/\",\"url\":\"https:\/\/www.blogsoestado.com\/flaviobraga\/tse-anula-condenacao-de-garotinho-e-determina-o-retorno-do-processo-a-1%c2%aa-instancia\/\",\"name\":\"TSE anula condena\u00e7\u00e3o de Garotinho e determina o retorno do processo \u00e0 1\u00aa inst\u00e2ncia - Fl\u00e1vio Braga\",\"isPartOf\":{\"@id\":\"https:\/\/www.blogsoestado.com\/flaviobraga\/#website\"},\"datePublished\":\"2010-12-15T12:28:30+00:00\",\"author\":{\"@id\":\"https:\/\/www.blogsoestado.com\/flaviobraga\/#\/schema\/person\/6c6c778331775c757a82d15206bd8733\"},\"breadcrumb\":{\"@id\":\"https:\/\/www.blogsoestado.com\/flaviobraga\/tse-anula-condenacao-de-garotinho-e-determina-o-retorno-do-processo-a-1%c2%aa-instancia\/#breadcrumb\"},\"inLanguage\":\"pt-BR\",\"potentialAction\":[{\"@type\":\"ReadAction\",\"target\":[\"https:\/\/www.blogsoestado.com\/flaviobraga\/tse-anula-condenacao-de-garotinho-e-determina-o-retorno-do-processo-a-1%c2%aa-instancia\/\"]}]},{\"@type\":\"BreadcrumbList\",\"@id\":\"https:\/\/www.blogsoestado.com\/flaviobraga\/tse-anula-condenacao-de-garotinho-e-determina-o-retorno-do-processo-a-1%c2%aa-instancia\/#breadcrumb\",\"itemListElement\":[{\"@type\":\"ListItem\",\"position\":1,\"name\":\"In\u00edcio\",\"item\":\"https:\/\/www.blogsoestado.com\/flaviobraga\/\"},{\"@type\":\"ListItem\",\"position\":2,\"name\":\"TSE anula condena\u00e7\u00e3o de Garotinho e determina o retorno do processo \u00e0 1\u00aa inst\u00e2ncia\"}]},{\"@type\":\"WebSite\",\"@id\":\"https:\/\/www.blogsoestado.com\/flaviobraga\/#website\",\"url\":\"https:\/\/www.blogsoestado.com\/flaviobraga\/\",\"name\":\"Fl\u00e1vio Braga\",\"description\":\"\",\"potentialAction\":[{\"@type\":\"SearchAction\",\"target\":{\"@type\":\"EntryPoint\",\"urlTemplate\":\"https:\/\/www.blogsoestado.com\/flaviobraga\/?s={search_term_string}\"},\"query-input\":{\"@type\":\"PropertyValueSpecification\",\"valueRequired\":true,\"valueName\":\"search_term_string\"}}],\"inLanguage\":\"pt-BR\"},{\"@type\":\"Person\",\"@id\":\"https:\/\/www.blogsoestado.com\/flaviobraga\/#\/schema\/person\/6c6c778331775c757a82d15206bd8733\",\"name\":\"Flavio Braga\",\"image\":{\"@type\":\"ImageObject\",\"inLanguage\":\"pt-BR\",\"@id\":\"https:\/\/www.blogsoestado.com\/flaviobraga\/#\/schema\/person\/image\/\",\"url\":\"https:\/\/secure.gravatar.com\/avatar\/ab173937dad8d78195c87778be8a0285d069ede375ce0ae24aac1cf8e58ccb2c?s=96&d=mm&r=g\",\"contentUrl\":\"https:\/\/secure.gravatar.com\/avatar\/ab173937dad8d78195c87778be8a0285d069ede375ce0ae24aac1cf8e58ccb2c?s=96&d=mm&r=g\",\"caption\":\"Flavio Braga\"},\"url\":\"https:\/\/www.blogsoestado.com\/flaviobraga\/author\/flaviobraga\/\"}]}<\/script>\n<!-- \/ Yoast SEO plugin. -->","yoast_head_json":{"title":"TSE anula condena\u00e7\u00e3o de Garotinho e determina o retorno do processo \u00e0 1\u00aa inst\u00e2ncia - Fl\u00e1vio Braga","robots":{"index":"index","follow":"follow","max-snippet":"max-snippet:-1","max-image-preview":"max-image-preview:large","max-video-preview":"max-video-preview:-1"},"canonical":"https:\/\/www.blogsoestado.com\/flaviobraga\/tse-anula-condenacao-de-garotinho-e-determina-o-retorno-do-processo-a-1\u00aa-instancia\/","og_locale":"pt_BR","og_type":"article","og_title":"TSE anula condena\u00e7\u00e3o de Garotinho e determina o retorno do processo \u00e0 1\u00aa inst\u00e2ncia - Fl\u00e1vio Braga","og_description":"Por maioria de votos, o Plen\u00e1rio do Tribunal Superior Eleitoral (TSE) decidiu devolver o recurso de Anthony Garotinho \u00e0 primeira [&hellip;]","og_url":"https:\/\/www.blogsoestado.com\/flaviobraga\/tse-anula-condenacao-de-garotinho-e-determina-o-retorno-do-processo-a-1\u00aa-instancia\/","og_site_name":"Fl\u00e1vio Braga","article_published_time":"2010-12-15T12:28:30+00:00","author":"Flavio Braga","twitter_card":"summary_large_image","twitter_misc":{"Escrito por":"Flavio Braga","Est. tempo de leitura":"3 minutos"},"schema":{"@context":"https:\/\/schema.org","@graph":[{"@type":"WebPage","@id":"https:\/\/www.blogsoestado.com\/flaviobraga\/tse-anula-condenacao-de-garotinho-e-determina-o-retorno-do-processo-a-1%c2%aa-instancia\/","url":"https:\/\/www.blogsoestado.com\/flaviobraga\/tse-anula-condenacao-de-garotinho-e-determina-o-retorno-do-processo-a-1%c2%aa-instancia\/","name":"TSE anula condena\u00e7\u00e3o de Garotinho e determina o retorno do processo \u00e0 1\u00aa inst\u00e2ncia - Fl\u00e1vio Braga","isPartOf":{"@id":"https:\/\/www.blogsoestado.com\/flaviobraga\/#website"},"datePublished":"2010-12-15T12:28:30+00:00","author":{"@id":"https:\/\/www.blogsoestado.com\/flaviobraga\/#\/schema\/person\/6c6c778331775c757a82d15206bd8733"},"breadcrumb":{"@id":"https:\/\/www.blogsoestado.com\/flaviobraga\/tse-anula-condenacao-de-garotinho-e-determina-o-retorno-do-processo-a-1%c2%aa-instancia\/#breadcrumb"},"inLanguage":"pt-BR","potentialAction":[{"@type":"ReadAction","target":["https:\/\/www.blogsoestado.com\/flaviobraga\/tse-anula-condenacao-de-garotinho-e-determina-o-retorno-do-processo-a-1%c2%aa-instancia\/"]}]},{"@type":"BreadcrumbList","@id":"https:\/\/www.blogsoestado.com\/flaviobraga\/tse-anula-condenacao-de-garotinho-e-determina-o-retorno-do-processo-a-1%c2%aa-instancia\/#breadcrumb","itemListElement":[{"@type":"ListItem","position":1,"name":"In\u00edcio","item":"https:\/\/www.blogsoestado.com\/flaviobraga\/"},{"@type":"ListItem","position":2,"name":"TSE anula condena\u00e7\u00e3o de Garotinho e determina o retorno do processo \u00e0 1\u00aa inst\u00e2ncia"}]},{"@type":"WebSite","@id":"https:\/\/www.blogsoestado.com\/flaviobraga\/#website","url":"https:\/\/www.blogsoestado.com\/flaviobraga\/","name":"Fl\u00e1vio Braga","description":"","potentialAction":[{"@type":"SearchAction","target":{"@type":"EntryPoint","urlTemplate":"https:\/\/www.blogsoestado.com\/flaviobraga\/?s={search_term_string}"},"query-input":{"@type":"PropertyValueSpecification","valueRequired":true,"valueName":"search_term_string"}}],"inLanguage":"pt-BR"},{"@type":"Person","@id":"https:\/\/www.blogsoestado.com\/flaviobraga\/#\/schema\/person\/6c6c778331775c757a82d15206bd8733","name":"Flavio Braga","image":{"@type":"ImageObject","inLanguage":"pt-BR","@id":"https:\/\/www.blogsoestado.com\/flaviobraga\/#\/schema\/person\/image\/","url":"https:\/\/secure.gravatar.com\/avatar\/ab173937dad8d78195c87778be8a0285d069ede375ce0ae24aac1cf8e58ccb2c?s=96&d=mm&r=g","contentUrl":"https:\/\/secure.gravatar.com\/avatar\/ab173937dad8d78195c87778be8a0285d069ede375ce0ae24aac1cf8e58ccb2c?s=96&d=mm&r=g","caption":"Flavio Braga"},"url":"https:\/\/www.blogsoestado.com\/flaviobraga\/author\/flaviobraga\/"}]}},"jetpack_featured_media_url":"","_links":{"self":[{"href":"https:\/\/www.blogsoestado.com\/flaviobraga\/wp-json\/wp\/v2\/posts\/966","targetHints":{"allow":["GET"]}}],"collection":[{"href":"https:\/\/www.blogsoestado.com\/flaviobraga\/wp-json\/wp\/v2\/posts"}],"about":[{"href":"https:\/\/www.blogsoestado.com\/flaviobraga\/wp-json\/wp\/v2\/types\/post"}],"author":[{"embeddable":true,"href":"https:\/\/www.blogsoestado.com\/flaviobraga\/wp-json\/wp\/v2\/users\/8"}],"replies":[{"embeddable":true,"href":"https:\/\/www.blogsoestado.com\/flaviobraga\/wp-json\/wp\/v2\/comments?post=966"}],"version-history":[{"count":0,"href":"https:\/\/www.blogsoestado.com\/flaviobraga\/wp-json\/wp\/v2\/posts\/966\/revisions"}],"wp:attachment":[{"href":"https:\/\/www.blogsoestado.com\/flaviobraga\/wp-json\/wp\/v2\/media?parent=966"}],"wp:term":[{"taxonomy":"category","embeddable":true,"href":"https:\/\/www.blogsoestado.com\/flaviobraga\/wp-json\/wp\/v2\/categories?post=966"},{"taxonomy":"post_tag","embeddable":true,"href":"https:\/\/www.blogsoestado.com\/flaviobraga\/wp-json\/wp\/v2\/tags?post=966"}],"curies":[{"name":"wp","href":"https:\/\/api.w.org\/{rel}","templated":true}]}}