{"id":972,"date":"2010-12-17T13:00:16","date_gmt":"2010-12-17T15:00:16","guid":{"rendered":"https:\/\/www.blogsoestado.com\/flaviobraga\/?p=972"},"modified":"2010-12-17T13:00:16","modified_gmt":"2010-12-17T15:00:16","slug":"liminar-determina-retorno-de-rosinha-garotinho-a-prefeitura-de-campos-dos-goytacazes","status":"publish","type":"post","link":"https:\/\/www.blogsoestado.com\/flaviobraga\/liminar-determina-retorno-de-rosinha-garotinho-a-prefeitura-de-campos-dos-goytacazes\/","title":{"rendered":"Liminar determina retorno de Rosinha Garotinho \u00e0 prefeitura de Campos dos Goytacazes"},"content":{"rendered":"<p>O ministro Marcelo Ribeiro, do Tribunal Superior Eleitoral (TSE), deferiu liminar para determinar o retorno de Rosinha Garotinho e Francisco Oliveira aos cargos de prefeita e vice-prefeito de Campos dos Goytacazes (RJ). A decis\u00e3o tamb\u00e9m suspende a realiza\u00e7\u00e3o de novas elei\u00e7\u00f5es marcadas para o dia 6 de fevereiro de 2011, at\u00e9 o julgamento, pelo TSE, de um recurso de agravo de instrumento.<\/p>\n<p>Rosinha Garotinho e Francisco Oliveira, eleitos em 2008, ajuizaram uma a\u00e7\u00e3o cautelar para suspender a decis\u00e3o do Tribunal Regional Eleitoral do Rio de Janeiro que cassou o mandato dos dois por abuso do poder econ\u00f4mico e uso indevido dos meios de comunica\u00e7\u00e3o.<\/p>\n<p>Na a\u00e7\u00e3o, eles ressaltam que, na sess\u00e3o desta ter\u00e7a-feira (14) o TSE, por maioria de votos, deu provimento a recurso de Anthony Garotinho, que anulou decis\u00e3o do Tribunal Regional Eleitoral que o tornou ineleg\u00edvel em raz\u00e3o de condena\u00e7\u00e3o por abuso de poder econ\u00f4mico e uso indevido dos meios de comunica\u00e7\u00e3o social.<\/p>\n<p>Argumentam que o julgamento do m\u00e9rito pela Corte Regional \u201cacarretou vulnera\u00e7\u00e3o aos princ\u00edpios do duplo grau de jurisdi\u00e7\u00e3o, do devido processo legal e da vincula\u00e7\u00e3o, segundo o qual o juiz que colhe a prova deve julgar a lide\u201d.<\/p>\n<p>O ministro Marcelo Ribeiro afirma, na decis\u00e3o, que no julgamento de ter\u00e7a-feira o TSE, por maioria, declarou nula a decis\u00e3o regional e determinou que o processo retorne \u00e0 primeira inst\u00e2ncia para que examine a prova e decida como entender de direito. A maioria dos ministros entendeu que o julgamento n\u00e3o poderia prosseguir no TSE, pois n\u00e3o cabe a esta Corte analisar fatos e provas por meio do recurso apresentado naquele tribunal.<\/p>\n<p>\u201cDiante desse contexto, faz-se imperioso reconhecer a plausibilidade do direito ora pleiteado, tendo em vista o novel pronunciamento deste Tribunal sobre o tema, contrariamente ao que decidiu a Corte Regional na esp\u00e9cie\u201d, afirmou o ministro na decis\u00e3o.<\/p>\n","protected":false},"excerpt":{"rendered":"<p>O ministro Marcelo Ribeiro, do Tribunal Superior Eleitoral (TSE), deferiu liminar para determinar o retorno de Rosinha Garotinho e Francisco [&hellip;]<\/p>\n","protected":false},"author":8,"featured_media":0,"comment_status":"open","ping_status":"open","sticky":false,"template":"","format":"standard","meta":{"site-sidebar-layout":"default","site-content-layout":"","ast-site-content-layout":"default","site-content-style":"default","site-sidebar-style":"default","ast-global-header-display":"","ast-banner-title-visibility":"","ast-main-header-display":"","ast-hfb-above-header-display":"","ast-hfb-below-header-display":"","ast-hfb-mobile-header-display":"","site-post-title":"","ast-breadcrumbs-content":"","ast-featured-img":"","footer-sml-layout":"","ast-disable-related-posts":"","theme-transparent-header-meta":"","adv-header-id-meta":"","stick-header-meta":"","header-above-stick-meta":"","header-main-stick-meta":"","header-below-stick-meta":"","astra-migrate-meta-layouts":"default","ast-page-background-enabled":"default","ast-page-background-meta":{"desktop":{"background-color":"var(--ast-global-color-5)","background-image":"","background-repeat":"repeat","background-position":"center center","background-size":"auto","background-attachment":"scroll","background-type":"","background-media":"","overlay-type":"","overlay-color":"","overlay-opacity":"","overlay-gradient":""},"tablet":{"background-color":"","background-image":"","background-repeat":"repeat","background-position":"center center","background-size":"auto","background-attachment":"scroll","background-type":"","background-media":"","overlay-type":"","overlay-color":"","overlay-opacity":"","overlay-gradient":""},"mobile":{"background-color":"","background-image":"","background-repeat":"repeat","background-position":"center center","background-size":"auto","background-attachment":"scroll","background-type":"","background-media":"","overlay-type":"","overlay-color":"","overlay-opacity":"","overlay-gradient":""}},"ast-content-background-meta":{"desktop":{"background-color":"var(--ast-global-color-4)","background-image":"","background-repeat":"repeat","background-position":"center center","background-size":"auto","background-attachment":"scroll","background-type":"","background-media":"","overlay-type":"","overlay-color":"","overlay-opacity":"","overlay-gradient":""},"tablet":{"background-color":"var(--ast-global-color-4)","background-image":"","background-repeat":"repeat","background-position":"center center","background-size":"auto","background-attachment":"scroll","background-type":"","background-media":"","overlay-type":"","overlay-color":"","overlay-opacity":"","overlay-gradient":""},"mobile":{"background-color":"var(--ast-global-color-4)","background-image":"","background-repeat":"repeat","background-position":"center center","background-size":"auto","background-attachment":"scroll","background-type":"","background-media":"","overlay-type":"","overlay-color":"","overlay-opacity":"","overlay-gradient":""}},"footnotes":""},"categories":[1],"tags":[],"class_list":["post-972","post","type-post","status-publish","format-standard","hentry","category-sem-categoria"],"yoast_head":"<!-- This site is optimized with the Yoast SEO plugin v26.6 - https:\/\/yoast.com\/wordpress\/plugins\/seo\/ -->\n<title>Liminar determina retorno de Rosinha Garotinho \u00e0 prefeitura de Campos dos Goytacazes - Fl\u00e1vio Braga<\/title>\n<meta name=\"robots\" content=\"index, follow, max-snippet:-1, max-image-preview:large, max-video-preview:-1\" \/>\n<link rel=\"canonical\" href=\"https:\/\/www.blogsoestado.com\/flaviobraga\/liminar-determina-retorno-de-rosinha-garotinho-a-prefeitura-de-campos-dos-goytacazes\/\" \/>\n<meta property=\"og:locale\" content=\"pt_BR\" \/>\n<meta property=\"og:type\" content=\"article\" \/>\n<meta property=\"og:title\" content=\"Liminar determina retorno de Rosinha Garotinho \u00e0 prefeitura de Campos dos Goytacazes - Fl\u00e1vio Braga\" \/>\n<meta property=\"og:description\" content=\"O ministro Marcelo Ribeiro, do Tribunal Superior Eleitoral (TSE), deferiu liminar para determinar o retorno de Rosinha Garotinho e Francisco [&hellip;]\" \/>\n<meta property=\"og:url\" content=\"https:\/\/www.blogsoestado.com\/flaviobraga\/liminar-determina-retorno-de-rosinha-garotinho-a-prefeitura-de-campos-dos-goytacazes\/\" \/>\n<meta property=\"og:site_name\" content=\"Fl\u00e1vio Braga\" \/>\n<meta property=\"article:published_time\" content=\"2010-12-17T15:00:16+00:00\" \/>\n<meta name=\"author\" content=\"Flavio Braga\" \/>\n<meta name=\"twitter:card\" content=\"summary_large_image\" \/>\n<meta name=\"twitter:label1\" content=\"Escrito por\" \/>\n\t<meta name=\"twitter:data1\" content=\"Flavio Braga\" \/>\n\t<meta name=\"twitter:label2\" content=\"Est. tempo de leitura\" \/>\n\t<meta name=\"twitter:data2\" content=\"2 minutos\" \/>\n<script type=\"application\/ld+json\" class=\"yoast-schema-graph\">{\"@context\":\"https:\/\/schema.org\",\"@graph\":[{\"@type\":\"WebPage\",\"@id\":\"https:\/\/www.blogsoestado.com\/flaviobraga\/liminar-determina-retorno-de-rosinha-garotinho-a-prefeitura-de-campos-dos-goytacazes\/\",\"url\":\"https:\/\/www.blogsoestado.com\/flaviobraga\/liminar-determina-retorno-de-rosinha-garotinho-a-prefeitura-de-campos-dos-goytacazes\/\",\"name\":\"Liminar determina retorno de Rosinha Garotinho \u00e0 prefeitura de Campos dos Goytacazes - Fl\u00e1vio Braga\",\"isPartOf\":{\"@id\":\"https:\/\/www.blogsoestado.com\/flaviobraga\/#website\"},\"datePublished\":\"2010-12-17T15:00:16+00:00\",\"author\":{\"@id\":\"https:\/\/www.blogsoestado.com\/flaviobraga\/#\/schema\/person\/6c6c778331775c757a82d15206bd8733\"},\"breadcrumb\":{\"@id\":\"https:\/\/www.blogsoestado.com\/flaviobraga\/liminar-determina-retorno-de-rosinha-garotinho-a-prefeitura-de-campos-dos-goytacazes\/#breadcrumb\"},\"inLanguage\":\"pt-BR\",\"potentialAction\":[{\"@type\":\"ReadAction\",\"target\":[\"https:\/\/www.blogsoestado.com\/flaviobraga\/liminar-determina-retorno-de-rosinha-garotinho-a-prefeitura-de-campos-dos-goytacazes\/\"]}]},{\"@type\":\"BreadcrumbList\",\"@id\":\"https:\/\/www.blogsoestado.com\/flaviobraga\/liminar-determina-retorno-de-rosinha-garotinho-a-prefeitura-de-campos-dos-goytacazes\/#breadcrumb\",\"itemListElement\":[{\"@type\":\"ListItem\",\"position\":1,\"name\":\"In\u00edcio\",\"item\":\"https:\/\/www.blogsoestado.com\/flaviobraga\/\"},{\"@type\":\"ListItem\",\"position\":2,\"name\":\"Liminar determina retorno de Rosinha Garotinho \u00e0 prefeitura de Campos dos Goytacazes\"}]},{\"@type\":\"WebSite\",\"@id\":\"https:\/\/www.blogsoestado.com\/flaviobraga\/#website\",\"url\":\"https:\/\/www.blogsoestado.com\/flaviobraga\/\",\"name\":\"Fl\u00e1vio Braga\",\"description\":\"\",\"potentialAction\":[{\"@type\":\"SearchAction\",\"target\":{\"@type\":\"EntryPoint\",\"urlTemplate\":\"https:\/\/www.blogsoestado.com\/flaviobraga\/?s={search_term_string}\"},\"query-input\":{\"@type\":\"PropertyValueSpecification\",\"valueRequired\":true,\"valueName\":\"search_term_string\"}}],\"inLanguage\":\"pt-BR\"},{\"@type\":\"Person\",\"@id\":\"https:\/\/www.blogsoestado.com\/flaviobraga\/#\/schema\/person\/6c6c778331775c757a82d15206bd8733\",\"name\":\"Flavio Braga\",\"image\":{\"@type\":\"ImageObject\",\"inLanguage\":\"pt-BR\",\"@id\":\"https:\/\/www.blogsoestado.com\/flaviobraga\/#\/schema\/person\/image\/\",\"url\":\"https:\/\/secure.gravatar.com\/avatar\/ab173937dad8d78195c87778be8a0285d069ede375ce0ae24aac1cf8e58ccb2c?s=96&d=mm&r=g\",\"contentUrl\":\"https:\/\/secure.gravatar.com\/avatar\/ab173937dad8d78195c87778be8a0285d069ede375ce0ae24aac1cf8e58ccb2c?s=96&d=mm&r=g\",\"caption\":\"Flavio Braga\"},\"url\":\"https:\/\/www.blogsoestado.com\/flaviobraga\/author\/flaviobraga\/\"}]}<\/script>\n<!-- \/ Yoast SEO plugin. -->","yoast_head_json":{"title":"Liminar determina retorno de Rosinha Garotinho \u00e0 prefeitura de Campos dos Goytacazes - Fl\u00e1vio Braga","robots":{"index":"index","follow":"follow","max-snippet":"max-snippet:-1","max-image-preview":"max-image-preview:large","max-video-preview":"max-video-preview:-1"},"canonical":"https:\/\/www.blogsoestado.com\/flaviobraga\/liminar-determina-retorno-de-rosinha-garotinho-a-prefeitura-de-campos-dos-goytacazes\/","og_locale":"pt_BR","og_type":"article","og_title":"Liminar determina retorno de Rosinha Garotinho \u00e0 prefeitura de Campos dos Goytacazes - Fl\u00e1vio Braga","og_description":"O ministro Marcelo Ribeiro, do Tribunal Superior Eleitoral (TSE), deferiu liminar para determinar o retorno de Rosinha Garotinho e Francisco [&hellip;]","og_url":"https:\/\/www.blogsoestado.com\/flaviobraga\/liminar-determina-retorno-de-rosinha-garotinho-a-prefeitura-de-campos-dos-goytacazes\/","og_site_name":"Fl\u00e1vio Braga","article_published_time":"2010-12-17T15:00:16+00:00","author":"Flavio Braga","twitter_card":"summary_large_image","twitter_misc":{"Escrito por":"Flavio Braga","Est. tempo de leitura":"2 minutos"},"schema":{"@context":"https:\/\/schema.org","@graph":[{"@type":"WebPage","@id":"https:\/\/www.blogsoestado.com\/flaviobraga\/liminar-determina-retorno-de-rosinha-garotinho-a-prefeitura-de-campos-dos-goytacazes\/","url":"https:\/\/www.blogsoestado.com\/flaviobraga\/liminar-determina-retorno-de-rosinha-garotinho-a-prefeitura-de-campos-dos-goytacazes\/","name":"Liminar determina retorno de Rosinha Garotinho \u00e0 prefeitura de Campos dos Goytacazes - Fl\u00e1vio Braga","isPartOf":{"@id":"https:\/\/www.blogsoestado.com\/flaviobraga\/#website"},"datePublished":"2010-12-17T15:00:16+00:00","author":{"@id":"https:\/\/www.blogsoestado.com\/flaviobraga\/#\/schema\/person\/6c6c778331775c757a82d15206bd8733"},"breadcrumb":{"@id":"https:\/\/www.blogsoestado.com\/flaviobraga\/liminar-determina-retorno-de-rosinha-garotinho-a-prefeitura-de-campos-dos-goytacazes\/#breadcrumb"},"inLanguage":"pt-BR","potentialAction":[{"@type":"ReadAction","target":["https:\/\/www.blogsoestado.com\/flaviobraga\/liminar-determina-retorno-de-rosinha-garotinho-a-prefeitura-de-campos-dos-goytacazes\/"]}]},{"@type":"BreadcrumbList","@id":"https:\/\/www.blogsoestado.com\/flaviobraga\/liminar-determina-retorno-de-rosinha-garotinho-a-prefeitura-de-campos-dos-goytacazes\/#breadcrumb","itemListElement":[{"@type":"ListItem","position":1,"name":"In\u00edcio","item":"https:\/\/www.blogsoestado.com\/flaviobraga\/"},{"@type":"ListItem","position":2,"name":"Liminar determina retorno de Rosinha Garotinho \u00e0 prefeitura de Campos dos Goytacazes"}]},{"@type":"WebSite","@id":"https:\/\/www.blogsoestado.com\/flaviobraga\/#website","url":"https:\/\/www.blogsoestado.com\/flaviobraga\/","name":"Fl\u00e1vio Braga","description":"","potentialAction":[{"@type":"SearchAction","target":{"@type":"EntryPoint","urlTemplate":"https:\/\/www.blogsoestado.com\/flaviobraga\/?s={search_term_string}"},"query-input":{"@type":"PropertyValueSpecification","valueRequired":true,"valueName":"search_term_string"}}],"inLanguage":"pt-BR"},{"@type":"Person","@id":"https:\/\/www.blogsoestado.com\/flaviobraga\/#\/schema\/person\/6c6c778331775c757a82d15206bd8733","name":"Flavio Braga","image":{"@type":"ImageObject","inLanguage":"pt-BR","@id":"https:\/\/www.blogsoestado.com\/flaviobraga\/#\/schema\/person\/image\/","url":"https:\/\/secure.gravatar.com\/avatar\/ab173937dad8d78195c87778be8a0285d069ede375ce0ae24aac1cf8e58ccb2c?s=96&d=mm&r=g","contentUrl":"https:\/\/secure.gravatar.com\/avatar\/ab173937dad8d78195c87778be8a0285d069ede375ce0ae24aac1cf8e58ccb2c?s=96&d=mm&r=g","caption":"Flavio Braga"},"url":"https:\/\/www.blogsoestado.com\/flaviobraga\/author\/flaviobraga\/"}]}},"jetpack_featured_media_url":"","_links":{"self":[{"href":"https:\/\/www.blogsoestado.com\/flaviobraga\/wp-json\/wp\/v2\/posts\/972","targetHints":{"allow":["GET"]}}],"collection":[{"href":"https:\/\/www.blogsoestado.com\/flaviobraga\/wp-json\/wp\/v2\/posts"}],"about":[{"href":"https:\/\/www.blogsoestado.com\/flaviobraga\/wp-json\/wp\/v2\/types\/post"}],"author":[{"embeddable":true,"href":"https:\/\/www.blogsoestado.com\/flaviobraga\/wp-json\/wp\/v2\/users\/8"}],"replies":[{"embeddable":true,"href":"https:\/\/www.blogsoestado.com\/flaviobraga\/wp-json\/wp\/v2\/comments?post=972"}],"version-history":[{"count":0,"href":"https:\/\/www.blogsoestado.com\/flaviobraga\/wp-json\/wp\/v2\/posts\/972\/revisions"}],"wp:attachment":[{"href":"https:\/\/www.blogsoestado.com\/flaviobraga\/wp-json\/wp\/v2\/media?parent=972"}],"wp:term":[{"taxonomy":"category","embeddable":true,"href":"https:\/\/www.blogsoestado.com\/flaviobraga\/wp-json\/wp\/v2\/categories?post=972"},{"taxonomy":"post_tag","embeddable":true,"href":"https:\/\/www.blogsoestado.com\/flaviobraga\/wp-json\/wp\/v2\/tags?post=972"}],"curies":[{"name":"wp","href":"https:\/\/api.w.org\/{rel}","templated":true}]}}