{"id":973,"date":"2010-12-17T13:08:17","date_gmt":"2010-12-17T15:08:17","guid":{"rendered":"https:\/\/www.blogsoestado.com\/flaviobraga\/?p=973"},"modified":"2010-12-17T13:08:17","modified_gmt":"2010-12-17T15:08:17","slug":"tse-decide-que-partidos-nao-herdam-os-votos-de-candidatos-com-registro-indeferido","status":"publish","type":"post","link":"https:\/\/www.blogsoestado.com\/flaviobraga\/tse-decide-que-partidos-nao-herdam-os-votos-de-candidatos-com-registro-indeferido\/","title":{"rendered":"TSE decide que partidos n\u00e3o herdam os votos de candidatos com registro indeferido"},"content":{"rendered":"<p>Candidatos com registro indeferido at\u00e9 o momento da diploma\u00e7\u00e3o n\u00e3o poder\u00e3o ser diplomados. J\u00e1 os votos dados a candidatos com registro indeferido, mesmo que seus recursos estejam pendentes de julgamento, n\u00e3o poder\u00e3o ser computados para seu partido pol\u00edtico ou coliga\u00e7\u00e3o.<\/p>\n<p>Estas s\u00e3o as duas conclus\u00f5es que os ministros do Tribunal Superior Eleitoral (TSE) alcan\u00e7aram na sess\u00e3o extraordin\u00e1ria de quarta-feira (15) ao negarem, por maioria de votos, recurso apresentado por Antonio Paulo de Oliveira Furlan, que pretendia ser diplomado deputado estadual pelo Amap\u00e1 no lugar de Ocivaldo Serique Gato (PTB), que teve o registro indeferido pelo TSE.<\/p>\n<p>Ambos os entendimentos da Corte, assentados no julgamento desse processo, servem como par\u00e2metros aos Tribunais Regionais Eleitorais.<\/p>\n<p>Por\u00a04 votos a\u00a03, o Plen\u00e1rio do TSE entendeu que os votos dados a Ocivaldo Serique Gato, que concorreu com o registro deferido pelo Tribunal Regional Eleitoral do Amap\u00e1 (TRE-AP) a uma vaga de deputado estado, e mais tarde teve o registro cancelado pelo TSE, n\u00e3o poderiam ser computados para a sua coliga\u00e7\u00e3o, por ele estar com o registro indeferido.<\/p>\n<p>Segundo os ministros que instalaram a diverg\u00eancia, o artigo 16-A da Lei n\u00ba 9.504\/1997 (Lei das Elei\u00e7\u00f5es) \u00e9 categ\u00f3rico ao condicionar a validade dos votos recebidos pelo candidato ao deferimento do seu registro.<\/p>\n<p>J\u00e1 o par\u00e1grafo \u00fanico do mesmo artigo, de acordo com a maioria da Corte, tamb\u00e9m \u00e9 taxativo ao condicionar a contabiliza\u00e7\u00e3o dos votos para o respectivo partido ou coliga\u00e7\u00e3o ao deferimento do registro de sua candidatura.<\/p>\n<p>Relator do processo, o ministro Hamilton Carvalhido votou pelo provimento parcial do recurso apresentado por Antonio Paulo Furlan, determinando a n\u00e3o diploma\u00e7\u00e3o de Ocivaldo Gato, por ele se achar com o registro indeferido, e a contabiliza\u00e7\u00e3o dos votos por ele recebidos para a coliga\u00e7\u00e3o. Isto porque, segundo o ministro, ele disputou as elei\u00e7\u00f5es 2010 com o registro deferido pelo TRE do Amap\u00e1, situa\u00e7\u00e3o que permitiria, neste caso espec\u00edfico, a contabiliza\u00e7\u00e3o dos votos para o partido ou coliga\u00e7\u00e3o (par\u00e1grafo 4\u00ba do artigo 175 do C\u00f3digo Eleitoral). O presidente do TSE, ministro Ricardo Lewandowski, acompanhou na \u00edntegra o voto do relator.<\/p>\n<p>Tamb\u00e9m o ministro Marco Aur\u00e9lio acompanhou o voto do relator, mas foi mais adiante, ao determinar, al\u00e9m da contagem dos votos obtidos pelo candidato Ocivaldo\u00a0para a coliga\u00e7\u00e3o, a diploma\u00e7\u00e3o de Antonio Paulo Furlan como deputado estadual pelo Amap\u00e1 em seu lugar.\u00a0\u00a0<\/p>\n<p>No entanto, os ministros Aldir Passarinho Junior, C\u00e1rmen L\u00facia Antunes Rocha, Marcelo Ribeiro e Arnaldo Versiani divergiram do voto do relator e negaram provimento ao recurso de Ant\u00f4nio Furlan por entender que o artigo 16-A da Lei das Elei\u00e7\u00f5es n\u00e3o comporta esse tipo de interpreta\u00e7\u00e3o, j\u00e1 que seu par\u00e1grafo \u00fanico \u00e9 claro ao estipular que os votos recebidos pelo candidato s\u00f3 ser\u00e3o computados para o respectivo partido ou coliga\u00e7\u00e3o com o deferimento do registro da candidatura. Mas concordaram com o relator no ponto em que Ocivaldo Gato n\u00e3o pode ser diplomado pelo TRE do Amap\u00e1 por se achar com o registro indeferido.<\/p>\n<p>\u201cO objetivo do artigo 16-A, no meu entendimento, foi dar mais responsabilidade aos partidos e coliga\u00e7\u00f5es para que escolhessem candidatos realmente n\u00e3o atingidos por inelegibilidades. \u00c9 um modo de evitar os chamados candidatos puxadores de votos, que posteriormente podem ser declarados ineleg\u00edveis, mas que beneficiam as legendas com a quantidade de votos que recebem\u201d, lembrou o ministro Arnaldo Versiani, ponto que tamb\u00e9m foi destacado pelos ministros Marcelo Ribeiro, Aldir Passarinho Junior e C\u00e1rmen L\u00facia.<\/p>\n","protected":false},"excerpt":{"rendered":"<p>Candidatos com registro indeferido at\u00e9 o momento da diploma\u00e7\u00e3o n\u00e3o poder\u00e3o ser diplomados. J\u00e1 os votos dados a candidatos com [&hellip;]<\/p>\n","protected":false},"author":8,"featured_media":0,"comment_status":"open","ping_status":"open","sticky":false,"template":"","format":"standard","meta":{"site-sidebar-layout":"default","site-content-layout":"","ast-site-content-layout":"default","site-content-style":"default","site-sidebar-style":"default","ast-global-header-display":"","ast-banner-title-visibility":"","ast-main-header-display":"","ast-hfb-above-header-display":"","ast-hfb-below-header-display":"","ast-hfb-mobile-header-display":"","site-post-title":"","ast-breadcrumbs-content":"","ast-featured-img":"","footer-sml-layout":"","ast-disable-related-posts":"","theme-transparent-header-meta":"","adv-header-id-meta":"","stick-header-meta":"","header-above-stick-meta":"","header-main-stick-meta":"","header-below-stick-meta":"","astra-migrate-meta-layouts":"default","ast-page-background-enabled":"default","ast-page-background-meta":{"desktop":{"background-color":"var(--ast-global-color-5)","background-image":"","background-repeat":"repeat","background-position":"center center","background-size":"auto","background-attachment":"scroll","background-type":"","background-media":"","overlay-type":"","overlay-color":"","overlay-opacity":"","overlay-gradient":""},"tablet":{"background-color":"","background-image":"","background-repeat":"repeat","background-position":"center center","background-size":"auto","background-attachment":"scroll","background-type":"","background-media":"","overlay-type":"","overlay-color":"","overlay-opacity":"","overlay-gradient":""},"mobile":{"background-color":"","background-image":"","background-repeat":"repeat","background-position":"center center","background-size":"auto","background-attachment":"scroll","background-type":"","background-media":"","overlay-type":"","overlay-color":"","overlay-opacity":"","overlay-gradient":""}},"ast-content-background-meta":{"desktop":{"background-color":"var(--ast-global-color-4)","background-image":"","background-repeat":"repeat","background-position":"center center","background-size":"auto","background-attachment":"scroll","background-type":"","background-media":"","overlay-type":"","overlay-color":"","overlay-opacity":"","overlay-gradient":""},"tablet":{"background-color":"var(--ast-global-color-4)","background-image":"","background-repeat":"repeat","background-position":"center center","background-size":"auto","background-attachment":"scroll","background-type":"","background-media":"","overlay-type":"","overlay-color":"","overlay-opacity":"","overlay-gradient":""},"mobile":{"background-color":"var(--ast-global-color-4)","background-image":"","background-repeat":"repeat","background-position":"center center","background-size":"auto","background-attachment":"scroll","background-type":"","background-media":"","overlay-type":"","overlay-color":"","overlay-opacity":"","overlay-gradient":""}},"footnotes":""},"categories":[1],"tags":[],"class_list":["post-973","post","type-post","status-publish","format-standard","hentry","category-sem-categoria"],"yoast_head":"<!-- This site is optimized with the Yoast SEO plugin v26.6 - https:\/\/yoast.com\/wordpress\/plugins\/seo\/ -->\n<title>TSE decide que partidos n\u00e3o herdam os votos de candidatos com registro indeferido - Fl\u00e1vio Braga<\/title>\n<meta name=\"robots\" content=\"index, follow, max-snippet:-1, max-image-preview:large, max-video-preview:-1\" \/>\n<link rel=\"canonical\" href=\"https:\/\/www.blogsoestado.com\/flaviobraga\/tse-decide-que-partidos-nao-herdam-os-votos-de-candidatos-com-registro-indeferido\/\" \/>\n<meta property=\"og:locale\" content=\"pt_BR\" \/>\n<meta property=\"og:type\" content=\"article\" \/>\n<meta property=\"og:title\" content=\"TSE decide que partidos n\u00e3o herdam os votos de candidatos com registro indeferido - Fl\u00e1vio Braga\" \/>\n<meta property=\"og:description\" content=\"Candidatos com registro indeferido at\u00e9 o momento da diploma\u00e7\u00e3o n\u00e3o poder\u00e3o ser diplomados. J\u00e1 os votos dados a candidatos com [&hellip;]\" \/>\n<meta property=\"og:url\" content=\"https:\/\/www.blogsoestado.com\/flaviobraga\/tse-decide-que-partidos-nao-herdam-os-votos-de-candidatos-com-registro-indeferido\/\" \/>\n<meta property=\"og:site_name\" content=\"Fl\u00e1vio Braga\" \/>\n<meta property=\"article:published_time\" content=\"2010-12-17T15:08:17+00:00\" \/>\n<meta name=\"author\" content=\"Flavio Braga\" \/>\n<meta name=\"twitter:card\" content=\"summary_large_image\" \/>\n<meta name=\"twitter:label1\" content=\"Escrito por\" \/>\n\t<meta name=\"twitter:data1\" content=\"Flavio Braga\" \/>\n\t<meta name=\"twitter:label2\" content=\"Est. tempo de leitura\" \/>\n\t<meta name=\"twitter:data2\" content=\"3 minutos\" \/>\n<script type=\"application\/ld+json\" class=\"yoast-schema-graph\">{\"@context\":\"https:\/\/schema.org\",\"@graph\":[{\"@type\":\"WebPage\",\"@id\":\"https:\/\/www.blogsoestado.com\/flaviobraga\/tse-decide-que-partidos-nao-herdam-os-votos-de-candidatos-com-registro-indeferido\/\",\"url\":\"https:\/\/www.blogsoestado.com\/flaviobraga\/tse-decide-que-partidos-nao-herdam-os-votos-de-candidatos-com-registro-indeferido\/\",\"name\":\"TSE decide que partidos n\u00e3o herdam os votos de candidatos com registro indeferido - Fl\u00e1vio Braga\",\"isPartOf\":{\"@id\":\"https:\/\/www.blogsoestado.com\/flaviobraga\/#website\"},\"datePublished\":\"2010-12-17T15:08:17+00:00\",\"author\":{\"@id\":\"https:\/\/www.blogsoestado.com\/flaviobraga\/#\/schema\/person\/6c6c778331775c757a82d15206bd8733\"},\"breadcrumb\":{\"@id\":\"https:\/\/www.blogsoestado.com\/flaviobraga\/tse-decide-que-partidos-nao-herdam-os-votos-de-candidatos-com-registro-indeferido\/#breadcrumb\"},\"inLanguage\":\"pt-BR\",\"potentialAction\":[{\"@type\":\"ReadAction\",\"target\":[\"https:\/\/www.blogsoestado.com\/flaviobraga\/tse-decide-que-partidos-nao-herdam-os-votos-de-candidatos-com-registro-indeferido\/\"]}]},{\"@type\":\"BreadcrumbList\",\"@id\":\"https:\/\/www.blogsoestado.com\/flaviobraga\/tse-decide-que-partidos-nao-herdam-os-votos-de-candidatos-com-registro-indeferido\/#breadcrumb\",\"itemListElement\":[{\"@type\":\"ListItem\",\"position\":1,\"name\":\"In\u00edcio\",\"item\":\"https:\/\/www.blogsoestado.com\/flaviobraga\/\"},{\"@type\":\"ListItem\",\"position\":2,\"name\":\"TSE decide que partidos n\u00e3o herdam os votos de candidatos com registro indeferido\"}]},{\"@type\":\"WebSite\",\"@id\":\"https:\/\/www.blogsoestado.com\/flaviobraga\/#website\",\"url\":\"https:\/\/www.blogsoestado.com\/flaviobraga\/\",\"name\":\"Fl\u00e1vio Braga\",\"description\":\"\",\"potentialAction\":[{\"@type\":\"SearchAction\",\"target\":{\"@type\":\"EntryPoint\",\"urlTemplate\":\"https:\/\/www.blogsoestado.com\/flaviobraga\/?s={search_term_string}\"},\"query-input\":{\"@type\":\"PropertyValueSpecification\",\"valueRequired\":true,\"valueName\":\"search_term_string\"}}],\"inLanguage\":\"pt-BR\"},{\"@type\":\"Person\",\"@id\":\"https:\/\/www.blogsoestado.com\/flaviobraga\/#\/schema\/person\/6c6c778331775c757a82d15206bd8733\",\"name\":\"Flavio Braga\",\"image\":{\"@type\":\"ImageObject\",\"inLanguage\":\"pt-BR\",\"@id\":\"https:\/\/www.blogsoestado.com\/flaviobraga\/#\/schema\/person\/image\/\",\"url\":\"https:\/\/secure.gravatar.com\/avatar\/ab173937dad8d78195c87778be8a0285d069ede375ce0ae24aac1cf8e58ccb2c?s=96&d=mm&r=g\",\"contentUrl\":\"https:\/\/secure.gravatar.com\/avatar\/ab173937dad8d78195c87778be8a0285d069ede375ce0ae24aac1cf8e58ccb2c?s=96&d=mm&r=g\",\"caption\":\"Flavio Braga\"},\"url\":\"https:\/\/www.blogsoestado.com\/flaviobraga\/author\/flaviobraga\/\"}]}<\/script>\n<!-- \/ Yoast SEO plugin. -->","yoast_head_json":{"title":"TSE decide que partidos n\u00e3o herdam os votos de candidatos com registro indeferido - Fl\u00e1vio Braga","robots":{"index":"index","follow":"follow","max-snippet":"max-snippet:-1","max-image-preview":"max-image-preview:large","max-video-preview":"max-video-preview:-1"},"canonical":"https:\/\/www.blogsoestado.com\/flaviobraga\/tse-decide-que-partidos-nao-herdam-os-votos-de-candidatos-com-registro-indeferido\/","og_locale":"pt_BR","og_type":"article","og_title":"TSE decide que partidos n\u00e3o herdam os votos de candidatos com registro indeferido - Fl\u00e1vio Braga","og_description":"Candidatos com registro indeferido at\u00e9 o momento da diploma\u00e7\u00e3o n\u00e3o poder\u00e3o ser diplomados. J\u00e1 os votos dados a candidatos com [&hellip;]","og_url":"https:\/\/www.blogsoestado.com\/flaviobraga\/tse-decide-que-partidos-nao-herdam-os-votos-de-candidatos-com-registro-indeferido\/","og_site_name":"Fl\u00e1vio Braga","article_published_time":"2010-12-17T15:08:17+00:00","author":"Flavio Braga","twitter_card":"summary_large_image","twitter_misc":{"Escrito por":"Flavio Braga","Est. tempo de leitura":"3 minutos"},"schema":{"@context":"https:\/\/schema.org","@graph":[{"@type":"WebPage","@id":"https:\/\/www.blogsoestado.com\/flaviobraga\/tse-decide-que-partidos-nao-herdam-os-votos-de-candidatos-com-registro-indeferido\/","url":"https:\/\/www.blogsoestado.com\/flaviobraga\/tse-decide-que-partidos-nao-herdam-os-votos-de-candidatos-com-registro-indeferido\/","name":"TSE decide que partidos n\u00e3o herdam os votos de candidatos com registro indeferido - Fl\u00e1vio Braga","isPartOf":{"@id":"https:\/\/www.blogsoestado.com\/flaviobraga\/#website"},"datePublished":"2010-12-17T15:08:17+00:00","author":{"@id":"https:\/\/www.blogsoestado.com\/flaviobraga\/#\/schema\/person\/6c6c778331775c757a82d15206bd8733"},"breadcrumb":{"@id":"https:\/\/www.blogsoestado.com\/flaviobraga\/tse-decide-que-partidos-nao-herdam-os-votos-de-candidatos-com-registro-indeferido\/#breadcrumb"},"inLanguage":"pt-BR","potentialAction":[{"@type":"ReadAction","target":["https:\/\/www.blogsoestado.com\/flaviobraga\/tse-decide-que-partidos-nao-herdam-os-votos-de-candidatos-com-registro-indeferido\/"]}]},{"@type":"BreadcrumbList","@id":"https:\/\/www.blogsoestado.com\/flaviobraga\/tse-decide-que-partidos-nao-herdam-os-votos-de-candidatos-com-registro-indeferido\/#breadcrumb","itemListElement":[{"@type":"ListItem","position":1,"name":"In\u00edcio","item":"https:\/\/www.blogsoestado.com\/flaviobraga\/"},{"@type":"ListItem","position":2,"name":"TSE decide que partidos n\u00e3o herdam os votos de candidatos com registro indeferido"}]},{"@type":"WebSite","@id":"https:\/\/www.blogsoestado.com\/flaviobraga\/#website","url":"https:\/\/www.blogsoestado.com\/flaviobraga\/","name":"Fl\u00e1vio Braga","description":"","potentialAction":[{"@type":"SearchAction","target":{"@type":"EntryPoint","urlTemplate":"https:\/\/www.blogsoestado.com\/flaviobraga\/?s={search_term_string}"},"query-input":{"@type":"PropertyValueSpecification","valueRequired":true,"valueName":"search_term_string"}}],"inLanguage":"pt-BR"},{"@type":"Person","@id":"https:\/\/www.blogsoestado.com\/flaviobraga\/#\/schema\/person\/6c6c778331775c757a82d15206bd8733","name":"Flavio Braga","image":{"@type":"ImageObject","inLanguage":"pt-BR","@id":"https:\/\/www.blogsoestado.com\/flaviobraga\/#\/schema\/person\/image\/","url":"https:\/\/secure.gravatar.com\/avatar\/ab173937dad8d78195c87778be8a0285d069ede375ce0ae24aac1cf8e58ccb2c?s=96&d=mm&r=g","contentUrl":"https:\/\/secure.gravatar.com\/avatar\/ab173937dad8d78195c87778be8a0285d069ede375ce0ae24aac1cf8e58ccb2c?s=96&d=mm&r=g","caption":"Flavio Braga"},"url":"https:\/\/www.blogsoestado.com\/flaviobraga\/author\/flaviobraga\/"}]}},"jetpack_featured_media_url":"","_links":{"self":[{"href":"https:\/\/www.blogsoestado.com\/flaviobraga\/wp-json\/wp\/v2\/posts\/973","targetHints":{"allow":["GET"]}}],"collection":[{"href":"https:\/\/www.blogsoestado.com\/flaviobraga\/wp-json\/wp\/v2\/posts"}],"about":[{"href":"https:\/\/www.blogsoestado.com\/flaviobraga\/wp-json\/wp\/v2\/types\/post"}],"author":[{"embeddable":true,"href":"https:\/\/www.blogsoestado.com\/flaviobraga\/wp-json\/wp\/v2\/users\/8"}],"replies":[{"embeddable":true,"href":"https:\/\/www.blogsoestado.com\/flaviobraga\/wp-json\/wp\/v2\/comments?post=973"}],"version-history":[{"count":0,"href":"https:\/\/www.blogsoestado.com\/flaviobraga\/wp-json\/wp\/v2\/posts\/973\/revisions"}],"wp:attachment":[{"href":"https:\/\/www.blogsoestado.com\/flaviobraga\/wp-json\/wp\/v2\/media?parent=973"}],"wp:term":[{"taxonomy":"category","embeddable":true,"href":"https:\/\/www.blogsoestado.com\/flaviobraga\/wp-json\/wp\/v2\/categories?post=973"},{"taxonomy":"post_tag","embeddable":true,"href":"https:\/\/www.blogsoestado.com\/flaviobraga\/wp-json\/wp\/v2\/tags?post=973"}],"curies":[{"name":"wp","href":"https:\/\/api.w.org\/{rel}","templated":true}]}}