{"id":974,"date":"2010-12-17T13:18:14","date_gmt":"2010-12-17T15:18:14","guid":{"rendered":"https:\/\/www.blogsoestado.com\/flaviobraga\/?p=974"},"modified":"2010-12-17T13:18:14","modified_gmt":"2010-12-17T15:18:14","slug":"cnj-anula-processo-contra-juiz-megbel-abdala","status":"publish","type":"post","link":"https:\/\/www.blogsoestado.com\/flaviobraga\/cnj-anula-processo-contra-juiz-megbel-abdala\/","title":{"rendered":"CNJ anula processo contra Juiz Megbel Abdala"},"content":{"rendered":"<p><a href=\"https:\/\/www.blogsoestado.com\/flaviobraga\/files\/2010\/12\/MEGBEL.jpg\"><img decoding=\"async\" class=\"aligncenter size-full wp-image-975\" src=\"https:\/\/www.blogsoestado.com\/flaviobraga\/files\/2010\/12\/MEGBEL.jpg\" alt=\"\" width=\"150\" height=\"150\" \/><\/a>\u00a0\u00a0<\/p>\n<p>O juiz Megbel Abdalla reassumir\u00e1 as suas atividades judicantes na 4\u00aa Vara da Fazenda P\u00fablica. Foi essa a decis\u00e3o do Conselho Nacional de Justi\u00e7a (CNJ) na sess\u00e3o realizada na \u00faltima ter\u00e7a-feira (<em>dia 14<\/em>), que anulou todos os atos do\u00a0Processo Administrativo Disciplinar (PAD) n\u00ba 0002542-69.2010.2.00.0000.<\/p>\n<p>\u00a0Megbel Abdalla havia sido afastado de suas fun\u00e7\u00f5es pelo CNJ em fevereiro desde ano. O conselheiro-relator Jefferson Kravchychyn prop\u00f4s a instaura\u00e7\u00e3o de um novo PAD, para apurar supostas infra\u00e7\u00f5es disciplinares do magistrado.<\/p>\n<p>\u00a0O seu voto, no entanto, foi vencido pela diverg\u00eancia aberta pelo Conselheiro Marcelo Nobre, que inicialmente votou pela improced\u00eancia do PAD, mas depois concordou em alterar o voto, propondo a anula\u00e7\u00e3o do PAD at\u00e9 a portaria de instaura\u00e7\u00e3o, para que outra fosse editada.<\/p>\n<p>\u00a0No entendimento do CNJ a defesa do juiz estadual Megbel Abdalla foi cerceada, em fun\u00e7\u00e3o da diverg\u00eancia que foi gerada entre a portaria de instaura\u00e7\u00e3o do PAD e o ac\u00f3rd\u00e3o que a aprovou, vez que, al\u00e9m de trazerem acusa\u00e7\u00f5es gen\u00e9ricas,\u00a0eram contradit\u00f3rios entre si. A elabora\u00e7\u00e3o da nova portaria ficou a cargo do presidente do CNJ, Ministro Cezar Peluzo.<\/p>\n","protected":false},"excerpt":{"rendered":"<p>\u00a0\u00a0 O juiz Megbel Abdalla reassumir\u00e1 as suas atividades judicantes na 4\u00aa Vara da Fazenda P\u00fablica. Foi essa a decis\u00e3o [&hellip;]<\/p>\n","protected":false},"author":8,"featured_media":0,"comment_status":"open","ping_status":"open","sticky":false,"template":"","format":"standard","meta":{"site-sidebar-layout":"default","site-content-layout":"","ast-site-content-layout":"default","site-content-style":"default","site-sidebar-style":"default","ast-global-header-display":"","ast-banner-title-visibility":"","ast-main-header-display":"","ast-hfb-above-header-display":"","ast-hfb-below-header-display":"","ast-hfb-mobile-header-display":"","site-post-title":"","ast-breadcrumbs-content":"","ast-featured-img":"","footer-sml-layout":"","ast-disable-related-posts":"","theme-transparent-header-meta":"","adv-header-id-meta":"","stick-header-meta":"","header-above-stick-meta":"","header-main-stick-meta":"","header-below-stick-meta":"","astra-migrate-meta-layouts":"default","ast-page-background-enabled":"default","ast-page-background-meta":{"desktop":{"background-color":"var(--ast-global-color-5)","background-image":"","background-repeat":"repeat","background-position":"center center","background-size":"auto","background-attachment":"scroll","background-type":"","background-media":"","overlay-type":"","overlay-color":"","overlay-opacity":"","overlay-gradient":""},"tablet":{"background-color":"","background-image":"","background-repeat":"repeat","background-position":"center center","background-size":"auto","background-attachment":"scroll","background-type":"","background-media":"","overlay-type":"","overlay-color":"","overlay-opacity":"","overlay-gradient":""},"mobile":{"background-color":"","background-image":"","background-repeat":"repeat","background-position":"center center","background-size":"auto","background-attachment":"scroll","background-type":"","background-media":"","overlay-type":"","overlay-color":"","overlay-opacity":"","overlay-gradient":""}},"ast-content-background-meta":{"desktop":{"background-color":"var(--ast-global-color-4)","background-image":"","background-repeat":"repeat","background-position":"center center","background-size":"auto","background-attachment":"scroll","background-type":"","background-media":"","overlay-type":"","overlay-color":"","overlay-opacity":"","overlay-gradient":""},"tablet":{"background-color":"var(--ast-global-color-4)","background-image":"","background-repeat":"repeat","background-position":"center center","background-size":"auto","background-attachment":"scroll","background-type":"","background-media":"","overlay-type":"","overlay-color":"","overlay-opacity":"","overlay-gradient":""},"mobile":{"background-color":"var(--ast-global-color-4)","background-image":"","background-repeat":"repeat","background-position":"center center","background-size":"auto","background-attachment":"scroll","background-type":"","background-media":"","overlay-type":"","overlay-color":"","overlay-opacity":"","overlay-gradient":""}},"footnotes":""},"categories":[1],"tags":[],"class_list":["post-974","post","type-post","status-publish","format-standard","hentry","category-sem-categoria"],"yoast_head":"<!-- This site is optimized with the Yoast SEO plugin v26.6 - https:\/\/yoast.com\/wordpress\/plugins\/seo\/ -->\n<title>CNJ anula processo contra Juiz Megbel Abdala - Fl\u00e1vio Braga<\/title>\n<meta name=\"robots\" content=\"index, follow, max-snippet:-1, max-image-preview:large, max-video-preview:-1\" \/>\n<link rel=\"canonical\" href=\"https:\/\/www.blogsoestado.com\/flaviobraga\/cnj-anula-processo-contra-juiz-megbel-abdala\/\" \/>\n<meta property=\"og:locale\" content=\"pt_BR\" \/>\n<meta property=\"og:type\" content=\"article\" \/>\n<meta property=\"og:title\" content=\"CNJ anula processo contra Juiz Megbel Abdala - Fl\u00e1vio Braga\" \/>\n<meta property=\"og:description\" content=\"\u00a0\u00a0 O juiz Megbel Abdalla reassumir\u00e1 as suas atividades judicantes na 4\u00aa Vara da Fazenda P\u00fablica. Foi essa a decis\u00e3o [&hellip;]\" \/>\n<meta property=\"og:url\" content=\"https:\/\/www.blogsoestado.com\/flaviobraga\/cnj-anula-processo-contra-juiz-megbel-abdala\/\" \/>\n<meta property=\"og:site_name\" content=\"Fl\u00e1vio Braga\" \/>\n<meta property=\"article:published_time\" content=\"2010-12-17T15:18:14+00:00\" \/>\n<meta property=\"og:image\" content=\"https:\/\/www.blogsoestado.com\/flaviobraga\/files\/2010\/12\/MEGBEL.jpg\" \/>\n<meta name=\"author\" content=\"Flavio Braga\" \/>\n<meta name=\"twitter:card\" content=\"summary_large_image\" \/>\n<meta name=\"twitter:label1\" content=\"Escrito por\" \/>\n\t<meta name=\"twitter:data1\" content=\"Flavio Braga\" \/>\n\t<meta name=\"twitter:label2\" content=\"Est. tempo de leitura\" \/>\n\t<meta name=\"twitter:data2\" content=\"1 minuto\" \/>\n<script type=\"application\/ld+json\" class=\"yoast-schema-graph\">{\"@context\":\"https:\/\/schema.org\",\"@graph\":[{\"@type\":\"WebPage\",\"@id\":\"https:\/\/www.blogsoestado.com\/flaviobraga\/cnj-anula-processo-contra-juiz-megbel-abdala\/\",\"url\":\"https:\/\/www.blogsoestado.com\/flaviobraga\/cnj-anula-processo-contra-juiz-megbel-abdala\/\",\"name\":\"CNJ anula processo contra Juiz Megbel Abdala - Fl\u00e1vio Braga\",\"isPartOf\":{\"@id\":\"https:\/\/www.blogsoestado.com\/flaviobraga\/#website\"},\"primaryImageOfPage\":{\"@id\":\"https:\/\/www.blogsoestado.com\/flaviobraga\/cnj-anula-processo-contra-juiz-megbel-abdala\/#primaryimage\"},\"image\":{\"@id\":\"https:\/\/www.blogsoestado.com\/flaviobraga\/cnj-anula-processo-contra-juiz-megbel-abdala\/#primaryimage\"},\"thumbnailUrl\":\"https:\/\/www.blogsoestado.com\/flaviobraga\/files\/2010\/12\/MEGBEL.jpg\",\"datePublished\":\"2010-12-17T15:18:14+00:00\",\"author\":{\"@id\":\"https:\/\/www.blogsoestado.com\/flaviobraga\/#\/schema\/person\/6c6c778331775c757a82d15206bd8733\"},\"breadcrumb\":{\"@id\":\"https:\/\/www.blogsoestado.com\/flaviobraga\/cnj-anula-processo-contra-juiz-megbel-abdala\/#breadcrumb\"},\"inLanguage\":\"pt-BR\",\"potentialAction\":[{\"@type\":\"ReadAction\",\"target\":[\"https:\/\/www.blogsoestado.com\/flaviobraga\/cnj-anula-processo-contra-juiz-megbel-abdala\/\"]}]},{\"@type\":\"ImageObject\",\"inLanguage\":\"pt-BR\",\"@id\":\"https:\/\/www.blogsoestado.com\/flaviobraga\/cnj-anula-processo-contra-juiz-megbel-abdala\/#primaryimage\",\"url\":\"https:\/\/www.blogsoestado.com\/flaviobraga\/files\/2010\/12\/MEGBEL.jpg\",\"contentUrl\":\"https:\/\/www.blogsoestado.com\/flaviobraga\/files\/2010\/12\/MEGBEL.jpg\"},{\"@type\":\"BreadcrumbList\",\"@id\":\"https:\/\/www.blogsoestado.com\/flaviobraga\/cnj-anula-processo-contra-juiz-megbel-abdala\/#breadcrumb\",\"itemListElement\":[{\"@type\":\"ListItem\",\"position\":1,\"name\":\"In\u00edcio\",\"item\":\"https:\/\/www.blogsoestado.com\/flaviobraga\/\"},{\"@type\":\"ListItem\",\"position\":2,\"name\":\"CNJ anula processo contra Juiz Megbel Abdala\"}]},{\"@type\":\"WebSite\",\"@id\":\"https:\/\/www.blogsoestado.com\/flaviobraga\/#website\",\"url\":\"https:\/\/www.blogsoestado.com\/flaviobraga\/\",\"name\":\"Fl\u00e1vio Braga\",\"description\":\"\",\"potentialAction\":[{\"@type\":\"SearchAction\",\"target\":{\"@type\":\"EntryPoint\",\"urlTemplate\":\"https:\/\/www.blogsoestado.com\/flaviobraga\/?s={search_term_string}\"},\"query-input\":{\"@type\":\"PropertyValueSpecification\",\"valueRequired\":true,\"valueName\":\"search_term_string\"}}],\"inLanguage\":\"pt-BR\"},{\"@type\":\"Person\",\"@id\":\"https:\/\/www.blogsoestado.com\/flaviobraga\/#\/schema\/person\/6c6c778331775c757a82d15206bd8733\",\"name\":\"Flavio Braga\",\"image\":{\"@type\":\"ImageObject\",\"inLanguage\":\"pt-BR\",\"@id\":\"https:\/\/www.blogsoestado.com\/flaviobraga\/#\/schema\/person\/image\/\",\"url\":\"https:\/\/secure.gravatar.com\/avatar\/ab173937dad8d78195c87778be8a0285d069ede375ce0ae24aac1cf8e58ccb2c?s=96&d=mm&r=g\",\"contentUrl\":\"https:\/\/secure.gravatar.com\/avatar\/ab173937dad8d78195c87778be8a0285d069ede375ce0ae24aac1cf8e58ccb2c?s=96&d=mm&r=g\",\"caption\":\"Flavio Braga\"},\"url\":\"https:\/\/www.blogsoestado.com\/flaviobraga\/author\/flaviobraga\/\"}]}<\/script>\n<!-- \/ Yoast SEO plugin. -->","yoast_head_json":{"title":"CNJ anula processo contra Juiz Megbel Abdala - Fl\u00e1vio Braga","robots":{"index":"index","follow":"follow","max-snippet":"max-snippet:-1","max-image-preview":"max-image-preview:large","max-video-preview":"max-video-preview:-1"},"canonical":"https:\/\/www.blogsoestado.com\/flaviobraga\/cnj-anula-processo-contra-juiz-megbel-abdala\/","og_locale":"pt_BR","og_type":"article","og_title":"CNJ anula processo contra Juiz Megbel Abdala - Fl\u00e1vio Braga","og_description":"\u00a0\u00a0 O juiz Megbel Abdalla reassumir\u00e1 as suas atividades judicantes na 4\u00aa Vara da Fazenda P\u00fablica. Foi essa a decis\u00e3o [&hellip;]","og_url":"https:\/\/www.blogsoestado.com\/flaviobraga\/cnj-anula-processo-contra-juiz-megbel-abdala\/","og_site_name":"Fl\u00e1vio Braga","article_published_time":"2010-12-17T15:18:14+00:00","og_image":[{"url":"https:\/\/www.blogsoestado.com\/flaviobraga\/files\/2010\/12\/MEGBEL.jpg","type":"","width":"","height":""}],"author":"Flavio Braga","twitter_card":"summary_large_image","twitter_misc":{"Escrito por":"Flavio Braga","Est. tempo de leitura":"1 minuto"},"schema":{"@context":"https:\/\/schema.org","@graph":[{"@type":"WebPage","@id":"https:\/\/www.blogsoestado.com\/flaviobraga\/cnj-anula-processo-contra-juiz-megbel-abdala\/","url":"https:\/\/www.blogsoestado.com\/flaviobraga\/cnj-anula-processo-contra-juiz-megbel-abdala\/","name":"CNJ anula processo contra Juiz Megbel Abdala - Fl\u00e1vio Braga","isPartOf":{"@id":"https:\/\/www.blogsoestado.com\/flaviobraga\/#website"},"primaryImageOfPage":{"@id":"https:\/\/www.blogsoestado.com\/flaviobraga\/cnj-anula-processo-contra-juiz-megbel-abdala\/#primaryimage"},"image":{"@id":"https:\/\/www.blogsoestado.com\/flaviobraga\/cnj-anula-processo-contra-juiz-megbel-abdala\/#primaryimage"},"thumbnailUrl":"https:\/\/www.blogsoestado.com\/flaviobraga\/files\/2010\/12\/MEGBEL.jpg","datePublished":"2010-12-17T15:18:14+00:00","author":{"@id":"https:\/\/www.blogsoestado.com\/flaviobraga\/#\/schema\/person\/6c6c778331775c757a82d15206bd8733"},"breadcrumb":{"@id":"https:\/\/www.blogsoestado.com\/flaviobraga\/cnj-anula-processo-contra-juiz-megbel-abdala\/#breadcrumb"},"inLanguage":"pt-BR","potentialAction":[{"@type":"ReadAction","target":["https:\/\/www.blogsoestado.com\/flaviobraga\/cnj-anula-processo-contra-juiz-megbel-abdala\/"]}]},{"@type":"ImageObject","inLanguage":"pt-BR","@id":"https:\/\/www.blogsoestado.com\/flaviobraga\/cnj-anula-processo-contra-juiz-megbel-abdala\/#primaryimage","url":"https:\/\/www.blogsoestado.com\/flaviobraga\/files\/2010\/12\/MEGBEL.jpg","contentUrl":"https:\/\/www.blogsoestado.com\/flaviobraga\/files\/2010\/12\/MEGBEL.jpg"},{"@type":"BreadcrumbList","@id":"https:\/\/www.blogsoestado.com\/flaviobraga\/cnj-anula-processo-contra-juiz-megbel-abdala\/#breadcrumb","itemListElement":[{"@type":"ListItem","position":1,"name":"In\u00edcio","item":"https:\/\/www.blogsoestado.com\/flaviobraga\/"},{"@type":"ListItem","position":2,"name":"CNJ anula processo contra Juiz Megbel Abdala"}]},{"@type":"WebSite","@id":"https:\/\/www.blogsoestado.com\/flaviobraga\/#website","url":"https:\/\/www.blogsoestado.com\/flaviobraga\/","name":"Fl\u00e1vio Braga","description":"","potentialAction":[{"@type":"SearchAction","target":{"@type":"EntryPoint","urlTemplate":"https:\/\/www.blogsoestado.com\/flaviobraga\/?s={search_term_string}"},"query-input":{"@type":"PropertyValueSpecification","valueRequired":true,"valueName":"search_term_string"}}],"inLanguage":"pt-BR"},{"@type":"Person","@id":"https:\/\/www.blogsoestado.com\/flaviobraga\/#\/schema\/person\/6c6c778331775c757a82d15206bd8733","name":"Flavio Braga","image":{"@type":"ImageObject","inLanguage":"pt-BR","@id":"https:\/\/www.blogsoestado.com\/flaviobraga\/#\/schema\/person\/image\/","url":"https:\/\/secure.gravatar.com\/avatar\/ab173937dad8d78195c87778be8a0285d069ede375ce0ae24aac1cf8e58ccb2c?s=96&d=mm&r=g","contentUrl":"https:\/\/secure.gravatar.com\/avatar\/ab173937dad8d78195c87778be8a0285d069ede375ce0ae24aac1cf8e58ccb2c?s=96&d=mm&r=g","caption":"Flavio Braga"},"url":"https:\/\/www.blogsoestado.com\/flaviobraga\/author\/flaviobraga\/"}]}},"jetpack_featured_media_url":"","_links":{"self":[{"href":"https:\/\/www.blogsoestado.com\/flaviobraga\/wp-json\/wp\/v2\/posts\/974","targetHints":{"allow":["GET"]}}],"collection":[{"href":"https:\/\/www.blogsoestado.com\/flaviobraga\/wp-json\/wp\/v2\/posts"}],"about":[{"href":"https:\/\/www.blogsoestado.com\/flaviobraga\/wp-json\/wp\/v2\/types\/post"}],"author":[{"embeddable":true,"href":"https:\/\/www.blogsoestado.com\/flaviobraga\/wp-json\/wp\/v2\/users\/8"}],"replies":[{"embeddable":true,"href":"https:\/\/www.blogsoestado.com\/flaviobraga\/wp-json\/wp\/v2\/comments?post=974"}],"version-history":[{"count":0,"href":"https:\/\/www.blogsoestado.com\/flaviobraga\/wp-json\/wp\/v2\/posts\/974\/revisions"}],"wp:attachment":[{"href":"https:\/\/www.blogsoestado.com\/flaviobraga\/wp-json\/wp\/v2\/media?parent=974"}],"wp:term":[{"taxonomy":"category","embeddable":true,"href":"https:\/\/www.blogsoestado.com\/flaviobraga\/wp-json\/wp\/v2\/categories?post=974"},{"taxonomy":"post_tag","embeddable":true,"href":"https:\/\/www.blogsoestado.com\/flaviobraga\/wp-json\/wp\/v2\/tags?post=974"}],"curies":[{"name":"wp","href":"https:\/\/api.w.org\/{rel}","templated":true}]}}