{"id":994,"date":"2011-01-16T12:03:22","date_gmt":"2011-01-16T14:03:22","guid":{"rendered":"https:\/\/www.blogsoestado.com\/flaviobraga\/?p=994"},"modified":"2011-01-16T12:03:22","modified_gmt":"2011-01-16T14:03:22","slug":"o-mandato-e-da-coligacao-partidaria","status":"publish","type":"post","link":"https:\/\/www.blogsoestado.com\/flaviobraga\/o-mandato-e-da-coligacao-partidaria\/","title":{"rendered":"O mandato \u00e9 da coliga\u00e7\u00e3o partid\u00e1ria"},"content":{"rendered":"<p>Em dezembro de 2010, o Supremo Tribunal Federal, por maioria de votos, concedeu liminar requerida pelo Diret\u00f3rio Nacional do PMDB e determinou que a vaga decorrente da ren\u00fancia do deputado federal Natan Donadon (PMDB-RO) fosse ocupada pela primeira suplente do partido e n\u00e3o pelo primeiro suplente da coliga\u00e7\u00e3o partid\u00e1ria.<\/p>\n<p>A prola\u00e7\u00e3o dessa decis\u00e3o provocou uma enorme controv\u00e9rsia nas \u00e1reas pol\u00edtica e jur\u00eddica, que precisa ser dirimida com urg\u00eancia, em homenagem ao princ\u00edpio da seguran\u00e7a jur\u00eddica. Nessa perspectiva, o deputado federal Fl\u00e1vio Antunes (PSDB-PR) j\u00e1 apresentou ao TSE uma consulta sobre a ocupa\u00e7\u00e3o de vaga de parlamentar licenciado para ocupar cargo de ministro ou de secret\u00e1rio estadual.<\/p>\n<p>Data m\u00e1xima v\u00eania, entendo que a interpreta\u00e7\u00e3o a\u00e7odada de alguns pol\u00edticos e advogados tem promovido a\u00e7\u00f5es judiciais precipitadas, visto que em desconformidade com a legisla\u00e7\u00e3o de reg\u00eancia da\u00a0 mat\u00e9ria.<\/p>\n<p>\u00a0Com efeito, o artigo 6\u00ba, \u00a7 1\u00ba da Lei das Elei\u00e7\u00f5es \u00e9 categ\u00f3rico ao afirmar que \u00e0 coliga\u00e7\u00e3o s\u00e3o atribu\u00eddas as prerrogativas e obriga\u00e7\u00f5es de partido pol\u00edtico, devendo funcionar como uma s\u00f3 agremia\u00e7\u00e3o no que se refere ao processo eleitoral.<\/p>\n<p>Nessa esteira, o artigo 154 da Resolu\u00e7\u00e3o TSE n\u00ba 23218\/10, que disp\u00f5e \u00a0sobre apura\u00e7\u00e3o e totaliza\u00e7\u00e3o das elei\u00e7\u00f5es, preceitua que ser\u00e3o considerados suplentes dos candidatos eleitos todos os demais candidatos da mesma legenda ou coliga\u00e7\u00e3o de legendas que n\u00e3o forem eleitos, na ordem decrescente de vota\u00e7\u00e3o.<\/p>\n<p>Ademais, a decis\u00e3o do STF teve como fundamento principal o fato de o primeiro suplente da coliga\u00e7\u00e3o n\u00e3o integrar mais o partido pelo qual concorreu em 2006, situa\u00e7\u00e3o que configurou ato de infidelidade partid\u00e1ria por desfilia\u00e7\u00e3o sem justa causa, \u00fanica raz\u00e3o jur\u00eddica plaus\u00edvel para se empossar o suplente do partido em detrimento do suplente da coliga\u00e7\u00e3o.<\/p>\n<p>\u00c9 que a jurisprud\u00eancia eleitoral trabalha com duas modalidades de vac\u00e2ncia do mandato eletivo: a vac\u00e2ncia ordin\u00e1ria, que ocorre nos casos de ren\u00fancia, morte e cassa\u00e7\u00e3o; e a vac\u00e2ncia extraordin\u00e1ria, que ocorre exclusivamente no caso de perda do mandato por desfilia\u00e7\u00e3o sem justa causa. Somente nesta \u00faltima hip\u00f3tese \u00e9 que o suplente do partido tem preced\u00eancia sobre o suplente da coliga\u00e7\u00e3o.<\/p>\n<p>Por fim, a Constitui\u00e7\u00e3o Federal estabelece que a investidura em cargo de ministro ou de secret\u00e1rio n\u00e3o acarreta a perda do mandato. Logo, sequer se trata de hip\u00f3tese de vac\u00e2ncia.<\/p>\n","protected":false},"excerpt":{"rendered":"<p>Em dezembro de 2010, o Supremo Tribunal Federal, por maioria de votos, concedeu liminar requerida pelo Diret\u00f3rio Nacional do PMDB [&hellip;]<\/p>\n","protected":false},"author":8,"featured_media":0,"comment_status":"open","ping_status":"open","sticky":false,"template":"","format":"standard","meta":{"site-sidebar-layout":"default","site-content-layout":"","ast-site-content-layout":"default","site-content-style":"default","site-sidebar-style":"default","ast-global-header-display":"","ast-banner-title-visibility":"","ast-main-header-display":"","ast-hfb-above-header-display":"","ast-hfb-below-header-display":"","ast-hfb-mobile-header-display":"","site-post-title":"","ast-breadcrumbs-content":"","ast-featured-img":"","footer-sml-layout":"","ast-disable-related-posts":"","theme-transparent-header-meta":"","adv-header-id-meta":"","stick-header-meta":"","header-above-stick-meta":"","header-main-stick-meta":"","header-below-stick-meta":"","astra-migrate-meta-layouts":"default","ast-page-background-enabled":"default","ast-page-background-meta":{"desktop":{"background-color":"var(--ast-global-color-5)","background-image":"","background-repeat":"repeat","background-position":"center center","background-size":"auto","background-attachment":"scroll","background-type":"","background-media":"","overlay-type":"","overlay-color":"","overlay-opacity":"","overlay-gradient":""},"tablet":{"background-color":"","background-image":"","background-repeat":"repeat","background-position":"center center","background-size":"auto","background-attachment":"scroll","background-type":"","background-media":"","overlay-type":"","overlay-color":"","overlay-opacity":"","overlay-gradient":""},"mobile":{"background-color":"","background-image":"","background-repeat":"repeat","background-position":"center center","background-size":"auto","background-attachment":"scroll","background-type":"","background-media":"","overlay-type":"","overlay-color":"","overlay-opacity":"","overlay-gradient":""}},"ast-content-background-meta":{"desktop":{"background-color":"var(--ast-global-color-4)","background-image":"","background-repeat":"repeat","background-position":"center center","background-size":"auto","background-attachment":"scroll","background-type":"","background-media":"","overlay-type":"","overlay-color":"","overlay-opacity":"","overlay-gradient":""},"tablet":{"background-color":"var(--ast-global-color-4)","background-image":"","background-repeat":"repeat","background-position":"center center","background-size":"auto","background-attachment":"scroll","background-type":"","background-media":"","overlay-type":"","overlay-color":"","overlay-opacity":"","overlay-gradient":""},"mobile":{"background-color":"var(--ast-global-color-4)","background-image":"","background-repeat":"repeat","background-position":"center center","background-size":"auto","background-attachment":"scroll","background-type":"","background-media":"","overlay-type":"","overlay-color":"","overlay-opacity":"","overlay-gradient":""}},"footnotes":""},"categories":[1],"tags":[],"class_list":["post-994","post","type-post","status-publish","format-standard","hentry","category-sem-categoria"],"yoast_head":"<!-- This site is optimized with the Yoast SEO plugin v26.6 - https:\/\/yoast.com\/wordpress\/plugins\/seo\/ -->\n<title>O mandato \u00e9 da coliga\u00e7\u00e3o partid\u00e1ria - Fl\u00e1vio Braga<\/title>\n<meta name=\"robots\" content=\"index, follow, max-snippet:-1, max-image-preview:large, max-video-preview:-1\" \/>\n<link rel=\"canonical\" href=\"https:\/\/www.blogsoestado.com\/flaviobraga\/o-mandato-e-da-coligacao-partidaria\/\" \/>\n<meta property=\"og:locale\" content=\"pt_BR\" \/>\n<meta property=\"og:type\" content=\"article\" \/>\n<meta property=\"og:title\" content=\"O mandato \u00e9 da coliga\u00e7\u00e3o partid\u00e1ria - Fl\u00e1vio Braga\" \/>\n<meta property=\"og:description\" content=\"Em dezembro de 2010, o Supremo Tribunal Federal, por maioria de votos, concedeu liminar requerida pelo Diret\u00f3rio Nacional do PMDB [&hellip;]\" \/>\n<meta property=\"og:url\" content=\"https:\/\/www.blogsoestado.com\/flaviobraga\/o-mandato-e-da-coligacao-partidaria\/\" \/>\n<meta property=\"og:site_name\" content=\"Fl\u00e1vio Braga\" \/>\n<meta property=\"article:published_time\" content=\"2011-01-16T14:03:22+00:00\" \/>\n<meta name=\"author\" content=\"Flavio Braga\" \/>\n<meta name=\"twitter:card\" content=\"summary_large_image\" \/>\n<meta name=\"twitter:label1\" content=\"Escrito por\" \/>\n\t<meta name=\"twitter:data1\" content=\"Flavio Braga\" \/>\n\t<meta name=\"twitter:label2\" content=\"Est. tempo de leitura\" \/>\n\t<meta name=\"twitter:data2\" content=\"2 minutos\" \/>\n<script type=\"application\/ld+json\" class=\"yoast-schema-graph\">{\"@context\":\"https:\/\/schema.org\",\"@graph\":[{\"@type\":\"WebPage\",\"@id\":\"https:\/\/www.blogsoestado.com\/flaviobraga\/o-mandato-e-da-coligacao-partidaria\/\",\"url\":\"https:\/\/www.blogsoestado.com\/flaviobraga\/o-mandato-e-da-coligacao-partidaria\/\",\"name\":\"O mandato \u00e9 da coliga\u00e7\u00e3o partid\u00e1ria - Fl\u00e1vio Braga\",\"isPartOf\":{\"@id\":\"https:\/\/www.blogsoestado.com\/flaviobraga\/#website\"},\"datePublished\":\"2011-01-16T14:03:22+00:00\",\"author\":{\"@id\":\"https:\/\/www.blogsoestado.com\/flaviobraga\/#\/schema\/person\/6c6c778331775c757a82d15206bd8733\"},\"breadcrumb\":{\"@id\":\"https:\/\/www.blogsoestado.com\/flaviobraga\/o-mandato-e-da-coligacao-partidaria\/#breadcrumb\"},\"inLanguage\":\"pt-BR\",\"potentialAction\":[{\"@type\":\"ReadAction\",\"target\":[\"https:\/\/www.blogsoestado.com\/flaviobraga\/o-mandato-e-da-coligacao-partidaria\/\"]}]},{\"@type\":\"BreadcrumbList\",\"@id\":\"https:\/\/www.blogsoestado.com\/flaviobraga\/o-mandato-e-da-coligacao-partidaria\/#breadcrumb\",\"itemListElement\":[{\"@type\":\"ListItem\",\"position\":1,\"name\":\"In\u00edcio\",\"item\":\"https:\/\/www.blogsoestado.com\/flaviobraga\/\"},{\"@type\":\"ListItem\",\"position\":2,\"name\":\"O mandato \u00e9 da coliga\u00e7\u00e3o partid\u00e1ria\"}]},{\"@type\":\"WebSite\",\"@id\":\"https:\/\/www.blogsoestado.com\/flaviobraga\/#website\",\"url\":\"https:\/\/www.blogsoestado.com\/flaviobraga\/\",\"name\":\"Fl\u00e1vio Braga\",\"description\":\"\",\"potentialAction\":[{\"@type\":\"SearchAction\",\"target\":{\"@type\":\"EntryPoint\",\"urlTemplate\":\"https:\/\/www.blogsoestado.com\/flaviobraga\/?s={search_term_string}\"},\"query-input\":{\"@type\":\"PropertyValueSpecification\",\"valueRequired\":true,\"valueName\":\"search_term_string\"}}],\"inLanguage\":\"pt-BR\"},{\"@type\":\"Person\",\"@id\":\"https:\/\/www.blogsoestado.com\/flaviobraga\/#\/schema\/person\/6c6c778331775c757a82d15206bd8733\",\"name\":\"Flavio Braga\",\"image\":{\"@type\":\"ImageObject\",\"inLanguage\":\"pt-BR\",\"@id\":\"https:\/\/www.blogsoestado.com\/flaviobraga\/#\/schema\/person\/image\/\",\"url\":\"https:\/\/secure.gravatar.com\/avatar\/ab173937dad8d78195c87778be8a0285d069ede375ce0ae24aac1cf8e58ccb2c?s=96&d=mm&r=g\",\"contentUrl\":\"https:\/\/secure.gravatar.com\/avatar\/ab173937dad8d78195c87778be8a0285d069ede375ce0ae24aac1cf8e58ccb2c?s=96&d=mm&r=g\",\"caption\":\"Flavio Braga\"},\"url\":\"https:\/\/www.blogsoestado.com\/flaviobraga\/author\/flaviobraga\/\"}]}<\/script>\n<!-- \/ Yoast SEO plugin. -->","yoast_head_json":{"title":"O mandato \u00e9 da coliga\u00e7\u00e3o partid\u00e1ria - Fl\u00e1vio Braga","robots":{"index":"index","follow":"follow","max-snippet":"max-snippet:-1","max-image-preview":"max-image-preview:large","max-video-preview":"max-video-preview:-1"},"canonical":"https:\/\/www.blogsoestado.com\/flaviobraga\/o-mandato-e-da-coligacao-partidaria\/","og_locale":"pt_BR","og_type":"article","og_title":"O mandato \u00e9 da coliga\u00e7\u00e3o partid\u00e1ria - Fl\u00e1vio Braga","og_description":"Em dezembro de 2010, o Supremo Tribunal Federal, por maioria de votos, concedeu liminar requerida pelo Diret\u00f3rio Nacional do PMDB [&hellip;]","og_url":"https:\/\/www.blogsoestado.com\/flaviobraga\/o-mandato-e-da-coligacao-partidaria\/","og_site_name":"Fl\u00e1vio Braga","article_published_time":"2011-01-16T14:03:22+00:00","author":"Flavio Braga","twitter_card":"summary_large_image","twitter_misc":{"Escrito por":"Flavio Braga","Est. tempo de leitura":"2 minutos"},"schema":{"@context":"https:\/\/schema.org","@graph":[{"@type":"WebPage","@id":"https:\/\/www.blogsoestado.com\/flaviobraga\/o-mandato-e-da-coligacao-partidaria\/","url":"https:\/\/www.blogsoestado.com\/flaviobraga\/o-mandato-e-da-coligacao-partidaria\/","name":"O mandato \u00e9 da coliga\u00e7\u00e3o partid\u00e1ria - Fl\u00e1vio Braga","isPartOf":{"@id":"https:\/\/www.blogsoestado.com\/flaviobraga\/#website"},"datePublished":"2011-01-16T14:03:22+00:00","author":{"@id":"https:\/\/www.blogsoestado.com\/flaviobraga\/#\/schema\/person\/6c6c778331775c757a82d15206bd8733"},"breadcrumb":{"@id":"https:\/\/www.blogsoestado.com\/flaviobraga\/o-mandato-e-da-coligacao-partidaria\/#breadcrumb"},"inLanguage":"pt-BR","potentialAction":[{"@type":"ReadAction","target":["https:\/\/www.blogsoestado.com\/flaviobraga\/o-mandato-e-da-coligacao-partidaria\/"]}]},{"@type":"BreadcrumbList","@id":"https:\/\/www.blogsoestado.com\/flaviobraga\/o-mandato-e-da-coligacao-partidaria\/#breadcrumb","itemListElement":[{"@type":"ListItem","position":1,"name":"In\u00edcio","item":"https:\/\/www.blogsoestado.com\/flaviobraga\/"},{"@type":"ListItem","position":2,"name":"O mandato \u00e9 da coliga\u00e7\u00e3o partid\u00e1ria"}]},{"@type":"WebSite","@id":"https:\/\/www.blogsoestado.com\/flaviobraga\/#website","url":"https:\/\/www.blogsoestado.com\/flaviobraga\/","name":"Fl\u00e1vio Braga","description":"","potentialAction":[{"@type":"SearchAction","target":{"@type":"EntryPoint","urlTemplate":"https:\/\/www.blogsoestado.com\/flaviobraga\/?s={search_term_string}"},"query-input":{"@type":"PropertyValueSpecification","valueRequired":true,"valueName":"search_term_string"}}],"inLanguage":"pt-BR"},{"@type":"Person","@id":"https:\/\/www.blogsoestado.com\/flaviobraga\/#\/schema\/person\/6c6c778331775c757a82d15206bd8733","name":"Flavio Braga","image":{"@type":"ImageObject","inLanguage":"pt-BR","@id":"https:\/\/www.blogsoestado.com\/flaviobraga\/#\/schema\/person\/image\/","url":"https:\/\/secure.gravatar.com\/avatar\/ab173937dad8d78195c87778be8a0285d069ede375ce0ae24aac1cf8e58ccb2c?s=96&d=mm&r=g","contentUrl":"https:\/\/secure.gravatar.com\/avatar\/ab173937dad8d78195c87778be8a0285d069ede375ce0ae24aac1cf8e58ccb2c?s=96&d=mm&r=g","caption":"Flavio Braga"},"url":"https:\/\/www.blogsoestado.com\/flaviobraga\/author\/flaviobraga\/"}]}},"jetpack_featured_media_url":"","_links":{"self":[{"href":"https:\/\/www.blogsoestado.com\/flaviobraga\/wp-json\/wp\/v2\/posts\/994","targetHints":{"allow":["GET"]}}],"collection":[{"href":"https:\/\/www.blogsoestado.com\/flaviobraga\/wp-json\/wp\/v2\/posts"}],"about":[{"href":"https:\/\/www.blogsoestado.com\/flaviobraga\/wp-json\/wp\/v2\/types\/post"}],"author":[{"embeddable":true,"href":"https:\/\/www.blogsoestado.com\/flaviobraga\/wp-json\/wp\/v2\/users\/8"}],"replies":[{"embeddable":true,"href":"https:\/\/www.blogsoestado.com\/flaviobraga\/wp-json\/wp\/v2\/comments?post=994"}],"version-history":[{"count":0,"href":"https:\/\/www.blogsoestado.com\/flaviobraga\/wp-json\/wp\/v2\/posts\/994\/revisions"}],"wp:attachment":[{"href":"https:\/\/www.blogsoestado.com\/flaviobraga\/wp-json\/wp\/v2\/media?parent=994"}],"wp:term":[{"taxonomy":"category","embeddable":true,"href":"https:\/\/www.blogsoestado.com\/flaviobraga\/wp-json\/wp\/v2\/categories?post=994"},{"taxonomy":"post_tag","embeddable":true,"href":"https:\/\/www.blogsoestado.com\/flaviobraga\/wp-json\/wp\/v2\/tags?post=994"}],"curies":[{"name":"wp","href":"https:\/\/api.w.org\/{rel}","templated":true}]}}