{"id":1013,"date":"2013-07-21T05:44:08","date_gmt":"2013-07-21T08:44:08","guid":{"rendered":"https:\/\/www.blogsoestado.com\/joaquimhaickel\/?p=1013"},"modified":"2013-07-21T05:44:08","modified_gmt":"2013-07-21T08:44:08","slug":"aparas-do-tempo","status":"publish","type":"post","link":"https:\/\/www.blogsoestado.com\/joaquimhaickel\/2013\/07\/21\/aparas-do-tempo\/","title":{"rendered":"Aparas do tempo"},"content":{"rendered":"<p>Meu m\u00e9todo de cria\u00e7\u00e3o liter\u00e1ria \u00e9 um tanto exaustivo. Quando tenho vontade de abordar um assunto, o coloco no papel e volto a ele quantas vezes forem necess\u00e1rias para que as ideias utilizadas nele quase se transformem em granito, onde eu possa exercitar uma t\u00e9cnica liter\u00e1ria bem parecida com a da escultura. \u00c9 como se ao inv\u00e9s de escritor, me transformasse em um escultor de ideias, usando palavra, frase e senten\u00e7a como fossem martelo, cinzel e lixa, com as quais constru\u00edsse minha obra.<\/p>\n<p>Recentemente notei que, ao contr\u00e1rio de antes, meus textos tem ficado maior que o normal e descobri que deve ser efeito colateral de minha abstin\u00eancia de tribuna. <i>Meno male<\/i>! Que me faltem tribunas formais e que as informais se proliferem.<\/p>\n<p>A seguir vou relacionar tr\u00eas trechos que fui obrigado a retirar de cr\u00f4nicas recentes, ou por falta de espa\u00e7o ou por op\u00e7\u00e3o de abordagem, mas que acredito que devam ser publicadas aqui at\u00e9 como sugest\u00e3o de pautas, para mim e para voc\u00ea.<\/p>\n<p>1 &#8211; Do texto sobre Haroldo Tavares:<\/p>\n<p>Acho que estou perdendo a m\u00e3o!<\/p>\n<p>Antes, meus textos fervilhavam dentro de mim e pulavam pra fora com arroubo e vol\u00fapia t\u00e3o fortes, que com seu calor, faziam a tinta das canetas se fixarem no papel.<\/p>\n<p>Agora, eu claudico \u201ccatando milho\u201d em um notebook que teima em n\u00e3o aceitar alguns pensamentos e sentimentos meus. Teima ainda mais em n\u00e3o aceitar algumas das formas com as quais tento exprimi-los.<\/p>\n<p>Nesses anos todos tenho falado de muita coisa. J\u00e1 at\u00e9 tentei escrever menos, mas alguns assuntos se imp\u00f5em contra minha vontade e minha necessidade de resguardo.<\/p>\n<p>Vinte anos atr\u00e1s falei da morte de meu pai, no calor da hora. Depois, comentei sobre pol\u00edtica, cinema, sobre as rela\u00e7\u00f5es das pessoas, sobre filosofia, sobre o dia a dia, e at\u00e9 sobre a lembran\u00e7a do cheiro do p\u00e3o de minha inf\u00e2ncia. Hoje vejo que tudo isso, que escrever, para mim, nada mais \u00e9 do que a feitura do di\u00e1rio de minha humilde exist\u00eancia. Falando dessas coisas, falo essencialmente de mim de minhas circunstancias e de suas consequ\u00eancias.<\/p>\n<p>O artista \u00e9 um ego\u00edsta. O pintor se pinta, o cineasta se filma e o escritor se escreve. Ou pelo menos eles tentam.<\/p>\n<p>Hoje vou tentar ser menos ego\u00edsta e vou falar de&#8230;<\/p>\n<p>2 &#8211; Do texto sobre a reforma pol\u00edtica:<\/p>\n<p>A fun\u00e7\u00e3o de gestor p\u00fablico \u00e9 bem parecida com a de pai e m\u00e3e. N\u00e3o que eles devam ser paternalistas, isso n\u00e3o. Refiro-me ao fato de que aqueles que dependem dos pais, ou seja, os filhos, em primeiro lugar, antes de am\u00e1-los, devem respeit\u00e1-los. Esse respeito gera a confian\u00e7a que os filhos precisam para seguir os pais, criando assim uma forte rela\u00e7\u00e3o onde um e outro se sentem parte de um mesmo grupo, sentem uma interdepend\u00eancia que se transforma em uma for\u00e7a quase insuper\u00e1vel, capaz de suplantar muitas dificuldades. Assim deveria ser a rela\u00e7\u00e3o entre o povo e seu mandat\u00e1rio.<\/p>\n<p>Quando isso acontecer, e n\u00e3o vou dizer que isso \u00e9 f\u00e1cil, mas n\u00e3o \u00e9 imposs\u00edvel, teremos um sistema pol\u00edtico menos imperfeito.<\/p>\n<p>Quando um pai perde o respeito do filho a fam\u00edlia est\u00e1 condenada \u00e0 ruptura.<\/p>\n<p>Quando o mandat\u00e1rio perde o respeito de seu mandante, ele tem que ser substitu\u00eddo. Isso, numa democracia, se faz \u00e9 na elei\u00e7\u00e3o subsequente. Qualquer outra forma de agir estar\u00e1 indo de encontro com a nossa carta constitucional que&#8230;<\/p>\n<p>3 &#8211; Do texto sobre as manifesta\u00e7\u00f5es que ocorrem pelo Brasil afora:<\/p>\n<p>Um prov\u00e9rbio antigo origin\u00e1rio de diversas culturas diz que s\u00f3 se costuma fechar a porta depois que a casa \u00e9 assaltada.<\/p>\n<p>\u00c9 isso que est\u00e1 acontecendo em nosso pa\u00eds. Todos sabiam que era preciso tomar provid\u00eancias efetivas, eficientes e eficazes em v\u00e1rios setores, mas precisou que o povo se revoltasse e fosse para as ruas para que os governantes tentassem fazer alguma coisa.<\/p>\n<p>Quem n\u00e3o sabe que as a\u00e7\u00f5es de sa\u00fade executadas pelos governos, nos tr\u00eas n\u00edveis da administra\u00e7\u00e3o p\u00fablica, n\u00e3o se efetivam, s\u00e3o ineficientes e ineficazes? Quem n\u00e3o sabe que o mesmo ocorre na educa\u00e7\u00e3o, na seguran\u00e7a, no saneamento b\u00e1sico, no transporte&#8230;<\/p>\n<p>Essa realidade \u00e9 amplamente conhecida e o que se tem feito para resolver tudo isso? Temos tomado algumas medidas paliativas e localizadas, inventamos a\u00e7\u00f5es com nomes bonitos e atalhamos na tentativa de conter a maior parcela da popula\u00e7\u00e3o instituindo \u201cBolsas\u201d.<\/p>\n<p>Depois da redemocratiza\u00e7\u00e3o do pa\u00eds, a grande m\u00eddia elegeu um presidente da Rep\u00fablica e em seguida tratou de derrub\u00e1-lo. A Globo e as outras redes de televis\u00e3o, na ida e na volta, manipularam a popula\u00e7\u00e3o.<\/p>\n<p>Primeiro, deram resson\u00e2ncia ao discurso do candidato das Alagoas fazendo guerra contra os maraj\u00e1s e direcionaram os anseios por tempos melhores dando-lhe a cara de um pol\u00edtico jovem, bem apessoado, escondendo o que sabiam h\u00e1 tempos que se tratava de um homem descontrolado.<\/p>\n<p>Depois, na hora de destitu\u00ed-lo, usaram sem cerim\u00f4nia a mesma t\u00e9cnica utilizada para elev\u00e1-lo, sempre respaldados na massa, sempre facilmente manipul\u00e1vel.<\/p>\n<p>Ora, se a massa \u00e9 facilmente manipul\u00e1vel quando a m\u00eddia quer, imagine o quanto essa mesma massa ter\u00e1 de poder quando der a essa m\u00eddia motivos para repercutir uma verdadeira e genu\u00edna revolta. N\u00e3o sei se podemos chamar de c\u00edrculo vicioso ou virtuoso, onde quem protesta usa quem comunica e quem comunica o protesto usa os protestantes.<\/p>\n<p>Mas essa \u00e9 apenas uma \u00ednfima parte do problema. Do problem\u00e3o que hoje&#8230;<\/p>\n<p>&nbsp;<\/p>\n<p>PS: Tempos atr\u00e1s j\u00e1 havia observado esse fen\u00f4meno \u201cesculturista\u201d acontecer comigo e naquela \u00e9poca cometi um pensamento em forma de poesia que bem exemplifica esse fato: <i>Quando se tira mais do que se p\u00f5e, o poema vira escultura<\/i>.<\/p>\n<p>&nbsp;<\/p>\n","protected":false},"excerpt":{"rendered":"<p>Meu m\u00e9todo de cria\u00e7\u00e3o liter\u00e1ria \u00e9 um tanto exaustivo. Quando tenho vontade de abordar um assunto, o coloco no papel [&hellip;]<\/p>\n","protected":false},"author":7,"featured_media":0,"comment_status":"open","ping_status":"open","sticky":false,"template":"","format":"standard","meta":{"site-sidebar-layout":"default","site-content-layout":"","ast-site-content-layout":"default","site-content-style":"default","site-sidebar-style":"default","ast-global-header-display":"","ast-banner-title-visibility":"","ast-main-header-display":"","ast-hfb-above-header-display":"","ast-hfb-below-header-display":"","ast-hfb-mobile-header-display":"","site-post-title":"","ast-breadcrumbs-content":"","ast-featured-img":"","footer-sml-layout":"","ast-disable-related-posts":"","theme-transparent-header-meta":"","adv-header-id-meta":"","stick-header-meta":"","header-above-stick-meta":"","header-main-stick-meta":"","header-below-stick-meta":"","astra-migrate-meta-layouts":"default","ast-page-background-enabled":"default","ast-page-background-meta":{"desktop":{"background-color":"var(--ast-global-color-5)","background-image":"","background-repeat":"repeat","background-position":"center center","background-size":"auto","background-attachment":"scroll","background-type":"","background-media":"","overlay-type":"","overlay-color":"","overlay-opacity":"","overlay-gradient":""},"tablet":{"background-color":"","background-image":"","background-repeat":"repeat","background-position":"center center","background-size":"auto","background-attachment":"scroll","background-type":"","background-media":"","overlay-type":"","overlay-color":"","overlay-opacity":"","overlay-gradient":""},"mobile":{"background-color":"","background-image":"","background-repeat":"repeat","background-position":"center center","background-size":"auto","background-attachment":"scroll","background-type":"","background-media":"","overlay-type":"","overlay-color":"","overlay-opacity":"","overlay-gradient":""}},"ast-content-background-meta":{"desktop":{"background-color":"var(--ast-global-color-4)","background-image":"","background-repeat":"repeat","background-position":"center center","background-size":"auto","background-attachment":"scroll","background-type":"","background-media":"","overlay-type":"","overlay-color":"","overlay-opacity":"","overlay-gradient":""},"tablet":{"background-color":"var(--ast-global-color-4)","background-image":"","background-repeat":"repeat","background-position":"center center","background-size":"auto","background-attachment":"scroll","background-type":"","background-media":"","overlay-type":"","overlay-color":"","overlay-opacity":"","overlay-gradient":""},"mobile":{"background-color":"var(--ast-global-color-4)","background-image":"","background-repeat":"repeat","background-position":"center center","background-size":"auto","background-attachment":"scroll","background-type":"","background-media":"","overlay-type":"","overlay-color":"","overlay-opacity":"","overlay-gradient":""}},"footnotes":""},"categories":[1],"tags":[],"class_list":["post-1013","post","type-post","status-publish","format-standard","hentry","category-sem-categoria"],"yoast_head":"<!-- This site is optimized with the Yoast SEO plugin v26.6 - https:\/\/yoast.com\/wordpress\/plugins\/seo\/ -->\n<title>Aparas do tempo - Joaquim Haickel<\/title>\n<meta name=\"robots\" content=\"index, follow, max-snippet:-1, max-image-preview:large, max-video-preview:-1\" \/>\n<link rel=\"canonical\" href=\"https:\/\/www.blogsoestado.com\/joaquimhaickel\/2013\/07\/21\/aparas-do-tempo\/\" \/>\n<meta property=\"og:locale\" content=\"pt_BR\" \/>\n<meta property=\"og:type\" content=\"article\" \/>\n<meta property=\"og:title\" content=\"Aparas do tempo - Joaquim Haickel\" \/>\n<meta property=\"og:description\" content=\"Meu m\u00e9todo de cria\u00e7\u00e3o liter\u00e1ria \u00e9 um tanto exaustivo. Quando tenho vontade de abordar um assunto, o coloco no papel [&hellip;]\" \/>\n<meta property=\"og:url\" content=\"https:\/\/www.blogsoestado.com\/joaquimhaickel\/2013\/07\/21\/aparas-do-tempo\/\" \/>\n<meta property=\"og:site_name\" content=\"Joaquim Haickel\" \/>\n<meta property=\"article:published_time\" content=\"2013-07-21T08:44:08+00:00\" \/>\n<meta name=\"author\" content=\"Joaquim Haickel\" \/>\n<meta name=\"twitter:card\" content=\"summary_large_image\" \/>\n<meta name=\"twitter:label1\" content=\"Escrito por\" \/>\n\t<meta name=\"twitter:data1\" content=\"Joaquim Haickel\" \/>\n\t<meta name=\"twitter:label2\" content=\"Est. tempo de leitura\" \/>\n\t<meta name=\"twitter:data2\" content=\"5 minutos\" \/>\n<script type=\"application\/ld+json\" class=\"yoast-schema-graph\">{\"@context\":\"https:\/\/schema.org\",\"@graph\":[{\"@type\":\"WebPage\",\"@id\":\"https:\/\/www.blogsoestado.com\/joaquimhaickel\/2013\/07\/21\/aparas-do-tempo\/\",\"url\":\"https:\/\/www.blogsoestado.com\/joaquimhaickel\/2013\/07\/21\/aparas-do-tempo\/\",\"name\":\"Aparas do tempo - Joaquim Haickel\",\"isPartOf\":{\"@id\":\"https:\/\/www.blogsoestado.com\/joaquimhaickel\/#website\"},\"datePublished\":\"2013-07-21T08:44:08+00:00\",\"author\":{\"@id\":\"https:\/\/www.blogsoestado.com\/joaquimhaickel\/#\/schema\/person\/4a711644aff28245c6c2c3452d66d325\"},\"breadcrumb\":{\"@id\":\"https:\/\/www.blogsoestado.com\/joaquimhaickel\/2013\/07\/21\/aparas-do-tempo\/#breadcrumb\"},\"inLanguage\":\"pt-BR\",\"potentialAction\":[{\"@type\":\"ReadAction\",\"target\":[\"https:\/\/www.blogsoestado.com\/joaquimhaickel\/2013\/07\/21\/aparas-do-tempo\/\"]}]},{\"@type\":\"BreadcrumbList\",\"@id\":\"https:\/\/www.blogsoestado.com\/joaquimhaickel\/2013\/07\/21\/aparas-do-tempo\/#breadcrumb\",\"itemListElement\":[{\"@type\":\"ListItem\",\"position\":1,\"name\":\"In\u00edcio\",\"item\":\"https:\/\/www.blogsoestado.com\/joaquimhaickel\/\"},{\"@type\":\"ListItem\",\"position\":2,\"name\":\"Aparas do tempo\"}]},{\"@type\":\"WebSite\",\"@id\":\"https:\/\/www.blogsoestado.com\/joaquimhaickel\/#website\",\"url\":\"https:\/\/www.blogsoestado.com\/joaquimhaickel\/\",\"name\":\"Joaquim Haickel\",\"description\":\"\",\"potentialAction\":[{\"@type\":\"SearchAction\",\"target\":{\"@type\":\"EntryPoint\",\"urlTemplate\":\"https:\/\/www.blogsoestado.com\/joaquimhaickel\/?s={search_term_string}\"},\"query-input\":{\"@type\":\"PropertyValueSpecification\",\"valueRequired\":true,\"valueName\":\"search_term_string\"}}],\"inLanguage\":\"pt-BR\"},{\"@type\":\"Person\",\"@id\":\"https:\/\/www.blogsoestado.com\/joaquimhaickel\/#\/schema\/person\/4a711644aff28245c6c2c3452d66d325\",\"name\":\"Joaquim Haickel\",\"image\":{\"@type\":\"ImageObject\",\"inLanguage\":\"pt-BR\",\"@id\":\"https:\/\/www.blogsoestado.com\/joaquimhaickel\/#\/schema\/person\/image\/\",\"url\":\"https:\/\/secure.gravatar.com\/avatar\/473d89339b9f8ec089adb8d5778363eb5a2ba2319956bcf0298bfd8cca04684a?s=96&d=mm&r=g\",\"contentUrl\":\"https:\/\/secure.gravatar.com\/avatar\/473d89339b9f8ec089adb8d5778363eb5a2ba2319956bcf0298bfd8cca04684a?s=96&d=mm&r=g\",\"caption\":\"Joaquim Haickel\"},\"url\":\"https:\/\/www.blogsoestado.com\/joaquimhaickel\/author\/joaquimhaickel\/\"}]}<\/script>\n<!-- \/ Yoast SEO plugin. -->","yoast_head_json":{"title":"Aparas do tempo - Joaquim Haickel","robots":{"index":"index","follow":"follow","max-snippet":"max-snippet:-1","max-image-preview":"max-image-preview:large","max-video-preview":"max-video-preview:-1"},"canonical":"https:\/\/www.blogsoestado.com\/joaquimhaickel\/2013\/07\/21\/aparas-do-tempo\/","og_locale":"pt_BR","og_type":"article","og_title":"Aparas do tempo - Joaquim Haickel","og_description":"Meu m\u00e9todo de cria\u00e7\u00e3o liter\u00e1ria \u00e9 um tanto exaustivo. Quando tenho vontade de abordar um assunto, o coloco no papel [&hellip;]","og_url":"https:\/\/www.blogsoestado.com\/joaquimhaickel\/2013\/07\/21\/aparas-do-tempo\/","og_site_name":"Joaquim Haickel","article_published_time":"2013-07-21T08:44:08+00:00","author":"Joaquim Haickel","twitter_card":"summary_large_image","twitter_misc":{"Escrito por":"Joaquim Haickel","Est. tempo de leitura":"5 minutos"},"schema":{"@context":"https:\/\/schema.org","@graph":[{"@type":"WebPage","@id":"https:\/\/www.blogsoestado.com\/joaquimhaickel\/2013\/07\/21\/aparas-do-tempo\/","url":"https:\/\/www.blogsoestado.com\/joaquimhaickel\/2013\/07\/21\/aparas-do-tempo\/","name":"Aparas do tempo - Joaquim Haickel","isPartOf":{"@id":"https:\/\/www.blogsoestado.com\/joaquimhaickel\/#website"},"datePublished":"2013-07-21T08:44:08+00:00","author":{"@id":"https:\/\/www.blogsoestado.com\/joaquimhaickel\/#\/schema\/person\/4a711644aff28245c6c2c3452d66d325"},"breadcrumb":{"@id":"https:\/\/www.blogsoestado.com\/joaquimhaickel\/2013\/07\/21\/aparas-do-tempo\/#breadcrumb"},"inLanguage":"pt-BR","potentialAction":[{"@type":"ReadAction","target":["https:\/\/www.blogsoestado.com\/joaquimhaickel\/2013\/07\/21\/aparas-do-tempo\/"]}]},{"@type":"BreadcrumbList","@id":"https:\/\/www.blogsoestado.com\/joaquimhaickel\/2013\/07\/21\/aparas-do-tempo\/#breadcrumb","itemListElement":[{"@type":"ListItem","position":1,"name":"In\u00edcio","item":"https:\/\/www.blogsoestado.com\/joaquimhaickel\/"},{"@type":"ListItem","position":2,"name":"Aparas do tempo"}]},{"@type":"WebSite","@id":"https:\/\/www.blogsoestado.com\/joaquimhaickel\/#website","url":"https:\/\/www.blogsoestado.com\/joaquimhaickel\/","name":"Joaquim Haickel","description":"","potentialAction":[{"@type":"SearchAction","target":{"@type":"EntryPoint","urlTemplate":"https:\/\/www.blogsoestado.com\/joaquimhaickel\/?s={search_term_string}"},"query-input":{"@type":"PropertyValueSpecification","valueRequired":true,"valueName":"search_term_string"}}],"inLanguage":"pt-BR"},{"@type":"Person","@id":"https:\/\/www.blogsoestado.com\/joaquimhaickel\/#\/schema\/person\/4a711644aff28245c6c2c3452d66d325","name":"Joaquim Haickel","image":{"@type":"ImageObject","inLanguage":"pt-BR","@id":"https:\/\/www.blogsoestado.com\/joaquimhaickel\/#\/schema\/person\/image\/","url":"https:\/\/secure.gravatar.com\/avatar\/473d89339b9f8ec089adb8d5778363eb5a2ba2319956bcf0298bfd8cca04684a?s=96&d=mm&r=g","contentUrl":"https:\/\/secure.gravatar.com\/avatar\/473d89339b9f8ec089adb8d5778363eb5a2ba2319956bcf0298bfd8cca04684a?s=96&d=mm&r=g","caption":"Joaquim Haickel"},"url":"https:\/\/www.blogsoestado.com\/joaquimhaickel\/author\/joaquimhaickel\/"}]}},"jetpack_featured_media_url":"","_links":{"self":[{"href":"https:\/\/www.blogsoestado.com\/joaquimhaickel\/wp-json\/wp\/v2\/posts\/1013","targetHints":{"allow":["GET"]}}],"collection":[{"href":"https:\/\/www.blogsoestado.com\/joaquimhaickel\/wp-json\/wp\/v2\/posts"}],"about":[{"href":"https:\/\/www.blogsoestado.com\/joaquimhaickel\/wp-json\/wp\/v2\/types\/post"}],"author":[{"embeddable":true,"href":"https:\/\/www.blogsoestado.com\/joaquimhaickel\/wp-json\/wp\/v2\/users\/7"}],"replies":[{"embeddable":true,"href":"https:\/\/www.blogsoestado.com\/joaquimhaickel\/wp-json\/wp\/v2\/comments?post=1013"}],"version-history":[{"count":0,"href":"https:\/\/www.blogsoestado.com\/joaquimhaickel\/wp-json\/wp\/v2\/posts\/1013\/revisions"}],"wp:attachment":[{"href":"https:\/\/www.blogsoestado.com\/joaquimhaickel\/wp-json\/wp\/v2\/media?parent=1013"}],"wp:term":[{"taxonomy":"category","embeddable":true,"href":"https:\/\/www.blogsoestado.com\/joaquimhaickel\/wp-json\/wp\/v2\/categories?post=1013"},{"taxonomy":"post_tag","embeddable":true,"href":"https:\/\/www.blogsoestado.com\/joaquimhaickel\/wp-json\/wp\/v2\/tags?post=1013"}],"curies":[{"name":"wp","href":"https:\/\/api.w.org\/{rel}","templated":true}]}}