{"id":1020,"date":"2013-07-28T03:39:41","date_gmt":"2013-07-28T06:39:41","guid":{"rendered":"https:\/\/www.blogsoestado.com\/joaquimhaickel\/?p=1020"},"modified":"2013-07-28T03:39:41","modified_gmt":"2013-07-28T06:39:41","slug":"santo-nem-tanto","status":"publish","type":"post","link":"https:\/\/www.blogsoestado.com\/joaquimhaickel\/2013\/07\/28\/santo-nem-tanto\/","title":{"rendered":"Santo!? Nem tanto."},"content":{"rendered":"<p>H\u00e1 uns quarenta anos, creio eu, assisti a um filme que me impressionou imensamente: <i>O homem que n\u00e3o vendeu sua alma.<\/i><\/p>\n<p>Naquela \u00e9poca, \u00e9 bom que se diga, a televis\u00e3o brasileira propiciava acesso a alguma cultura atrav\u00e9s de sua programa\u00e7\u00e3o cinematogr\u00e1fica&#8230;<\/p>\n<p>Pois bem, aquele filme narrava parte da vida de um personagem a quem passei a admirar desde ent\u00e3o: Thomas More.<\/p>\n<p>O que dizer de Sir Thomas? Advogado, diplomata, homem de Estado, lorde, chanceler da Inglaterra sob o reinado de Henrique VIII. Grande humanista, escritor, autor de v\u00e1rios livros, entre eles, uma das mais importantes obras liter\u00e1rias de todos os tempos, <i>Utopia<\/i>. Cat\u00f3lico fervoroso, foi canonizado santo pela Igreja Cat\u00f3lica em 1935, \u00e9 patrono e padroeiro dos pol\u00edticos e governantes (quem dera que a maioria de n\u00f3s honrasse nosso padroeiro!). Decapitado por ordem de seu amigo, o rei Henrique, por recusar-se a jurar obedi\u00eancia ao ato de supremacia que criava a Igreja Anglicana separando os cat\u00f3licos ingleses do papa e de Roma, transformando seu rei em chefe da nova religi\u00e3o.<\/p>\n<p>More \u00e9 uma personalidade fascinante, ainda mais para um adolescente que, atrav\u00e9s de um magn\u00edfico filme hist\u00f3rico, passava a conhecer sua hist\u00f3ria de coragem, nobreza, justi\u00e7a e honra.<\/p>\n<p>A partir dali, eu quis muito\u00a0ter\u00a0aquelas qualidades que vi estampadas naquele personagem apaixonante, um homem a quem foi oferecida muita coisa, e em troca foi pedido um simples juramento, que bem poderia ser falso. Mas ele n\u00e3o cedeu.<\/p>\n<p>Atrav\u00e9s daquele filme, a televis\u00e3o estava indiretamente ajudando a forjar meu car\u00e1ter, soprado pelo fole de uma fam\u00edlia equilibrada e correta.<\/p>\n<p>A teatraliza\u00e7\u00e3o de pequena parte da vida de um personagem t\u00e3o ilustre fez com que o adolescente Joaquim viesse a ler <i>Utopia<\/i>, livro de dif\u00edcil entendimento para um garoto inquieto. Esse fato me obrigou a l\u00ea-lo novamente mais tarde, quando eu j\u00e1 tinha adquirido mais sossego e algum suporte cultural capaz de me fazer entender de que tratava todo aquele louco sonho. At\u00e9\u00a0hoje, n\u00e3o sei ao certo qual o significado mais preciso para a palavra <i>utopia (etimologicamente n\u00e3o lugar)<\/i>, se sonho, algo ideal ou se loucura, no sentido de coisa imposs\u00edvel.<\/p>\n<p>Recentemente voltei a me encontrar com Sir Thomas e com seu livro, desta vez em <i>audio<\/i>&#8211;<i>book<\/i>, ouvido no carro, em cap\u00edtulos do tamanho dos meus trajetos, com direito a voltar para n\u00e3o perder o fio da meada.<\/p>\n<p>Desde o dia em que vi aquele filme, passando pela minha dolorida primeira leitura de <i>Utopia<\/i>, pela esclarecedora\u00a0segunda\u00a0lida, at\u00e9 a mais recente, fui conhecendo mais e mais o autor da obra, o humanista, e dediquei alguns instantes a pesquisar mais sobre ele e seu tempo.<\/p>\n<p>Nesse intento, h\u00e1 uns 20 anos, descobri coisas horr\u00edveis. O meu \u00eddolo era menos inteligente, menos coerente, menos honrado e menos nobre do que eu imaginava. Continuava sendo corajoso e justo, at\u00e9 porque coragem n\u00e3o depende de ponto de vista, enquanto senso de justi\u00e7a s\u00f3 se pode analisar do ponto de vista do personagem.<\/p>\n<p>Minhas pesquisas comprovaram que More foi diretamente respons\u00e1vel pela morte de v\u00e1rios homens considerados por ele, e pelos seus iguais, como hereges. Fiquei ultrajado.<\/p>\n<p>Ainda bem que s\u00f3 vim saber mais sobre Thomas More quando j\u00e1 tinha maturidade e poderia entender todas as circunst\u00e2ncias que envolviam os fatos concernentes a ele.<\/p>\n<p>A persegui\u00e7\u00e3o \u00e0s pessoas que pensam diferentemente de n\u00f3s \u00e9 um dos maiores e piores crimes que pode haver contra a humanidade. \u00c9 a derrubada do principal pilar dessa mesma humanidade: o direito de pensar o que se quiser, como se quiser. \u00c9 a destrui\u00e7\u00e3o do livre-arb\u00edtrio, aquilo que, segundo os te\u00f3logos, nos liga a Deus e dele nos distingue.<\/p>\n<p>Como poderia um homem de Deus, t\u00e3o justo, nobre e honrado, ser t\u00e3o covarde e negar a seus semelhantes o direito de <i>ser<\/i>,\u00a0dom\u00a0que o mesmo Deus, que ele tanto amava, lhes deu?<\/p>\n<p>Total incoer\u00eancia, s\u00f3 \u00e9 poss\u00edvel em mentes que praticam a religi\u00e3o com fanatismo. Como meu \u00eddolo humanista poderia ser um fan\u00e1tico religioso, assassino de pessoas que n\u00e3o pensavam como ele?<\/p>\n<p>Mais recentemente fiz meu pr\u00f3prio julgamento de Thomas More. Excomunguei-o com os poderes a mim delegados pelo Pai todo-poderoso, no qual ele acreditava mais do que eu creio. Rebaixei-o \u00e0 condi\u00e7\u00e3o de homem comum, pass\u00edvel de erros comuns e o bani de minha lista de her\u00f3is.<\/p>\n<p>No entanto n\u00e3o posso desconhecer que ele, com seu livro <i>Utopia<\/i>, nos fez, e faz acreditar que \u00e9 poss\u00edvel almejar um lugar e um tempo melhores.<\/p>\n<p><i>Sir<\/i> Thomas More pode n\u00e3o\u00a0ter\u00a0vendido sua alma a Henrique VIII, mas a vendeu para uma equivocada cren\u00e7a da Igreja Cat\u00f3lica, a mesma que quase matou Galileu e que jamais poderia\u00a0ter\u00a0patrocinado a persegui\u00e7\u00e3o \u00e0queles que professavam outra f\u00e9, ou mesmo outras doutrinas da mesma f\u00e9.<\/p>\n<p>Ontem\u00a0sonhei com Thomas More. Ele usava o mesmo colar dourado do filme, a mesma roupa escura e o mesmo chap\u00e9u engra\u00e7ado. Ele estava em p\u00e9 em um jardim, num lugar alto, de onde se via uma linda praia. Parecia ser a ilha Utopia, nome que significa n\u00e3o lugar, habitada pelos aleopolitas, cidad\u00e3os sem cidade e governada por Admeus, pr\u00edncipe sem povo.<\/p>\n<p>Ele sorriu para mim e ent\u00e3o eu acordei.<\/p>\n","protected":false},"excerpt":{"rendered":"<p>H\u00e1 uns quarenta anos, creio eu, assisti a um filme que me impressionou imensamente: O homem que n\u00e3o vendeu sua [&hellip;]<\/p>\n","protected":false},"author":7,"featured_media":0,"comment_status":"open","ping_status":"open","sticky":false,"template":"","format":"standard","meta":{"site-sidebar-layout":"default","site-content-layout":"","ast-site-content-layout":"default","site-content-style":"default","site-sidebar-style":"default","ast-global-header-display":"","ast-banner-title-visibility":"","ast-main-header-display":"","ast-hfb-above-header-display":"","ast-hfb-below-header-display":"","ast-hfb-mobile-header-display":"","site-post-title":"","ast-breadcrumbs-content":"","ast-featured-img":"","footer-sml-layout":"","ast-disable-related-posts":"","theme-transparent-header-meta":"","adv-header-id-meta":"","stick-header-meta":"","header-above-stick-meta":"","header-main-stick-meta":"","header-below-stick-meta":"","astra-migrate-meta-layouts":"default","ast-page-background-enabled":"default","ast-page-background-meta":{"desktop":{"background-color":"var(--ast-global-color-5)","background-image":"","background-repeat":"repeat","background-position":"center center","background-size":"auto","background-attachment":"scroll","background-type":"","background-media":"","overlay-type":"","overlay-color":"","overlay-opacity":"","overlay-gradient":""},"tablet":{"background-color":"","background-image":"","background-repeat":"repeat","background-position":"center center","background-size":"auto","background-attachment":"scroll","background-type":"","background-media":"","overlay-type":"","overlay-color":"","overlay-opacity":"","overlay-gradient":""},"mobile":{"background-color":"","background-image":"","background-repeat":"repeat","background-position":"center center","background-size":"auto","background-attachment":"scroll","background-type":"","background-media":"","overlay-type":"","overlay-color":"","overlay-opacity":"","overlay-gradient":""}},"ast-content-background-meta":{"desktop":{"background-color":"var(--ast-global-color-4)","background-image":"","background-repeat":"repeat","background-position":"center center","background-size":"auto","background-attachment":"scroll","background-type":"","background-media":"","overlay-type":"","overlay-color":"","overlay-opacity":"","overlay-gradient":""},"tablet":{"background-color":"var(--ast-global-color-4)","background-image":"","background-repeat":"repeat","background-position":"center center","background-size":"auto","background-attachment":"scroll","background-type":"","background-media":"","overlay-type":"","overlay-color":"","overlay-opacity":"","overlay-gradient":""},"mobile":{"background-color":"var(--ast-global-color-4)","background-image":"","background-repeat":"repeat","background-position":"center center","background-size":"auto","background-attachment":"scroll","background-type":"","background-media":"","overlay-type":"","overlay-color":"","overlay-opacity":"","overlay-gradient":""}},"footnotes":""},"categories":[1],"tags":[],"class_list":["post-1020","post","type-post","status-publish","format-standard","hentry","category-sem-categoria"],"yoast_head":"<!-- This site is optimized with the Yoast SEO plugin v26.6 - https:\/\/yoast.com\/wordpress\/plugins\/seo\/ -->\n<title>Santo!? Nem tanto. - Joaquim Haickel<\/title>\n<meta name=\"robots\" content=\"index, follow, max-snippet:-1, max-image-preview:large, max-video-preview:-1\" \/>\n<link rel=\"canonical\" href=\"https:\/\/www.blogsoestado.com\/joaquimhaickel\/2013\/07\/28\/santo-nem-tanto\/\" \/>\n<meta property=\"og:locale\" content=\"pt_BR\" \/>\n<meta property=\"og:type\" content=\"article\" \/>\n<meta property=\"og:title\" content=\"Santo!? Nem tanto. - Joaquim Haickel\" \/>\n<meta property=\"og:description\" content=\"H\u00e1 uns quarenta anos, creio eu, assisti a um filme que me impressionou imensamente: O homem que n\u00e3o vendeu sua [&hellip;]\" \/>\n<meta property=\"og:url\" content=\"https:\/\/www.blogsoestado.com\/joaquimhaickel\/2013\/07\/28\/santo-nem-tanto\/\" \/>\n<meta property=\"og:site_name\" content=\"Joaquim Haickel\" \/>\n<meta property=\"article:published_time\" content=\"2013-07-28T06:39:41+00:00\" \/>\n<meta name=\"author\" content=\"Joaquim Haickel\" \/>\n<meta name=\"twitter:card\" content=\"summary_large_image\" \/>\n<meta name=\"twitter:label1\" content=\"Escrito por\" \/>\n\t<meta name=\"twitter:data1\" content=\"Joaquim Haickel\" \/>\n\t<meta name=\"twitter:label2\" content=\"Est. tempo de leitura\" \/>\n\t<meta name=\"twitter:data2\" content=\"5 minutos\" \/>\n<script type=\"application\/ld+json\" class=\"yoast-schema-graph\">{\"@context\":\"https:\/\/schema.org\",\"@graph\":[{\"@type\":\"WebPage\",\"@id\":\"https:\/\/www.blogsoestado.com\/joaquimhaickel\/2013\/07\/28\/santo-nem-tanto\/\",\"url\":\"https:\/\/www.blogsoestado.com\/joaquimhaickel\/2013\/07\/28\/santo-nem-tanto\/\",\"name\":\"Santo!? Nem tanto. - Joaquim Haickel\",\"isPartOf\":{\"@id\":\"https:\/\/www.blogsoestado.com\/joaquimhaickel\/#website\"},\"datePublished\":\"2013-07-28T06:39:41+00:00\",\"author\":{\"@id\":\"https:\/\/www.blogsoestado.com\/joaquimhaickel\/#\/schema\/person\/4a711644aff28245c6c2c3452d66d325\"},\"breadcrumb\":{\"@id\":\"https:\/\/www.blogsoestado.com\/joaquimhaickel\/2013\/07\/28\/santo-nem-tanto\/#breadcrumb\"},\"inLanguage\":\"pt-BR\",\"potentialAction\":[{\"@type\":\"ReadAction\",\"target\":[\"https:\/\/www.blogsoestado.com\/joaquimhaickel\/2013\/07\/28\/santo-nem-tanto\/\"]}]},{\"@type\":\"BreadcrumbList\",\"@id\":\"https:\/\/www.blogsoestado.com\/joaquimhaickel\/2013\/07\/28\/santo-nem-tanto\/#breadcrumb\",\"itemListElement\":[{\"@type\":\"ListItem\",\"position\":1,\"name\":\"In\u00edcio\",\"item\":\"https:\/\/www.blogsoestado.com\/joaquimhaickel\/\"},{\"@type\":\"ListItem\",\"position\":2,\"name\":\"Santo!? Nem tanto.\"}]},{\"@type\":\"WebSite\",\"@id\":\"https:\/\/www.blogsoestado.com\/joaquimhaickel\/#website\",\"url\":\"https:\/\/www.blogsoestado.com\/joaquimhaickel\/\",\"name\":\"Joaquim Haickel\",\"description\":\"\",\"potentialAction\":[{\"@type\":\"SearchAction\",\"target\":{\"@type\":\"EntryPoint\",\"urlTemplate\":\"https:\/\/www.blogsoestado.com\/joaquimhaickel\/?s={search_term_string}\"},\"query-input\":{\"@type\":\"PropertyValueSpecification\",\"valueRequired\":true,\"valueName\":\"search_term_string\"}}],\"inLanguage\":\"pt-BR\"},{\"@type\":\"Person\",\"@id\":\"https:\/\/www.blogsoestado.com\/joaquimhaickel\/#\/schema\/person\/4a711644aff28245c6c2c3452d66d325\",\"name\":\"Joaquim Haickel\",\"image\":{\"@type\":\"ImageObject\",\"inLanguage\":\"pt-BR\",\"@id\":\"https:\/\/www.blogsoestado.com\/joaquimhaickel\/#\/schema\/person\/image\/\",\"url\":\"https:\/\/secure.gravatar.com\/avatar\/473d89339b9f8ec089adb8d5778363eb5a2ba2319956bcf0298bfd8cca04684a?s=96&d=mm&r=g\",\"contentUrl\":\"https:\/\/secure.gravatar.com\/avatar\/473d89339b9f8ec089adb8d5778363eb5a2ba2319956bcf0298bfd8cca04684a?s=96&d=mm&r=g\",\"caption\":\"Joaquim Haickel\"},\"url\":\"https:\/\/www.blogsoestado.com\/joaquimhaickel\/author\/joaquimhaickel\/\"}]}<\/script>\n<!-- \/ Yoast SEO plugin. -->","yoast_head_json":{"title":"Santo!? Nem tanto. - Joaquim Haickel","robots":{"index":"index","follow":"follow","max-snippet":"max-snippet:-1","max-image-preview":"max-image-preview:large","max-video-preview":"max-video-preview:-1"},"canonical":"https:\/\/www.blogsoestado.com\/joaquimhaickel\/2013\/07\/28\/santo-nem-tanto\/","og_locale":"pt_BR","og_type":"article","og_title":"Santo!? Nem tanto. - Joaquim Haickel","og_description":"H\u00e1 uns quarenta anos, creio eu, assisti a um filme que me impressionou imensamente: O homem que n\u00e3o vendeu sua [&hellip;]","og_url":"https:\/\/www.blogsoestado.com\/joaquimhaickel\/2013\/07\/28\/santo-nem-tanto\/","og_site_name":"Joaquim Haickel","article_published_time":"2013-07-28T06:39:41+00:00","author":"Joaquim Haickel","twitter_card":"summary_large_image","twitter_misc":{"Escrito por":"Joaquim Haickel","Est. tempo de leitura":"5 minutos"},"schema":{"@context":"https:\/\/schema.org","@graph":[{"@type":"WebPage","@id":"https:\/\/www.blogsoestado.com\/joaquimhaickel\/2013\/07\/28\/santo-nem-tanto\/","url":"https:\/\/www.blogsoestado.com\/joaquimhaickel\/2013\/07\/28\/santo-nem-tanto\/","name":"Santo!? Nem tanto. - Joaquim Haickel","isPartOf":{"@id":"https:\/\/www.blogsoestado.com\/joaquimhaickel\/#website"},"datePublished":"2013-07-28T06:39:41+00:00","author":{"@id":"https:\/\/www.blogsoestado.com\/joaquimhaickel\/#\/schema\/person\/4a711644aff28245c6c2c3452d66d325"},"breadcrumb":{"@id":"https:\/\/www.blogsoestado.com\/joaquimhaickel\/2013\/07\/28\/santo-nem-tanto\/#breadcrumb"},"inLanguage":"pt-BR","potentialAction":[{"@type":"ReadAction","target":["https:\/\/www.blogsoestado.com\/joaquimhaickel\/2013\/07\/28\/santo-nem-tanto\/"]}]},{"@type":"BreadcrumbList","@id":"https:\/\/www.blogsoestado.com\/joaquimhaickel\/2013\/07\/28\/santo-nem-tanto\/#breadcrumb","itemListElement":[{"@type":"ListItem","position":1,"name":"In\u00edcio","item":"https:\/\/www.blogsoestado.com\/joaquimhaickel\/"},{"@type":"ListItem","position":2,"name":"Santo!? Nem tanto."}]},{"@type":"WebSite","@id":"https:\/\/www.blogsoestado.com\/joaquimhaickel\/#website","url":"https:\/\/www.blogsoestado.com\/joaquimhaickel\/","name":"Joaquim Haickel","description":"","potentialAction":[{"@type":"SearchAction","target":{"@type":"EntryPoint","urlTemplate":"https:\/\/www.blogsoestado.com\/joaquimhaickel\/?s={search_term_string}"},"query-input":{"@type":"PropertyValueSpecification","valueRequired":true,"valueName":"search_term_string"}}],"inLanguage":"pt-BR"},{"@type":"Person","@id":"https:\/\/www.blogsoestado.com\/joaquimhaickel\/#\/schema\/person\/4a711644aff28245c6c2c3452d66d325","name":"Joaquim Haickel","image":{"@type":"ImageObject","inLanguage":"pt-BR","@id":"https:\/\/www.blogsoestado.com\/joaquimhaickel\/#\/schema\/person\/image\/","url":"https:\/\/secure.gravatar.com\/avatar\/473d89339b9f8ec089adb8d5778363eb5a2ba2319956bcf0298bfd8cca04684a?s=96&d=mm&r=g","contentUrl":"https:\/\/secure.gravatar.com\/avatar\/473d89339b9f8ec089adb8d5778363eb5a2ba2319956bcf0298bfd8cca04684a?s=96&d=mm&r=g","caption":"Joaquim Haickel"},"url":"https:\/\/www.blogsoestado.com\/joaquimhaickel\/author\/joaquimhaickel\/"}]}},"jetpack_featured_media_url":"","_links":{"self":[{"href":"https:\/\/www.blogsoestado.com\/joaquimhaickel\/wp-json\/wp\/v2\/posts\/1020","targetHints":{"allow":["GET"]}}],"collection":[{"href":"https:\/\/www.blogsoestado.com\/joaquimhaickel\/wp-json\/wp\/v2\/posts"}],"about":[{"href":"https:\/\/www.blogsoestado.com\/joaquimhaickel\/wp-json\/wp\/v2\/types\/post"}],"author":[{"embeddable":true,"href":"https:\/\/www.blogsoestado.com\/joaquimhaickel\/wp-json\/wp\/v2\/users\/7"}],"replies":[{"embeddable":true,"href":"https:\/\/www.blogsoestado.com\/joaquimhaickel\/wp-json\/wp\/v2\/comments?post=1020"}],"version-history":[{"count":0,"href":"https:\/\/www.blogsoestado.com\/joaquimhaickel\/wp-json\/wp\/v2\/posts\/1020\/revisions"}],"wp:attachment":[{"href":"https:\/\/www.blogsoestado.com\/joaquimhaickel\/wp-json\/wp\/v2\/media?parent=1020"}],"wp:term":[{"taxonomy":"category","embeddable":true,"href":"https:\/\/www.blogsoestado.com\/joaquimhaickel\/wp-json\/wp\/v2\/categories?post=1020"},{"taxonomy":"post_tag","embeddable":true,"href":"https:\/\/www.blogsoestado.com\/joaquimhaickel\/wp-json\/wp\/v2\/tags?post=1020"}],"curies":[{"name":"wp","href":"https:\/\/api.w.org\/{rel}","templated":true}]}}