{"id":1037,"date":"2013-09-07T20:14:06","date_gmt":"2013-09-07T23:14:06","guid":{"rendered":"https:\/\/www.blogsoestado.com\/joaquimhaickel\/?p=1037"},"modified":"2013-09-07T20:14:06","modified_gmt":"2013-09-07T23:14:06","slug":"vinte-anos-sem-nagibao","status":"publish","type":"post","link":"https:\/\/www.blogsoestado.com\/joaquimhaickel\/2013\/09\/07\/vinte-anos-sem-nagibao\/","title":{"rendered":"Vinte anos sem Nagib\u00e3o"},"content":{"rendered":"<p>Vinte anos atr\u00e1s, no dia sete de setembro de 1993, morria na cidade de Coroat\u00e1, depois de participar das comemora\u00e7\u00f5es do dia da Independ\u00eancia do Brasil, o ent\u00e3o presidente da Assembleia Legislativa do Estado do Maranh\u00e3o, deputado Nagib Haickel, meu pai.<\/p>\n<p>Em meio \u00e0 como\u00e7\u00e3o em torno de seu falecimento, lembro que respondendo \u00e0 pergunta de um rep\u00f3rter, disse que a sensa\u00e7\u00e3o que tinha naqueles dias era a de que ele havia sa\u00eddo em uma grande viagem, pois sua presen\u00e7a era t\u00e3o marcante que a morte parecia n\u00e3o apagar.<\/p>\n<p>Hoje, passados vinte anos, essa sensa\u00e7\u00e3o sobre a suposta viagem que ele estaria fazendo continua presente. Vez em quando sonho que ele telefonou, mandou telegrama, cart\u00e3o postal ou escreveu uma carta, quase sempre falando sobre o assunto do momento pelo qual passamos. Outro dia sonhei que ele estava em Paris e mandou-me dois postais, um da Torre Eiffel onde dizia, \u201cS\u00f3 quem tem coragem de sonhar constr\u00f3i torres&#8230;\u201d e outro da Ponte Alexander III, onde terminava a frase: \u201c&#8230; e pontes. Que nunca lhe falte coragem de sonhar, pois se seus sonhos forem justos e verdadeiros, eles se realizar\u00e3o\u201d.<\/p>\n<p>As pessoas continuam falando sobre ele com a mesma desenvoltura, e olhe, n\u00e3o estou me referindo \u00e0s pessoas da nossa fam\u00edlia. Onde quer que eu chegue e algu\u00e9m fale sobre ele \u00e9 sempre num tempo verbal que n\u00e3o deixa l\u00e1 muito claro que est\u00e1 falando de um personagem j\u00e1 falecido h\u00e1 vinte anos.<\/p>\n<p>Os fatos em torno dele s\u00e3o t\u00e3o curiosos e saborosos! Guardam o frescor das frutas que ele tanto apreciava e fazia quest\u00e3o de servir em seu gabinete na ALM, aquele mesmo gabinete que ele mandou retirar as portas, como j\u00e1 havia feito antes em sua loja a Meruoca, na inten\u00e7\u00e3o de dizer aos amigos, fregueses e usu\u00e1rios que ele estava sempre de portas abertas para receber a todos, sem distin\u00e7\u00e3o de sexo, ra\u00e7a, religi\u00e3o, classe social ou prefer\u00eancia pol\u00edtica e ideol\u00f3gica.<\/p>\n<p>Para quem n\u00e3o sabe, Nagib Haickel era filho de imigrantes libaneses e nasceu na cidade de Pindar\u00e9-Mirim em dezembro de 1933. Foi comerciante e pol\u00edtico e em suas duas atividades sobressaiu-se por sua imensa criatividade e pela maneira sempre alegre e extrovertida de ser.<\/p>\n<p>Costumava brincar dizendo que s\u00f3 cursara at\u00e9 o primeiro ano do curso m\u00e9dio de contabilidade, mas que se formara na universidade da vida, tendo estudado com alguns dos professores mais gabaritados de seu tempo.<\/p>\n<p>Em sua escola de com\u00e9rcio teve como mestres Wadi, Eduardo e C\u00e9sar Aboud. Al\u00e9m deles teve seus pais Elias e Maria, o primeiro, mestre na mat\u00e9ria corre\u00e7\u00e3o e seriedade nos neg\u00f3cios e a segunda, catedr\u00e1tica na arte de conquistar o fregu\u00eas e vender suas mercadorias. Na escola dos Aboud se vangloriava de seus colegas de turma, Alberto Aboud e William Nagem, enquanto na escola dos Haickel se mirava nas primas Loury e Celeste.<\/p>\n<p>Na pol\u00edtica, atividade posterior ao com\u00e9rcio, pela qual se apaixonou de igual modo e com a mesma intensidade, ele deve ter tido mais dificuldade de aprendizado, pois entrou nela por uma porta lateral, levado pelas m\u00e3os de seu irm\u00e3o Z\u00e9 Antonio, um ano mais velho que ele, que resolveu em 1965 se candidatar a prefeito de sua cidade, na tentativa de fazer chegar at\u00e9 l\u00e1 o ent\u00e3o Novo Maranh\u00e3o que apregoava o deputado e candidato a governador, Jos\u00e9 Sarney. Pindar\u00e9 passou a ser um dos melhores munic\u00edpios da regi\u00e3o.<\/p>\n<p>Na pol\u00edtica tamb\u00e9m aprendeu tudo pelo ensinamento pr\u00e1tico. Teve poucos mestres entre os quais se destacam o pr\u00f3prio Sarney, Alexandre Costa e Clodomir Milet.<\/p>\n<p>Ele foi contaminado pelos micr\u00f3bios concernentes \u00e0s atividades que desenvolveu de forma total e definitiva. Era e \u00e9 imposs\u00edvel imitar ou at\u00e9 mesmo tentar acompanhar o ritmo do comerciante ou do pol\u00edtico Nagib Haickel.\u00a0 Eu que o diga, pois foi exigido de mim que eu tentasse igual\u00e1-lo, mas tenho certeza que ele, no fundo, sabia que eu n\u00e3o conseguiria. Acredito que ele tinha sensibilidade suficiente para saber que eu n\u00e3o deveria tentar imit\u00e1-lo ou mesmo acompanh\u00e1-lo. O que ele queria no fundo era dividir comigo um pouco de sua arte e de seu conhecimento, para que ao meu modo, do meu jeito pudesse utilizar seus ensinamentos, o que pode parecer pouco, mas n\u00e3o \u00e9.<\/p>\n<p>Meu pai teve muitos apelidos. Em casa, pelo irm\u00e3o e irm\u00e3s era chamado de \u201cseu Ziba\u201d; Na beira do rio Pindar\u00e9, pelos amigos, era conhecido por \u201cTijib\u00fa\u201d, alus\u00e3o a um touro bravo; Na Chames Aboud e na F\u00e1brica Santa Isabel, pelo jeito irrequieto e brincalh\u00e3o, \u201cNagib Doido\u201d; Nas ruas alguns o chamavam de \u201cCarcamano\u201d, por sua ascend\u00eancia libanesa; Na pol\u00edtica, pelo fato de distribuir toneladas de bombons para as crian\u00e7as, \u201cNagib Bom-Bom\u201d; Depois de algum tempo, todos que o conheciam ou at\u00e9 quem nunca o tinha visto, o chamava simplesmente de \u201cNagib\u00e3o\u201d.<\/p>\n<p>Aqui, nesse restrito espa\u00e7o de jornal \u00e9 imposs\u00edvel tentar desenvolver um texto que possa resumir a hist\u00f3ria de vida de uma pessoa, ainda mais sendo de uma t\u00e3o controversa e pol\u00eamica quanto Nagib Haickel.<\/p>\n<p>S\u00f3 para voc\u00ea ter uma ideia, comecei a fazer um filme sobre ele, para apresentar agora. O filme que teria vinte e seis minutos passou para cinquenta e dois e agora eu e meus colaboradores chegamos \u00e0 conclus\u00e3o de que o filme n\u00e3o poder\u00e1 ser realizado se n\u00e3o em quatro epis\u00f3dios de vinte e seis minutos, pois s\u00e3o tantos e t\u00e3o bons depoimentos sobre os fatos de sua vida que n\u00e3o podemos deixar de mostr\u00e1-los.<\/p>\n<p>H\u00e1 uma coisa que j\u00e1 disse antes e que gostaria de repetir agora, pois acredito ser o fato mais importante da vida de meu pai.<\/p>\n<p>Dentre tudo que ele legou a mim e a meu irm\u00e3o, tr\u00eas s\u00e3o os patrim\u00f4nios mais valiosos: a oportunidade de termos nascido em uma fam\u00edlia amiga e carinhosa; A escolha de uma mulher maravilhosa para ser nossa m\u00e3e, bem maior que n\u00f3s temos; e uma legi\u00e3o de amigos verdadeiros e sinceros, cultivados com lealdade e dedica\u00e7\u00e3o.<\/p>\n<p>Meu pai tinha duas frases que usava como roteiro de sua vida. Uma simbolizava seu trabalho e sua dedica\u00e7\u00e3o: \u201cO f\u00e1cil j\u00e1 fizeram; o dif\u00edcil se faz logo; o imposs\u00edvel demora um pouco mais\u201d. A outra representava seu compromisso, sua coragem, sua honra e sua lealdade: \u201cDou um boi para n\u00e3o entrar numa briga, mas uma boiada para n\u00e3o sair dela\u201d.<\/p>\n<p>Reconhecido como um homem extremamente generoso, ele foi vitima do \u00f3rg\u00e3o que o representava mais fielmente, o cora\u00e7\u00e3o. Seu cora\u00e7\u00e3o metaforicamente grande cresceu fisicamente e tirou-lhe a vida tr\u00eas meses antes dele completar sessenta anos.<\/p>\n<p>Se voc\u00ea me perguntasse agora quem foi meu pai, eu poderia responder-lhe simplesmente como ele faria: \u201cCaboclo do Vale do Pindar\u00e9, acostumado a comer Tapi\u00e1ca e Mandub\u00e9\u201d, mas ficaria faltando muito para desenh\u00e1-lo com mais precis\u00e3o, ent\u00e3o eu lhe digo, leia seu livro de cabeceira, \u201cComo Influenciar as Pessoas e Fazer Amigos\u201d de Dale Carnegie, quem sabe assim voc\u00ea possa descobrir quem foi Nagib Haickel.\u00a0<\/p>\n<p>&nbsp;<\/p>\n","protected":false},"excerpt":{"rendered":"<p>Vinte anos atr\u00e1s, no dia sete de setembro de 1993, morria na cidade de Coroat\u00e1, depois de participar das comemora\u00e7\u00f5es [&hellip;]<\/p>\n","protected":false},"author":7,"featured_media":0,"comment_status":"open","ping_status":"open","sticky":false,"template":"","format":"standard","meta":{"site-sidebar-layout":"default","site-content-layout":"","ast-site-content-layout":"default","site-content-style":"default","site-sidebar-style":"default","ast-global-header-display":"","ast-banner-title-visibility":"","ast-main-header-display":"","ast-hfb-above-header-display":"","ast-hfb-below-header-display":"","ast-hfb-mobile-header-display":"","site-post-title":"","ast-breadcrumbs-content":"","ast-featured-img":"","footer-sml-layout":"","ast-disable-related-posts":"","theme-transparent-header-meta":"","adv-header-id-meta":"","stick-header-meta":"","header-above-stick-meta":"","header-main-stick-meta":"","header-below-stick-meta":"","astra-migrate-meta-layouts":"default","ast-page-background-enabled":"default","ast-page-background-meta":{"desktop":{"background-color":"var(--ast-global-color-5)","background-image":"","background-repeat":"repeat","background-position":"center center","background-size":"auto","background-attachment":"scroll","background-type":"","background-media":"","overlay-type":"","overlay-color":"","overlay-opacity":"","overlay-gradient":""},"tablet":{"background-color":"","background-image":"","background-repeat":"repeat","background-position":"center center","background-size":"auto","background-attachment":"scroll","background-type":"","background-media":"","overlay-type":"","overlay-color":"","overlay-opacity":"","overlay-gradient":""},"mobile":{"background-color":"","background-image":"","background-repeat":"repeat","background-position":"center center","background-size":"auto","background-attachment":"scroll","background-type":"","background-media":"","overlay-type":"","overlay-color":"","overlay-opacity":"","overlay-gradient":""}},"ast-content-background-meta":{"desktop":{"background-color":"var(--ast-global-color-4)","background-image":"","background-repeat":"repeat","background-position":"center center","background-size":"auto","background-attachment":"scroll","background-type":"","background-media":"","overlay-type":"","overlay-color":"","overlay-opacity":"","overlay-gradient":""},"tablet":{"background-color":"var(--ast-global-color-4)","background-image":"","background-repeat":"repeat","background-position":"center center","background-size":"auto","background-attachment":"scroll","background-type":"","background-media":"","overlay-type":"","overlay-color":"","overlay-opacity":"","overlay-gradient":""},"mobile":{"background-color":"var(--ast-global-color-4)","background-image":"","background-repeat":"repeat","background-position":"center center","background-size":"auto","background-attachment":"scroll","background-type":"","background-media":"","overlay-type":"","overlay-color":"","overlay-opacity":"","overlay-gradient":""}},"footnotes":""},"categories":[1],"tags":[],"class_list":["post-1037","post","type-post","status-publish","format-standard","hentry","category-sem-categoria"],"yoast_head":"<!-- This site is optimized with the Yoast SEO plugin v26.6 - https:\/\/yoast.com\/wordpress\/plugins\/seo\/ -->\n<title>Vinte anos sem Nagib\u00e3o - Joaquim Haickel<\/title>\n<meta name=\"robots\" content=\"index, follow, max-snippet:-1, max-image-preview:large, max-video-preview:-1\" \/>\n<link rel=\"canonical\" href=\"https:\/\/www.blogsoestado.com\/joaquimhaickel\/2013\/09\/07\/vinte-anos-sem-nagibao\/\" \/>\n<meta property=\"og:locale\" content=\"pt_BR\" \/>\n<meta property=\"og:type\" content=\"article\" \/>\n<meta property=\"og:title\" content=\"Vinte anos sem Nagib\u00e3o - Joaquim Haickel\" \/>\n<meta property=\"og:description\" content=\"Vinte anos atr\u00e1s, no dia sete de setembro de 1993, morria na cidade de Coroat\u00e1, depois de participar das comemora\u00e7\u00f5es [&hellip;]\" \/>\n<meta property=\"og:url\" content=\"https:\/\/www.blogsoestado.com\/joaquimhaickel\/2013\/09\/07\/vinte-anos-sem-nagibao\/\" \/>\n<meta property=\"og:site_name\" content=\"Joaquim Haickel\" \/>\n<meta property=\"article:published_time\" content=\"2013-09-07T23:14:06+00:00\" \/>\n<meta name=\"author\" content=\"Joaquim Haickel\" \/>\n<meta name=\"twitter:card\" content=\"summary_large_image\" \/>\n<meta name=\"twitter:label1\" content=\"Escrito por\" \/>\n\t<meta name=\"twitter:data1\" content=\"Joaquim Haickel\" \/>\n\t<meta name=\"twitter:label2\" content=\"Est. tempo de leitura\" \/>\n\t<meta name=\"twitter:data2\" content=\"6 minutos\" \/>\n<script type=\"application\/ld+json\" class=\"yoast-schema-graph\">{\"@context\":\"https:\/\/schema.org\",\"@graph\":[{\"@type\":\"WebPage\",\"@id\":\"https:\/\/www.blogsoestado.com\/joaquimhaickel\/2013\/09\/07\/vinte-anos-sem-nagibao\/\",\"url\":\"https:\/\/www.blogsoestado.com\/joaquimhaickel\/2013\/09\/07\/vinte-anos-sem-nagibao\/\",\"name\":\"Vinte anos sem Nagib\u00e3o - Joaquim Haickel\",\"isPartOf\":{\"@id\":\"https:\/\/www.blogsoestado.com\/joaquimhaickel\/#website\"},\"datePublished\":\"2013-09-07T23:14:06+00:00\",\"author\":{\"@id\":\"https:\/\/www.blogsoestado.com\/joaquimhaickel\/#\/schema\/person\/4a711644aff28245c6c2c3452d66d325\"},\"breadcrumb\":{\"@id\":\"https:\/\/www.blogsoestado.com\/joaquimhaickel\/2013\/09\/07\/vinte-anos-sem-nagibao\/#breadcrumb\"},\"inLanguage\":\"pt-BR\",\"potentialAction\":[{\"@type\":\"ReadAction\",\"target\":[\"https:\/\/www.blogsoestado.com\/joaquimhaickel\/2013\/09\/07\/vinte-anos-sem-nagibao\/\"]}]},{\"@type\":\"BreadcrumbList\",\"@id\":\"https:\/\/www.blogsoestado.com\/joaquimhaickel\/2013\/09\/07\/vinte-anos-sem-nagibao\/#breadcrumb\",\"itemListElement\":[{\"@type\":\"ListItem\",\"position\":1,\"name\":\"In\u00edcio\",\"item\":\"https:\/\/www.blogsoestado.com\/joaquimhaickel\/\"},{\"@type\":\"ListItem\",\"position\":2,\"name\":\"Vinte anos sem Nagib\u00e3o\"}]},{\"@type\":\"WebSite\",\"@id\":\"https:\/\/www.blogsoestado.com\/joaquimhaickel\/#website\",\"url\":\"https:\/\/www.blogsoestado.com\/joaquimhaickel\/\",\"name\":\"Joaquim Haickel\",\"description\":\"\",\"potentialAction\":[{\"@type\":\"SearchAction\",\"target\":{\"@type\":\"EntryPoint\",\"urlTemplate\":\"https:\/\/www.blogsoestado.com\/joaquimhaickel\/?s={search_term_string}\"},\"query-input\":{\"@type\":\"PropertyValueSpecification\",\"valueRequired\":true,\"valueName\":\"search_term_string\"}}],\"inLanguage\":\"pt-BR\"},{\"@type\":\"Person\",\"@id\":\"https:\/\/www.blogsoestado.com\/joaquimhaickel\/#\/schema\/person\/4a711644aff28245c6c2c3452d66d325\",\"name\":\"Joaquim Haickel\",\"image\":{\"@type\":\"ImageObject\",\"inLanguage\":\"pt-BR\",\"@id\":\"https:\/\/www.blogsoestado.com\/joaquimhaickel\/#\/schema\/person\/image\/\",\"url\":\"https:\/\/secure.gravatar.com\/avatar\/473d89339b9f8ec089adb8d5778363eb5a2ba2319956bcf0298bfd8cca04684a?s=96&d=mm&r=g\",\"contentUrl\":\"https:\/\/secure.gravatar.com\/avatar\/473d89339b9f8ec089adb8d5778363eb5a2ba2319956bcf0298bfd8cca04684a?s=96&d=mm&r=g\",\"caption\":\"Joaquim Haickel\"},\"url\":\"https:\/\/www.blogsoestado.com\/joaquimhaickel\/author\/joaquimhaickel\/\"}]}<\/script>\n<!-- \/ Yoast SEO plugin. -->","yoast_head_json":{"title":"Vinte anos sem Nagib\u00e3o - Joaquim Haickel","robots":{"index":"index","follow":"follow","max-snippet":"max-snippet:-1","max-image-preview":"max-image-preview:large","max-video-preview":"max-video-preview:-1"},"canonical":"https:\/\/www.blogsoestado.com\/joaquimhaickel\/2013\/09\/07\/vinte-anos-sem-nagibao\/","og_locale":"pt_BR","og_type":"article","og_title":"Vinte anos sem Nagib\u00e3o - Joaquim Haickel","og_description":"Vinte anos atr\u00e1s, no dia sete de setembro de 1993, morria na cidade de Coroat\u00e1, depois de participar das comemora\u00e7\u00f5es [&hellip;]","og_url":"https:\/\/www.blogsoestado.com\/joaquimhaickel\/2013\/09\/07\/vinte-anos-sem-nagibao\/","og_site_name":"Joaquim Haickel","article_published_time":"2013-09-07T23:14:06+00:00","author":"Joaquim Haickel","twitter_card":"summary_large_image","twitter_misc":{"Escrito por":"Joaquim Haickel","Est. tempo de leitura":"6 minutos"},"schema":{"@context":"https:\/\/schema.org","@graph":[{"@type":"WebPage","@id":"https:\/\/www.blogsoestado.com\/joaquimhaickel\/2013\/09\/07\/vinte-anos-sem-nagibao\/","url":"https:\/\/www.blogsoestado.com\/joaquimhaickel\/2013\/09\/07\/vinte-anos-sem-nagibao\/","name":"Vinte anos sem Nagib\u00e3o - Joaquim Haickel","isPartOf":{"@id":"https:\/\/www.blogsoestado.com\/joaquimhaickel\/#website"},"datePublished":"2013-09-07T23:14:06+00:00","author":{"@id":"https:\/\/www.blogsoestado.com\/joaquimhaickel\/#\/schema\/person\/4a711644aff28245c6c2c3452d66d325"},"breadcrumb":{"@id":"https:\/\/www.blogsoestado.com\/joaquimhaickel\/2013\/09\/07\/vinte-anos-sem-nagibao\/#breadcrumb"},"inLanguage":"pt-BR","potentialAction":[{"@type":"ReadAction","target":["https:\/\/www.blogsoestado.com\/joaquimhaickel\/2013\/09\/07\/vinte-anos-sem-nagibao\/"]}]},{"@type":"BreadcrumbList","@id":"https:\/\/www.blogsoestado.com\/joaquimhaickel\/2013\/09\/07\/vinte-anos-sem-nagibao\/#breadcrumb","itemListElement":[{"@type":"ListItem","position":1,"name":"In\u00edcio","item":"https:\/\/www.blogsoestado.com\/joaquimhaickel\/"},{"@type":"ListItem","position":2,"name":"Vinte anos sem Nagib\u00e3o"}]},{"@type":"WebSite","@id":"https:\/\/www.blogsoestado.com\/joaquimhaickel\/#website","url":"https:\/\/www.blogsoestado.com\/joaquimhaickel\/","name":"Joaquim Haickel","description":"","potentialAction":[{"@type":"SearchAction","target":{"@type":"EntryPoint","urlTemplate":"https:\/\/www.blogsoestado.com\/joaquimhaickel\/?s={search_term_string}"},"query-input":{"@type":"PropertyValueSpecification","valueRequired":true,"valueName":"search_term_string"}}],"inLanguage":"pt-BR"},{"@type":"Person","@id":"https:\/\/www.blogsoestado.com\/joaquimhaickel\/#\/schema\/person\/4a711644aff28245c6c2c3452d66d325","name":"Joaquim Haickel","image":{"@type":"ImageObject","inLanguage":"pt-BR","@id":"https:\/\/www.blogsoestado.com\/joaquimhaickel\/#\/schema\/person\/image\/","url":"https:\/\/secure.gravatar.com\/avatar\/473d89339b9f8ec089adb8d5778363eb5a2ba2319956bcf0298bfd8cca04684a?s=96&d=mm&r=g","contentUrl":"https:\/\/secure.gravatar.com\/avatar\/473d89339b9f8ec089adb8d5778363eb5a2ba2319956bcf0298bfd8cca04684a?s=96&d=mm&r=g","caption":"Joaquim Haickel"},"url":"https:\/\/www.blogsoestado.com\/joaquimhaickel\/author\/joaquimhaickel\/"}]}},"jetpack_featured_media_url":"","_links":{"self":[{"href":"https:\/\/www.blogsoestado.com\/joaquimhaickel\/wp-json\/wp\/v2\/posts\/1037","targetHints":{"allow":["GET"]}}],"collection":[{"href":"https:\/\/www.blogsoestado.com\/joaquimhaickel\/wp-json\/wp\/v2\/posts"}],"about":[{"href":"https:\/\/www.blogsoestado.com\/joaquimhaickel\/wp-json\/wp\/v2\/types\/post"}],"author":[{"embeddable":true,"href":"https:\/\/www.blogsoestado.com\/joaquimhaickel\/wp-json\/wp\/v2\/users\/7"}],"replies":[{"embeddable":true,"href":"https:\/\/www.blogsoestado.com\/joaquimhaickel\/wp-json\/wp\/v2\/comments?post=1037"}],"version-history":[{"count":0,"href":"https:\/\/www.blogsoestado.com\/joaquimhaickel\/wp-json\/wp\/v2\/posts\/1037\/revisions"}],"wp:attachment":[{"href":"https:\/\/www.blogsoestado.com\/joaquimhaickel\/wp-json\/wp\/v2\/media?parent=1037"}],"wp:term":[{"taxonomy":"category","embeddable":true,"href":"https:\/\/www.blogsoestado.com\/joaquimhaickel\/wp-json\/wp\/v2\/categories?post=1037"},{"taxonomy":"post_tag","embeddable":true,"href":"https:\/\/www.blogsoestado.com\/joaquimhaickel\/wp-json\/wp\/v2\/tags?post=1037"}],"curies":[{"name":"wp","href":"https:\/\/api.w.org\/{rel}","templated":true}]}}