{"id":1041,"date":"2013-09-15T00:41:39","date_gmt":"2013-09-15T03:41:39","guid":{"rendered":"https:\/\/www.blogsoestado.com\/joaquimhaickel\/?p=1041"},"modified":"2013-09-15T00:41:39","modified_gmt":"2013-09-15T03:41:39","slug":"a-vaidade-de-nao-ser","status":"publish","type":"post","link":"https:\/\/www.blogsoestado.com\/joaquimhaickel\/2013\/09\/15\/a-vaidade-de-nao-ser\/","title":{"rendered":"A vaidade de n\u00e3o ser"},"content":{"rendered":"<p>Hoje, depois de 35 anos trabalhando em pol\u00edtica &#8211; comecei assessorando meu pai na Assembleia Legislativa, no final do governo Nunes Freire &#8211; vejo que por um lado, muita coisa mudou, mas constato que muita coisa ainda continua como dantes no Quartel de Abrantes.<\/p>\n<p>Se fosse come\u00e7ar hoje n\u00e3o poderia faz\u00ea-lo trabalhando com meu pai. Teria perdido essa oportunidade devido \u00e0 lei do nepotismo. Hoje jamais \u201cestudaria\u201d numa escola cujos professores eram Sarney, Millet, Pedro Neiva de Santana, Z\u00e9 Burnet, Alexandre Costa, Bayma Serra, Raimundo Leal, Z\u00e9 Bento Neves, Gerv\u00e1sio Santos, entre tantos, quase todos mortos.<\/p>\n<p>Os filhos sucederem os pais \u00e9 coisa comum. Isso acontece faz mil\u00eanios. Artes\u00e3os ensinavam seus filhos a sua arte; os filhos dos escribas aprendiam o oficio dos pais; saltimbancos faziam dos filhos seus sucessores em cantoria, dan\u00e7a, teatro e acrobacia. Antigamente dizia-se que aqueles que n\u00e3o saiam aos seus degeneravam.<\/p>\n<p>Muitos filhos continuam sucedendo os pais nos mais diversos setores da vida. Filhos de m\u00e9dicos seguem a mesma carreira dos pais, filhos de empres\u00e1rios da constru\u00e7\u00e3o civil constroem com seus genitores, donos de padaria colocam filhos com a m\u00e3o na massa, comerciantes tem seus filhos lhe ajudando em seus neg\u00f3cios.<\/p>\n<p>Na leva de pol\u00edticos do final dos anos 70 come\u00e7o dos 80, havia muitos filhos. Entre eles os filhos de Sarney, Alexandre Costa, Vieira da Silva, Pires Saboia, Artur Carvalho, Nagib Haickel, Alb\u00e9rico Ferreira&#8230;<\/p>\n<p>Hoje os filhos s\u00e3o os de S\u00e1lvio Dino, Edivaldo Holanda e Lob\u00e3o; filho de Zequinha e neto de Sarney; Filhos de Pedro Fernandes, Lourival Mendes, Carlos Braide, Fufuca e Rubem Pereira; filhos e neto de Luiz Rocha; Neto de Eugenio Barros, filho de Filuca, sobrinho de Cafeteira, al\u00e9m de uma infinidade de parentes em todos os graus de prefeitos e ex-prefeitos espalhados Maranh\u00e3o afora.<\/p>\n<p>Seguir os passos do pai n\u00e3o \u00e9 reprov\u00e1vel em nenhuma cultura, nem em rela\u00e7\u00e3o a qualquer profiss\u00e3o.<\/p>\n<p>Tenho orgulho de ter come\u00e7ado pelas m\u00e3os de meu pai, de ter aprendido com ele as regras b\u00e1sicas de como me portar na vida e na pol\u00edtica.<\/p>\n<p>Em 1982, aos 22 anos, fui deputado estadual. Em seguida elegi-me deputado federal constituinte. Depois disso passei um tempo assessorando o ent\u00e3o governador Lob\u00e3o na Secretaria de Assuntos Pol\u00edticos.<\/p>\n<p>Bem a\u00ed, nesse momento, meu pai morreu e eu fiquei por conta pr\u00f3pria. Tinha que cuidar de mim mesmo e o que \u00e9 pior, tinha que cuidar de minha fam\u00edlia e dos amigos que ele me legou.<\/p>\n<p>Depois de arrumar a casa, voltei \u00e0 Assembleia para mais alguns mandatos e ent\u00e3o resolvi n\u00e3o mais me candidatar.<\/p>\n<p>Estava desiludido com a pol\u00edtica, por\u00e9m aceitei, sob grande press\u00e3o de amigos e correligion\u00e1rios, o cargo de secret\u00e1rio de Esportes do estado.<\/p>\n<p>No come\u00e7o fiquei meio chateado porque acreditava que essa secretaria n\u00e3o era a que eu mereceria. Imaginava que por ser escritor e cineasta, por ter sido tantos anos deputado e ter excelente tr\u00e2nsito junto \u00e0 classe pol\u00edtica, por ter um projeto audacioso de educa\u00e7\u00e3o a dist\u00e2ncia, eu poderia ser mais bem aproveitado na Secretaria de Cultura ou nos Assuntos Pol\u00edticos ou ainda na Secretaria de Ci\u00eancia e Tecnologia, quem sabe at\u00e9 na Educa\u00e7\u00e3o.<\/p>\n<p>Como fui tolo! Como a vaidade nos cega! N\u00e3o sabia eu que com as dificuldades inerentes \u00e0 administra\u00e7\u00e3o p\u00fablica, pouco ou nada poderia eu fazer naqueles cargos.<\/p>\n<p>Em rela\u00e7\u00e3o a essas outras secretarias, a pequenina Sedel \u00e9 muito mais operacional, eficiente e eficaz. Nela as imensas dificuldades financeiras s\u00e3o muito menores que nas outras secretarias. L\u00e1, mesmo com os poucos recursos e os muitos problemas \u00e9 poss\u00edvel fazer alguma coisa, o que jamais seria poss\u00edvel fazer em outras \u00e1reas.<\/p>\n<p>N\u00e3o \u00e9 f\u00e1cil ser gestor p\u00fablico. Voc\u00ea se depara com situa\u00e7\u00f5es inacredit\u00e1veis, coisas ins\u00f3litas que voc\u00ea jamais pensou pudessem existir ou acontecer. Cito algumas: um determinado projeto de constru\u00e7\u00e3o prev\u00ea uma viga num lugar que se constru\u00edda impediria a passagem das pessoas, o que gera grande atraso; uma chuva derruba um muro e a licita\u00e7\u00e3o para reconstru\u00ed-lo demora quase o tempo de um parto; um cidad\u00e3o urina na pia de um dos banheiros do est\u00e1dio e o secret\u00e1rio \u00e9 cobrado pela falta de educa\u00e7\u00e3o do torcedor; pessoas de certa comunidade obstruem a sa\u00edda da drenagem de uma pra\u00e7a esportiva fazendo com que a \u00e1gua emposse e cause grande preju\u00edzo; v\u00e2ndalos quebram os banheiros de outra pra\u00e7a esportiva no dia de sua reinaugura\u00e7\u00e3o; os dirigentes de certa federa\u00e7\u00e3o e de importantes agremia\u00e7\u00f5es esportivas se desentendem, fato que prejudica o esporte maranhense que vem passando por uma boa fase.<\/p>\n<p>Vez em quando fico esmorecido. Tenho vontade de largar tudo e tocar minha vidinha, mas teimoso, acabo continuando.<\/p>\n<p>Na semana passada, almo\u00e7ando com um querido amigo, ele na tentativa de me seduzir a voltar a disputar mandato eletivo, disse-me uma coisa que me deixou comovido. Disse que o bom em rela\u00e7\u00e3o a minha pessoa \u00e9 que onde quer que ele chegue e fale em mim, as pessoas d\u00e3o cr\u00e9dito. N\u00e3o querendo desmotiv\u00e1-lo nem t\u00e3o pouco ser deselegante, respondi-lhe dizendo que atualmente a minha maior vaidade \u00e9 resistir aos insistentes convites de amigos e correligion\u00e1rios para que eu volte a ser candidato a deputado.<\/p>\n<p>Na verdade, por enquanto ainda n\u00e3o apareceu e acho que n\u00e3o ir\u00e1 aparecer o motivo que me faria deixar o conforto de minha vida atual.<\/p>\n<p>Al\u00e9m dos projetos de relativo sucesso frente \u00e0 Sedel, h\u00e1 a paix\u00e3o com que tenho me dedicado ao trabalho de descobrir, resgatar, catalogar e preservar fotografias e filmes antigos sobre nossa terra e sua gente, al\u00e9m do prazer que tem sido a possibilidade de realizar filmes sobre importantes personalidades maranhenses como Haroldo Tavares, Terezinha R\u00eago, Eliezer Moreira, os membros da AML, os artistas pl\u00e1sticos do Maranh\u00e3o, nossos radialistas, nossos fot\u00f3grafos&#8230;<\/p>\n<p>Esses s\u00e3o tempos dif\u00edceis, mas extremamente felizes. Pra que mudar isso!?<\/p>\n<p>&nbsp;<\/p>\n","protected":false},"excerpt":{"rendered":"<p>Hoje, depois de 35 anos trabalhando em pol\u00edtica &#8211; comecei assessorando meu pai na Assembleia Legislativa, no final do governo [&hellip;]<\/p>\n","protected":false},"author":7,"featured_media":0,"comment_status":"open","ping_status":"open","sticky":false,"template":"","format":"standard","meta":{"site-sidebar-layout":"default","site-content-layout":"","ast-site-content-layout":"default","site-content-style":"default","site-sidebar-style":"default","ast-global-header-display":"","ast-banner-title-visibility":"","ast-main-header-display":"","ast-hfb-above-header-display":"","ast-hfb-below-header-display":"","ast-hfb-mobile-header-display":"","site-post-title":"","ast-breadcrumbs-content":"","ast-featured-img":"","footer-sml-layout":"","ast-disable-related-posts":"","theme-transparent-header-meta":"","adv-header-id-meta":"","stick-header-meta":"","header-above-stick-meta":"","header-main-stick-meta":"","header-below-stick-meta":"","astra-migrate-meta-layouts":"default","ast-page-background-enabled":"default","ast-page-background-meta":{"desktop":{"background-color":"var(--ast-global-color-5)","background-image":"","background-repeat":"repeat","background-position":"center center","background-size":"auto","background-attachment":"scroll","background-type":"","background-media":"","overlay-type":"","overlay-color":"","overlay-opacity":"","overlay-gradient":""},"tablet":{"background-color":"","background-image":"","background-repeat":"repeat","background-position":"center center","background-size":"auto","background-attachment":"scroll","background-type":"","background-media":"","overlay-type":"","overlay-color":"","overlay-opacity":"","overlay-gradient":""},"mobile":{"background-color":"","background-image":"","background-repeat":"repeat","background-position":"center center","background-size":"auto","background-attachment":"scroll","background-type":"","background-media":"","overlay-type":"","overlay-color":"","overlay-opacity":"","overlay-gradient":""}},"ast-content-background-meta":{"desktop":{"background-color":"var(--ast-global-color-4)","background-image":"","background-repeat":"repeat","background-position":"center center","background-size":"auto","background-attachment":"scroll","background-type":"","background-media":"","overlay-type":"","overlay-color":"","overlay-opacity":"","overlay-gradient":""},"tablet":{"background-color":"var(--ast-global-color-4)","background-image":"","background-repeat":"repeat","background-position":"center center","background-size":"auto","background-attachment":"scroll","background-type":"","background-media":"","overlay-type":"","overlay-color":"","overlay-opacity":"","overlay-gradient":""},"mobile":{"background-color":"var(--ast-global-color-4)","background-image":"","background-repeat":"repeat","background-position":"center center","background-size":"auto","background-attachment":"scroll","background-type":"","background-media":"","overlay-type":"","overlay-color":"","overlay-opacity":"","overlay-gradient":""}},"footnotes":""},"categories":[1],"tags":[],"class_list":["post-1041","post","type-post","status-publish","format-standard","hentry","category-sem-categoria"],"yoast_head":"<!-- This site is optimized with the Yoast SEO plugin v26.6 - https:\/\/yoast.com\/wordpress\/plugins\/seo\/ -->\n<title>A vaidade de n\u00e3o ser - Joaquim Haickel<\/title>\n<meta name=\"robots\" content=\"index, follow, max-snippet:-1, max-image-preview:large, max-video-preview:-1\" \/>\n<link rel=\"canonical\" href=\"https:\/\/www.blogsoestado.com\/joaquimhaickel\/2013\/09\/15\/a-vaidade-de-nao-ser\/\" \/>\n<meta property=\"og:locale\" content=\"pt_BR\" \/>\n<meta property=\"og:type\" content=\"article\" \/>\n<meta property=\"og:title\" content=\"A vaidade de n\u00e3o ser - Joaquim Haickel\" \/>\n<meta property=\"og:description\" content=\"Hoje, depois de 35 anos trabalhando em pol\u00edtica &#8211; comecei assessorando meu pai na Assembleia Legislativa, no final do governo [&hellip;]\" \/>\n<meta property=\"og:url\" content=\"https:\/\/www.blogsoestado.com\/joaquimhaickel\/2013\/09\/15\/a-vaidade-de-nao-ser\/\" \/>\n<meta property=\"og:site_name\" content=\"Joaquim Haickel\" \/>\n<meta property=\"article:published_time\" content=\"2013-09-15T03:41:39+00:00\" \/>\n<meta name=\"author\" content=\"Joaquim Haickel\" \/>\n<meta name=\"twitter:card\" content=\"summary_large_image\" \/>\n<meta name=\"twitter:label1\" content=\"Escrito por\" \/>\n\t<meta name=\"twitter:data1\" content=\"Joaquim Haickel\" \/>\n\t<meta name=\"twitter:label2\" content=\"Est. tempo de leitura\" \/>\n\t<meta name=\"twitter:data2\" content=\"5 minutos\" \/>\n<script type=\"application\/ld+json\" class=\"yoast-schema-graph\">{\"@context\":\"https:\/\/schema.org\",\"@graph\":[{\"@type\":\"WebPage\",\"@id\":\"https:\/\/www.blogsoestado.com\/joaquimhaickel\/2013\/09\/15\/a-vaidade-de-nao-ser\/\",\"url\":\"https:\/\/www.blogsoestado.com\/joaquimhaickel\/2013\/09\/15\/a-vaidade-de-nao-ser\/\",\"name\":\"A vaidade de n\u00e3o ser - Joaquim Haickel\",\"isPartOf\":{\"@id\":\"https:\/\/www.blogsoestado.com\/joaquimhaickel\/#website\"},\"datePublished\":\"2013-09-15T03:41:39+00:00\",\"author\":{\"@id\":\"https:\/\/www.blogsoestado.com\/joaquimhaickel\/#\/schema\/person\/4a711644aff28245c6c2c3452d66d325\"},\"breadcrumb\":{\"@id\":\"https:\/\/www.blogsoestado.com\/joaquimhaickel\/2013\/09\/15\/a-vaidade-de-nao-ser\/#breadcrumb\"},\"inLanguage\":\"pt-BR\",\"potentialAction\":[{\"@type\":\"ReadAction\",\"target\":[\"https:\/\/www.blogsoestado.com\/joaquimhaickel\/2013\/09\/15\/a-vaidade-de-nao-ser\/\"]}]},{\"@type\":\"BreadcrumbList\",\"@id\":\"https:\/\/www.blogsoestado.com\/joaquimhaickel\/2013\/09\/15\/a-vaidade-de-nao-ser\/#breadcrumb\",\"itemListElement\":[{\"@type\":\"ListItem\",\"position\":1,\"name\":\"In\u00edcio\",\"item\":\"https:\/\/www.blogsoestado.com\/joaquimhaickel\/\"},{\"@type\":\"ListItem\",\"position\":2,\"name\":\"A vaidade de n\u00e3o ser\"}]},{\"@type\":\"WebSite\",\"@id\":\"https:\/\/www.blogsoestado.com\/joaquimhaickel\/#website\",\"url\":\"https:\/\/www.blogsoestado.com\/joaquimhaickel\/\",\"name\":\"Joaquim Haickel\",\"description\":\"\",\"potentialAction\":[{\"@type\":\"SearchAction\",\"target\":{\"@type\":\"EntryPoint\",\"urlTemplate\":\"https:\/\/www.blogsoestado.com\/joaquimhaickel\/?s={search_term_string}\"},\"query-input\":{\"@type\":\"PropertyValueSpecification\",\"valueRequired\":true,\"valueName\":\"search_term_string\"}}],\"inLanguage\":\"pt-BR\"},{\"@type\":\"Person\",\"@id\":\"https:\/\/www.blogsoestado.com\/joaquimhaickel\/#\/schema\/person\/4a711644aff28245c6c2c3452d66d325\",\"name\":\"Joaquim Haickel\",\"image\":{\"@type\":\"ImageObject\",\"inLanguage\":\"pt-BR\",\"@id\":\"https:\/\/www.blogsoestado.com\/joaquimhaickel\/#\/schema\/person\/image\/\",\"url\":\"https:\/\/secure.gravatar.com\/avatar\/473d89339b9f8ec089adb8d5778363eb5a2ba2319956bcf0298bfd8cca04684a?s=96&d=mm&r=g\",\"contentUrl\":\"https:\/\/secure.gravatar.com\/avatar\/473d89339b9f8ec089adb8d5778363eb5a2ba2319956bcf0298bfd8cca04684a?s=96&d=mm&r=g\",\"caption\":\"Joaquim Haickel\"},\"url\":\"https:\/\/www.blogsoestado.com\/joaquimhaickel\/author\/joaquimhaickel\/\"}]}<\/script>\n<!-- \/ Yoast SEO plugin. -->","yoast_head_json":{"title":"A vaidade de n\u00e3o ser - Joaquim Haickel","robots":{"index":"index","follow":"follow","max-snippet":"max-snippet:-1","max-image-preview":"max-image-preview:large","max-video-preview":"max-video-preview:-1"},"canonical":"https:\/\/www.blogsoestado.com\/joaquimhaickel\/2013\/09\/15\/a-vaidade-de-nao-ser\/","og_locale":"pt_BR","og_type":"article","og_title":"A vaidade de n\u00e3o ser - Joaquim Haickel","og_description":"Hoje, depois de 35 anos trabalhando em pol\u00edtica &#8211; comecei assessorando meu pai na Assembleia Legislativa, no final do governo [&hellip;]","og_url":"https:\/\/www.blogsoestado.com\/joaquimhaickel\/2013\/09\/15\/a-vaidade-de-nao-ser\/","og_site_name":"Joaquim Haickel","article_published_time":"2013-09-15T03:41:39+00:00","author":"Joaquim Haickel","twitter_card":"summary_large_image","twitter_misc":{"Escrito por":"Joaquim Haickel","Est. tempo de leitura":"5 minutos"},"schema":{"@context":"https:\/\/schema.org","@graph":[{"@type":"WebPage","@id":"https:\/\/www.blogsoestado.com\/joaquimhaickel\/2013\/09\/15\/a-vaidade-de-nao-ser\/","url":"https:\/\/www.blogsoestado.com\/joaquimhaickel\/2013\/09\/15\/a-vaidade-de-nao-ser\/","name":"A vaidade de n\u00e3o ser - Joaquim Haickel","isPartOf":{"@id":"https:\/\/www.blogsoestado.com\/joaquimhaickel\/#website"},"datePublished":"2013-09-15T03:41:39+00:00","author":{"@id":"https:\/\/www.blogsoestado.com\/joaquimhaickel\/#\/schema\/person\/4a711644aff28245c6c2c3452d66d325"},"breadcrumb":{"@id":"https:\/\/www.blogsoestado.com\/joaquimhaickel\/2013\/09\/15\/a-vaidade-de-nao-ser\/#breadcrumb"},"inLanguage":"pt-BR","potentialAction":[{"@type":"ReadAction","target":["https:\/\/www.blogsoestado.com\/joaquimhaickel\/2013\/09\/15\/a-vaidade-de-nao-ser\/"]}]},{"@type":"BreadcrumbList","@id":"https:\/\/www.blogsoestado.com\/joaquimhaickel\/2013\/09\/15\/a-vaidade-de-nao-ser\/#breadcrumb","itemListElement":[{"@type":"ListItem","position":1,"name":"In\u00edcio","item":"https:\/\/www.blogsoestado.com\/joaquimhaickel\/"},{"@type":"ListItem","position":2,"name":"A vaidade de n\u00e3o ser"}]},{"@type":"WebSite","@id":"https:\/\/www.blogsoestado.com\/joaquimhaickel\/#website","url":"https:\/\/www.blogsoestado.com\/joaquimhaickel\/","name":"Joaquim Haickel","description":"","potentialAction":[{"@type":"SearchAction","target":{"@type":"EntryPoint","urlTemplate":"https:\/\/www.blogsoestado.com\/joaquimhaickel\/?s={search_term_string}"},"query-input":{"@type":"PropertyValueSpecification","valueRequired":true,"valueName":"search_term_string"}}],"inLanguage":"pt-BR"},{"@type":"Person","@id":"https:\/\/www.blogsoestado.com\/joaquimhaickel\/#\/schema\/person\/4a711644aff28245c6c2c3452d66d325","name":"Joaquim Haickel","image":{"@type":"ImageObject","inLanguage":"pt-BR","@id":"https:\/\/www.blogsoestado.com\/joaquimhaickel\/#\/schema\/person\/image\/","url":"https:\/\/secure.gravatar.com\/avatar\/473d89339b9f8ec089adb8d5778363eb5a2ba2319956bcf0298bfd8cca04684a?s=96&d=mm&r=g","contentUrl":"https:\/\/secure.gravatar.com\/avatar\/473d89339b9f8ec089adb8d5778363eb5a2ba2319956bcf0298bfd8cca04684a?s=96&d=mm&r=g","caption":"Joaquim Haickel"},"url":"https:\/\/www.blogsoestado.com\/joaquimhaickel\/author\/joaquimhaickel\/"}]}},"jetpack_featured_media_url":"","_links":{"self":[{"href":"https:\/\/www.blogsoestado.com\/joaquimhaickel\/wp-json\/wp\/v2\/posts\/1041","targetHints":{"allow":["GET"]}}],"collection":[{"href":"https:\/\/www.blogsoestado.com\/joaquimhaickel\/wp-json\/wp\/v2\/posts"}],"about":[{"href":"https:\/\/www.blogsoestado.com\/joaquimhaickel\/wp-json\/wp\/v2\/types\/post"}],"author":[{"embeddable":true,"href":"https:\/\/www.blogsoestado.com\/joaquimhaickel\/wp-json\/wp\/v2\/users\/7"}],"replies":[{"embeddable":true,"href":"https:\/\/www.blogsoestado.com\/joaquimhaickel\/wp-json\/wp\/v2\/comments?post=1041"}],"version-history":[{"count":0,"href":"https:\/\/www.blogsoestado.com\/joaquimhaickel\/wp-json\/wp\/v2\/posts\/1041\/revisions"}],"wp:attachment":[{"href":"https:\/\/www.blogsoestado.com\/joaquimhaickel\/wp-json\/wp\/v2\/media?parent=1041"}],"wp:term":[{"taxonomy":"category","embeddable":true,"href":"https:\/\/www.blogsoestado.com\/joaquimhaickel\/wp-json\/wp\/v2\/categories?post=1041"},{"taxonomy":"post_tag","embeddable":true,"href":"https:\/\/www.blogsoestado.com\/joaquimhaickel\/wp-json\/wp\/v2\/tags?post=1041"}],"curies":[{"name":"wp","href":"https:\/\/api.w.org\/{rel}","templated":true}]}}